{"id":127431,"date":"2019-05-15T10:48:28","date_gmt":"2019-05-15T08:48:28","guid":{"rendered":"https:\/\/www.prijedordanas.com\/?p=127431"},"modified":"2019-05-15T10:48:28","modified_gmt":"2019-05-15T08:48:28","slug":"prijedor-gradski-stab-za-vanredne-situacije-nije-probijen-nasip-u-gomjenici","status":"publish","type":"post","link":"https:\/\/www.prijedordanas.com\/?p=127431","title":{"rendered":"PRIJEDOR-GRADSKI \u0160TAB ZA VANREDNE SITUACIJE: NIJE PROBIJEN NASIP U GOMJENICI"},"content":{"rendered":"<p><a href=\"https:\/\/www.prijedordanas.com\/wp-content\/uploads\/2019\/05\/prijedorgradorg-gradski-stab-14maj.jpg\"><img loading=\"lazy\" decoding=\"async\" src=\"https:\/\/www.prijedordanas.com\/wp-content\/uploads\/2019\/05\/prijedorgradorg-gradski-stab-14maj-300x225.jpg\" alt=\"\" width=\"300\" height=\"225\" class=\"alignleft size-medium wp-image-127429\" srcset=\"https:\/\/www.prijedordanas.com\/wp-content\/uploads\/2019\/05\/prijedorgradorg-gradski-stab-14maj-300x225.jpg 300w, https:\/\/www.prijedordanas.com\/wp-content\/uploads\/2019\/05\/prijedorgradorg-gradski-stab-14maj-100x75.jpg 100w, https:\/\/www.prijedordanas.com\/wp-content\/uploads\/2019\/05\/prijedorgradorg-gradski-stab-14maj-640x480.jpg 640w, https:\/\/www.prijedordanas.com\/wp-content\/uploads\/2019\/05\/prijedorgradorg-gradski-stab-14maj.jpg 667w\" sizes=\"(max-width: 300px) 100vw, 300px\" \/><\/a>Gradona\u010delnik Prijedora Milenko \u0110akovi\u0107 je izjavio sino\u0107 nakon sjednice Gradskog \u0161taba za vanredne situacije da su okupljeni na po\u010detku sastanka dobili podatke da Sana svojim tokom smanjuje rast i od Sanskog Mosta po\u010dinje da smanjuje svoj nivo prema Prijedoru, ali &#8230;<\/p>\n<p>Izjavu gradona\u010delnika prenosimo u cjelosti.<\/p>\n<p>&#8220;De\u0161ava se da na u\u0161\u0107u Gomjenice raste voda koja se razlijeva zabranom utoka rijeke Milo\u0161evice i vra\u0107a se voda koja ulazi u muslimansku Gomjenicu.Tra\u017ee\u0107i odgovor za\u0161to se do de\u0161ava i provjeravaju\u0107i popotencijalnu situaciju sve do Ribnjaka Sani\u010dani, do\u0161li smo do slijede\u0107eg odgovora. Zna\u010di, ribnjaci ispu\u0161taju vodu jer su puni, Gomjenica prelijeva prema Sani i jedini mogu\u0107i scenario je da Sana zapre\u010dava ulazak Gomjenici u Sanu jer je ona 490 centimetara i Gomjenica se tu zaustavlja , vra\u0107a nazad i plavi taj dio oko Milo\u0161evice u ulazi u muslimansku Gomjenicu.Tra\u017eenje ovog odgovora je du\u017ee trajalo, zbog potencijalne bojazni da nije do\u0161lo do o\u0161te\u0107enja ribnjaka , \u0161to bi moglo izazvati mnogo ve\u0107i akcident na podru\u010dju grada, ali su takvi sad uslovi da se nije moglo do\u0107i do ribnjaka da se utvrdi kakav je izlijev vode iz ribnjaka.<\/p>\n<p>Dakle, najva\u017eniji scenario je problematiziran na \u0161tabu za vanredne situacije, za\u0161to se Gomjenica izlijeva u muslimanskoj Gomjenicu i na podru\u010dju Vrbica i mogu\u0107 je samo taj da je dotok Gomjenice zaustavio preljev u Sanu i ona se u povratnom talasu pove\u0107avala i u zavr\u0161nom toku Milo\u0161evice i izlijevanjem u muslimansku Gomjenicu.<\/p>\n<p>Po\u0161to parametri kojesada dobijamo govore da polako pada i Sana , da po svemu sude\u0107i , koliko se po ovom mraku mo\u017ee vidjeti, opada i Gomjenica na samom u\u0161\u0107u i nadamo se da \u0107e protokom i smanjenjem rijeke Sane do\u0107i do isticanja i ove kriti\u010dne voe koja je potapala taj prostor. Informacije govore da je prestala da doti\u010de voda iz Sane u ovaj drugi dio Gomjenice i objektivno postoji \u0161ansa , da polako sa smanjivanjem Sane istekne i jedna i drugi dio vode iz Gomjenice te se iskreno nadamo da \u0107e do jutra biti daleko bolje stanje biti nego \u0161to je ve\u010deras.<\/p>\n<p>\u010citav sistem je funkcionisao sve vrijeme i vre\u0107e su i u Ra\u0161kovcu, prema &#8220;trinaestoj&#8221; i na prostorima prema Gomjenici su kontinuirano ljudi popunjavali da bi sprije\u010dili dalji ulazak rijeke na ovim lokalitetima tako da se moram zahvaliti svim pripadnicima sistema za odbranu od poplava, i vojsci, oru\u017eanim snagama koji su pritekli u pomo\u0107 u punjenju i istovarivanju vre\u0107a, kao i svim drugim gra\u0111anima koji su u\u010destvovali u odbrani dijelova grada od poplava.<\/p>\n<p>Ocjena je, da zbog ovakve situacije i jo\u0161 poplava koje nisu razrije\u0161ene na podru\u010dju grada Prijedora, ocijenili smo da ne neprimjereno da se odr\u017eava koncert u centru grada, dok drugi ljudi imaju probleme sa poplavama i dogovoril smo se da otka\u017eemo sutra\u0161nji koncert Aleksadnre Radovi\u0107 u Prijedoru.A vidje\u0107emo do razvoja doga\u0111aja suta, odr\u017ea\u0107e se uli\u010dne trke, odr\u017ea\u0107e se akademija u pozori\u0161tu, polaga\u0107emo vijence na spomenike, ali \u0107emo smanjiti dio proslava i onoga \u0161to je neprimjereno za ovakvu situaciju i zbog toga smo do nijelu takvu odluku ve\u010deras&#8221;, izjavio je Milenko \u0110akovi\u0107 na pres konferenciji u Prijedoru.<\/p>\n<p>Na sjednici Gradskog \u0161taba za vanredne situacije Grada Prijedora odr\u017eanoj dana 14.05.2019.godine (20,00) donoseni su slijede\u0107i <\/p>\n<p>ZAKLJU\u010cCI<\/p>\n<p>1.U toku dana do\u0161lo je da rasta vodostaja rijeke Sane koji je iznostio 485 cm i rastao je za 25 cm u odnosu na nivo izmeren u jutarnjim \u010dasovima.<br \/>\n2.Zbog visokog vodostaja rijeke Sane do\u0161lo je do usporavanja prijema voda rijeke Gomjenice i rasta vodostaja ove rijeke \u0161to se odrazilo na rast nivoa plavnih voda u naseljima u zoni vodotoka rijeke Gomjenica.<br \/>\n3.U toku dana svi subjekti za\u0161tite i spasavanja bili su anga\u017eovani na preduzimanju mjera za\u0161tite i spasavanja u skladu sa zaklju\u010dcima Gradskog \u0161taba za vanredne situacije.<br \/>\n4.Izvr\u0161eno je postavljanje odbrambenih nasipa u naseljima Ra\u0161kovac, Tukovi, Stari Grad, Vrbice i Gomjenicca i postavljanje vre\u0107a sa pijeskom na kriti\u010dnim mjestima u zonama zahva\u0107enim poplavom radi spre\u010dava prodora plavnih voda u stambene i druge objekte.<br \/>\n5.U toku dana u aktivnosti za\u0161tite od poplava pored profesionalnih slu\u017ebi uklju\u010dili su se pripadnici OS BiH iz kasarne u Prijedoru, predstavnici omladinske organizacije i gra\u0111ani.<br \/>\n6.Nala\u017ee se svim subjektima koji su uklju\u010deni u za\u0161titu i spasavanje da u toku no\u0107i i narednog dana izvr\u0161avaju zadatke na za\u0161titi i spasavanju u skladu sa potrebama stanovni\u0161tva, prema planovima za\u0161tite od poplava i prema zaklju\u010dcima donesenim od strane Gradskog \u0161taba za vanredne situacije.<br \/>\n7.Prioritetno aktivnosti usmjeriti na kontrolu i odr\u017eavanje postavljenih privremenih odbrambenih nasipa kako bi isti ostvarili svoju funkciju i sprije\u010dili prodor plavnih voda u stambene objekte.<\/p>\n<p>www.prijedorgrad.org<\/p>\n","protected":false},"excerpt":{"rendered":"<p>Gradona\u010delnik Prijedora Milenko \u0110akovi\u0107 je izjavio sino\u0107 nakon sjednice Gradskog \u0161taba za vanredne situacije da su okupljeni na po\u010detku sastanka dobili podatke da Sana svojim tokom smanjuje rast i od [&hellip;]<\/p>\n","protected":false},"author":1,"featured_media":0,"comment_status":"closed","ping_status":"open","sticky":false,"template":"","format":"standard","meta":{"_monsterinsights_skip_tracking":false,"_monsterinsights_sitenote_active":false,"_monsterinsights_sitenote_note":"","_monsterinsights_sitenote_category":0,"footnotes":""},"categories":[8],"tags":[293,2837],"yoast_head":"<!-- This site is optimized with the Yoast SEO plugin v21.6 - https:\/\/yoast.com\/wordpress\/plugins\/seo\/ -->\n<title>PRIJEDOR-GRADSKI \u0160TAB ZA VANREDNE SITUACIJE: NIJE PROBIJEN NASIP U GOMJENICI - PrijedorDanas.com - Prijedorski gradski portal<\/title>\n<meta name=\"robots\" content=\"index, follow, max-snippet:-1, max-image-preview:large, max-video-preview:-1\" \/>\n<link rel=\"canonical\" href=\"https:\/\/www.prijedordanas.com\/?p=127431\" \/>\n<meta property=\"og:locale\" content=\"en_US\" \/>\n<meta property=\"og:type\" content=\"article\" \/>\n<meta property=\"og:title\" content=\"PRIJEDOR-GRADSKI \u0160TAB ZA VANREDNE SITUACIJE: NIJE PROBIJEN NASIP U GOMJENICI - PrijedorDanas.com - Prijedorski gradski portal\" \/>\n<meta property=\"og:description\" content=\"Gradona\u010delnik Prijedora Milenko \u0110akovi\u0107 je izjavio sino\u0107 nakon sjednice Gradskog \u0161taba za vanredne situacije da su okupljeni na po\u010detku sastanka dobili podatke da Sana svojim tokom smanjuje rast i od [&hellip;]\" \/>\n<meta property=\"og:url\" content=\"https:\/\/www.prijedordanas.com\/?p=127431\" \/>\n<meta property=\"og:site_name\" content=\"PrijedorDanas.com - Prijedorski gradski portal\" \/>\n<meta property=\"article:publisher\" content=\"https:\/\/www.facebook.com\/PrijedorDanasCom\/\" \/>\n<meta property=\"article:published_time\" content=\"2019-05-15T08:48:28+00:00\" \/>\n<meta property=\"og:image\" content=\"https:\/\/www.prijedordanas.com\/wp-content\/uploads\/2019\/05\/prijedorgradorg-gradski-stab-14maj-300x225.jpg\" \/>\n<meta name=\"author\" content=\"admin\" \/>\n<meta name=\"twitter:card\" content=\"summary_large_image\" \/>\n<meta name=\"twitter:label1\" content=\"Written by\" \/>\n\t<meta name=\"twitter:data1\" content=\"admin\" \/>\n\t<meta name=\"twitter:label2\" content=\"Est. reading time\" \/>\n\t<meta name=\"twitter:data2\" content=\"4 minutes\" \/>\n<script type=\"application\/ld+json\" class=\"yoast-schema-graph\">{\"@context\":\"https:\/\/schema.org\",\"@graph\":[{\"@type\":\"Article\",\"@id\":\"https:\/\/www.prijedordanas.com\/?p=127431#article\",\"isPartOf\":{\"@id\":\"https:\/\/www.prijedordanas.com\/?p=127431\"},\"author\":{\"name\":\"admin\",\"@id\":\"https:\/\/www.prijedordanas.com\/#\/schema\/person\/4e08ccf29b506ca916ff86d46bb700e6\"},\"headline\":\"PRIJEDOR-GRADSKI \u0160TAB ZA VANREDNE SITUACIJE: NIJE PROBIJEN NASIP U GOMJENICI\",\"datePublished\":\"2019-05-15T08:48:28+00:00\",\"dateModified\":\"2019-05-15T08:48:28+00:00\",\"mainEntityOfPage\":{\"@id\":\"https:\/\/www.prijedordanas.com\/?p=127431\"},\"wordCount\":841,\"publisher\":{\"@id\":\"https:\/\/www.prijedordanas.com\/#organization\"},\"keywords\":[\"Gomjenica\",\"nasip\"],\"articleSection\":[\"Svakodnevno\"],\"inLanguage\":\"en-US\"},{\"@type\":\"WebPage\",\"@id\":\"https:\/\/www.prijedordanas.com\/?p=127431\",\"url\":\"https:\/\/www.prijedordanas.com\/?p=127431\",\"name\":\"PRIJEDOR-GRADSKI \u0160TAB ZA VANREDNE SITUACIJE: NIJE PROBIJEN NASIP U GOMJENICI - PrijedorDanas.com - Prijedorski gradski portal\",\"isPartOf\":{\"@id\":\"https:\/\/www.prijedordanas.com\/#website\"},\"datePublished\":\"2019-05-15T08:48:28+00:00\",\"dateModified\":\"2019-05-15T08:48:28+00:00\",\"breadcrumb\":{\"@id\":\"https:\/\/www.prijedordanas.com\/?p=127431#breadcrumb\"},\"inLanguage\":\"en-US\",\"potentialAction\":[{\"@type\":\"ReadAction\",\"target\":[\"https:\/\/www.prijedordanas.com\/?p=127431\"]}]},{\"@type\":\"BreadcrumbList\",\"@id\":\"https:\/\/www.prijedordanas.com\/?p=127431#breadcrumb\",\"itemListElement\":[{\"@type\":\"ListItem\",\"position\":1,\"name\":\"Home\",\"item\":\"https:\/\/www.prijedordanas.com\/\"},{\"@type\":\"ListItem\",\"position\":2,\"name\":\"PRIJEDOR-GRADSKI \u0160TAB ZA VANREDNE SITUACIJE: NIJE PROBIJEN NASIP U GOMJENICI\"}]},{\"@type\":\"WebSite\",\"@id\":\"https:\/\/www.prijedordanas.com\/#website\",\"url\":\"https:\/\/www.prijedordanas.com\/\",\"name\":\"PrijedorDanas.com - Prijedorski gradski portal\",\"description\":\"Portal o doga\u0111anjima u gradu Prijedoru\",\"publisher\":{\"@id\":\"https:\/\/www.prijedordanas.com\/#organization\"},\"potentialAction\":[{\"@type\":\"SearchAction\",\"target\":{\"@type\":\"EntryPoint\",\"urlTemplate\":\"https:\/\/www.prijedordanas.com\/?s={search_term_string}\"},\"query-input\":\"required name=search_term_string\"}],\"inLanguage\":\"en-US\"},{\"@type\":\"Organization\",\"@id\":\"https:\/\/www.prijedordanas.com\/#organization\",\"name\":\"PrijedorDanas.com\",\"url\":\"https:\/\/www.prijedordanas.com\/\",\"logo\":{\"@type\":\"ImageObject\",\"inLanguage\":\"en-US\",\"@id\":\"https:\/\/www.prijedordanas.com\/#\/schema\/logo\/image\/\",\"url\":\"http:\/\/www.prijedordanas.com\/wp-content\/uploads\/2021\/12\/logopng.png\",\"contentUrl\":\"http:\/\/www.prijedordanas.com\/wp-content\/uploads\/2021\/12\/logopng.png\",\"width\":1019,\"height\":776,\"caption\":\"PrijedorDanas.com\"},\"image\":{\"@id\":\"https:\/\/www.prijedordanas.com\/#\/schema\/logo\/image\/\"},\"sameAs\":[\"https:\/\/www.facebook.com\/PrijedorDanasCom\/\"]},{\"@type\":\"Person\",\"@id\":\"https:\/\/www.prijedordanas.com\/#\/schema\/person\/4e08ccf29b506ca916ff86d46bb700e6\",\"name\":\"admin\",\"image\":{\"@type\":\"ImageObject\",\"inLanguage\":\"en-US\",\"@id\":\"https:\/\/www.prijedordanas.com\/#\/schema\/person\/image\/\",\"url\":\"https:\/\/secure.gravatar.com\/avatar\/1d3fc949d550f0b53a5f0d51e06dfd79?s=96&d=mm&r=g\",\"contentUrl\":\"https:\/\/secure.gravatar.com\/avatar\/1d3fc949d550f0b53a5f0d51e06dfd79?s=96&d=mm&r=g\",\"caption\":\"admin\"},\"url\":\"https:\/\/www.prijedordanas.com\/?author=1\"}]}<\/script>\n<!-- \/ Yoast SEO plugin. -->","yoast_head_json":{"title":"PRIJEDOR-GRADSKI \u0160TAB ZA VANREDNE SITUACIJE: NIJE PROBIJEN NASIP U GOMJENICI - PrijedorDanas.com - Prijedorski gradski portal","robots":{"index":"index","follow":"follow","max-snippet":"max-snippet:-1","max-image-preview":"max-image-preview:large","max-video-preview":"max-video-preview:-1"},"canonical":"https:\/\/www.prijedordanas.com\/?p=127431","og_locale":"en_US","og_type":"article","og_title":"PRIJEDOR-GRADSKI \u0160TAB ZA VANREDNE SITUACIJE: NIJE PROBIJEN NASIP U GOMJENICI - PrijedorDanas.com - Prijedorski gradski portal","og_description":"Gradona\u010delnik Prijedora Milenko \u0110akovi\u0107 je izjavio sino\u0107 nakon sjednice Gradskog \u0161taba za vanredne situacije da su okupljeni na po\u010detku sastanka dobili podatke da Sana svojim tokom smanjuje rast i od [&hellip;]","og_url":"https:\/\/www.prijedordanas.com\/?p=127431","og_site_name":"PrijedorDanas.com - Prijedorski gradski portal","article_publisher":"https:\/\/www.facebook.com\/PrijedorDanasCom\/","article_published_time":"2019-05-15T08:48:28+00:00","og_image":[{"url":"https:\/\/www.prijedordanas.com\/wp-content\/uploads\/2019\/05\/prijedorgradorg-gradski-stab-14maj-300x225.jpg"}],"author":"admin","twitter_card":"summary_large_image","twitter_misc":{"Written by":"admin","Est. reading time":"4 minutes"},"schema":{"@context":"https:\/\/schema.org","@graph":[{"@type":"Article","@id":"https:\/\/www.prijedordanas.com\/?p=127431#article","isPartOf":{"@id":"https:\/\/www.prijedordanas.com\/?p=127431"},"author":{"name":"admin","@id":"https:\/\/www.prijedordanas.com\/#\/schema\/person\/4e08ccf29b506ca916ff86d46bb700e6"},"headline":"PRIJEDOR-GRADSKI \u0160TAB ZA VANREDNE SITUACIJE: NIJE PROBIJEN NASIP U GOMJENICI","datePublished":"2019-05-15T08:48:28+00:00","dateModified":"2019-05-15T08:48:28+00:00","mainEntityOfPage":{"@id":"https:\/\/www.prijedordanas.com\/?p=127431"},"wordCount":841,"publisher":{"@id":"https:\/\/www.prijedordanas.com\/#organization"},"keywords":["Gomjenica","nasip"],"articleSection":["Svakodnevno"],"inLanguage":"en-US"},{"@type":"WebPage","@id":"https:\/\/www.prijedordanas.com\/?p=127431","url":"https:\/\/www.prijedordanas.com\/?p=127431","name":"PRIJEDOR-GRADSKI \u0160TAB ZA VANREDNE SITUACIJE: NIJE PROBIJEN NASIP U GOMJENICI - PrijedorDanas.com - Prijedorski gradski portal","isPartOf":{"@id":"https:\/\/www.prijedordanas.com\/#website"},"datePublished":"2019-05-15T08:48:28+00:00","dateModified":"2019-05-15T08:48:28+00:00","breadcrumb":{"@id":"https:\/\/www.prijedordanas.com\/?p=127431#breadcrumb"},"inLanguage":"en-US","potentialAction":[{"@type":"ReadAction","target":["https:\/\/www.prijedordanas.com\/?p=127431"]}]},{"@type":"BreadcrumbList","@id":"https:\/\/www.prijedordanas.com\/?p=127431#breadcrumb","itemListElement":[{"@type":"ListItem","position":1,"name":"Home","item":"https:\/\/www.prijedordanas.com\/"},{"@type":"ListItem","position":2,"name":"PRIJEDOR-GRADSKI \u0160TAB ZA VANREDNE SITUACIJE: NIJE PROBIJEN NASIP U GOMJENICI"}]},{"@type":"WebSite","@id":"https:\/\/www.prijedordanas.com\/#website","url":"https:\/\/www.prijedordanas.com\/","name":"PrijedorDanas.com - Prijedorski gradski portal","description":"Portal o doga\u0111anjima u gradu Prijedoru","publisher":{"@id":"https:\/\/www.prijedordanas.com\/#organization"},"potentialAction":[{"@type":"SearchAction","target":{"@type":"EntryPoint","urlTemplate":"https:\/\/www.prijedordanas.com\/?s={search_term_string}"},"query-input":"required name=search_term_string"}],"inLanguage":"en-US"},{"@type":"Organization","@id":"https:\/\/www.prijedordanas.com\/#organization","name":"PrijedorDanas.com","url":"https:\/\/www.prijedordanas.com\/","logo":{"@type":"ImageObject","inLanguage":"en-US","@id":"https:\/\/www.prijedordanas.com\/#\/schema\/logo\/image\/","url":"http:\/\/www.prijedordanas.com\/wp-content\/uploads\/2021\/12\/logopng.png","contentUrl":"http:\/\/www.prijedordanas.com\/wp-content\/uploads\/2021\/12\/logopng.png","width":1019,"height":776,"caption":"PrijedorDanas.com"},"image":{"@id":"https:\/\/www.prijedordanas.com\/#\/schema\/logo\/image\/"},"sameAs":["https:\/\/www.facebook.com\/PrijedorDanasCom\/"]},{"@type":"Person","@id":"https:\/\/www.prijedordanas.com\/#\/schema\/person\/4e08ccf29b506ca916ff86d46bb700e6","name":"admin","image":{"@type":"ImageObject","inLanguage":"en-US","@id":"https:\/\/www.prijedordanas.com\/#\/schema\/person\/image\/","url":"https:\/\/secure.gravatar.com\/avatar\/1d3fc949d550f0b53a5f0d51e06dfd79?s=96&d=mm&r=g","contentUrl":"https:\/\/secure.gravatar.com\/avatar\/1d3fc949d550f0b53a5f0d51e06dfd79?s=96&d=mm&r=g","caption":"admin"},"url":"https:\/\/www.prijedordanas.com\/?author=1"}]}},"_links":{"self":[{"href":"https:\/\/www.prijedordanas.com\/index.php?rest_route=\/wp\/v2\/posts\/127431"}],"collection":[{"href":"https:\/\/www.prijedordanas.com\/index.php?rest_route=\/wp\/v2\/posts"}],"about":[{"href":"https:\/\/www.prijedordanas.com\/index.php?rest_route=\/wp\/v2\/types\/post"}],"author":[{"embeddable":true,"href":"https:\/\/www.prijedordanas.com\/index.php?rest_route=\/wp\/v2\/users\/1"}],"replies":[{"embeddable":true,"href":"https:\/\/www.prijedordanas.com\/index.php?rest_route=%2Fwp%2Fv2%2Fcomments&post=127431"}],"version-history":[{"count":1,"href":"https:\/\/www.prijedordanas.com\/index.php?rest_route=\/wp\/v2\/posts\/127431\/revisions"}],"predecessor-version":[{"id":127432,"href":"https:\/\/www.prijedordanas.com\/index.php?rest_route=\/wp\/v2\/posts\/127431\/revisions\/127432"}],"wp:attachment":[{"href":"https:\/\/www.prijedordanas.com\/index.php?rest_route=%2Fwp%2Fv2%2Fmedia&parent=127431"}],"wp:term":[{"taxonomy":"category","embeddable":true,"href":"https:\/\/www.prijedordanas.com\/index.php?rest_route=%2Fwp%2Fv2%2Fcategories&post=127431"},{"taxonomy":"post_tag","embeddable":true,"href":"https:\/\/www.prijedordanas.com\/index.php?rest_route=%2Fwp%2Fv2%2Ftags&post=127431"}],"curies":[{"name":"wp","href":"https:\/\/api.w.org\/{rel}","templated":true}]}}