{"id":127236,"date":"2019-05-16T07:29:19","date_gmt":"2019-05-16T05:29:19","guid":{"rendered":"https:\/\/www.prijedordanas.com\/?p=127236"},"modified":"2019-05-16T07:29:19","modified_gmt":"2019-05-16T05:29:19","slug":"sudenje-pavic-izricanje-presude-za-zlocine-u-prijedoru-krajem-juna","status":"publish","type":"post","link":"https:\/\/www.prijedordanas.com\/?p=127236","title":{"rendered":"SU\u0110ENJE PAVI\u0106: IZRICANJE PRESUDE ZA ZLO\u010cINE U PRIJEDORU KRAJEM JUNA"},"content":{"rendered":"<p><a href=\"https:\/\/www.prijedordanas.com\/wp-content\/uploads\/2018\/05\/sud-bih-sudjenje-pavic.jpg\"><img loading=\"lazy\" decoding=\"async\" src=\"https:\/\/www.prijedordanas.com\/wp-content\/uploads\/2018\/05\/sud-bih-sudjenje-pavic-300x222.jpg\" alt=\"\" width=\"300\" height=\"222\" class=\"alignleft size-medium wp-image-105245\" srcset=\"https:\/\/www.prijedordanas.com\/wp-content\/uploads\/2018\/05\/sud-bih-sudjenje-pavic-300x222.jpg 300w, https:\/\/www.prijedordanas.com\/wp-content\/uploads\/2018\/05\/sud-bih-sudjenje-pavic-100x74.jpg 100w, https:\/\/www.prijedordanas.com\/wp-content\/uploads\/2018\/05\/sud-bih-sudjenje-pavic.jpg 675w\" sizes=\"(max-width: 300px) 100vw, 300px\" \/><\/a>Nakon \u0161to je Odbrana Sretka Pavi\u0107a u zavr\u0161noj rije\u010di zatra\u017eila da on bude oslobo\u0111en optu\u017ebi za zlo\u010dine po\u010dinjene u Prijedoru, izricanje presude je zakazano za 24. juni.<\/p>\n<p>Branilac Ranko Daki\u0107 je u zavr\u0161nom izlaganju istakao kako se optu\u017enica zasniva na iskazu svjedoka S-1, koji je navodni o\u010devidac doga\u0111aja, ali se on, prema tvrdnji Odbrane, mnogih stvari ne sje\u0107a, osim onih \u0161to idu u prilog optu\u017enici.<\/p>\n<p>\u201cIzjava S-1 je kontradiktorna svim ostalim iskazima svjedoka. Mnogi navodi iskaza S-1 su neta\u010dni i na njima se ne mo\u017ee zasnovati osu\u0111uju\u0107a presuda. On navodi da je u blizini mjesta ubistva \u010dlanova porodice \u010cau\u0161evi\u0107 vidio Pavi\u0107a i Peru Stevandi\u0107a nakon pucnjave, a postoje svjedoci koji su vidjeli samo njega\u201d, rekao je branilac, koji je dodao i kako je sporno bilo prepoznavanje optu\u017eenog.<\/p>\n<p>Pavi\u0107 je optu\u017een da je, kao pripadnik Volarske \u010dete, koja je bila u sastavu \u0160estog ljubijskog bataljona 43. prijedorske motorizovane brigade Vojske Republike Srpske (VRS), u drugoj polovini jula 1992. godine odveo pet civila \u2013 Mustafu, D\u017eemku, Faudina, Edina i \u0160efku \u010cau\u0161evi\u0107 \u2013 na punkt u Rizvanovi\u0107e, zatvorio ih, a potom ubio.<\/p>\n<p>Nesporno je, prema Odbrani, da je u drugoj polovini jula 1992. formiran punkt u Rizvanovi\u0107ima koji se nalazio u blizini \u0161kole, ali je ostalo nedore\u010deno koje jedinice su bile na tom punktu.<\/p>\n<p>Za Odbranu nije sporno da su u zaseoku Mihi\u0107i kod Hambarina uhap\u0161eni \u010dlanovi porodice \u010cau\u0161evi\u0107, i sprovedeni do punkta u Rizvanovi\u0107ima i objekta te zatvoreni prekoputa \u0161kole, ali je sporan po\u010dinilac ubistava.<\/p>\n<p>Branilac je naveo da su hap\u0161enja izvr\u0161ili pripadnici Ljeskarske \u010dete i to nakon \u0161to su ubijena dva vojnika iz Ljeskara, a zapisnik o ekshumaciji je potvrdio da su \u010cau\u0161evi\u0107evi usmr\u0107eni 500 metara od \u0161kole.<\/p>\n<p>\u201cTu\u017eila\u0161tvo nije dokazalo zlo\u010din protiv \u010dovje\u010dnosti, odnosno da se radilo o organizovanom napadu na civilno stanovni\u0161tvo i da je optu\u017eeni znao za taj napad. Odbrana smatra da se radilo o sukobu dvije suprotstavljene strane, a ne o napadu na civilno stanovni\u0161tvo\u201d, naglasio je branilac koji je kao jedinu mogu\u0107u odluku zatra\u017eio da Pavi\u0107 bude oslobo\u0111en optu\u017ebi.<\/p>\n<p>Pavi\u0107 je u svom obra\u0107anju Sudu kratko kazao kako mu nije jasno da S-1 mo\u017ee biti glavni svjedok a izvr\u0161ilac je, kao i da ne zna kako je tu\u017eilac pristao na to.<\/p>\n<p>BIRN<\/p>\n","protected":false},"excerpt":{"rendered":"<p>Nakon \u0161to je Odbrana Sretka Pavi\u0107a u zavr\u0161noj rije\u010di zatra\u017eila da on bude oslobo\u0111en optu\u017ebi za zlo\u010dine po\u010dinjene u Prijedoru, izricanje presude je zakazano za 24. juni. Branilac Ranko Daki\u0107 [&hellip;]<\/p>\n","protected":false},"author":1,"featured_media":0,"comment_status":"closed","ping_status":"open","sticky":false,"template":"","format":"standard","meta":{"_monsterinsights_skip_tracking":false,"_monsterinsights_sitenote_active":false,"_monsterinsights_sitenote_note":"","_monsterinsights_sitenote_category":0,"footnotes":""},"categories":[5],"tags":[531],"yoast_head":"<!-- This site is optimized with the Yoast SEO plugin v21.6 - https:\/\/yoast.com\/wordpress\/plugins\/seo\/ -->\n<title>SU\u0110ENJE PAVI\u0106: IZRICANJE PRESUDE ZA ZLO\u010cINE U PRIJEDORU KRAJEM JUNA - PrijedorDanas.com - Prijedorski gradski portal<\/title>\n<meta name=\"robots\" content=\"index, follow, max-snippet:-1, max-image-preview:large, max-video-preview:-1\" \/>\n<link rel=\"canonical\" href=\"https:\/\/www.prijedordanas.com\/?p=127236\" \/>\n<meta property=\"og:locale\" content=\"en_US\" \/>\n<meta property=\"og:type\" content=\"article\" \/>\n<meta property=\"og:title\" content=\"SU\u0110ENJE PAVI\u0106: IZRICANJE PRESUDE ZA ZLO\u010cINE U PRIJEDORU KRAJEM JUNA - PrijedorDanas.com - Prijedorski gradski portal\" \/>\n<meta property=\"og:description\" content=\"Nakon \u0161to je Odbrana Sretka Pavi\u0107a u zavr\u0161noj rije\u010di zatra\u017eila da on bude oslobo\u0111en optu\u017ebi za zlo\u010dine po\u010dinjene u Prijedoru, izricanje presude je zakazano za 24. juni. Branilac Ranko Daki\u0107 [&hellip;]\" \/>\n<meta property=\"og:url\" content=\"https:\/\/www.prijedordanas.com\/?p=127236\" \/>\n<meta property=\"og:site_name\" content=\"PrijedorDanas.com - Prijedorski gradski portal\" \/>\n<meta property=\"article:publisher\" content=\"https:\/\/www.facebook.com\/PrijedorDanasCom\/\" \/>\n<meta property=\"article:published_time\" content=\"2019-05-16T05:29:19+00:00\" \/>\n<meta property=\"og:image\" content=\"https:\/\/www.prijedordanas.com\/wp-content\/uploads\/2018\/05\/sud-bih-sudjenje-pavic-300x222.jpg\" \/>\n<meta name=\"author\" content=\"admin\" \/>\n<meta name=\"twitter:card\" content=\"summary_large_image\" \/>\n<meta name=\"twitter:label1\" content=\"Written by\" \/>\n\t<meta name=\"twitter:data1\" content=\"admin\" \/>\n\t<meta name=\"twitter:label2\" content=\"Est. reading time\" \/>\n\t<meta name=\"twitter:data2\" content=\"2 minutes\" \/>\n<script type=\"application\/ld+json\" class=\"yoast-schema-graph\">{\"@context\":\"https:\/\/schema.org\",\"@graph\":[{\"@type\":\"Article\",\"@id\":\"https:\/\/www.prijedordanas.com\/?p=127236#article\",\"isPartOf\":{\"@id\":\"https:\/\/www.prijedordanas.com\/?p=127236\"},\"author\":{\"name\":\"admin\",\"@id\":\"https:\/\/www.prijedordanas.com\/#\/schema\/person\/4e08ccf29b506ca916ff86d46bb700e6\"},\"headline\":\"SU\u0110ENJE PAVI\u0106: IZRICANJE PRESUDE ZA ZLO\u010cINE U PRIJEDORU KRAJEM JUNA\",\"datePublished\":\"2019-05-16T05:29:19+00:00\",\"dateModified\":\"2019-05-16T05:29:19+00:00\",\"mainEntityOfPage\":{\"@id\":\"https:\/\/www.prijedordanas.com\/?p=127236\"},\"wordCount\":424,\"publisher\":{\"@id\":\"https:\/\/www.prijedordanas.com\/#organization\"},\"keywords\":[\"Sud BiH\"],\"articleSection\":[\"Hronika\"],\"inLanguage\":\"en-US\"},{\"@type\":\"WebPage\",\"@id\":\"https:\/\/www.prijedordanas.com\/?p=127236\",\"url\":\"https:\/\/www.prijedordanas.com\/?p=127236\",\"name\":\"SU\u0110ENJE PAVI\u0106: IZRICANJE PRESUDE ZA ZLO\u010cINE U PRIJEDORU KRAJEM JUNA - PrijedorDanas.com - Prijedorski gradski portal\",\"isPartOf\":{\"@id\":\"https:\/\/www.prijedordanas.com\/#website\"},\"datePublished\":\"2019-05-16T05:29:19+00:00\",\"dateModified\":\"2019-05-16T05:29:19+00:00\",\"breadcrumb\":{\"@id\":\"https:\/\/www.prijedordanas.com\/?p=127236#breadcrumb\"},\"inLanguage\":\"en-US\",\"potentialAction\":[{\"@type\":\"ReadAction\",\"target\":[\"https:\/\/www.prijedordanas.com\/?p=127236\"]}]},{\"@type\":\"BreadcrumbList\",\"@id\":\"https:\/\/www.prijedordanas.com\/?p=127236#breadcrumb\",\"itemListElement\":[{\"@type\":\"ListItem\",\"position\":1,\"name\":\"Home\",\"item\":\"https:\/\/www.prijedordanas.com\/\"},{\"@type\":\"ListItem\",\"position\":2,\"name\":\"SU\u0110ENJE PAVI\u0106: IZRICANJE PRESUDE ZA ZLO\u010cINE U PRIJEDORU KRAJEM JUNA\"}]},{\"@type\":\"WebSite\",\"@id\":\"https:\/\/www.prijedordanas.com\/#website\",\"url\":\"https:\/\/www.prijedordanas.com\/\",\"name\":\"PrijedorDanas.com - Prijedorski gradski portal\",\"description\":\"Portal o doga\u0111anjima u gradu Prijedoru\",\"publisher\":{\"@id\":\"https:\/\/www.prijedordanas.com\/#organization\"},\"potentialAction\":[{\"@type\":\"SearchAction\",\"target\":{\"@type\":\"EntryPoint\",\"urlTemplate\":\"https:\/\/www.prijedordanas.com\/?s={search_term_string}\"},\"query-input\":\"required name=search_term_string\"}],\"inLanguage\":\"en-US\"},{\"@type\":\"Organization\",\"@id\":\"https:\/\/www.prijedordanas.com\/#organization\",\"name\":\"PrijedorDanas.com\",\"url\":\"https:\/\/www.prijedordanas.com\/\",\"logo\":{\"@type\":\"ImageObject\",\"inLanguage\":\"en-US\",\"@id\":\"https:\/\/www.prijedordanas.com\/#\/schema\/logo\/image\/\",\"url\":\"http:\/\/www.prijedordanas.com\/wp-content\/uploads\/2021\/12\/logopng.png\",\"contentUrl\":\"http:\/\/www.prijedordanas.com\/wp-content\/uploads\/2021\/12\/logopng.png\",\"width\":1019,\"height\":776,\"caption\":\"PrijedorDanas.com\"},\"image\":{\"@id\":\"https:\/\/www.prijedordanas.com\/#\/schema\/logo\/image\/\"},\"sameAs\":[\"https:\/\/www.facebook.com\/PrijedorDanasCom\/\"]},{\"@type\":\"Person\",\"@id\":\"https:\/\/www.prijedordanas.com\/#\/schema\/person\/4e08ccf29b506ca916ff86d46bb700e6\",\"name\":\"admin\",\"image\":{\"@type\":\"ImageObject\",\"inLanguage\":\"en-US\",\"@id\":\"https:\/\/www.prijedordanas.com\/#\/schema\/person\/image\/\",\"url\":\"https:\/\/secure.gravatar.com\/avatar\/1d3fc949d550f0b53a5f0d51e06dfd79?s=96&d=mm&r=g\",\"contentUrl\":\"https:\/\/secure.gravatar.com\/avatar\/1d3fc949d550f0b53a5f0d51e06dfd79?s=96&d=mm&r=g\",\"caption\":\"admin\"},\"url\":\"https:\/\/www.prijedordanas.com\/?author=1\"}]}<\/script>\n<!-- \/ Yoast SEO plugin. -->","yoast_head_json":{"title":"SU\u0110ENJE PAVI\u0106: IZRICANJE PRESUDE ZA ZLO\u010cINE U PRIJEDORU KRAJEM JUNA - PrijedorDanas.com - Prijedorski gradski portal","robots":{"index":"index","follow":"follow","max-snippet":"max-snippet:-1","max-image-preview":"max-image-preview:large","max-video-preview":"max-video-preview:-1"},"canonical":"https:\/\/www.prijedordanas.com\/?p=127236","og_locale":"en_US","og_type":"article","og_title":"SU\u0110ENJE PAVI\u0106: IZRICANJE PRESUDE ZA ZLO\u010cINE U PRIJEDORU KRAJEM JUNA - PrijedorDanas.com - Prijedorski gradski portal","og_description":"Nakon \u0161to je Odbrana Sretka Pavi\u0107a u zavr\u0161noj rije\u010di zatra\u017eila da on bude oslobo\u0111en optu\u017ebi za zlo\u010dine po\u010dinjene u Prijedoru, izricanje presude je zakazano za 24. juni. Branilac Ranko Daki\u0107 [&hellip;]","og_url":"https:\/\/www.prijedordanas.com\/?p=127236","og_site_name":"PrijedorDanas.com - Prijedorski gradski portal","article_publisher":"https:\/\/www.facebook.com\/PrijedorDanasCom\/","article_published_time":"2019-05-16T05:29:19+00:00","og_image":[{"url":"https:\/\/www.prijedordanas.com\/wp-content\/uploads\/2018\/05\/sud-bih-sudjenje-pavic-300x222.jpg"}],"author":"admin","twitter_card":"summary_large_image","twitter_misc":{"Written by":"admin","Est. reading time":"2 minutes"},"schema":{"@context":"https:\/\/schema.org","@graph":[{"@type":"Article","@id":"https:\/\/www.prijedordanas.com\/?p=127236#article","isPartOf":{"@id":"https:\/\/www.prijedordanas.com\/?p=127236"},"author":{"name":"admin","@id":"https:\/\/www.prijedordanas.com\/#\/schema\/person\/4e08ccf29b506ca916ff86d46bb700e6"},"headline":"SU\u0110ENJE PAVI\u0106: IZRICANJE PRESUDE ZA ZLO\u010cINE U PRIJEDORU KRAJEM JUNA","datePublished":"2019-05-16T05:29:19+00:00","dateModified":"2019-05-16T05:29:19+00:00","mainEntityOfPage":{"@id":"https:\/\/www.prijedordanas.com\/?p=127236"},"wordCount":424,"publisher":{"@id":"https:\/\/www.prijedordanas.com\/#organization"},"keywords":["Sud BiH"],"articleSection":["Hronika"],"inLanguage":"en-US"},{"@type":"WebPage","@id":"https:\/\/www.prijedordanas.com\/?p=127236","url":"https:\/\/www.prijedordanas.com\/?p=127236","name":"SU\u0110ENJE PAVI\u0106: IZRICANJE PRESUDE ZA ZLO\u010cINE U PRIJEDORU KRAJEM JUNA - PrijedorDanas.com - Prijedorski gradski portal","isPartOf":{"@id":"https:\/\/www.prijedordanas.com\/#website"},"datePublished":"2019-05-16T05:29:19+00:00","dateModified":"2019-05-16T05:29:19+00:00","breadcrumb":{"@id":"https:\/\/www.prijedordanas.com\/?p=127236#breadcrumb"},"inLanguage":"en-US","potentialAction":[{"@type":"ReadAction","target":["https:\/\/www.prijedordanas.com\/?p=127236"]}]},{"@type":"BreadcrumbList","@id":"https:\/\/www.prijedordanas.com\/?p=127236#breadcrumb","itemListElement":[{"@type":"ListItem","position":1,"name":"Home","item":"https:\/\/www.prijedordanas.com\/"},{"@type":"ListItem","position":2,"name":"SU\u0110ENJE PAVI\u0106: IZRICANJE PRESUDE ZA ZLO\u010cINE U PRIJEDORU KRAJEM JUNA"}]},{"@type":"WebSite","@id":"https:\/\/www.prijedordanas.com\/#website","url":"https:\/\/www.prijedordanas.com\/","name":"PrijedorDanas.com - Prijedorski gradski portal","description":"Portal o doga\u0111anjima u gradu Prijedoru","publisher":{"@id":"https:\/\/www.prijedordanas.com\/#organization"},"potentialAction":[{"@type":"SearchAction","target":{"@type":"EntryPoint","urlTemplate":"https:\/\/www.prijedordanas.com\/?s={search_term_string}"},"query-input":"required name=search_term_string"}],"inLanguage":"en-US"},{"@type":"Organization","@id":"https:\/\/www.prijedordanas.com\/#organization","name":"PrijedorDanas.com","url":"https:\/\/www.prijedordanas.com\/","logo":{"@type":"ImageObject","inLanguage":"en-US","@id":"https:\/\/www.prijedordanas.com\/#\/schema\/logo\/image\/","url":"http:\/\/www.prijedordanas.com\/wp-content\/uploads\/2021\/12\/logopng.png","contentUrl":"http:\/\/www.prijedordanas.com\/wp-content\/uploads\/2021\/12\/logopng.png","width":1019,"height":776,"caption":"PrijedorDanas.com"},"image":{"@id":"https:\/\/www.prijedordanas.com\/#\/schema\/logo\/image\/"},"sameAs":["https:\/\/www.facebook.com\/PrijedorDanasCom\/"]},{"@type":"Person","@id":"https:\/\/www.prijedordanas.com\/#\/schema\/person\/4e08ccf29b506ca916ff86d46bb700e6","name":"admin","image":{"@type":"ImageObject","inLanguage":"en-US","@id":"https:\/\/www.prijedordanas.com\/#\/schema\/person\/image\/","url":"https:\/\/secure.gravatar.com\/avatar\/1d3fc949d550f0b53a5f0d51e06dfd79?s=96&d=mm&r=g","contentUrl":"https:\/\/secure.gravatar.com\/avatar\/1d3fc949d550f0b53a5f0d51e06dfd79?s=96&d=mm&r=g","caption":"admin"},"url":"https:\/\/www.prijedordanas.com\/?author=1"}]}},"_links":{"self":[{"href":"https:\/\/www.prijedordanas.com\/index.php?rest_route=\/wp\/v2\/posts\/127236"}],"collection":[{"href":"https:\/\/www.prijedordanas.com\/index.php?rest_route=\/wp\/v2\/posts"}],"about":[{"href":"https:\/\/www.prijedordanas.com\/index.php?rest_route=\/wp\/v2\/types\/post"}],"author":[{"embeddable":true,"href":"https:\/\/www.prijedordanas.com\/index.php?rest_route=\/wp\/v2\/users\/1"}],"replies":[{"embeddable":true,"href":"https:\/\/www.prijedordanas.com\/index.php?rest_route=%2Fwp%2Fv2%2Fcomments&post=127236"}],"version-history":[{"count":1,"href":"https:\/\/www.prijedordanas.com\/index.php?rest_route=\/wp\/v2\/posts\/127236\/revisions"}],"predecessor-version":[{"id":127237,"href":"https:\/\/www.prijedordanas.com\/index.php?rest_route=\/wp\/v2\/posts\/127236\/revisions\/127237"}],"wp:attachment":[{"href":"https:\/\/www.prijedordanas.com\/index.php?rest_route=%2Fwp%2Fv2%2Fmedia&parent=127236"}],"wp:term":[{"taxonomy":"category","embeddable":true,"href":"https:\/\/www.prijedordanas.com\/index.php?rest_route=%2Fwp%2Fv2%2Fcategories&post=127236"},{"taxonomy":"post_tag","embeddable":true,"href":"https:\/\/www.prijedordanas.com\/index.php?rest_route=%2Fwp%2Fv2%2Ftags&post=127236"}],"curies":[{"name":"wp","href":"https:\/\/api.w.org\/{rel}","templated":true}]}}