{"id":127221,"date":"2019-05-13T23:13:58","date_gmt":"2019-05-13T21:13:58","guid":{"rendered":"https:\/\/www.prijedordanas.com\/?p=127221"},"modified":"2019-05-13T23:13:58","modified_gmt":"2019-05-13T21:13:58","slug":"huk-rijeke-je-uzasan-jezive-ispovijesti-ljudi-koje-godinama-muce-poplave-foto","status":"publish","type":"post","link":"https:\/\/www.prijedordanas.com\/?p=127221","title":{"rendered":"\u201cHUK RIJEKE JE U\u017dASAN\u201d: JEZIVE ISPOVIJESTI LJUDI KOJE GODINAMA MU\u010cE POPLAVE \u2013 FOTO"},"content":{"rendered":"<p><a href=\"https:\/\/www.prijedordanas.com\/wp-content\/uploads\/2019\/05\/blic-puharska-poplava-1.jpg\"><img loading=\"lazy\" decoding=\"async\" class=\"alignleft size-medium wp-image-127222\" src=\"https:\/\/www.prijedordanas.com\/wp-content\/uploads\/2019\/05\/blic-puharska-poplava-1-300x225.jpg\" alt=\"\" width=\"300\" height=\"225\" srcset=\"https:\/\/www.prijedordanas.com\/wp-content\/uploads\/2019\/05\/blic-puharska-poplava-1-300x225.jpg 300w, https:\/\/www.prijedordanas.com\/wp-content\/uploads\/2019\/05\/blic-puharska-poplava-1-100x75.jpg 100w, https:\/\/www.prijedordanas.com\/wp-content\/uploads\/2019\/05\/blic-puharska-poplava-1-640x480.jpg 640w, https:\/\/www.prijedordanas.com\/wp-content\/uploads\/2019\/05\/blic-puharska-poplava-1.jpg 667w\" sizes=\"(max-width: 300px) 100vw, 300px\" \/><\/a>Rijeka Puharska sino\u0107 oko 19 \u010dasova je za svega 10 minuta iza\u0161la iz svog korita, poplavila dvori\u0161te porodice Radomira Do\u0161ena i do\u0161la do ku\u0107e.<\/p>\n<p>\u2013 Na sre\u0107u nije u\u0161la u ku\u0107u. Jutros oko \u010detiri sata se povukla. Bili smo non stop de\u017eurni. Pala su dva stabla oraha na \u017eice, vatrogasci su oko jedan sat no\u0107as dolazili da to sklone pa smo bili i bez struje. Ovo se ve\u0107 de\u0161avalo 1995. godine, 2014. i evo sada.Tada su nam stradale sve koko\u0161i, patke i svinje, a 2014. nismo uspjeli spasiti ni\u0161ta. Bilo bi dobro da nadle\u017eni pro\u0161ire korito i \u010diste od grana i sme\u0107a pa da nas poku\u0161aju spasti od \u0161teta. To bude stra\u0161no, huk rijeke je u\u017easan, kao da se brdo valja prema nama \u2013 kaze Gordana Do\u0161en, mje\u0161tanka koja \u017eivi u blizini rijeke Puharske.<\/p>\n<p><a href=\"https:\/\/www.prijedordanas.com\/wp-content\/uploads\/2019\/05\/blic-puharska-poplava-3.jpg\"><img loading=\"lazy\" decoding=\"async\" class=\"alignleft size-medium wp-image-127223\" src=\"https:\/\/www.prijedordanas.com\/wp-content\/uploads\/2019\/05\/blic-puharska-poplava-3-300x200.jpg\" alt=\"\" width=\"300\" height=\"200\" srcset=\"https:\/\/www.prijedordanas.com\/wp-content\/uploads\/2019\/05\/blic-puharska-poplava-3-300x200.jpg 300w, https:\/\/www.prijedordanas.com\/wp-content\/uploads\/2019\/05\/blic-puharska-poplava-3-100x67.jpg 100w, https:\/\/www.prijedordanas.com\/wp-content\/uploads\/2019\/05\/blic-puharska-poplava-3-480x320.jpg 480w, https:\/\/www.prijedordanas.com\/wp-content\/uploads\/2019\/05\/blic-puharska-poplava-3.jpg 600w\" sizes=\"(max-width: 300px) 100vw, 300px\" \/><\/a>Sli\u010dnu sudbinu do\u017eivio je i Ostoja Markovi\u0107.<\/p>\n<p>\u2013 Kada je voda krenula da izlazi iz korita odvezao sam auto kod k\u0107erke jer sam vidio da ce poplaviti. Kada sam se vra\u0107ao nazad nisam mogao pri\u0107i, i\u0161ao sam okolo preko tu\u0111ih dvori\u0161ta i \u017eica da pri\u0111em svojoj ku\u0107i.Voda je poplavila dvori\u0161te, kotlovnicu i gara\u017eu. Povukla se jutros i sada sre\u0111ujemo \u2013 rekao je Ostoja.<\/p>\n<p>Isti\u010de da ga je strah, ali se mora boriti.<\/p>\n<p><a href=\"https:\/\/www.prijedordanas.com\/wp-content\/uploads\/2019\/05\/blic-puharska-poplava-4.jpg\"><img loading=\"lazy\" decoding=\"async\" class=\"alignleft size-medium wp-image-127224\" src=\"https:\/\/www.prijedordanas.com\/wp-content\/uploads\/2019\/05\/blic-puharska-poplava-4-300x197.jpg\" alt=\"\" width=\"300\" height=\"197\" srcset=\"https:\/\/www.prijedordanas.com\/wp-content\/uploads\/2019\/05\/blic-puharska-poplava-4-300x197.jpg 300w, https:\/\/www.prijedordanas.com\/wp-content\/uploads\/2019\/05\/blic-puharska-poplava-4-100x66.jpg 100w, https:\/\/www.prijedordanas.com\/wp-content\/uploads\/2019\/05\/blic-puharska-poplava-4.jpg 600w\" sizes=\"(max-width: 300px) 100vw, 300px\" \/><\/a>\u2013 \u0160ta da radimo, prepu\u0161teni smo sami sebi. Intervenisali smo milion puta i tra\u017eili pomo\u0107 od gradona\u010delnika, preko Savjeta mjesne zajednice tra\u017eili smo da se rije\u0161i ogroman problem Puharske. Nismo dobili nikada ni\u0161ta. Svojim novcem izgradio sam potporni zid koji je ko\u0161tao preko 13.000 KM. Da to nisam uradio ovdje bi se pokrenulo klizi\u0161te i odnijelo nam ku\u0107u \u2013 dodao je Markovi\u0107.<\/p>\n<p>Potporni zid u Puharskoj su ranije poplave sru\u0161ile, a mje\u0161tani svojim novcem gradili su novi kao i onaj prethodni.<\/p>\n<p>\u2013 Moramo \u010distiti i \u010dekati opet da nas poplavi. Niko ne\u0107e da o\u010disti ovaj kanal i da nas pogleda. Zadnjih godina najmanje dva puta nas poplavi Puharska, niko ne\u0107e to da rije\u0161i \u2013 ka\u017eu mje\u0161tani Puharske.<\/p>\n<p><a href=\"https:\/\/www.prijedordanas.com\/wp-content\/uploads\/2019\/05\/blic-puharska-alisici-1.jpg\"><img loading=\"lazy\" decoding=\"async\" src=\"https:\/\/www.prijedordanas.com\/wp-content\/uploads\/2019\/05\/blic-puharska-alisici-1-300x198.jpg\" alt=\"\" width=\"300\" height=\"198\" class=\"alignleft size-medium wp-image-127225\" srcset=\"https:\/\/www.prijedordanas.com\/wp-content\/uploads\/2019\/05\/blic-puharska-alisici-1-300x198.jpg 300w, https:\/\/www.prijedordanas.com\/wp-content\/uploads\/2019\/05\/blic-puharska-alisici-1-100x66.jpg 100w, https:\/\/www.prijedordanas.com\/wp-content\/uploads\/2019\/05\/blic-puharska-alisici-1.jpg 600w\" sizes=\"(max-width: 300px) 100vw, 300px\" \/><\/a>Za 20 minuta Puharska je poplavalila unutra\u0161njost porodi\u010dne ku\u0107e Ali\u0161i\u0107a.<\/p>\n<p>\u2013 Uni\u0161tena je kompletna dje\u010dja soba, \u0161pajz, voda je podigla zamrziva\u010d i uni\u0161tila sve stvari u prizemlju ku\u0107e. Pelet nam je sav pokva\u0161en i bacamo ga u kontejner. Ne znamo da li \u0107e i\u0161ta od tehnike da radi. Uspjeli smo samo dvojsed i trosjed podi\u0107i. Sve ostalo je bilo u vodi. To se moglo sprije\u010diti da se kanal \u010disti i da se samo malo vodi ra\u010duna o tome. To je bilo tolikom brzinom \u2013 rekli su u porodici Ali\u0161i\u0107.<\/p>\n<p>Prije dva sata su im dovezli vre\u0107e sa pijeskom da prave sebi zid. U pomo\u0107 su im do\u0161le i kom\u0161ije koje im poma\u017eu da o\u010diste ku\u0107u i izbace poplavljene stvari u sme\u0107e.<\/p>\n<p>EuroBlic-srpskainfo.com<\/p>\n<p><a href=\"https:\/\/www.prijedordanas.com\/wp-content\/uploads\/2019\/05\/blic-puharska-alisici-2.jpg\"><img loading=\"lazy\" decoding=\"async\" src=\"https:\/\/www.prijedordanas.com\/wp-content\/uploads\/2019\/05\/blic-puharska-alisici-2-300x200.jpg\" alt=\"\" width=\"300\" height=\"200\" class=\"alignleft size-medium wp-image-127226\" srcset=\"https:\/\/www.prijedordanas.com\/wp-content\/uploads\/2019\/05\/blic-puharska-alisici-2-300x200.jpg 300w, https:\/\/www.prijedordanas.com\/wp-content\/uploads\/2019\/05\/blic-puharska-alisici-2-100x67.jpg 100w, https:\/\/www.prijedordanas.com\/wp-content\/uploads\/2019\/05\/blic-puharska-alisici-2-480x320.jpg 480w, https:\/\/www.prijedordanas.com\/wp-content\/uploads\/2019\/05\/blic-puharska-alisici-2.jpg 600w\" sizes=\"(max-width: 300px) 100vw, 300px\" \/><\/a> <a href=\"https:\/\/www.prijedordanas.com\/wp-content\/uploads\/2019\/05\/blic-puharska-poplava-2.jpg\"><img loading=\"lazy\" decoding=\"async\" src=\"https:\/\/www.prijedordanas.com\/wp-content\/uploads\/2019\/05\/blic-puharska-poplava-2-300x200.jpg\" alt=\"\" width=\"300\" height=\"200\" class=\"alignleft size-medium wp-image-127227\" srcset=\"https:\/\/www.prijedordanas.com\/wp-content\/uploads\/2019\/05\/blic-puharska-poplava-2-300x200.jpg 300w, https:\/\/www.prijedordanas.com\/wp-content\/uploads\/2019\/05\/blic-puharska-poplava-2-100x67.jpg 100w, https:\/\/www.prijedordanas.com\/wp-content\/uploads\/2019\/05\/blic-puharska-poplava-2-480x320.jpg 480w, https:\/\/www.prijedordanas.com\/wp-content\/uploads\/2019\/05\/blic-puharska-poplava-2.jpg 600w\" sizes=\"(max-width: 300px) 100vw, 300px\" \/><\/a><\/p>\n","protected":false},"excerpt":{"rendered":"<p>Rijeka Puharska sino\u0107 oko 19 \u010dasova je za svega 10 minuta iza\u0161la iz svog korita, poplavila dvori\u0161te porodice Radomira Do\u0161ena i do\u0161la do ku\u0107e. \u2013 Na sre\u0107u nije u\u0161la u [&hellip;]<\/p>\n","protected":false},"author":1,"featured_media":0,"comment_status":"closed","ping_status":"open","sticky":false,"template":"","format":"standard","meta":{"_monsterinsights_skip_tracking":false,"_monsterinsights_sitenote_active":false,"_monsterinsights_sitenote_note":"","_monsterinsights_sitenote_category":0,"footnotes":""},"categories":[3],"tags":[1038],"yoast_head":"<!-- This site is optimized with the Yoast SEO plugin v21.6 - https:\/\/yoast.com\/wordpress\/plugins\/seo\/ -->\n<title>\u201cHUK RIJEKE JE U\u017dASAN\u201d: JEZIVE ISPOVIJESTI LJUDI KOJE GODINAMA MU\u010cE POPLAVE \u2013 FOTO - PrijedorDanas.com - Prijedorski gradski portal<\/title>\n<meta name=\"robots\" content=\"index, follow, max-snippet:-1, max-image-preview:large, max-video-preview:-1\" \/>\n<link rel=\"canonical\" href=\"https:\/\/www.prijedordanas.com\/?p=127221\" \/>\n<meta property=\"og:locale\" content=\"en_US\" \/>\n<meta property=\"og:type\" content=\"article\" \/>\n<meta property=\"og:title\" content=\"\u201cHUK RIJEKE JE U\u017dASAN\u201d: JEZIVE ISPOVIJESTI LJUDI KOJE GODINAMA MU\u010cE POPLAVE \u2013 FOTO - PrijedorDanas.com - Prijedorski gradski portal\" \/>\n<meta property=\"og:description\" content=\"Rijeka Puharska sino\u0107 oko 19 \u010dasova je za svega 10 minuta iza\u0161la iz svog korita, poplavila dvori\u0161te porodice Radomira Do\u0161ena i do\u0161la do ku\u0107e. \u2013 Na sre\u0107u nije u\u0161la u [&hellip;]\" \/>\n<meta property=\"og:url\" content=\"https:\/\/www.prijedordanas.com\/?p=127221\" \/>\n<meta property=\"og:site_name\" content=\"PrijedorDanas.com - Prijedorski gradski portal\" \/>\n<meta property=\"article:publisher\" content=\"https:\/\/www.facebook.com\/PrijedorDanasCom\/\" \/>\n<meta property=\"article:published_time\" content=\"2019-05-13T21:13:58+00:00\" \/>\n<meta property=\"og:image\" content=\"https:\/\/www.prijedordanas.com\/wp-content\/uploads\/2019\/05\/blic-puharska-poplava-1-300x225.jpg\" \/>\n<meta name=\"author\" content=\"admin\" \/>\n<meta name=\"twitter:card\" content=\"summary_large_image\" \/>\n<meta name=\"twitter:label1\" content=\"Written by\" \/>\n\t<meta name=\"twitter:data1\" content=\"admin\" \/>\n\t<meta name=\"twitter:label2\" content=\"Est. reading time\" \/>\n\t<meta name=\"twitter:data2\" content=\"3 minutes\" \/>\n<script type=\"application\/ld+json\" class=\"yoast-schema-graph\">{\"@context\":\"https:\/\/schema.org\",\"@graph\":[{\"@type\":\"Article\",\"@id\":\"https:\/\/www.prijedordanas.com\/?p=127221#article\",\"isPartOf\":{\"@id\":\"https:\/\/www.prijedordanas.com\/?p=127221\"},\"author\":{\"name\":\"admin\",\"@id\":\"https:\/\/www.prijedordanas.com\/#\/schema\/person\/4e08ccf29b506ca916ff86d46bb700e6\"},\"headline\":\"\u201cHUK RIJEKE JE U\u017dASAN\u201d: JEZIVE ISPOVIJESTI LJUDI KOJE GODINAMA MU\u010cE POPLAVE \u2013 FOTO\",\"datePublished\":\"2019-05-13T21:13:58+00:00\",\"dateModified\":\"2019-05-13T21:13:58+00:00\",\"mainEntityOfPage\":{\"@id\":\"https:\/\/www.prijedordanas.com\/?p=127221\"},\"wordCount\":519,\"publisher\":{\"@id\":\"https:\/\/www.prijedordanas.com\/#organization\"},\"keywords\":[\"poplave\"],\"articleSection\":[\"\u017divot\"],\"inLanguage\":\"en-US\"},{\"@type\":\"WebPage\",\"@id\":\"https:\/\/www.prijedordanas.com\/?p=127221\",\"url\":\"https:\/\/www.prijedordanas.com\/?p=127221\",\"name\":\"\u201cHUK RIJEKE JE U\u017dASAN\u201d: JEZIVE ISPOVIJESTI LJUDI KOJE GODINAMA MU\u010cE POPLAVE \u2013 FOTO - PrijedorDanas.com - Prijedorski gradski portal\",\"isPartOf\":{\"@id\":\"https:\/\/www.prijedordanas.com\/#website\"},\"datePublished\":\"2019-05-13T21:13:58+00:00\",\"dateModified\":\"2019-05-13T21:13:58+00:00\",\"breadcrumb\":{\"@id\":\"https:\/\/www.prijedordanas.com\/?p=127221#breadcrumb\"},\"inLanguage\":\"en-US\",\"potentialAction\":[{\"@type\":\"ReadAction\",\"target\":[\"https:\/\/www.prijedordanas.com\/?p=127221\"]}]},{\"@type\":\"BreadcrumbList\",\"@id\":\"https:\/\/www.prijedordanas.com\/?p=127221#breadcrumb\",\"itemListElement\":[{\"@type\":\"ListItem\",\"position\":1,\"name\":\"Home\",\"item\":\"https:\/\/www.prijedordanas.com\/\"},{\"@type\":\"ListItem\",\"position\":2,\"name\":\"\u201cHUK RIJEKE JE U\u017dASAN\u201d: JEZIVE ISPOVIJESTI LJUDI KOJE GODINAMA MU\u010cE POPLAVE \u2013 FOTO\"}]},{\"@type\":\"WebSite\",\"@id\":\"https:\/\/www.prijedordanas.com\/#website\",\"url\":\"https:\/\/www.prijedordanas.com\/\",\"name\":\"PrijedorDanas.com - Prijedorski gradski portal\",\"description\":\"Portal o doga\u0111anjima u gradu Prijedoru\",\"publisher\":{\"@id\":\"https:\/\/www.prijedordanas.com\/#organization\"},\"potentialAction\":[{\"@type\":\"SearchAction\",\"target\":{\"@type\":\"EntryPoint\",\"urlTemplate\":\"https:\/\/www.prijedordanas.com\/?s={search_term_string}\"},\"query-input\":\"required name=search_term_string\"}],\"inLanguage\":\"en-US\"},{\"@type\":\"Organization\",\"@id\":\"https:\/\/www.prijedordanas.com\/#organization\",\"name\":\"PrijedorDanas.com\",\"url\":\"https:\/\/www.prijedordanas.com\/\",\"logo\":{\"@type\":\"ImageObject\",\"inLanguage\":\"en-US\",\"@id\":\"https:\/\/www.prijedordanas.com\/#\/schema\/logo\/image\/\",\"url\":\"http:\/\/www.prijedordanas.com\/wp-content\/uploads\/2021\/12\/logopng.png\",\"contentUrl\":\"http:\/\/www.prijedordanas.com\/wp-content\/uploads\/2021\/12\/logopng.png\",\"width\":1019,\"height\":776,\"caption\":\"PrijedorDanas.com\"},\"image\":{\"@id\":\"https:\/\/www.prijedordanas.com\/#\/schema\/logo\/image\/\"},\"sameAs\":[\"https:\/\/www.facebook.com\/PrijedorDanasCom\/\"]},{\"@type\":\"Person\",\"@id\":\"https:\/\/www.prijedordanas.com\/#\/schema\/person\/4e08ccf29b506ca916ff86d46bb700e6\",\"name\":\"admin\",\"image\":{\"@type\":\"ImageObject\",\"inLanguage\":\"en-US\",\"@id\":\"https:\/\/www.prijedordanas.com\/#\/schema\/person\/image\/\",\"url\":\"https:\/\/secure.gravatar.com\/avatar\/1d3fc949d550f0b53a5f0d51e06dfd79?s=96&d=mm&r=g\",\"contentUrl\":\"https:\/\/secure.gravatar.com\/avatar\/1d3fc949d550f0b53a5f0d51e06dfd79?s=96&d=mm&r=g\",\"caption\":\"admin\"},\"url\":\"https:\/\/www.prijedordanas.com\/?author=1\"}]}<\/script>\n<!-- \/ Yoast SEO plugin. -->","yoast_head_json":{"title":"\u201cHUK RIJEKE JE U\u017dASAN\u201d: JEZIVE ISPOVIJESTI LJUDI KOJE GODINAMA MU\u010cE POPLAVE \u2013 FOTO - PrijedorDanas.com - Prijedorski gradski portal","robots":{"index":"index","follow":"follow","max-snippet":"max-snippet:-1","max-image-preview":"max-image-preview:large","max-video-preview":"max-video-preview:-1"},"canonical":"https:\/\/www.prijedordanas.com\/?p=127221","og_locale":"en_US","og_type":"article","og_title":"\u201cHUK RIJEKE JE U\u017dASAN\u201d: JEZIVE ISPOVIJESTI LJUDI KOJE GODINAMA MU\u010cE POPLAVE \u2013 FOTO - PrijedorDanas.com - Prijedorski gradski portal","og_description":"Rijeka Puharska sino\u0107 oko 19 \u010dasova je za svega 10 minuta iza\u0161la iz svog korita, poplavila dvori\u0161te porodice Radomira Do\u0161ena i do\u0161la do ku\u0107e. \u2013 Na sre\u0107u nije u\u0161la u [&hellip;]","og_url":"https:\/\/www.prijedordanas.com\/?p=127221","og_site_name":"PrijedorDanas.com - Prijedorski gradski portal","article_publisher":"https:\/\/www.facebook.com\/PrijedorDanasCom\/","article_published_time":"2019-05-13T21:13:58+00:00","og_image":[{"url":"https:\/\/www.prijedordanas.com\/wp-content\/uploads\/2019\/05\/blic-puharska-poplava-1-300x225.jpg"}],"author":"admin","twitter_card":"summary_large_image","twitter_misc":{"Written by":"admin","Est. reading time":"3 minutes"},"schema":{"@context":"https:\/\/schema.org","@graph":[{"@type":"Article","@id":"https:\/\/www.prijedordanas.com\/?p=127221#article","isPartOf":{"@id":"https:\/\/www.prijedordanas.com\/?p=127221"},"author":{"name":"admin","@id":"https:\/\/www.prijedordanas.com\/#\/schema\/person\/4e08ccf29b506ca916ff86d46bb700e6"},"headline":"\u201cHUK RIJEKE JE U\u017dASAN\u201d: JEZIVE ISPOVIJESTI LJUDI KOJE GODINAMA MU\u010cE POPLAVE \u2013 FOTO","datePublished":"2019-05-13T21:13:58+00:00","dateModified":"2019-05-13T21:13:58+00:00","mainEntityOfPage":{"@id":"https:\/\/www.prijedordanas.com\/?p=127221"},"wordCount":519,"publisher":{"@id":"https:\/\/www.prijedordanas.com\/#organization"},"keywords":["poplave"],"articleSection":["\u017divot"],"inLanguage":"en-US"},{"@type":"WebPage","@id":"https:\/\/www.prijedordanas.com\/?p=127221","url":"https:\/\/www.prijedordanas.com\/?p=127221","name":"\u201cHUK RIJEKE JE U\u017dASAN\u201d: JEZIVE ISPOVIJESTI LJUDI KOJE GODINAMA MU\u010cE POPLAVE \u2013 FOTO - PrijedorDanas.com - Prijedorski gradski portal","isPartOf":{"@id":"https:\/\/www.prijedordanas.com\/#website"},"datePublished":"2019-05-13T21:13:58+00:00","dateModified":"2019-05-13T21:13:58+00:00","breadcrumb":{"@id":"https:\/\/www.prijedordanas.com\/?p=127221#breadcrumb"},"inLanguage":"en-US","potentialAction":[{"@type":"ReadAction","target":["https:\/\/www.prijedordanas.com\/?p=127221"]}]},{"@type":"BreadcrumbList","@id":"https:\/\/www.prijedordanas.com\/?p=127221#breadcrumb","itemListElement":[{"@type":"ListItem","position":1,"name":"Home","item":"https:\/\/www.prijedordanas.com\/"},{"@type":"ListItem","position":2,"name":"\u201cHUK RIJEKE JE U\u017dASAN\u201d: JEZIVE ISPOVIJESTI LJUDI KOJE GODINAMA MU\u010cE POPLAVE \u2013 FOTO"}]},{"@type":"WebSite","@id":"https:\/\/www.prijedordanas.com\/#website","url":"https:\/\/www.prijedordanas.com\/","name":"PrijedorDanas.com - Prijedorski gradski portal","description":"Portal o doga\u0111anjima u gradu Prijedoru","publisher":{"@id":"https:\/\/www.prijedordanas.com\/#organization"},"potentialAction":[{"@type":"SearchAction","target":{"@type":"EntryPoint","urlTemplate":"https:\/\/www.prijedordanas.com\/?s={search_term_string}"},"query-input":"required name=search_term_string"}],"inLanguage":"en-US"},{"@type":"Organization","@id":"https:\/\/www.prijedordanas.com\/#organization","name":"PrijedorDanas.com","url":"https:\/\/www.prijedordanas.com\/","logo":{"@type":"ImageObject","inLanguage":"en-US","@id":"https:\/\/www.prijedordanas.com\/#\/schema\/logo\/image\/","url":"http:\/\/www.prijedordanas.com\/wp-content\/uploads\/2021\/12\/logopng.png","contentUrl":"http:\/\/www.prijedordanas.com\/wp-content\/uploads\/2021\/12\/logopng.png","width":1019,"height":776,"caption":"PrijedorDanas.com"},"image":{"@id":"https:\/\/www.prijedordanas.com\/#\/schema\/logo\/image\/"},"sameAs":["https:\/\/www.facebook.com\/PrijedorDanasCom\/"]},{"@type":"Person","@id":"https:\/\/www.prijedordanas.com\/#\/schema\/person\/4e08ccf29b506ca916ff86d46bb700e6","name":"admin","image":{"@type":"ImageObject","inLanguage":"en-US","@id":"https:\/\/www.prijedordanas.com\/#\/schema\/person\/image\/","url":"https:\/\/secure.gravatar.com\/avatar\/1d3fc949d550f0b53a5f0d51e06dfd79?s=96&d=mm&r=g","contentUrl":"https:\/\/secure.gravatar.com\/avatar\/1d3fc949d550f0b53a5f0d51e06dfd79?s=96&d=mm&r=g","caption":"admin"},"url":"https:\/\/www.prijedordanas.com\/?author=1"}]}},"_links":{"self":[{"href":"https:\/\/www.prijedordanas.com\/index.php?rest_route=\/wp\/v2\/posts\/127221"}],"collection":[{"href":"https:\/\/www.prijedordanas.com\/index.php?rest_route=\/wp\/v2\/posts"}],"about":[{"href":"https:\/\/www.prijedordanas.com\/index.php?rest_route=\/wp\/v2\/types\/post"}],"author":[{"embeddable":true,"href":"https:\/\/www.prijedordanas.com\/index.php?rest_route=\/wp\/v2\/users\/1"}],"replies":[{"embeddable":true,"href":"https:\/\/www.prijedordanas.com\/index.php?rest_route=%2Fwp%2Fv2%2Fcomments&post=127221"}],"version-history":[{"count":1,"href":"https:\/\/www.prijedordanas.com\/index.php?rest_route=\/wp\/v2\/posts\/127221\/revisions"}],"predecessor-version":[{"id":127228,"href":"https:\/\/www.prijedordanas.com\/index.php?rest_route=\/wp\/v2\/posts\/127221\/revisions\/127228"}],"wp:attachment":[{"href":"https:\/\/www.prijedordanas.com\/index.php?rest_route=%2Fwp%2Fv2%2Fmedia&parent=127221"}],"wp:term":[{"taxonomy":"category","embeddable":true,"href":"https:\/\/www.prijedordanas.com\/index.php?rest_route=%2Fwp%2Fv2%2Fcategories&post=127221"},{"taxonomy":"post_tag","embeddable":true,"href":"https:\/\/www.prijedordanas.com\/index.php?rest_route=%2Fwp%2Fv2%2Ftags&post=127221"}],"curies":[{"name":"wp","href":"https:\/\/api.w.org\/{rel}","templated":true}]}}