{"id":126937,"date":"2019-05-09T22:12:43","date_gmt":"2019-05-09T20:12:43","guid":{"rendered":"https:\/\/www.prijedordanas.com\/?p=126937"},"modified":"2019-05-09T22:15:02","modified_gmt":"2019-05-09T20:15:02","slug":"pijani-prijedorcanin-automobilom-udario-i-povrijedio-dvije-mlade-sugradanke-foto","status":"publish","type":"post","link":"https:\/\/www.prijedordanas.com\/?p=126937","title":{"rendered":"PIJANI PRIJEDOR\u010cANIN AUTOMOBILOM UDARIO I POVRIJEDIO DVIJE MLADE SUGRA\u0110ANKE &#8211; FOTO"},"content":{"rendered":"<p><a href=\"https:\/\/www.prijedordanas.com\/wp-content\/uploads\/2019\/05\/saobracajka-ulica-ive-andrica-3.jpg\"><img loading=\"lazy\" decoding=\"async\" class=\"alignleft size-medium wp-image-126890\" src=\"https:\/\/www.prijedordanas.com\/wp-content\/uploads\/2019\/05\/saobracajka-ulica-ive-andrica-3-300x222.jpg\" alt=\"\" width=\"300\" height=\"222\" srcset=\"https:\/\/www.prijedordanas.com\/wp-content\/uploads\/2019\/05\/saobracajka-ulica-ive-andrica-3-300x222.jpg 300w, https:\/\/www.prijedordanas.com\/wp-content\/uploads\/2019\/05\/saobracajka-ulica-ive-andrica-3-100x74.jpg 100w, https:\/\/www.prijedordanas.com\/wp-content\/uploads\/2019\/05\/saobracajka-ulica-ive-andrica-3.jpg 675w\" sizes=\"(max-width: 300px) 100vw, 300px\" \/><\/a>Na podru\u010dju koje pokriva Policijska uprava Prijedor proteklih dana dogodilo se nekoliko saobra\u0107ajki u kojima je bilo materijalne \u0161tete ali i povrije\u0111enih osoba.<\/p>\n<p>-Dana 8. maja oko 20:30 \u010dasova, u ulici Ive Andri\u0107a u Prijedoru dogodila se saobra\u0107ajna nezgoda. U njoj su u\u010destvovali putni\u010dki automobil &#8220;Vauxhall Astra&#8221; kojim je upravljalo lice G.S. (1980) iz Prijedora i dva pje\u0161aka, lice M.J. (2001) iz Prijedora i jedno maloljetno lice, tako\u0111e iz Prijedora. Tom prilikom lake tjelesne povrede zadobili su M.J. i maloljetno lice &#8211; potvr\u0111eno je iz PU Prijedor.<\/p>\n<p>Kako nezvani\u010dno saznajemo G.S. je upravljao &#8220;Astrom&#8221; pod uticajem alkohola.<\/p>\n<p>Uvi\u0111aj su obavili policijski slu\u017ebenici PS za bezbjednost saobra\u0107aja Prijedor.<\/p>\n<p>Tekst i foto \u2013 Aleksandar Drakuli\u0107 \u2013 <a href=\"https:\/\/www.prijedordanas.com\" target=\"_blank\" rel=\"noopener noreferrer\">www.prijedordanas.com<\/a><\/p>\n<p>Vezane vijesti:<\/p>\n<p><a href=\"https:\/\/www.prijedordanas.com\/?p=126886\" rel=\"noopener noreferrer\" target=\"_blank\">NOVA SAOBRA\u0106AJKA U PRIJEDORU: \u201cASTRA\u201d UDARILA DVIJE DJEVOJKE \u2013 FOTO<\/a><\/p>\n<p><a href=\"https:\/\/www.prijedordanas.com\/wp-content\/uploads\/2019\/05\/saobracajka-ulica-ive-andrica-5.jpg\"><img loading=\"lazy\" decoding=\"async\" class=\"alignleft size-medium wp-image-126892\" src=\"https:\/\/www.prijedordanas.com\/wp-content\/uploads\/2019\/05\/saobracajka-ulica-ive-andrica-5-300x199.jpg\" alt=\"\" width=\"300\" height=\"199\" srcset=\"https:\/\/www.prijedordanas.com\/wp-content\/uploads\/2019\/05\/saobracajka-ulica-ive-andrica-5-300x199.jpg 300w, https:\/\/www.prijedordanas.com\/wp-content\/uploads\/2019\/05\/saobracajka-ulica-ive-andrica-5-100x66.jpg 100w, https:\/\/www.prijedordanas.com\/wp-content\/uploads\/2019\/05\/saobracajka-ulica-ive-andrica-5-480x320.jpg 480w, https:\/\/www.prijedordanas.com\/wp-content\/uploads\/2019\/05\/saobracajka-ulica-ive-andrica-5.jpg 600w\" sizes=\"(max-width: 300px) 100vw, 300px\" \/><\/a> <a href=\"https:\/\/www.prijedordanas.com\/wp-content\/uploads\/2019\/05\/saobracajka-ulica-ive-andrica-6.jpg\"><img loading=\"lazy\" decoding=\"async\" class=\"alignleft size-medium wp-image-126893\" src=\"https:\/\/www.prijedordanas.com\/wp-content\/uploads\/2019\/05\/saobracajka-ulica-ive-andrica-6-300x199.jpg\" alt=\"\" width=\"300\" height=\"199\" srcset=\"https:\/\/www.prijedordanas.com\/wp-content\/uploads\/2019\/05\/saobracajka-ulica-ive-andrica-6-300x199.jpg 300w, https:\/\/www.prijedordanas.com\/wp-content\/uploads\/2019\/05\/saobracajka-ulica-ive-andrica-6-100x66.jpg 100w, https:\/\/www.prijedordanas.com\/wp-content\/uploads\/2019\/05\/saobracajka-ulica-ive-andrica-6-480x320.jpg 480w, https:\/\/www.prijedordanas.com\/wp-content\/uploads\/2019\/05\/saobracajka-ulica-ive-andrica-6.jpg 600w\" sizes=\"(max-width: 300px) 100vw, 300px\" \/><\/a> <a href=\"https:\/\/www.prijedordanas.com\/wp-content\/uploads\/2019\/05\/saobracajka-ulica-ive-andrica-2.jpg\"><img loading=\"lazy\" decoding=\"async\" class=\"alignleft size-medium wp-image-126889\" src=\"https:\/\/www.prijedordanas.com\/wp-content\/uploads\/2019\/05\/saobracajka-ulica-ive-andrica-2-300x222.jpg\" alt=\"\" width=\"300\" height=\"222\" srcset=\"https:\/\/www.prijedordanas.com\/wp-content\/uploads\/2019\/05\/saobracajka-ulica-ive-andrica-2-300x222.jpg 300w, https:\/\/www.prijedordanas.com\/wp-content\/uploads\/2019\/05\/saobracajka-ulica-ive-andrica-2-100x74.jpg 100w, https:\/\/www.prijedordanas.com\/wp-content\/uploads\/2019\/05\/saobracajka-ulica-ive-andrica-2.jpg 675w\" sizes=\"(max-width: 300px) 100vw, 300px\" \/><\/a> <a href=\"https:\/\/www.prijedordanas.com\/wp-content\/uploads\/2019\/05\/saobracajka-ulica-ive-andrica-1.jpg\"><img loading=\"lazy\" decoding=\"async\" class=\"alignleft size-medium wp-image-126888\" src=\"https:\/\/www.prijedordanas.com\/wp-content\/uploads\/2019\/05\/saobracajka-ulica-ive-andrica-1-300x222.jpg\" alt=\"\" width=\"300\" height=\"222\" srcset=\"https:\/\/www.prijedordanas.com\/wp-content\/uploads\/2019\/05\/saobracajka-ulica-ive-andrica-1-300x222.jpg 300w, https:\/\/www.prijedordanas.com\/wp-content\/uploads\/2019\/05\/saobracajka-ulica-ive-andrica-1-100x74.jpg 100w, https:\/\/www.prijedordanas.com\/wp-content\/uploads\/2019\/05\/saobracajka-ulica-ive-andrica-1.jpg 675w\" sizes=\"(max-width: 300px) 100vw, 300px\" \/><\/a><\/p>\n","protected":false},"excerpt":{"rendered":"<p>Na podru\u010dju koje pokriva Policijska uprava Prijedor proteklih dana dogodilo se nekoliko saobra\u0107ajki u kojima je bilo materijalne \u0161tete ali i povrije\u0111enih osoba. -Dana 8. maja oko 20:30 \u010dasova, u [&hellip;]<\/p>\n","protected":false},"author":1,"featured_media":0,"comment_status":"closed","ping_status":"open","sticky":false,"template":"","format":"standard","meta":{"_monsterinsights_skip_tracking":false,"_monsterinsights_sitenote_active":false,"_monsterinsights_sitenote_note":"","_monsterinsights_sitenote_category":0,"footnotes":""},"categories":[5],"tags":[228],"yoast_head":"<!-- This site is optimized with the Yoast SEO plugin v21.6 - https:\/\/yoast.com\/wordpress\/plugins\/seo\/ -->\n<title>PIJANI PRIJEDOR\u010cANIN AUTOMOBILOM UDARIO I POVRIJEDIO DVIJE MLADE SUGRA\u0110ANKE - FOTO - PrijedorDanas.com - Prijedorski gradski portal<\/title>\n<meta name=\"robots\" content=\"index, follow, max-snippet:-1, max-image-preview:large, max-video-preview:-1\" \/>\n<link rel=\"canonical\" href=\"https:\/\/www.prijedordanas.com\/?p=126937\" \/>\n<meta property=\"og:locale\" content=\"en_US\" \/>\n<meta property=\"og:type\" content=\"article\" \/>\n<meta property=\"og:title\" content=\"PIJANI PRIJEDOR\u010cANIN AUTOMOBILOM UDARIO I POVRIJEDIO DVIJE MLADE SUGRA\u0110ANKE - FOTO - PrijedorDanas.com - Prijedorski gradski portal\" \/>\n<meta property=\"og:description\" content=\"Na podru\u010dju koje pokriva Policijska uprava Prijedor proteklih dana dogodilo se nekoliko saobra\u0107ajki u kojima je bilo materijalne \u0161tete ali i povrije\u0111enih osoba. -Dana 8. maja oko 20:30 \u010dasova, u [&hellip;]\" \/>\n<meta property=\"og:url\" content=\"https:\/\/www.prijedordanas.com\/?p=126937\" \/>\n<meta property=\"og:site_name\" content=\"PrijedorDanas.com - Prijedorski gradski portal\" \/>\n<meta property=\"article:publisher\" content=\"https:\/\/www.facebook.com\/PrijedorDanasCom\/\" \/>\n<meta property=\"article:published_time\" content=\"2019-05-09T20:12:43+00:00\" \/>\n<meta property=\"article:modified_time\" content=\"2019-05-09T20:15:02+00:00\" \/>\n<meta property=\"og:image\" content=\"https:\/\/www.prijedordanas.com\/wp-content\/uploads\/2019\/05\/saobracajka-ulica-ive-andrica-3-300x222.jpg\" \/>\n<meta name=\"author\" content=\"admin\" \/>\n<meta name=\"twitter:card\" content=\"summary_large_image\" \/>\n<meta name=\"twitter:label1\" content=\"Written by\" \/>\n\t<meta name=\"twitter:data1\" content=\"admin\" \/>\n\t<meta name=\"twitter:label2\" content=\"Est. reading time\" \/>\n\t<meta name=\"twitter:data2\" content=\"1 minute\" \/>\n<script type=\"application\/ld+json\" class=\"yoast-schema-graph\">{\"@context\":\"https:\/\/schema.org\",\"@graph\":[{\"@type\":\"Article\",\"@id\":\"https:\/\/www.prijedordanas.com\/?p=126937#article\",\"isPartOf\":{\"@id\":\"https:\/\/www.prijedordanas.com\/?p=126937\"},\"author\":{\"name\":\"admin\",\"@id\":\"https:\/\/www.prijedordanas.com\/#\/schema\/person\/4e08ccf29b506ca916ff86d46bb700e6\"},\"headline\":\"PIJANI PRIJEDOR\u010cANIN AUTOMOBILOM UDARIO I POVRIJEDIO DVIJE MLADE SUGRA\u0110ANKE &#8211; FOTO\",\"datePublished\":\"2019-05-09T20:12:43+00:00\",\"dateModified\":\"2019-05-09T20:15:02+00:00\",\"mainEntityOfPage\":{\"@id\":\"https:\/\/www.prijedordanas.com\/?p=126937\"},\"wordCount\":154,\"publisher\":{\"@id\":\"https:\/\/www.prijedordanas.com\/#organization\"},\"keywords\":[\"saobra\u0107ajka\"],\"articleSection\":[\"Hronika\"],\"inLanguage\":\"en-US\"},{\"@type\":\"WebPage\",\"@id\":\"https:\/\/www.prijedordanas.com\/?p=126937\",\"url\":\"https:\/\/www.prijedordanas.com\/?p=126937\",\"name\":\"PIJANI PRIJEDOR\u010cANIN AUTOMOBILOM UDARIO I POVRIJEDIO DVIJE MLADE SUGRA\u0110ANKE - FOTO - PrijedorDanas.com - Prijedorski gradski portal\",\"isPartOf\":{\"@id\":\"https:\/\/www.prijedordanas.com\/#website\"},\"datePublished\":\"2019-05-09T20:12:43+00:00\",\"dateModified\":\"2019-05-09T20:15:02+00:00\",\"breadcrumb\":{\"@id\":\"https:\/\/www.prijedordanas.com\/?p=126937#breadcrumb\"},\"inLanguage\":\"en-US\",\"potentialAction\":[{\"@type\":\"ReadAction\",\"target\":[\"https:\/\/www.prijedordanas.com\/?p=126937\"]}]},{\"@type\":\"BreadcrumbList\",\"@id\":\"https:\/\/www.prijedordanas.com\/?p=126937#breadcrumb\",\"itemListElement\":[{\"@type\":\"ListItem\",\"position\":1,\"name\":\"Home\",\"item\":\"https:\/\/www.prijedordanas.com\/\"},{\"@type\":\"ListItem\",\"position\":2,\"name\":\"PIJANI PRIJEDOR\u010cANIN AUTOMOBILOM UDARIO I POVRIJEDIO DVIJE MLADE SUGRA\u0110ANKE &#8211; FOTO\"}]},{\"@type\":\"WebSite\",\"@id\":\"https:\/\/www.prijedordanas.com\/#website\",\"url\":\"https:\/\/www.prijedordanas.com\/\",\"name\":\"PrijedorDanas.com - Prijedorski gradski portal\",\"description\":\"Portal o doga\u0111anjima u gradu Prijedoru\",\"publisher\":{\"@id\":\"https:\/\/www.prijedordanas.com\/#organization\"},\"potentialAction\":[{\"@type\":\"SearchAction\",\"target\":{\"@type\":\"EntryPoint\",\"urlTemplate\":\"https:\/\/www.prijedordanas.com\/?s={search_term_string}\"},\"query-input\":\"required name=search_term_string\"}],\"inLanguage\":\"en-US\"},{\"@type\":\"Organization\",\"@id\":\"https:\/\/www.prijedordanas.com\/#organization\",\"name\":\"PrijedorDanas.com\",\"url\":\"https:\/\/www.prijedordanas.com\/\",\"logo\":{\"@type\":\"ImageObject\",\"inLanguage\":\"en-US\",\"@id\":\"https:\/\/www.prijedordanas.com\/#\/schema\/logo\/image\/\",\"url\":\"http:\/\/www.prijedordanas.com\/wp-content\/uploads\/2021\/12\/logopng.png\",\"contentUrl\":\"http:\/\/www.prijedordanas.com\/wp-content\/uploads\/2021\/12\/logopng.png\",\"width\":1019,\"height\":776,\"caption\":\"PrijedorDanas.com\"},\"image\":{\"@id\":\"https:\/\/www.prijedordanas.com\/#\/schema\/logo\/image\/\"},\"sameAs\":[\"https:\/\/www.facebook.com\/PrijedorDanasCom\/\"]},{\"@type\":\"Person\",\"@id\":\"https:\/\/www.prijedordanas.com\/#\/schema\/person\/4e08ccf29b506ca916ff86d46bb700e6\",\"name\":\"admin\",\"image\":{\"@type\":\"ImageObject\",\"inLanguage\":\"en-US\",\"@id\":\"https:\/\/www.prijedordanas.com\/#\/schema\/person\/image\/\",\"url\":\"https:\/\/secure.gravatar.com\/avatar\/1d3fc949d550f0b53a5f0d51e06dfd79?s=96&d=mm&r=g\",\"contentUrl\":\"https:\/\/secure.gravatar.com\/avatar\/1d3fc949d550f0b53a5f0d51e06dfd79?s=96&d=mm&r=g\",\"caption\":\"admin\"},\"url\":\"https:\/\/www.prijedordanas.com\/?author=1\"}]}<\/script>\n<!-- \/ Yoast SEO plugin. -->","yoast_head_json":{"title":"PIJANI PRIJEDOR\u010cANIN AUTOMOBILOM UDARIO I POVRIJEDIO DVIJE MLADE SUGRA\u0110ANKE - FOTO - PrijedorDanas.com - Prijedorski gradski portal","robots":{"index":"index","follow":"follow","max-snippet":"max-snippet:-1","max-image-preview":"max-image-preview:large","max-video-preview":"max-video-preview:-1"},"canonical":"https:\/\/www.prijedordanas.com\/?p=126937","og_locale":"en_US","og_type":"article","og_title":"PIJANI PRIJEDOR\u010cANIN AUTOMOBILOM UDARIO I POVRIJEDIO DVIJE MLADE SUGRA\u0110ANKE - FOTO - PrijedorDanas.com - Prijedorski gradski portal","og_description":"Na podru\u010dju koje pokriva Policijska uprava Prijedor proteklih dana dogodilo se nekoliko saobra\u0107ajki u kojima je bilo materijalne \u0161tete ali i povrije\u0111enih osoba. -Dana 8. maja oko 20:30 \u010dasova, u [&hellip;]","og_url":"https:\/\/www.prijedordanas.com\/?p=126937","og_site_name":"PrijedorDanas.com - Prijedorski gradski portal","article_publisher":"https:\/\/www.facebook.com\/PrijedorDanasCom\/","article_published_time":"2019-05-09T20:12:43+00:00","article_modified_time":"2019-05-09T20:15:02+00:00","og_image":[{"url":"https:\/\/www.prijedordanas.com\/wp-content\/uploads\/2019\/05\/saobracajka-ulica-ive-andrica-3-300x222.jpg"}],"author":"admin","twitter_card":"summary_large_image","twitter_misc":{"Written by":"admin","Est. reading time":"1 minute"},"schema":{"@context":"https:\/\/schema.org","@graph":[{"@type":"Article","@id":"https:\/\/www.prijedordanas.com\/?p=126937#article","isPartOf":{"@id":"https:\/\/www.prijedordanas.com\/?p=126937"},"author":{"name":"admin","@id":"https:\/\/www.prijedordanas.com\/#\/schema\/person\/4e08ccf29b506ca916ff86d46bb700e6"},"headline":"PIJANI PRIJEDOR\u010cANIN AUTOMOBILOM UDARIO I POVRIJEDIO DVIJE MLADE SUGRA\u0110ANKE &#8211; FOTO","datePublished":"2019-05-09T20:12:43+00:00","dateModified":"2019-05-09T20:15:02+00:00","mainEntityOfPage":{"@id":"https:\/\/www.prijedordanas.com\/?p=126937"},"wordCount":154,"publisher":{"@id":"https:\/\/www.prijedordanas.com\/#organization"},"keywords":["saobra\u0107ajka"],"articleSection":["Hronika"],"inLanguage":"en-US"},{"@type":"WebPage","@id":"https:\/\/www.prijedordanas.com\/?p=126937","url":"https:\/\/www.prijedordanas.com\/?p=126937","name":"PIJANI PRIJEDOR\u010cANIN AUTOMOBILOM UDARIO I POVRIJEDIO DVIJE MLADE SUGRA\u0110ANKE - FOTO - PrijedorDanas.com - Prijedorski gradski portal","isPartOf":{"@id":"https:\/\/www.prijedordanas.com\/#website"},"datePublished":"2019-05-09T20:12:43+00:00","dateModified":"2019-05-09T20:15:02+00:00","breadcrumb":{"@id":"https:\/\/www.prijedordanas.com\/?p=126937#breadcrumb"},"inLanguage":"en-US","potentialAction":[{"@type":"ReadAction","target":["https:\/\/www.prijedordanas.com\/?p=126937"]}]},{"@type":"BreadcrumbList","@id":"https:\/\/www.prijedordanas.com\/?p=126937#breadcrumb","itemListElement":[{"@type":"ListItem","position":1,"name":"Home","item":"https:\/\/www.prijedordanas.com\/"},{"@type":"ListItem","position":2,"name":"PIJANI PRIJEDOR\u010cANIN AUTOMOBILOM UDARIO I POVRIJEDIO DVIJE MLADE SUGRA\u0110ANKE &#8211; FOTO"}]},{"@type":"WebSite","@id":"https:\/\/www.prijedordanas.com\/#website","url":"https:\/\/www.prijedordanas.com\/","name":"PrijedorDanas.com - Prijedorski gradski portal","description":"Portal o doga\u0111anjima u gradu Prijedoru","publisher":{"@id":"https:\/\/www.prijedordanas.com\/#organization"},"potentialAction":[{"@type":"SearchAction","target":{"@type":"EntryPoint","urlTemplate":"https:\/\/www.prijedordanas.com\/?s={search_term_string}"},"query-input":"required name=search_term_string"}],"inLanguage":"en-US"},{"@type":"Organization","@id":"https:\/\/www.prijedordanas.com\/#organization","name":"PrijedorDanas.com","url":"https:\/\/www.prijedordanas.com\/","logo":{"@type":"ImageObject","inLanguage":"en-US","@id":"https:\/\/www.prijedordanas.com\/#\/schema\/logo\/image\/","url":"http:\/\/www.prijedordanas.com\/wp-content\/uploads\/2021\/12\/logopng.png","contentUrl":"http:\/\/www.prijedordanas.com\/wp-content\/uploads\/2021\/12\/logopng.png","width":1019,"height":776,"caption":"PrijedorDanas.com"},"image":{"@id":"https:\/\/www.prijedordanas.com\/#\/schema\/logo\/image\/"},"sameAs":["https:\/\/www.facebook.com\/PrijedorDanasCom\/"]},{"@type":"Person","@id":"https:\/\/www.prijedordanas.com\/#\/schema\/person\/4e08ccf29b506ca916ff86d46bb700e6","name":"admin","image":{"@type":"ImageObject","inLanguage":"en-US","@id":"https:\/\/www.prijedordanas.com\/#\/schema\/person\/image\/","url":"https:\/\/secure.gravatar.com\/avatar\/1d3fc949d550f0b53a5f0d51e06dfd79?s=96&d=mm&r=g","contentUrl":"https:\/\/secure.gravatar.com\/avatar\/1d3fc949d550f0b53a5f0d51e06dfd79?s=96&d=mm&r=g","caption":"admin"},"url":"https:\/\/www.prijedordanas.com\/?author=1"}]}},"_links":{"self":[{"href":"https:\/\/www.prijedordanas.com\/index.php?rest_route=\/wp\/v2\/posts\/126937"}],"collection":[{"href":"https:\/\/www.prijedordanas.com\/index.php?rest_route=\/wp\/v2\/posts"}],"about":[{"href":"https:\/\/www.prijedordanas.com\/index.php?rest_route=\/wp\/v2\/types\/post"}],"author":[{"embeddable":true,"href":"https:\/\/www.prijedordanas.com\/index.php?rest_route=\/wp\/v2\/users\/1"}],"replies":[{"embeddable":true,"href":"https:\/\/www.prijedordanas.com\/index.php?rest_route=%2Fwp%2Fv2%2Fcomments&post=126937"}],"version-history":[{"count":3,"href":"https:\/\/www.prijedordanas.com\/index.php?rest_route=\/wp\/v2\/posts\/126937\/revisions"}],"predecessor-version":[{"id":126940,"href":"https:\/\/www.prijedordanas.com\/index.php?rest_route=\/wp\/v2\/posts\/126937\/revisions\/126940"}],"wp:attachment":[{"href":"https:\/\/www.prijedordanas.com\/index.php?rest_route=%2Fwp%2Fv2%2Fmedia&parent=126937"}],"wp:term":[{"taxonomy":"category","embeddable":true,"href":"https:\/\/www.prijedordanas.com\/index.php?rest_route=%2Fwp%2Fv2%2Fcategories&post=126937"},{"taxonomy":"post_tag","embeddable":true,"href":"https:\/\/www.prijedordanas.com\/index.php?rest_route=%2Fwp%2Fv2%2Ftags&post=126937"}],"curies":[{"name":"wp","href":"https:\/\/api.w.org\/{rel}","templated":true}]}}