{"id":126877,"date":"2019-05-08T09:42:13","date_gmt":"2019-05-08T07:42:13","guid":{"rendered":"https:\/\/www.prijedordanas.com\/?p=126877"},"modified":"2019-05-08T09:42:13","modified_gmt":"2019-05-08T07:42:13","slug":"prijedor-uskoro-pocinju-radovi-na-robnoj-kuci-patrija-foto","status":"publish","type":"post","link":"https:\/\/www.prijedordanas.com\/?p=126877","title":{"rendered":"PRIJEDOR: USKORO PO\u010cINJU RADOVI NA ROBNOJ KU\u0106I \u201cPATRIJA\u201d \u2013 FOTO"},"content":{"rendered":"<p><a href=\"https:\/\/www.prijedordanas.com\/wp-content\/uploads\/2019\/05\/patrija-ograda-radovi-1.jpg\"><img loading=\"lazy\" decoding=\"async\" class=\"alignleft size-medium wp-image-126878\" src=\"https:\/\/www.prijedordanas.com\/wp-content\/uploads\/2019\/05\/patrija-ograda-radovi-1-300x217.jpg\" alt=\"\" width=\"300\" height=\"217\" srcset=\"https:\/\/www.prijedordanas.com\/wp-content\/uploads\/2019\/05\/patrija-ograda-radovi-1-300x217.jpg 300w, https:\/\/www.prijedordanas.com\/wp-content\/uploads\/2019\/05\/patrija-ograda-radovi-1-100x72.jpg 100w, https:\/\/www.prijedordanas.com\/wp-content\/uploads\/2019\/05\/patrija-ograda-radovi-1.jpg 690w\" sizes=\"(max-width: 300px) 100vw, 300px\" \/><\/a>Kako nezvani\u010dno saznajemo, uskoro po\u010dinju radovi na rekonstrukciji nekada\u0161nje Robne ku\u0107e \u201cPatrija\u201d u centru Prijedora.<\/p>\n<p>Postavljene su za\u0161titne ograde, a prema informacijama sa kojima raspola\u017eemo, uskoro se o\u010dekuje i ru\u0161enje pojedinih objekata pored \u201cPatrije\u201d nakon \u010dega bi trebali i po\u010deti sami radovi.<\/p>\n<p>Podsje\u0107amo, po\u010detkom pro\u0161le godine stigla je informacija da je ovaj objekat kupilo preduze\u0107e \u201eMG Mind\u201d \u010diji je vlasnik Mladen Milanovi\u0107.<\/p>\n<p>On je tada potvrdio da je nekada\u0161nja robna ku\u0107a kupljena od austrijske kompanije \u201eHeta\u201d koja je prije nekoliko godina preuzela sva nenaplativa potra\u017eivanja Hipo banke, a u tom paketu je preuzela i \u201ePatriju\u201d koja je bila pod hipotekom ove banke.<\/p>\n<p><a href=\"https:\/\/www.prijedordanas.com\/wp-content\/uploads\/2019\/05\/patrija-ograda-radovi-2.jpg\"><img loading=\"lazy\" decoding=\"async\" class=\"alignleft size-medium wp-image-126879\" src=\"https:\/\/www.prijedordanas.com\/wp-content\/uploads\/2019\/05\/patrija-ograda-radovi-2-300x217.jpg\" alt=\"\" width=\"300\" height=\"217\" srcset=\"https:\/\/www.prijedordanas.com\/wp-content\/uploads\/2019\/05\/patrija-ograda-radovi-2-300x217.jpg 300w, https:\/\/www.prijedordanas.com\/wp-content\/uploads\/2019\/05\/patrija-ograda-radovi-2-100x72.jpg 100w, https:\/\/www.prijedordanas.com\/wp-content\/uploads\/2019\/05\/patrija-ograda-radovi-2.jpg 690w\" sizes=\"(max-width: 300px) 100vw, 300px\" \/><\/a>\u201cPatrija\u201d se nalazi u centru Prijedora, sve\u010dano je otvorena 1979.godine, a ve\u0107 godinama predstavlja svojevrsno ruglo iako je 80-ih godina pro\u0161log vijeka nakon izgradnje predstavljala ponos grada.<\/p>\n<p>U \u201czlatna vremena\u201d u ovoj robnoj ku\u0107i, koja je poslovala u okviru preduze\u0107a \u201cTrgoprodaja\u201d, radio je veliki broj radnika a u njoj se moglo na\u0107i gotovo sve \u201cod igle do lokomotive\u201d.<\/p>\n<p>Posljednjih desetak godina gradske vlasti poku\u0161ale su rije\u0161iti problem ovog objekta, ali su bile nemo\u0107ne s obzirom da su osnovni problem predstavljali nerije\u0161eni imovinski odnosi, odnosno, nije se uop\u0161te znalo ko je pravi vlasnik.<\/p>\n<p>Posljednjih godina \u201cPatrija\u201d uglavnom slu\u017ei za pravljenje \u201cselfija\u201d na njenom krovu, lijepljenje predizbornih plakata i postera, te kao \u201cstalak\u201d za veliki reklamni pano.<\/p>\n<p>Tekst I foto &#8211; Aleksandar Drakuli\u0107 \u2013 <a href=\"https:\/\/www.prijedordanas.com\" target=\"_blank\" rel=\"noopener noreferrer\">www.prijedordanas.com<\/a><\/p>\n<p><a href=\"https:\/\/www.prijedordanas.com\/wp-content\/uploads\/2019\/05\/patrija-ograda-radovi-3.jpg\"><img loading=\"lazy\" decoding=\"async\" src=\"https:\/\/www.prijedordanas.com\/wp-content\/uploads\/2019\/05\/patrija-ograda-radovi-3-300x199.jpg\" alt=\"\" width=\"300\" height=\"199\" class=\"alignleft size-medium wp-image-126880\" srcset=\"https:\/\/www.prijedordanas.com\/wp-content\/uploads\/2019\/05\/patrija-ograda-radovi-3-300x199.jpg 300w, https:\/\/www.prijedordanas.com\/wp-content\/uploads\/2019\/05\/patrija-ograda-radovi-3-100x66.jpg 100w, https:\/\/www.prijedordanas.com\/wp-content\/uploads\/2019\/05\/patrija-ograda-radovi-3-480x320.jpg 480w, https:\/\/www.prijedordanas.com\/wp-content\/uploads\/2019\/05\/patrija-ograda-radovi-3.jpg 600w\" sizes=\"(max-width: 300px) 100vw, 300px\" \/><\/a> <a href=\"https:\/\/www.prijedordanas.com\/wp-content\/uploads\/2019\/05\/patrija-ograda-radovi-4.jpg\"><img loading=\"lazy\" decoding=\"async\" src=\"https:\/\/www.prijedordanas.com\/wp-content\/uploads\/2019\/05\/patrija-ograda-radovi-4-300x199.jpg\" alt=\"\" width=\"300\" height=\"199\" class=\"alignleft size-medium wp-image-126881\" srcset=\"https:\/\/www.prijedordanas.com\/wp-content\/uploads\/2019\/05\/patrija-ograda-radovi-4-300x199.jpg 300w, https:\/\/www.prijedordanas.com\/wp-content\/uploads\/2019\/05\/patrija-ograda-radovi-4-100x66.jpg 100w, https:\/\/www.prijedordanas.com\/wp-content\/uploads\/2019\/05\/patrija-ograda-radovi-4-480x320.jpg 480w, https:\/\/www.prijedordanas.com\/wp-content\/uploads\/2019\/05\/patrija-ograda-radovi-4.jpg 600w\" sizes=\"(max-width: 300px) 100vw, 300px\" \/><\/a> <a href=\"https:\/\/www.prijedordanas.com\/wp-content\/uploads\/2019\/05\/patrija-ograda-radovi-5.jpg\"><img loading=\"lazy\" decoding=\"async\" src=\"https:\/\/www.prijedordanas.com\/wp-content\/uploads\/2019\/05\/patrija-ograda-radovi-5-300x199.jpg\" alt=\"\" width=\"300\" height=\"199\" class=\"alignleft size-medium wp-image-126882\" srcset=\"https:\/\/www.prijedordanas.com\/wp-content\/uploads\/2019\/05\/patrija-ograda-radovi-5-300x199.jpg 300w, https:\/\/www.prijedordanas.com\/wp-content\/uploads\/2019\/05\/patrija-ograda-radovi-5-100x66.jpg 100w, https:\/\/www.prijedordanas.com\/wp-content\/uploads\/2019\/05\/patrija-ograda-radovi-5-480x320.jpg 480w, https:\/\/www.prijedordanas.com\/wp-content\/uploads\/2019\/05\/patrija-ograda-radovi-5.jpg 600w\" sizes=\"(max-width: 300px) 100vw, 300px\" \/><\/a> <a href=\"https:\/\/www.prijedordanas.com\/wp-content\/uploads\/2019\/05\/patrija-ograda-radovi-6.jpg\"><img loading=\"lazy\" decoding=\"async\" src=\"https:\/\/www.prijedordanas.com\/wp-content\/uploads\/2019\/05\/patrija-ograda-radovi-6-300x199.jpg\" alt=\"\" width=\"300\" height=\"199\" class=\"alignleft size-medium wp-image-126883\" srcset=\"https:\/\/www.prijedordanas.com\/wp-content\/uploads\/2019\/05\/patrija-ograda-radovi-6-300x199.jpg 300w, https:\/\/www.prijedordanas.com\/wp-content\/uploads\/2019\/05\/patrija-ograda-radovi-6-100x66.jpg 100w, https:\/\/www.prijedordanas.com\/wp-content\/uploads\/2019\/05\/patrija-ograda-radovi-6-480x320.jpg 480w, https:\/\/www.prijedordanas.com\/wp-content\/uploads\/2019\/05\/patrija-ograda-radovi-6.jpg 600w\" sizes=\"(max-width: 300px) 100vw, 300px\" \/><\/a> <a href=\"https:\/\/www.prijedordanas.com\/wp-content\/uploads\/2019\/05\/patrija-ograda-radovi-7.jpg\"><img loading=\"lazy\" decoding=\"async\" src=\"https:\/\/www.prijedordanas.com\/wp-content\/uploads\/2019\/05\/patrija-ograda-radovi-7-300x199.jpg\" alt=\"\" width=\"300\" height=\"199\" class=\"alignleft size-medium wp-image-126884\" srcset=\"https:\/\/www.prijedordanas.com\/wp-content\/uploads\/2019\/05\/patrija-ograda-radovi-7-300x199.jpg 300w, https:\/\/www.prijedordanas.com\/wp-content\/uploads\/2019\/05\/patrija-ograda-radovi-7-100x66.jpg 100w, https:\/\/www.prijedordanas.com\/wp-content\/uploads\/2019\/05\/patrija-ograda-radovi-7-480x320.jpg 480w, https:\/\/www.prijedordanas.com\/wp-content\/uploads\/2019\/05\/patrija-ograda-radovi-7.jpg 600w\" sizes=\"(max-width: 300px) 100vw, 300px\" \/><\/a><\/p>\n","protected":false},"excerpt":{"rendered":"<p>Kako nezvani\u010dno saznajemo, uskoro po\u010dinju radovi na rekonstrukciji nekada\u0161nje Robne ku\u0107e \u201cPatrija\u201d u centru Prijedora. Postavljene su za\u0161titne ograde, a prema informacijama sa kojima raspola\u017eemo, uskoro se o\u010dekuje i ru\u0161enje [&hellip;]<\/p>\n","protected":false},"author":1,"featured_media":0,"comment_status":"closed","ping_status":"open","sticky":false,"template":"","format":"standard","meta":{"_monsterinsights_skip_tracking":false,"_monsterinsights_sitenote_active":false,"_monsterinsights_sitenote_note":"","_monsterinsights_sitenote_category":0,"footnotes":""},"categories":[4],"tags":[773,10346],"yoast_head":"<!-- This site is optimized with the Yoast SEO plugin v21.6 - https:\/\/yoast.com\/wordpress\/plugins\/seo\/ -->\n<title>PRIJEDOR: USKORO PO\u010cINJU RADOVI NA ROBNOJ KU\u0106I \u201cPATRIJA\u201d \u2013 FOTO - PrijedorDanas.com - Prijedorski gradski portal<\/title>\n<meta name=\"robots\" content=\"index, follow, max-snippet:-1, max-image-preview:large, max-video-preview:-1\" \/>\n<link rel=\"canonical\" href=\"https:\/\/www.prijedordanas.com\/?p=126877\" \/>\n<meta property=\"og:locale\" content=\"en_US\" \/>\n<meta property=\"og:type\" content=\"article\" \/>\n<meta property=\"og:title\" content=\"PRIJEDOR: USKORO PO\u010cINJU RADOVI NA ROBNOJ KU\u0106I \u201cPATRIJA\u201d \u2013 FOTO - PrijedorDanas.com - Prijedorski gradski portal\" \/>\n<meta property=\"og:description\" content=\"Kako nezvani\u010dno saznajemo, uskoro po\u010dinju radovi na rekonstrukciji nekada\u0161nje Robne ku\u0107e \u201cPatrija\u201d u centru Prijedora. Postavljene su za\u0161titne ograde, a prema informacijama sa kojima raspola\u017eemo, uskoro se o\u010dekuje i ru\u0161enje [&hellip;]\" \/>\n<meta property=\"og:url\" content=\"https:\/\/www.prijedordanas.com\/?p=126877\" \/>\n<meta property=\"og:site_name\" content=\"PrijedorDanas.com - Prijedorski gradski portal\" \/>\n<meta property=\"article:publisher\" content=\"https:\/\/www.facebook.com\/PrijedorDanasCom\/\" \/>\n<meta property=\"article:published_time\" content=\"2019-05-08T07:42:13+00:00\" \/>\n<meta property=\"og:image\" content=\"https:\/\/www.prijedordanas.com\/wp-content\/uploads\/2019\/05\/patrija-ograda-radovi-1-300x217.jpg\" \/>\n<meta name=\"author\" content=\"admin\" \/>\n<meta name=\"twitter:card\" content=\"summary_large_image\" \/>\n<meta name=\"twitter:label1\" content=\"Written by\" \/>\n\t<meta name=\"twitter:data1\" content=\"admin\" \/>\n\t<meta name=\"twitter:label2\" content=\"Est. reading time\" \/>\n\t<meta name=\"twitter:data2\" content=\"1 minute\" \/>\n<script type=\"application\/ld+json\" class=\"yoast-schema-graph\">{\"@context\":\"https:\/\/schema.org\",\"@graph\":[{\"@type\":\"Article\",\"@id\":\"https:\/\/www.prijedordanas.com\/?p=126877#article\",\"isPartOf\":{\"@id\":\"https:\/\/www.prijedordanas.com\/?p=126877\"},\"author\":{\"name\":\"admin\",\"@id\":\"https:\/\/www.prijedordanas.com\/#\/schema\/person\/4e08ccf29b506ca916ff86d46bb700e6\"},\"headline\":\"PRIJEDOR: USKORO PO\u010cINJU RADOVI NA ROBNOJ KU\u0106I \u201cPATRIJA\u201d \u2013 FOTO\",\"datePublished\":\"2019-05-08T07:42:13+00:00\",\"dateModified\":\"2019-05-08T07:42:13+00:00\",\"mainEntityOfPage\":{\"@id\":\"https:\/\/www.prijedordanas.com\/?p=126877\"},\"wordCount\":264,\"publisher\":{\"@id\":\"https:\/\/www.prijedordanas.com\/#organization\"},\"keywords\":[\"radovi\",\"Robna ku\u0107a \\\"Patrija\\\"\"],\"articleSection\":[\"Dru\u0161tvo\"],\"inLanguage\":\"en-US\"},{\"@type\":\"WebPage\",\"@id\":\"https:\/\/www.prijedordanas.com\/?p=126877\",\"url\":\"https:\/\/www.prijedordanas.com\/?p=126877\",\"name\":\"PRIJEDOR: USKORO PO\u010cINJU RADOVI NA ROBNOJ KU\u0106I \u201cPATRIJA\u201d \u2013 FOTO - PrijedorDanas.com - Prijedorski gradski portal\",\"isPartOf\":{\"@id\":\"https:\/\/www.prijedordanas.com\/#website\"},\"datePublished\":\"2019-05-08T07:42:13+00:00\",\"dateModified\":\"2019-05-08T07:42:13+00:00\",\"breadcrumb\":{\"@id\":\"https:\/\/www.prijedordanas.com\/?p=126877#breadcrumb\"},\"inLanguage\":\"en-US\",\"potentialAction\":[{\"@type\":\"ReadAction\",\"target\":[\"https:\/\/www.prijedordanas.com\/?p=126877\"]}]},{\"@type\":\"BreadcrumbList\",\"@id\":\"https:\/\/www.prijedordanas.com\/?p=126877#breadcrumb\",\"itemListElement\":[{\"@type\":\"ListItem\",\"position\":1,\"name\":\"Home\",\"item\":\"https:\/\/www.prijedordanas.com\/\"},{\"@type\":\"ListItem\",\"position\":2,\"name\":\"PRIJEDOR: USKORO PO\u010cINJU RADOVI NA ROBNOJ KU\u0106I \u201cPATRIJA\u201d \u2013 FOTO\"}]},{\"@type\":\"WebSite\",\"@id\":\"https:\/\/www.prijedordanas.com\/#website\",\"url\":\"https:\/\/www.prijedordanas.com\/\",\"name\":\"PrijedorDanas.com - Prijedorski gradski portal\",\"description\":\"Portal o doga\u0111anjima u gradu Prijedoru\",\"publisher\":{\"@id\":\"https:\/\/www.prijedordanas.com\/#organization\"},\"potentialAction\":[{\"@type\":\"SearchAction\",\"target\":{\"@type\":\"EntryPoint\",\"urlTemplate\":\"https:\/\/www.prijedordanas.com\/?s={search_term_string}\"},\"query-input\":\"required name=search_term_string\"}],\"inLanguage\":\"en-US\"},{\"@type\":\"Organization\",\"@id\":\"https:\/\/www.prijedordanas.com\/#organization\",\"name\":\"PrijedorDanas.com\",\"url\":\"https:\/\/www.prijedordanas.com\/\",\"logo\":{\"@type\":\"ImageObject\",\"inLanguage\":\"en-US\",\"@id\":\"https:\/\/www.prijedordanas.com\/#\/schema\/logo\/image\/\",\"url\":\"http:\/\/www.prijedordanas.com\/wp-content\/uploads\/2021\/12\/logopng.png\",\"contentUrl\":\"http:\/\/www.prijedordanas.com\/wp-content\/uploads\/2021\/12\/logopng.png\",\"width\":1019,\"height\":776,\"caption\":\"PrijedorDanas.com\"},\"image\":{\"@id\":\"https:\/\/www.prijedordanas.com\/#\/schema\/logo\/image\/\"},\"sameAs\":[\"https:\/\/www.facebook.com\/PrijedorDanasCom\/\"]},{\"@type\":\"Person\",\"@id\":\"https:\/\/www.prijedordanas.com\/#\/schema\/person\/4e08ccf29b506ca916ff86d46bb700e6\",\"name\":\"admin\",\"image\":{\"@type\":\"ImageObject\",\"inLanguage\":\"en-US\",\"@id\":\"https:\/\/www.prijedordanas.com\/#\/schema\/person\/image\/\",\"url\":\"https:\/\/secure.gravatar.com\/avatar\/1d3fc949d550f0b53a5f0d51e06dfd79?s=96&d=mm&r=g\",\"contentUrl\":\"https:\/\/secure.gravatar.com\/avatar\/1d3fc949d550f0b53a5f0d51e06dfd79?s=96&d=mm&r=g\",\"caption\":\"admin\"},\"url\":\"https:\/\/www.prijedordanas.com\/?author=1\"}]}<\/script>\n<!-- \/ Yoast SEO plugin. -->","yoast_head_json":{"title":"PRIJEDOR: USKORO PO\u010cINJU RADOVI NA ROBNOJ KU\u0106I \u201cPATRIJA\u201d \u2013 FOTO - PrijedorDanas.com - Prijedorski gradski portal","robots":{"index":"index","follow":"follow","max-snippet":"max-snippet:-1","max-image-preview":"max-image-preview:large","max-video-preview":"max-video-preview:-1"},"canonical":"https:\/\/www.prijedordanas.com\/?p=126877","og_locale":"en_US","og_type":"article","og_title":"PRIJEDOR: USKORO PO\u010cINJU RADOVI NA ROBNOJ KU\u0106I \u201cPATRIJA\u201d \u2013 FOTO - PrijedorDanas.com - Prijedorski gradski portal","og_description":"Kako nezvani\u010dno saznajemo, uskoro po\u010dinju radovi na rekonstrukciji nekada\u0161nje Robne ku\u0107e \u201cPatrija\u201d u centru Prijedora. Postavljene su za\u0161titne ograde, a prema informacijama sa kojima raspola\u017eemo, uskoro se o\u010dekuje i ru\u0161enje [&hellip;]","og_url":"https:\/\/www.prijedordanas.com\/?p=126877","og_site_name":"PrijedorDanas.com - Prijedorski gradski portal","article_publisher":"https:\/\/www.facebook.com\/PrijedorDanasCom\/","article_published_time":"2019-05-08T07:42:13+00:00","og_image":[{"url":"https:\/\/www.prijedordanas.com\/wp-content\/uploads\/2019\/05\/patrija-ograda-radovi-1-300x217.jpg"}],"author":"admin","twitter_card":"summary_large_image","twitter_misc":{"Written by":"admin","Est. reading time":"1 minute"},"schema":{"@context":"https:\/\/schema.org","@graph":[{"@type":"Article","@id":"https:\/\/www.prijedordanas.com\/?p=126877#article","isPartOf":{"@id":"https:\/\/www.prijedordanas.com\/?p=126877"},"author":{"name":"admin","@id":"https:\/\/www.prijedordanas.com\/#\/schema\/person\/4e08ccf29b506ca916ff86d46bb700e6"},"headline":"PRIJEDOR: USKORO PO\u010cINJU RADOVI NA ROBNOJ KU\u0106I \u201cPATRIJA\u201d \u2013 FOTO","datePublished":"2019-05-08T07:42:13+00:00","dateModified":"2019-05-08T07:42:13+00:00","mainEntityOfPage":{"@id":"https:\/\/www.prijedordanas.com\/?p=126877"},"wordCount":264,"publisher":{"@id":"https:\/\/www.prijedordanas.com\/#organization"},"keywords":["radovi","Robna ku\u0107a \"Patrija\""],"articleSection":["Dru\u0161tvo"],"inLanguage":"en-US"},{"@type":"WebPage","@id":"https:\/\/www.prijedordanas.com\/?p=126877","url":"https:\/\/www.prijedordanas.com\/?p=126877","name":"PRIJEDOR: USKORO PO\u010cINJU RADOVI NA ROBNOJ KU\u0106I \u201cPATRIJA\u201d \u2013 FOTO - PrijedorDanas.com - Prijedorski gradski portal","isPartOf":{"@id":"https:\/\/www.prijedordanas.com\/#website"},"datePublished":"2019-05-08T07:42:13+00:00","dateModified":"2019-05-08T07:42:13+00:00","breadcrumb":{"@id":"https:\/\/www.prijedordanas.com\/?p=126877#breadcrumb"},"inLanguage":"en-US","potentialAction":[{"@type":"ReadAction","target":["https:\/\/www.prijedordanas.com\/?p=126877"]}]},{"@type":"BreadcrumbList","@id":"https:\/\/www.prijedordanas.com\/?p=126877#breadcrumb","itemListElement":[{"@type":"ListItem","position":1,"name":"Home","item":"https:\/\/www.prijedordanas.com\/"},{"@type":"ListItem","position":2,"name":"PRIJEDOR: USKORO PO\u010cINJU RADOVI NA ROBNOJ KU\u0106I \u201cPATRIJA\u201d \u2013 FOTO"}]},{"@type":"WebSite","@id":"https:\/\/www.prijedordanas.com\/#website","url":"https:\/\/www.prijedordanas.com\/","name":"PrijedorDanas.com - Prijedorski gradski portal","description":"Portal o doga\u0111anjima u gradu Prijedoru","publisher":{"@id":"https:\/\/www.prijedordanas.com\/#organization"},"potentialAction":[{"@type":"SearchAction","target":{"@type":"EntryPoint","urlTemplate":"https:\/\/www.prijedordanas.com\/?s={search_term_string}"},"query-input":"required name=search_term_string"}],"inLanguage":"en-US"},{"@type":"Organization","@id":"https:\/\/www.prijedordanas.com\/#organization","name":"PrijedorDanas.com","url":"https:\/\/www.prijedordanas.com\/","logo":{"@type":"ImageObject","inLanguage":"en-US","@id":"https:\/\/www.prijedordanas.com\/#\/schema\/logo\/image\/","url":"http:\/\/www.prijedordanas.com\/wp-content\/uploads\/2021\/12\/logopng.png","contentUrl":"http:\/\/www.prijedordanas.com\/wp-content\/uploads\/2021\/12\/logopng.png","width":1019,"height":776,"caption":"PrijedorDanas.com"},"image":{"@id":"https:\/\/www.prijedordanas.com\/#\/schema\/logo\/image\/"},"sameAs":["https:\/\/www.facebook.com\/PrijedorDanasCom\/"]},{"@type":"Person","@id":"https:\/\/www.prijedordanas.com\/#\/schema\/person\/4e08ccf29b506ca916ff86d46bb700e6","name":"admin","image":{"@type":"ImageObject","inLanguage":"en-US","@id":"https:\/\/www.prijedordanas.com\/#\/schema\/person\/image\/","url":"https:\/\/secure.gravatar.com\/avatar\/1d3fc949d550f0b53a5f0d51e06dfd79?s=96&d=mm&r=g","contentUrl":"https:\/\/secure.gravatar.com\/avatar\/1d3fc949d550f0b53a5f0d51e06dfd79?s=96&d=mm&r=g","caption":"admin"},"url":"https:\/\/www.prijedordanas.com\/?author=1"}]}},"_links":{"self":[{"href":"https:\/\/www.prijedordanas.com\/index.php?rest_route=\/wp\/v2\/posts\/126877"}],"collection":[{"href":"https:\/\/www.prijedordanas.com\/index.php?rest_route=\/wp\/v2\/posts"}],"about":[{"href":"https:\/\/www.prijedordanas.com\/index.php?rest_route=\/wp\/v2\/types\/post"}],"author":[{"embeddable":true,"href":"https:\/\/www.prijedordanas.com\/index.php?rest_route=\/wp\/v2\/users\/1"}],"replies":[{"embeddable":true,"href":"https:\/\/www.prijedordanas.com\/index.php?rest_route=%2Fwp%2Fv2%2Fcomments&post=126877"}],"version-history":[{"count":1,"href":"https:\/\/www.prijedordanas.com\/index.php?rest_route=\/wp\/v2\/posts\/126877\/revisions"}],"predecessor-version":[{"id":126885,"href":"https:\/\/www.prijedordanas.com\/index.php?rest_route=\/wp\/v2\/posts\/126877\/revisions\/126885"}],"wp:attachment":[{"href":"https:\/\/www.prijedordanas.com\/index.php?rest_route=%2Fwp%2Fv2%2Fmedia&parent=126877"}],"wp:term":[{"taxonomy":"category","embeddable":true,"href":"https:\/\/www.prijedordanas.com\/index.php?rest_route=%2Fwp%2Fv2%2Fcategories&post=126877"},{"taxonomy":"post_tag","embeddable":true,"href":"https:\/\/www.prijedordanas.com\/index.php?rest_route=%2Fwp%2Fv2%2Ftags&post=126877"}],"curies":[{"name":"wp","href":"https:\/\/api.w.org\/{rel}","templated":true}]}}