{"id":126815,"date":"2019-05-07T17:50:56","date_gmt":"2019-05-07T15:50:56","guid":{"rendered":"https:\/\/www.prijedordanas.com\/?p=126815"},"modified":"2019-05-07T17:50:56","modified_gmt":"2019-05-07T15:50:56","slug":"hladnoca-i-snijeg-unistili-vocke","status":"publish","type":"post","link":"https:\/\/www.prijedordanas.com\/?p=126815","title":{"rendered":"HLADNO\u0106A I SNIJEG UNI\u0160TILI VO\u0106KE"},"content":{"rendered":"<p><a href=\"https:\/\/www.prijedordanas.com\/wp-content\/uploads\/2019\/05\/nezavisne-voce-snijeg.jpg\"><img loading=\"lazy\" decoding=\"async\" src=\"https:\/\/www.prijedordanas.com\/wp-content\/uploads\/2019\/05\/nezavisne-voce-snijeg-300x222.jpg\" alt=\"\" width=\"300\" height=\"222\" class=\"alignleft size-medium wp-image-126816\" srcset=\"https:\/\/www.prijedordanas.com\/wp-content\/uploads\/2019\/05\/nezavisne-voce-snijeg-300x222.jpg 300w, https:\/\/www.prijedordanas.com\/wp-content\/uploads\/2019\/05\/nezavisne-voce-snijeg-100x74.jpg 100w, https:\/\/www.prijedordanas.com\/wp-content\/uploads\/2019\/05\/nezavisne-voce-snijeg.jpg 675w\" sizes=\"(max-width: 300px) 100vw, 300px\" \/><\/a>Niske temperature koje su proteklih nekoliko dana zahvatile BiH, a negdje je pao i snijeg, ve\u0107 su pobrale ve\u0107i dio plodova vo\u0107a, a vo\u0107ari u narednim danima o\u010dekuju da bi jo\u0161 ve\u0107a najavljena hladno\u0107a mogla dokraj\u010diti vo\u0107ke.<\/p>\n<p>&#8220;Zbog niskih temperatura, koje se kre\u0107u nekih sedam-osam dana, mo\u017eemo slobodno re\u0107i da su plodovi kru\u0161ke ve\u0107 preko 80 odsto otpali, a pogotovo ukoliko do\u0111u jo\u0161 ni\u017ee temperature, koje te vo\u0107ke ne mogu podnijeti&#8221;, istakao je za &#8220;Nezavisne&#8221; Dragoja Doj\u010dinovi\u0107, predsjednik Udru\u017eenja vo\u0107ara RS.<\/p>\n<p>Prema njegovim rije\u010dima, i ko\u0161ti\u010davo vo\u0107e slabo podnosi niske temperature te, kako isti\u010de, ako se temperatura spusti do nule, ni na ove plodove ne\u0107emo mo\u0107i ra\u010dunati.<\/p>\n<p>&#8220;\u0160ljiva je tako\u0111e ve\u0107 dosta odbacila, a tre\u0161nja, \u010dije bi pojedine sorte za nekoliko dana trebalo brati, \u0107e po\u010deti pucati, tako da ra\u010dunamo da \u0107e i tu biti mala ra\u010dunica i zarada&#8221;, upozorava Doj\u010dinovi\u0107.<\/p>\n<p>Naveo je da hladno\u0107u ne podnose ni jagode, te se o\u010dekuje da \u0107e i one propasti, a i rod jabuke, koja je ne\u0161to otpornija na ni\u017ee temperature, \u0107e biti lo\u0161iji.<\/p>\n<p>&#8220;Ako temperature zaista budu niske kako najavljuju, mo\u017eemo slobodno ra\u010dunati da \u0107e ve\u0107i dio proizvodnje vo\u0107a oti\u0107i u industriju. Ako ne bi bilo minusa, mo\u017eemo ra\u010dunati da \u0107emo jabuke imati jer je ona otpornija&#8221;, poja\u0161njava Doj\u010dinovi\u0107.<\/p>\n<p>Dodao je da su niske temperature i nevrijeme zahvatili proteklih dana Evropu i region, \u0161to dodatno uti\u010de da cijene vo\u0107a na tr\u017ei\u0161tu budu vi\u0161e.<\/p>\n<p>Dragomir Vujkovi\u0107, vo\u0107ar iz Babi\u0107a, kod Prijedora, rekao je da je podru\u010dje Potkozarja pro\u0161le godine stradalo od posljedica leda, te da samim tim vo\u0107e nije imalo cvjetni potencijal.<\/p>\n<p>&#8220;\u0160ljiva i kru\u0161aka nema ni\u0161ta, jabuka vrlo malo. Ove godine, \u0161to se ti\u010de nekog \u0161ireg podru\u010dja, vo\u0107e je desetkovano, a to je posljedica leda. Mislim da je ove godine situacija veoma lo\u0161a&#8221;, naglasio je Vujkovi\u0107.<\/p>\n<p>Istakao je da je dodatni problem vo\u0107arima na podru\u010dju Potkozarja stvorio insekt cvjetojed, te da su vo\u0107ke koje nisu imale za\u0161titu bukvalno uni\u0161tene.<\/p>\n<p>&#8220;Ono \u0161to je najgore, i u Hrvatskoj i u Srbiji je dosta razli\u010dito stanje kada je vo\u0107e u pitanju, ali najvi\u0161e je pogo\u0111en region od Prijedora do Banjaluke. To je izuzetno mala koli\u010dina roda i tu apsolutno nema vo\u0107a i naravno da samim tim mo\u017eemo o\u010dekivati ve\u0107e cijene jer ne\u0107emo imati doma\u0107eg vo\u0107a&#8221;, dodaje Vujkovi\u0107.<\/p>\n<p>Enes Hasanovi\u0107, sekretar Udru\u017eenja poljoprivrednika Tuzlanskog kantona, kazao je da uslova za zamagljivanje, kako bi odbranio vo\u0107ke od hladno\u0107e, nema.<\/p>\n<p>&#8220;Poku\u0161avam da napravim nekakvu dimnu zavjesu. Pripremam pa ako se bude spustila temperatura ispod nule, da zapalim. Koliko \u0107e to efekta imati, nije na nama, to samo priroda mo\u017ee odlu\u010diti&#8221;, istakao je Hasanovi\u0107.<\/p>\n<p>On je dodao da za svojih 70 godina nije upamtio ovakve vremenske uslove.<\/p>\n<p>&#8220;Kod nas nije proteklih dana bilo neke hladno\u0107e ni \u0161tete. Bilo je u no\u0107i izme\u0111u nedjelje i ponedjeljka tu\u010de oko Ljubu\u0161kog, ali \u0161to se temperatura ti\u010de, nije bilo \u0161tete&#8221;, isti\u010de Slavko Korda, poljoprivredni in\u017eenjer u preduze\u0107u &#8220;Dominant&#8221; \u010capljina.<\/p>\n<p>Nezavisne novine<\/p>\n","protected":false},"excerpt":{"rendered":"<p>Niske temperature koje su proteklih nekoliko dana zahvatile BiH, a negdje je pao i snijeg, ve\u0107 su pobrale ve\u0107i dio plodova vo\u0107a, a vo\u0107ari u narednim danima o\u010dekuju da bi [&hellip;]<\/p>\n","protected":false},"author":1,"featured_media":0,"comment_status":"closed","ping_status":"open","sticky":false,"template":"","format":"standard","meta":{"_monsterinsights_skip_tracking":false,"_monsterinsights_sitenote_active":false,"_monsterinsights_sitenote_note":"","_monsterinsights_sitenote_category":0,"footnotes":""},"categories":[8],"tags":[2542,2135],"yoast_head":"<!-- This site is optimized with the Yoast SEO plugin v21.6 - https:\/\/yoast.com\/wordpress\/plugins\/seo\/ -->\n<title>HLADNO\u0106A I SNIJEG UNI\u0160TILI VO\u0106KE - PrijedorDanas.com - Prijedorski gradski portal<\/title>\n<meta name=\"robots\" content=\"index, follow, max-snippet:-1, max-image-preview:large, max-video-preview:-1\" \/>\n<link rel=\"canonical\" href=\"https:\/\/www.prijedordanas.com\/?p=126815\" \/>\n<meta property=\"og:locale\" content=\"en_US\" \/>\n<meta property=\"og:type\" content=\"article\" \/>\n<meta property=\"og:title\" content=\"HLADNO\u0106A I SNIJEG UNI\u0160TILI VO\u0106KE - PrijedorDanas.com - Prijedorski gradski portal\" \/>\n<meta property=\"og:description\" content=\"Niske temperature koje su proteklih nekoliko dana zahvatile BiH, a negdje je pao i snijeg, ve\u0107 su pobrale ve\u0107i dio plodova vo\u0107a, a vo\u0107ari u narednim danima o\u010dekuju da bi [&hellip;]\" \/>\n<meta property=\"og:url\" content=\"https:\/\/www.prijedordanas.com\/?p=126815\" \/>\n<meta property=\"og:site_name\" content=\"PrijedorDanas.com - Prijedorski gradski portal\" \/>\n<meta property=\"article:publisher\" content=\"https:\/\/www.facebook.com\/PrijedorDanasCom\/\" \/>\n<meta property=\"article:published_time\" content=\"2019-05-07T15:50:56+00:00\" \/>\n<meta property=\"og:image\" content=\"https:\/\/www.prijedordanas.com\/wp-content\/uploads\/2019\/05\/nezavisne-voce-snijeg-300x222.jpg\" \/>\n<meta name=\"author\" content=\"admin\" \/>\n<meta name=\"twitter:card\" content=\"summary_large_image\" \/>\n<meta name=\"twitter:label1\" content=\"Written by\" \/>\n\t<meta name=\"twitter:data1\" content=\"admin\" \/>\n\t<meta name=\"twitter:label2\" content=\"Est. reading time\" \/>\n\t<meta name=\"twitter:data2\" content=\"3 minutes\" \/>\n<script type=\"application\/ld+json\" class=\"yoast-schema-graph\">{\"@context\":\"https:\/\/schema.org\",\"@graph\":[{\"@type\":\"Article\",\"@id\":\"https:\/\/www.prijedordanas.com\/?p=126815#article\",\"isPartOf\":{\"@id\":\"https:\/\/www.prijedordanas.com\/?p=126815\"},\"author\":{\"name\":\"admin\",\"@id\":\"https:\/\/www.prijedordanas.com\/#\/schema\/person\/4e08ccf29b506ca916ff86d46bb700e6\"},\"headline\":\"HLADNO\u0106A I SNIJEG UNI\u0160TILI VO\u0106KE\",\"datePublished\":\"2019-05-07T15:50:56+00:00\",\"dateModified\":\"2019-05-07T15:50:56+00:00\",\"mainEntityOfPage\":{\"@id\":\"https:\/\/www.prijedordanas.com\/?p=126815\"},\"wordCount\":578,\"publisher\":{\"@id\":\"https:\/\/www.prijedordanas.com\/#organization\"},\"keywords\":[\"snijeg\",\"vo\u0107e\"],\"articleSection\":[\"Svakodnevno\"],\"inLanguage\":\"en-US\"},{\"@type\":\"WebPage\",\"@id\":\"https:\/\/www.prijedordanas.com\/?p=126815\",\"url\":\"https:\/\/www.prijedordanas.com\/?p=126815\",\"name\":\"HLADNO\u0106A I SNIJEG UNI\u0160TILI VO\u0106KE - PrijedorDanas.com - Prijedorski gradski portal\",\"isPartOf\":{\"@id\":\"https:\/\/www.prijedordanas.com\/#website\"},\"datePublished\":\"2019-05-07T15:50:56+00:00\",\"dateModified\":\"2019-05-07T15:50:56+00:00\",\"breadcrumb\":{\"@id\":\"https:\/\/www.prijedordanas.com\/?p=126815#breadcrumb\"},\"inLanguage\":\"en-US\",\"potentialAction\":[{\"@type\":\"ReadAction\",\"target\":[\"https:\/\/www.prijedordanas.com\/?p=126815\"]}]},{\"@type\":\"BreadcrumbList\",\"@id\":\"https:\/\/www.prijedordanas.com\/?p=126815#breadcrumb\",\"itemListElement\":[{\"@type\":\"ListItem\",\"position\":1,\"name\":\"Home\",\"item\":\"https:\/\/www.prijedordanas.com\/\"},{\"@type\":\"ListItem\",\"position\":2,\"name\":\"HLADNO\u0106A I SNIJEG UNI\u0160TILI VO\u0106KE\"}]},{\"@type\":\"WebSite\",\"@id\":\"https:\/\/www.prijedordanas.com\/#website\",\"url\":\"https:\/\/www.prijedordanas.com\/\",\"name\":\"PrijedorDanas.com - Prijedorski gradski portal\",\"description\":\"Portal o doga\u0111anjima u gradu Prijedoru\",\"publisher\":{\"@id\":\"https:\/\/www.prijedordanas.com\/#organization\"},\"potentialAction\":[{\"@type\":\"SearchAction\",\"target\":{\"@type\":\"EntryPoint\",\"urlTemplate\":\"https:\/\/www.prijedordanas.com\/?s={search_term_string}\"},\"query-input\":\"required name=search_term_string\"}],\"inLanguage\":\"en-US\"},{\"@type\":\"Organization\",\"@id\":\"https:\/\/www.prijedordanas.com\/#organization\",\"name\":\"PrijedorDanas.com\",\"url\":\"https:\/\/www.prijedordanas.com\/\",\"logo\":{\"@type\":\"ImageObject\",\"inLanguage\":\"en-US\",\"@id\":\"https:\/\/www.prijedordanas.com\/#\/schema\/logo\/image\/\",\"url\":\"http:\/\/www.prijedordanas.com\/wp-content\/uploads\/2021\/12\/logopng.png\",\"contentUrl\":\"http:\/\/www.prijedordanas.com\/wp-content\/uploads\/2021\/12\/logopng.png\",\"width\":1019,\"height\":776,\"caption\":\"PrijedorDanas.com\"},\"image\":{\"@id\":\"https:\/\/www.prijedordanas.com\/#\/schema\/logo\/image\/\"},\"sameAs\":[\"https:\/\/www.facebook.com\/PrijedorDanasCom\/\"]},{\"@type\":\"Person\",\"@id\":\"https:\/\/www.prijedordanas.com\/#\/schema\/person\/4e08ccf29b506ca916ff86d46bb700e6\",\"name\":\"admin\",\"image\":{\"@type\":\"ImageObject\",\"inLanguage\":\"en-US\",\"@id\":\"https:\/\/www.prijedordanas.com\/#\/schema\/person\/image\/\",\"url\":\"https:\/\/secure.gravatar.com\/avatar\/1d3fc949d550f0b53a5f0d51e06dfd79?s=96&d=mm&r=g\",\"contentUrl\":\"https:\/\/secure.gravatar.com\/avatar\/1d3fc949d550f0b53a5f0d51e06dfd79?s=96&d=mm&r=g\",\"caption\":\"admin\"},\"url\":\"https:\/\/www.prijedordanas.com\/?author=1\"}]}<\/script>\n<!-- \/ Yoast SEO plugin. -->","yoast_head_json":{"title":"HLADNO\u0106A I SNIJEG UNI\u0160TILI VO\u0106KE - PrijedorDanas.com - Prijedorski gradski portal","robots":{"index":"index","follow":"follow","max-snippet":"max-snippet:-1","max-image-preview":"max-image-preview:large","max-video-preview":"max-video-preview:-1"},"canonical":"https:\/\/www.prijedordanas.com\/?p=126815","og_locale":"en_US","og_type":"article","og_title":"HLADNO\u0106A I SNIJEG UNI\u0160TILI VO\u0106KE - PrijedorDanas.com - Prijedorski gradski portal","og_description":"Niske temperature koje su proteklih nekoliko dana zahvatile BiH, a negdje je pao i snijeg, ve\u0107 su pobrale ve\u0107i dio plodova vo\u0107a, a vo\u0107ari u narednim danima o\u010dekuju da bi [&hellip;]","og_url":"https:\/\/www.prijedordanas.com\/?p=126815","og_site_name":"PrijedorDanas.com - Prijedorski gradski portal","article_publisher":"https:\/\/www.facebook.com\/PrijedorDanasCom\/","article_published_time":"2019-05-07T15:50:56+00:00","og_image":[{"url":"https:\/\/www.prijedordanas.com\/wp-content\/uploads\/2019\/05\/nezavisne-voce-snijeg-300x222.jpg"}],"author":"admin","twitter_card":"summary_large_image","twitter_misc":{"Written by":"admin","Est. reading time":"3 minutes"},"schema":{"@context":"https:\/\/schema.org","@graph":[{"@type":"Article","@id":"https:\/\/www.prijedordanas.com\/?p=126815#article","isPartOf":{"@id":"https:\/\/www.prijedordanas.com\/?p=126815"},"author":{"name":"admin","@id":"https:\/\/www.prijedordanas.com\/#\/schema\/person\/4e08ccf29b506ca916ff86d46bb700e6"},"headline":"HLADNO\u0106A I SNIJEG UNI\u0160TILI VO\u0106KE","datePublished":"2019-05-07T15:50:56+00:00","dateModified":"2019-05-07T15:50:56+00:00","mainEntityOfPage":{"@id":"https:\/\/www.prijedordanas.com\/?p=126815"},"wordCount":578,"publisher":{"@id":"https:\/\/www.prijedordanas.com\/#organization"},"keywords":["snijeg","vo\u0107e"],"articleSection":["Svakodnevno"],"inLanguage":"en-US"},{"@type":"WebPage","@id":"https:\/\/www.prijedordanas.com\/?p=126815","url":"https:\/\/www.prijedordanas.com\/?p=126815","name":"HLADNO\u0106A I SNIJEG UNI\u0160TILI VO\u0106KE - PrijedorDanas.com - Prijedorski gradski portal","isPartOf":{"@id":"https:\/\/www.prijedordanas.com\/#website"},"datePublished":"2019-05-07T15:50:56+00:00","dateModified":"2019-05-07T15:50:56+00:00","breadcrumb":{"@id":"https:\/\/www.prijedordanas.com\/?p=126815#breadcrumb"},"inLanguage":"en-US","potentialAction":[{"@type":"ReadAction","target":["https:\/\/www.prijedordanas.com\/?p=126815"]}]},{"@type":"BreadcrumbList","@id":"https:\/\/www.prijedordanas.com\/?p=126815#breadcrumb","itemListElement":[{"@type":"ListItem","position":1,"name":"Home","item":"https:\/\/www.prijedordanas.com\/"},{"@type":"ListItem","position":2,"name":"HLADNO\u0106A I SNIJEG UNI\u0160TILI VO\u0106KE"}]},{"@type":"WebSite","@id":"https:\/\/www.prijedordanas.com\/#website","url":"https:\/\/www.prijedordanas.com\/","name":"PrijedorDanas.com - Prijedorski gradski portal","description":"Portal o doga\u0111anjima u gradu Prijedoru","publisher":{"@id":"https:\/\/www.prijedordanas.com\/#organization"},"potentialAction":[{"@type":"SearchAction","target":{"@type":"EntryPoint","urlTemplate":"https:\/\/www.prijedordanas.com\/?s={search_term_string}"},"query-input":"required name=search_term_string"}],"inLanguage":"en-US"},{"@type":"Organization","@id":"https:\/\/www.prijedordanas.com\/#organization","name":"PrijedorDanas.com","url":"https:\/\/www.prijedordanas.com\/","logo":{"@type":"ImageObject","inLanguage":"en-US","@id":"https:\/\/www.prijedordanas.com\/#\/schema\/logo\/image\/","url":"http:\/\/www.prijedordanas.com\/wp-content\/uploads\/2021\/12\/logopng.png","contentUrl":"http:\/\/www.prijedordanas.com\/wp-content\/uploads\/2021\/12\/logopng.png","width":1019,"height":776,"caption":"PrijedorDanas.com"},"image":{"@id":"https:\/\/www.prijedordanas.com\/#\/schema\/logo\/image\/"},"sameAs":["https:\/\/www.facebook.com\/PrijedorDanasCom\/"]},{"@type":"Person","@id":"https:\/\/www.prijedordanas.com\/#\/schema\/person\/4e08ccf29b506ca916ff86d46bb700e6","name":"admin","image":{"@type":"ImageObject","inLanguage":"en-US","@id":"https:\/\/www.prijedordanas.com\/#\/schema\/person\/image\/","url":"https:\/\/secure.gravatar.com\/avatar\/1d3fc949d550f0b53a5f0d51e06dfd79?s=96&d=mm&r=g","contentUrl":"https:\/\/secure.gravatar.com\/avatar\/1d3fc949d550f0b53a5f0d51e06dfd79?s=96&d=mm&r=g","caption":"admin"},"url":"https:\/\/www.prijedordanas.com\/?author=1"}]}},"_links":{"self":[{"href":"https:\/\/www.prijedordanas.com\/index.php?rest_route=\/wp\/v2\/posts\/126815"}],"collection":[{"href":"https:\/\/www.prijedordanas.com\/index.php?rest_route=\/wp\/v2\/posts"}],"about":[{"href":"https:\/\/www.prijedordanas.com\/index.php?rest_route=\/wp\/v2\/types\/post"}],"author":[{"embeddable":true,"href":"https:\/\/www.prijedordanas.com\/index.php?rest_route=\/wp\/v2\/users\/1"}],"replies":[{"embeddable":true,"href":"https:\/\/www.prijedordanas.com\/index.php?rest_route=%2Fwp%2Fv2%2Fcomments&post=126815"}],"version-history":[{"count":1,"href":"https:\/\/www.prijedordanas.com\/index.php?rest_route=\/wp\/v2\/posts\/126815\/revisions"}],"predecessor-version":[{"id":126817,"href":"https:\/\/www.prijedordanas.com\/index.php?rest_route=\/wp\/v2\/posts\/126815\/revisions\/126817"}],"wp:attachment":[{"href":"https:\/\/www.prijedordanas.com\/index.php?rest_route=%2Fwp%2Fv2%2Fmedia&parent=126815"}],"wp:term":[{"taxonomy":"category","embeddable":true,"href":"https:\/\/www.prijedordanas.com\/index.php?rest_route=%2Fwp%2Fv2%2Fcategories&post=126815"},{"taxonomy":"post_tag","embeddable":true,"href":"https:\/\/www.prijedordanas.com\/index.php?rest_route=%2Fwp%2Fv2%2Ftags&post=126815"}],"curies":[{"name":"wp","href":"https:\/\/api.w.org\/{rel}","templated":true}]}}