{"id":126622,"date":"2019-05-02T20:49:11","date_gmt":"2019-05-02T18:49:11","guid":{"rendered":"https:\/\/www.prijedordanas.com\/?p=126622"},"modified":"2019-05-02T20:49:11","modified_gmt":"2019-05-02T18:49:11","slug":"omarska-inicijativa-stanovnika-za-vracanje-statusa-opstine-video","status":"publish","type":"post","link":"https:\/\/www.prijedordanas.com\/?p=126622","title":{"rendered":"OMARSKA: INICIJATIVA STANOVNIKA ZA VRA\u0106ANJE STATUSA OP\u0160TINE &#8211; VIDEO"},"content":{"rendered":"<p><a href=\"https:\/\/www.prijedordanas.com\/wp-content\/uploads\/2019\/05\/rtrs-omarska-status-opstine.jpg\"><img loading=\"lazy\" decoding=\"async\" src=\"https:\/\/www.prijedordanas.com\/wp-content\/uploads\/2019\/05\/rtrs-omarska-status-opstine-300x217.jpg\" alt=\"\" width=\"300\" height=\"217\" class=\"alignleft size-medium wp-image-126623\" srcset=\"https:\/\/www.prijedordanas.com\/wp-content\/uploads\/2019\/05\/rtrs-omarska-status-opstine-300x217.jpg 300w, https:\/\/www.prijedordanas.com\/wp-content\/uploads\/2019\/05\/rtrs-omarska-status-opstine-100x72.jpg 100w, https:\/\/www.prijedordanas.com\/wp-content\/uploads\/2019\/05\/rtrs-omarska-status-opstine.jpg 690w\" sizes=\"(max-width: 300px) 100vw, 300px\" \/><\/a>Stanovnici Omarske pokrenuli su inicijativu da se ovoj mjesnoj zajednici, koja funkcioni\u0161e u okviru grada Prijedora, vrati status op\u0161tine, ukinut \u0161ezdesetih godina pro\u0161log vijeka. <\/p>\n<p>Prvi koraci ka ovom cilju, ve\u0107 su napravljeni, a podr\u0161ka je stigla i od najvi\u0161ih institucija Republike Srpske. <\/p>\n<p>Vra\u0107anjem statusa op\u0161tine, pobolj\u0161ali bi se uslovi \u017eivota i sprije\u010dio odliv mladog i radno sposobnog stanovni\u0161tva iz ovog mjesta.<\/p>\n<p>Inicijativa za vra\u0107anje statusa op\u0161tine Omarskoj ujedinila je stanovnike, privrednike ali i politi\u010dke stranke ovog potkozarskog mjesta.<\/p>\n<p>Omarska, sa devet pripadaju\u0107ih mjesnih zajednica, ima oko 11.500 stanovnika, i na njenoj teritoriji posluju neki od najve\u0107ih privrednih subjekata u prijedorskoj regiji.<\/p>\n<p>Iz Inicijativnog odbora isti\u010du da sve to ukazuje da postoje preduslovi da Omarska bude op\u0161tina.<\/p>\n<p>&#8211; Imamo sve preduslove da se ovdje stanovni\u0161tvo zadr\u017ei, \u017eivi na ovom podru\u010dju, imamo teritoriju, ekonomske resurse&#8230;Su\u0161tina se svodi na to da ono \u0161to je zara\u0111eno ovdje da se tu i tro\u0161i, kao i da stanovni\u0161tvo koje \u017eivi ovdje odlu\u010duje o na\u010dinu utro\u0161ka tih sredstava &#8211; rekao je Ranko Smiljani\u0107, predsjednik Inicijativnog odbora za formiranje op\u0161tine Omarska.<\/p>\n<p>\u017deljko Romani\u0107, predsjednik Savjeta mjesne zajednice Omarska isti\u010de da ovo mjesto ve\u0107 dugo \u010deka vodu i kanalizaciju, kompletnu infrastrukturu, \u0161to bi se, kako je istakao, rije\u0161ilo vra\u0107anjem statusa op\u0161tine Omarskoj.<\/p>\n<p>Podr\u0161ku inicijativi pru\u017eile su sve stranke sa podru\u010dja grada Prijedora, ali i predsjednica Srpske \u017deljka Cvijanovi\u0107, predsjednik Narodne skup\u0161tine Republike Srpske, Nedeljko \u010cubrilovi\u0107, srpski \u010dlan Predsjedni\u0161tva BiH Milorad Dodik,<\/p>\n<p>Podr\u0161ka je, kako je re\u010deno, stigla i od prijedorske gradske Uprave. Prvi koraci su napravljeni \u2013 u toku je izrada elaborata o ekonomskoj isplativosti op\u0161tine Omarska, koji \u0107e biti zavr\u0161en do 10. juna. Na redu je pribavljanje saglasnosti stanovni\u0161tva kroz prikupljanje potpisa.<\/p>\n<p>&#8211; To je 30 odsto od ukupnog bira\u010dkog tijela koje negdje po popisu iznosi oko 11.500 stanovnika. Smatramo da bismo negdje izme\u0111u 3.500 i 4.000 potpisa trebali da skupimo u skladu sa zakonom &#8211; naveo je Branko An\u0111i\u0107, \u010dlan Inicijativnog odbora za formiranje op\u0161tine Omarska.<\/p>\n<p>Saglasni i mje\u0161tani &#8211; vratite Omarskoj status op\u0161tine.<\/p>\n<p>Anketirani mje\u0161tani jedinstveni su u stavu da \u0107e dobijanje statusa op\u0161tine pobolj\u0161ati infrastrukturu u Omarskoj i stvoriti bolje uslove za \u017eivot mladih, kao i pove\u0107anje nataliteta.<\/p>\n<p>Pozivu na promociju odazvali su se i neki od odbornika u gradskom Parlamentu, ali i poslanici u Narodnoj skup\u0161tini Republike Srpske.<\/p>\n<p>&#8211; Mislim da su na dobrom putu, i ponudili smo im se, i ja kao narodni poslanik, i moje kolege. SNSD im tako\u0111e stoji na raspolaganju svim svojim kapacitetom, koji nije mali, u smislu dobijanja pravnih dokumenata, smjernica, podr\u0161ke&#8230; &#8211; rekao je Dra\u017een Vrhovac, poslanik SNSD-a u Narodnoj skup\u0161tini Republike Srpske.<\/p>\n<p>Inicijatori isti\u010du da bi Omarska, ako sve bude i\u0161lo planiranom dinamikom, postala op\u0161tina ve\u0107 po\u010detkom naredne godine.<\/p>\n<p>RTRS<\/p>\n<div style=\"width: 640px;\" class=\"wp-video\"><!--[if lt IE 9]><script>document.createElement('video');<\/script><![endif]-->\n<video class=\"wp-video-shortcode\" id=\"video-126622-1\" width=\"640\" height=\"360\" preload=\"metadata\" controls=\"controls\"><source type=\"video\/mp4\" src=\"https:\/\/arh3.rtrs.tv\/arhiva\/2019\/05\/02\/tvclip035913.mp4?_=1\" \/><a href=\"https:\/\/arh3.rtrs.tv\/arhiva\/2019\/05\/02\/tvclip035913.mp4\">https:\/\/arh3.rtrs.tv\/arhiva\/2019\/05\/02\/tvclip035913.mp4<\/a><\/video><\/div>\n","protected":false},"excerpt":{"rendered":"<p>Stanovnici Omarske pokrenuli su inicijativu da se ovoj mjesnoj zajednici, koja funkcioni\u0161e u okviru grada Prijedora, vrati status op\u0161tine, ukinut \u0161ezdesetih godina pro\u0161log vijeka. Prvi koraci ka ovom cilju, ve\u0107 [&hellip;]<\/p>\n","protected":false},"author":1,"featured_media":0,"comment_status":"closed","ping_status":"open","sticky":false,"template":"","format":"standard","meta":{"_monsterinsights_skip_tracking":false,"_monsterinsights_sitenote_active":false,"_monsterinsights_sitenote_note":"","_monsterinsights_sitenote_category":0,"footnotes":""},"categories":[4],"tags":[],"yoast_head":"<!-- This site is optimized with the Yoast SEO plugin v21.6 - https:\/\/yoast.com\/wordpress\/plugins\/seo\/ -->\n<title>OMARSKA: INICIJATIVA STANOVNIKA ZA VRA\u0106ANJE STATUSA OP\u0160TINE - VIDEO - PrijedorDanas.com - Prijedorski gradski portal<\/title>\n<meta name=\"robots\" content=\"index, follow, max-snippet:-1, max-image-preview:large, max-video-preview:-1\" \/>\n<link rel=\"canonical\" href=\"https:\/\/www.prijedordanas.com\/?p=126622\" \/>\n<meta property=\"og:locale\" content=\"en_US\" \/>\n<meta property=\"og:type\" content=\"article\" \/>\n<meta property=\"og:title\" content=\"OMARSKA: INICIJATIVA STANOVNIKA ZA VRA\u0106ANJE STATUSA OP\u0160TINE - VIDEO - PrijedorDanas.com - Prijedorski gradski portal\" \/>\n<meta property=\"og:description\" content=\"Stanovnici Omarske pokrenuli su inicijativu da se ovoj mjesnoj zajednici, koja funkcioni\u0161e u okviru grada Prijedora, vrati status op\u0161tine, ukinut \u0161ezdesetih godina pro\u0161log vijeka. Prvi koraci ka ovom cilju, ve\u0107 [&hellip;]\" \/>\n<meta property=\"og:url\" content=\"https:\/\/www.prijedordanas.com\/?p=126622\" \/>\n<meta property=\"og:site_name\" content=\"PrijedorDanas.com - Prijedorski gradski portal\" \/>\n<meta property=\"article:publisher\" content=\"https:\/\/www.facebook.com\/PrijedorDanasCom\/\" \/>\n<meta property=\"article:published_time\" content=\"2019-05-02T18:49:11+00:00\" \/>\n<meta property=\"og:image\" content=\"https:\/\/www.prijedordanas.com\/wp-content\/uploads\/2019\/05\/rtrs-omarska-status-opstine-300x217.jpg\" \/>\n<meta name=\"author\" content=\"admin\" \/>\n<meta name=\"twitter:card\" content=\"summary_large_image\" \/>\n<meta name=\"twitter:label1\" content=\"Written by\" \/>\n\t<meta name=\"twitter:data1\" content=\"admin\" \/>\n\t<meta name=\"twitter:label2\" content=\"Est. reading time\" \/>\n\t<meta name=\"twitter:data2\" content=\"3 minutes\" \/>\n<script type=\"application\/ld+json\" class=\"yoast-schema-graph\">{\"@context\":\"https:\/\/schema.org\",\"@graph\":[{\"@type\":\"Article\",\"@id\":\"https:\/\/www.prijedordanas.com\/?p=126622#article\",\"isPartOf\":{\"@id\":\"https:\/\/www.prijedordanas.com\/?p=126622\"},\"author\":{\"name\":\"admin\",\"@id\":\"https:\/\/www.prijedordanas.com\/#\/schema\/person\/4e08ccf29b506ca916ff86d46bb700e6\"},\"headline\":\"OMARSKA: INICIJATIVA STANOVNIKA ZA VRA\u0106ANJE STATUSA OP\u0160TINE &#8211; VIDEO\",\"datePublished\":\"2019-05-02T18:49:11+00:00\",\"dateModified\":\"2019-05-02T18:49:11+00:00\",\"mainEntityOfPage\":{\"@id\":\"https:\/\/www.prijedordanas.com\/?p=126622\"},\"wordCount\":516,\"publisher\":{\"@id\":\"https:\/\/www.prijedordanas.com\/#organization\"},\"articleSection\":[\"Dru\u0161tvo\"],\"inLanguage\":\"en-US\"},{\"@type\":\"WebPage\",\"@id\":\"https:\/\/www.prijedordanas.com\/?p=126622\",\"url\":\"https:\/\/www.prijedordanas.com\/?p=126622\",\"name\":\"OMARSKA: INICIJATIVA STANOVNIKA ZA VRA\u0106ANJE STATUSA OP\u0160TINE - VIDEO - PrijedorDanas.com - Prijedorski gradski portal\",\"isPartOf\":{\"@id\":\"https:\/\/www.prijedordanas.com\/#website\"},\"datePublished\":\"2019-05-02T18:49:11+00:00\",\"dateModified\":\"2019-05-02T18:49:11+00:00\",\"breadcrumb\":{\"@id\":\"https:\/\/www.prijedordanas.com\/?p=126622#breadcrumb\"},\"inLanguage\":\"en-US\",\"potentialAction\":[{\"@type\":\"ReadAction\",\"target\":[\"https:\/\/www.prijedordanas.com\/?p=126622\"]}]},{\"@type\":\"BreadcrumbList\",\"@id\":\"https:\/\/www.prijedordanas.com\/?p=126622#breadcrumb\",\"itemListElement\":[{\"@type\":\"ListItem\",\"position\":1,\"name\":\"Home\",\"item\":\"https:\/\/www.prijedordanas.com\/\"},{\"@type\":\"ListItem\",\"position\":2,\"name\":\"OMARSKA: INICIJATIVA STANOVNIKA ZA VRA\u0106ANJE STATUSA OP\u0160TINE &#8211; VIDEO\"}]},{\"@type\":\"WebSite\",\"@id\":\"https:\/\/www.prijedordanas.com\/#website\",\"url\":\"https:\/\/www.prijedordanas.com\/\",\"name\":\"PrijedorDanas.com - Prijedorski gradski portal\",\"description\":\"Portal o doga\u0111anjima u gradu Prijedoru\",\"publisher\":{\"@id\":\"https:\/\/www.prijedordanas.com\/#organization\"},\"potentialAction\":[{\"@type\":\"SearchAction\",\"target\":{\"@type\":\"EntryPoint\",\"urlTemplate\":\"https:\/\/www.prijedordanas.com\/?s={search_term_string}\"},\"query-input\":\"required name=search_term_string\"}],\"inLanguage\":\"en-US\"},{\"@type\":\"Organization\",\"@id\":\"https:\/\/www.prijedordanas.com\/#organization\",\"name\":\"PrijedorDanas.com\",\"url\":\"https:\/\/www.prijedordanas.com\/\",\"logo\":{\"@type\":\"ImageObject\",\"inLanguage\":\"en-US\",\"@id\":\"https:\/\/www.prijedordanas.com\/#\/schema\/logo\/image\/\",\"url\":\"http:\/\/www.prijedordanas.com\/wp-content\/uploads\/2021\/12\/logopng.png\",\"contentUrl\":\"http:\/\/www.prijedordanas.com\/wp-content\/uploads\/2021\/12\/logopng.png\",\"width\":1019,\"height\":776,\"caption\":\"PrijedorDanas.com\"},\"image\":{\"@id\":\"https:\/\/www.prijedordanas.com\/#\/schema\/logo\/image\/\"},\"sameAs\":[\"https:\/\/www.facebook.com\/PrijedorDanasCom\/\"]},{\"@type\":\"Person\",\"@id\":\"https:\/\/www.prijedordanas.com\/#\/schema\/person\/4e08ccf29b506ca916ff86d46bb700e6\",\"name\":\"admin\",\"image\":{\"@type\":\"ImageObject\",\"inLanguage\":\"en-US\",\"@id\":\"https:\/\/www.prijedordanas.com\/#\/schema\/person\/image\/\",\"url\":\"https:\/\/secure.gravatar.com\/avatar\/1d3fc949d550f0b53a5f0d51e06dfd79?s=96&d=mm&r=g\",\"contentUrl\":\"https:\/\/secure.gravatar.com\/avatar\/1d3fc949d550f0b53a5f0d51e06dfd79?s=96&d=mm&r=g\",\"caption\":\"admin\"},\"url\":\"https:\/\/www.prijedordanas.com\/?author=1\"}]}<\/script>\n<!-- \/ Yoast SEO plugin. -->","yoast_head_json":{"title":"OMARSKA: INICIJATIVA STANOVNIKA ZA VRA\u0106ANJE STATUSA OP\u0160TINE - VIDEO - PrijedorDanas.com - Prijedorski gradski portal","robots":{"index":"index","follow":"follow","max-snippet":"max-snippet:-1","max-image-preview":"max-image-preview:large","max-video-preview":"max-video-preview:-1"},"canonical":"https:\/\/www.prijedordanas.com\/?p=126622","og_locale":"en_US","og_type":"article","og_title":"OMARSKA: INICIJATIVA STANOVNIKA ZA VRA\u0106ANJE STATUSA OP\u0160TINE - VIDEO - PrijedorDanas.com - Prijedorski gradski portal","og_description":"Stanovnici Omarske pokrenuli su inicijativu da se ovoj mjesnoj zajednici, koja funkcioni\u0161e u okviru grada Prijedora, vrati status op\u0161tine, ukinut \u0161ezdesetih godina pro\u0161log vijeka. Prvi koraci ka ovom cilju, ve\u0107 [&hellip;]","og_url":"https:\/\/www.prijedordanas.com\/?p=126622","og_site_name":"PrijedorDanas.com - Prijedorski gradski portal","article_publisher":"https:\/\/www.facebook.com\/PrijedorDanasCom\/","article_published_time":"2019-05-02T18:49:11+00:00","og_image":[{"url":"https:\/\/www.prijedordanas.com\/wp-content\/uploads\/2019\/05\/rtrs-omarska-status-opstine-300x217.jpg"}],"author":"admin","twitter_card":"summary_large_image","twitter_misc":{"Written by":"admin","Est. reading time":"3 minutes"},"schema":{"@context":"https:\/\/schema.org","@graph":[{"@type":"Article","@id":"https:\/\/www.prijedordanas.com\/?p=126622#article","isPartOf":{"@id":"https:\/\/www.prijedordanas.com\/?p=126622"},"author":{"name":"admin","@id":"https:\/\/www.prijedordanas.com\/#\/schema\/person\/4e08ccf29b506ca916ff86d46bb700e6"},"headline":"OMARSKA: INICIJATIVA STANOVNIKA ZA VRA\u0106ANJE STATUSA OP\u0160TINE &#8211; VIDEO","datePublished":"2019-05-02T18:49:11+00:00","dateModified":"2019-05-02T18:49:11+00:00","mainEntityOfPage":{"@id":"https:\/\/www.prijedordanas.com\/?p=126622"},"wordCount":516,"publisher":{"@id":"https:\/\/www.prijedordanas.com\/#organization"},"articleSection":["Dru\u0161tvo"],"inLanguage":"en-US"},{"@type":"WebPage","@id":"https:\/\/www.prijedordanas.com\/?p=126622","url":"https:\/\/www.prijedordanas.com\/?p=126622","name":"OMARSKA: INICIJATIVA STANOVNIKA ZA VRA\u0106ANJE STATUSA OP\u0160TINE - VIDEO - PrijedorDanas.com - Prijedorski gradski portal","isPartOf":{"@id":"https:\/\/www.prijedordanas.com\/#website"},"datePublished":"2019-05-02T18:49:11+00:00","dateModified":"2019-05-02T18:49:11+00:00","breadcrumb":{"@id":"https:\/\/www.prijedordanas.com\/?p=126622#breadcrumb"},"inLanguage":"en-US","potentialAction":[{"@type":"ReadAction","target":["https:\/\/www.prijedordanas.com\/?p=126622"]}]},{"@type":"BreadcrumbList","@id":"https:\/\/www.prijedordanas.com\/?p=126622#breadcrumb","itemListElement":[{"@type":"ListItem","position":1,"name":"Home","item":"https:\/\/www.prijedordanas.com\/"},{"@type":"ListItem","position":2,"name":"OMARSKA: INICIJATIVA STANOVNIKA ZA VRA\u0106ANJE STATUSA OP\u0160TINE &#8211; VIDEO"}]},{"@type":"WebSite","@id":"https:\/\/www.prijedordanas.com\/#website","url":"https:\/\/www.prijedordanas.com\/","name":"PrijedorDanas.com - Prijedorski gradski portal","description":"Portal o doga\u0111anjima u gradu Prijedoru","publisher":{"@id":"https:\/\/www.prijedordanas.com\/#organization"},"potentialAction":[{"@type":"SearchAction","target":{"@type":"EntryPoint","urlTemplate":"https:\/\/www.prijedordanas.com\/?s={search_term_string}"},"query-input":"required name=search_term_string"}],"inLanguage":"en-US"},{"@type":"Organization","@id":"https:\/\/www.prijedordanas.com\/#organization","name":"PrijedorDanas.com","url":"https:\/\/www.prijedordanas.com\/","logo":{"@type":"ImageObject","inLanguage":"en-US","@id":"https:\/\/www.prijedordanas.com\/#\/schema\/logo\/image\/","url":"http:\/\/www.prijedordanas.com\/wp-content\/uploads\/2021\/12\/logopng.png","contentUrl":"http:\/\/www.prijedordanas.com\/wp-content\/uploads\/2021\/12\/logopng.png","width":1019,"height":776,"caption":"PrijedorDanas.com"},"image":{"@id":"https:\/\/www.prijedordanas.com\/#\/schema\/logo\/image\/"},"sameAs":["https:\/\/www.facebook.com\/PrijedorDanasCom\/"]},{"@type":"Person","@id":"https:\/\/www.prijedordanas.com\/#\/schema\/person\/4e08ccf29b506ca916ff86d46bb700e6","name":"admin","image":{"@type":"ImageObject","inLanguage":"en-US","@id":"https:\/\/www.prijedordanas.com\/#\/schema\/person\/image\/","url":"https:\/\/secure.gravatar.com\/avatar\/1d3fc949d550f0b53a5f0d51e06dfd79?s=96&d=mm&r=g","contentUrl":"https:\/\/secure.gravatar.com\/avatar\/1d3fc949d550f0b53a5f0d51e06dfd79?s=96&d=mm&r=g","caption":"admin"},"url":"https:\/\/www.prijedordanas.com\/?author=1"}]}},"_links":{"self":[{"href":"https:\/\/www.prijedordanas.com\/index.php?rest_route=\/wp\/v2\/posts\/126622"}],"collection":[{"href":"https:\/\/www.prijedordanas.com\/index.php?rest_route=\/wp\/v2\/posts"}],"about":[{"href":"https:\/\/www.prijedordanas.com\/index.php?rest_route=\/wp\/v2\/types\/post"}],"author":[{"embeddable":true,"href":"https:\/\/www.prijedordanas.com\/index.php?rest_route=\/wp\/v2\/users\/1"}],"replies":[{"embeddable":true,"href":"https:\/\/www.prijedordanas.com\/index.php?rest_route=%2Fwp%2Fv2%2Fcomments&post=126622"}],"version-history":[{"count":1,"href":"https:\/\/www.prijedordanas.com\/index.php?rest_route=\/wp\/v2\/posts\/126622\/revisions"}],"predecessor-version":[{"id":126624,"href":"https:\/\/www.prijedordanas.com\/index.php?rest_route=\/wp\/v2\/posts\/126622\/revisions\/126624"}],"wp:attachment":[{"href":"https:\/\/www.prijedordanas.com\/index.php?rest_route=%2Fwp%2Fv2%2Fmedia&parent=126622"}],"wp:term":[{"taxonomy":"category","embeddable":true,"href":"https:\/\/www.prijedordanas.com\/index.php?rest_route=%2Fwp%2Fv2%2Fcategories&post=126622"},{"taxonomy":"post_tag","embeddable":true,"href":"https:\/\/www.prijedordanas.com\/index.php?rest_route=%2Fwp%2Fv2%2Ftags&post=126622"}],"curies":[{"name":"wp","href":"https:\/\/api.w.org\/{rel}","templated":true}]}}