{"id":126579,"date":"2019-04-30T22:19:21","date_gmt":"2019-04-30T20:19:21","guid":{"rendered":"https:\/\/www.prijedordanas.com\/?p=126579"},"modified":"2019-04-30T22:19:21","modified_gmt":"2019-04-30T20:19:21","slug":"devetnaestogodisnji-prijedorcanin-povrijeden-nakon-sto-je-nisanom-srusio-ogradu-i-udario-u-zid-kuce-foto","status":"publish","type":"post","link":"https:\/\/www.prijedordanas.com\/?p=126579","title":{"rendered":"DEVETNAESTOGODI\u0160NJI PRIJEDOR\u010cANIN POVRIJE\u0110EN NAKON \u0160TO JE \u201cNISANOM\u201d SRU\u0160IO OGRADU I UDARIO U ZID KU\u0106E &#8211; FOTO"},"content":{"rendered":"<p><a href=\"https:\/\/www.prijedordanas.com\/wp-content\/uploads\/2019\/04\/saobracajka-nisan-tukovi-2.jpg\"><img loading=\"lazy\" decoding=\"async\" class=\"alignleft size-medium wp-image-126420\" src=\"https:\/\/www.prijedordanas.com\/wp-content\/uploads\/2019\/04\/saobracajka-nisan-tukovi-2-300x222.jpg\" alt=\"\" width=\"300\" height=\"222\" srcset=\"https:\/\/www.prijedordanas.com\/wp-content\/uploads\/2019\/04\/saobracajka-nisan-tukovi-2-300x222.jpg 300w, https:\/\/www.prijedordanas.com\/wp-content\/uploads\/2019\/04\/saobracajka-nisan-tukovi-2-100x74.jpg 100w, https:\/\/www.prijedordanas.com\/wp-content\/uploads\/2019\/04\/saobracajka-nisan-tukovi-2.jpg 675w\" sizes=\"(max-width: 300px) 100vw, 300px\" \/><\/a>Na podru\u010dju koje pokriva Policijska uprava Prijedor proteklih dana dogodilo se nekoliko saobra\u0107ajki u kojima je bilo materijalne \u0161tete ali i povrije\u0111enih osoba.<\/p>\n<p>-Dana 28. aprila oko 21:40 \u010dasova, na raskrsnici magistralnog puta Prijedor-Sanski Most i Sarajevske ulice dogodila se saobra\u0107ajna nezgoda. Do\u0161lo je do slijetanja sa kolovoza putni\u010dkog automobile \u201cNisan Mikra\u201d kojim je upravljalo lice E.\u010c. (2000) iz Prijedora. Tom prilikom voza\u010d je zadobio lake tjelesne povrede &#8211; potvrdila je Vesna Pa\u010dariz, portparolka PU Prijedor.<\/p>\n<p>Uvi\u0111aj su obavili policijski slu\u017ebenici PS za bezbjednost saobra\u0107aja Prijedor.<\/p>\n<p>Nezgoda se dogodila u prijedorskom naselju Tukovi.<\/p>\n<p>Tekst i foto \u2013 Aleksandar Drakuli\u0107 \u2013 <a href=\"https:\/\/www.prijedordanas.com\" target=\"_blank\" rel=\"noopener noreferrer\">www.prijedordanas.com<\/a><\/p>\n<p>Vezane vijesti:<\/p>\n<p><a href=\"https:\/\/www.prijedordanas.com\/?p=126427\" target=\"_blank\" rel=\"noopener noreferrer\">NOVA SAOBRA\u0106AJKA: \u201cNISAN\u201d OBORIO OGRADU I UDARIO U ZID KU\u0106E, VOZA\u010c POVRIJE\u0110EN \u2013 FOTO<\/a><\/p>\n<p><a href=\"https:\/\/www.prijedordanas.com\/wp-content\/uploads\/2019\/04\/saobracajka-nisan-tukovi-4.jpg\"><img loading=\"lazy\" decoding=\"async\" class=\"alignleft size-medium wp-image-126422\" src=\"https:\/\/www.prijedordanas.com\/wp-content\/uploads\/2019\/04\/saobracajka-nisan-tukovi-4-300x199.jpg\" alt=\"\" width=\"300\" height=\"199\" srcset=\"https:\/\/www.prijedordanas.com\/wp-content\/uploads\/2019\/04\/saobracajka-nisan-tukovi-4-300x199.jpg 300w, https:\/\/www.prijedordanas.com\/wp-content\/uploads\/2019\/04\/saobracajka-nisan-tukovi-4-100x66.jpg 100w, https:\/\/www.prijedordanas.com\/wp-content\/uploads\/2019\/04\/saobracajka-nisan-tukovi-4-480x320.jpg 480w, https:\/\/www.prijedordanas.com\/wp-content\/uploads\/2019\/04\/saobracajka-nisan-tukovi-4.jpg 600w\" sizes=\"(max-width: 300px) 100vw, 300px\" \/><\/a> <a href=\"https:\/\/www.prijedordanas.com\/wp-content\/uploads\/2019\/04\/saobracajka-nisan-tukovi-5.jpg\"><img loading=\"lazy\" decoding=\"async\" class=\"alignleft size-medium wp-image-126423\" src=\"https:\/\/www.prijedordanas.com\/wp-content\/uploads\/2019\/04\/saobracajka-nisan-tukovi-5-300x199.jpg\" alt=\"\" width=\"300\" height=\"199\" srcset=\"https:\/\/www.prijedordanas.com\/wp-content\/uploads\/2019\/04\/saobracajka-nisan-tukovi-5-300x199.jpg 300w, https:\/\/www.prijedordanas.com\/wp-content\/uploads\/2019\/04\/saobracajka-nisan-tukovi-5-100x66.jpg 100w, https:\/\/www.prijedordanas.com\/wp-content\/uploads\/2019\/04\/saobracajka-nisan-tukovi-5-480x320.jpg 480w, https:\/\/www.prijedordanas.com\/wp-content\/uploads\/2019\/04\/saobracajka-nisan-tukovi-5.jpg 600w\" sizes=\"(max-width: 300px) 100vw, 300px\" \/><\/a> <a href=\"https:\/\/www.prijedordanas.com\/wp-content\/uploads\/2019\/04\/saobracajka-nisan-tukovi-7.jpg\"><img loading=\"lazy\" decoding=\"async\" class=\"alignleft size-medium wp-image-126425\" src=\"https:\/\/www.prijedordanas.com\/wp-content\/uploads\/2019\/04\/saobracajka-nisan-tukovi-7-300x199.jpg\" alt=\"\" width=\"300\" height=\"199\" srcset=\"https:\/\/www.prijedordanas.com\/wp-content\/uploads\/2019\/04\/saobracajka-nisan-tukovi-7-300x199.jpg 300w, https:\/\/www.prijedordanas.com\/wp-content\/uploads\/2019\/04\/saobracajka-nisan-tukovi-7-100x66.jpg 100w, https:\/\/www.prijedordanas.com\/wp-content\/uploads\/2019\/04\/saobracajka-nisan-tukovi-7-480x320.jpg 480w, https:\/\/www.prijedordanas.com\/wp-content\/uploads\/2019\/04\/saobracajka-nisan-tukovi-7.jpg 600w\" sizes=\"(max-width: 300px) 100vw, 300px\" \/><\/a><\/p>\n","protected":false},"excerpt":{"rendered":"<p>Na podru\u010dju koje pokriva Policijska uprava Prijedor proteklih dana dogodilo se nekoliko saobra\u0107ajki u kojima je bilo materijalne \u0161tete ali i povrije\u0111enih osoba. -Dana 28. aprila oko 21:40 \u010dasova, na [&hellip;]<\/p>\n","protected":false},"author":1,"featured_media":0,"comment_status":"closed","ping_status":"open","sticky":false,"template":"","format":"standard","meta":{"_monsterinsights_skip_tracking":false,"_monsterinsights_sitenote_active":false,"_monsterinsights_sitenote_note":"","_monsterinsights_sitenote_category":0,"footnotes":""},"categories":[5],"tags":[],"yoast_head":"<!-- This site is optimized with the Yoast SEO plugin v21.6 - https:\/\/yoast.com\/wordpress\/plugins\/seo\/ -->\n<title>DEVETNAESTOGODI\u0160NJI PRIJEDOR\u010cANIN POVRIJE\u0110EN NAKON \u0160TO JE \u201cNISANOM\u201d SRU\u0160IO OGRADU I UDARIO U ZID KU\u0106E - FOTO - PrijedorDanas.com - Prijedorski gradski portal<\/title>\n<meta name=\"robots\" content=\"index, follow, max-snippet:-1, max-image-preview:large, max-video-preview:-1\" \/>\n<link rel=\"canonical\" href=\"https:\/\/www.prijedordanas.com\/?p=126579\" \/>\n<meta property=\"og:locale\" content=\"en_US\" \/>\n<meta property=\"og:type\" content=\"article\" \/>\n<meta property=\"og:title\" content=\"DEVETNAESTOGODI\u0160NJI PRIJEDOR\u010cANIN POVRIJE\u0110EN NAKON \u0160TO JE \u201cNISANOM\u201d SRU\u0160IO OGRADU I UDARIO U ZID KU\u0106E - FOTO - PrijedorDanas.com - Prijedorski gradski portal\" \/>\n<meta property=\"og:description\" content=\"Na podru\u010dju koje pokriva Policijska uprava Prijedor proteklih dana dogodilo se nekoliko saobra\u0107ajki u kojima je bilo materijalne \u0161tete ali i povrije\u0111enih osoba. -Dana 28. aprila oko 21:40 \u010dasova, na [&hellip;]\" \/>\n<meta property=\"og:url\" content=\"https:\/\/www.prijedordanas.com\/?p=126579\" \/>\n<meta property=\"og:site_name\" content=\"PrijedorDanas.com - Prijedorski gradski portal\" \/>\n<meta property=\"article:publisher\" content=\"https:\/\/www.facebook.com\/PrijedorDanasCom\/\" \/>\n<meta property=\"article:published_time\" content=\"2019-04-30T20:19:21+00:00\" \/>\n<meta property=\"og:image\" content=\"https:\/\/www.prijedordanas.com\/wp-content\/uploads\/2019\/04\/saobracajka-nisan-tukovi-2-300x222.jpg\" \/>\n<meta name=\"author\" content=\"admin\" \/>\n<meta name=\"twitter:card\" content=\"summary_large_image\" \/>\n<meta name=\"twitter:label1\" content=\"Written by\" \/>\n\t<meta name=\"twitter:data1\" content=\"admin\" \/>\n\t<meta name=\"twitter:label2\" content=\"Est. reading time\" \/>\n\t<meta name=\"twitter:data2\" content=\"1 minute\" \/>\n<script type=\"application\/ld+json\" class=\"yoast-schema-graph\">{\"@context\":\"https:\/\/schema.org\",\"@graph\":[{\"@type\":\"Article\",\"@id\":\"https:\/\/www.prijedordanas.com\/?p=126579#article\",\"isPartOf\":{\"@id\":\"https:\/\/www.prijedordanas.com\/?p=126579\"},\"author\":{\"name\":\"admin\",\"@id\":\"https:\/\/www.prijedordanas.com\/#\/schema\/person\/4e08ccf29b506ca916ff86d46bb700e6\"},\"headline\":\"DEVETNAESTOGODI\u0160NJI PRIJEDOR\u010cANIN POVRIJE\u0110EN NAKON \u0160TO JE \u201cNISANOM\u201d SRU\u0160IO OGRADU I UDARIO U ZID KU\u0106E &#8211; FOTO\",\"datePublished\":\"2019-04-30T20:19:21+00:00\",\"dateModified\":\"2019-04-30T20:19:21+00:00\",\"mainEntityOfPage\":{\"@id\":\"https:\/\/www.prijedordanas.com\/?p=126579\"},\"wordCount\":147,\"publisher\":{\"@id\":\"https:\/\/www.prijedordanas.com\/#organization\"},\"articleSection\":[\"Hronika\"],\"inLanguage\":\"en-US\"},{\"@type\":\"WebPage\",\"@id\":\"https:\/\/www.prijedordanas.com\/?p=126579\",\"url\":\"https:\/\/www.prijedordanas.com\/?p=126579\",\"name\":\"DEVETNAESTOGODI\u0160NJI PRIJEDOR\u010cANIN POVRIJE\u0110EN NAKON \u0160TO JE \u201cNISANOM\u201d SRU\u0160IO OGRADU I UDARIO U ZID KU\u0106E - FOTO - PrijedorDanas.com - Prijedorski gradski portal\",\"isPartOf\":{\"@id\":\"https:\/\/www.prijedordanas.com\/#website\"},\"datePublished\":\"2019-04-30T20:19:21+00:00\",\"dateModified\":\"2019-04-30T20:19:21+00:00\",\"breadcrumb\":{\"@id\":\"https:\/\/www.prijedordanas.com\/?p=126579#breadcrumb\"},\"inLanguage\":\"en-US\",\"potentialAction\":[{\"@type\":\"ReadAction\",\"target\":[\"https:\/\/www.prijedordanas.com\/?p=126579\"]}]},{\"@type\":\"BreadcrumbList\",\"@id\":\"https:\/\/www.prijedordanas.com\/?p=126579#breadcrumb\",\"itemListElement\":[{\"@type\":\"ListItem\",\"position\":1,\"name\":\"Home\",\"item\":\"https:\/\/www.prijedordanas.com\/\"},{\"@type\":\"ListItem\",\"position\":2,\"name\":\"DEVETNAESTOGODI\u0160NJI PRIJEDOR\u010cANIN POVRIJE\u0110EN NAKON \u0160TO JE \u201cNISANOM\u201d SRU\u0160IO OGRADU I UDARIO U ZID KU\u0106E &#8211; FOTO\"}]},{\"@type\":\"WebSite\",\"@id\":\"https:\/\/www.prijedordanas.com\/#website\",\"url\":\"https:\/\/www.prijedordanas.com\/\",\"name\":\"PrijedorDanas.com - Prijedorski gradski portal\",\"description\":\"Portal o doga\u0111anjima u gradu Prijedoru\",\"publisher\":{\"@id\":\"https:\/\/www.prijedordanas.com\/#organization\"},\"potentialAction\":[{\"@type\":\"SearchAction\",\"target\":{\"@type\":\"EntryPoint\",\"urlTemplate\":\"https:\/\/www.prijedordanas.com\/?s={search_term_string}\"},\"query-input\":\"required name=search_term_string\"}],\"inLanguage\":\"en-US\"},{\"@type\":\"Organization\",\"@id\":\"https:\/\/www.prijedordanas.com\/#organization\",\"name\":\"PrijedorDanas.com\",\"url\":\"https:\/\/www.prijedordanas.com\/\",\"logo\":{\"@type\":\"ImageObject\",\"inLanguage\":\"en-US\",\"@id\":\"https:\/\/www.prijedordanas.com\/#\/schema\/logo\/image\/\",\"url\":\"http:\/\/www.prijedordanas.com\/wp-content\/uploads\/2021\/12\/logopng.png\",\"contentUrl\":\"http:\/\/www.prijedordanas.com\/wp-content\/uploads\/2021\/12\/logopng.png\",\"width\":1019,\"height\":776,\"caption\":\"PrijedorDanas.com\"},\"image\":{\"@id\":\"https:\/\/www.prijedordanas.com\/#\/schema\/logo\/image\/\"},\"sameAs\":[\"https:\/\/www.facebook.com\/PrijedorDanasCom\/\"]},{\"@type\":\"Person\",\"@id\":\"https:\/\/www.prijedordanas.com\/#\/schema\/person\/4e08ccf29b506ca916ff86d46bb700e6\",\"name\":\"admin\",\"image\":{\"@type\":\"ImageObject\",\"inLanguage\":\"en-US\",\"@id\":\"https:\/\/www.prijedordanas.com\/#\/schema\/person\/image\/\",\"url\":\"https:\/\/secure.gravatar.com\/avatar\/1d3fc949d550f0b53a5f0d51e06dfd79?s=96&d=mm&r=g\",\"contentUrl\":\"https:\/\/secure.gravatar.com\/avatar\/1d3fc949d550f0b53a5f0d51e06dfd79?s=96&d=mm&r=g\",\"caption\":\"admin\"},\"url\":\"https:\/\/www.prijedordanas.com\/?author=1\"}]}<\/script>\n<!-- \/ Yoast SEO plugin. -->","yoast_head_json":{"title":"DEVETNAESTOGODI\u0160NJI PRIJEDOR\u010cANIN POVRIJE\u0110EN NAKON \u0160TO JE \u201cNISANOM\u201d SRU\u0160IO OGRADU I UDARIO U ZID KU\u0106E - FOTO - PrijedorDanas.com - Prijedorski gradski portal","robots":{"index":"index","follow":"follow","max-snippet":"max-snippet:-1","max-image-preview":"max-image-preview:large","max-video-preview":"max-video-preview:-1"},"canonical":"https:\/\/www.prijedordanas.com\/?p=126579","og_locale":"en_US","og_type":"article","og_title":"DEVETNAESTOGODI\u0160NJI PRIJEDOR\u010cANIN POVRIJE\u0110EN NAKON \u0160TO JE \u201cNISANOM\u201d SRU\u0160IO OGRADU I UDARIO U ZID KU\u0106E - FOTO - PrijedorDanas.com - Prijedorski gradski portal","og_description":"Na podru\u010dju koje pokriva Policijska uprava Prijedor proteklih dana dogodilo se nekoliko saobra\u0107ajki u kojima je bilo materijalne \u0161tete ali i povrije\u0111enih osoba. -Dana 28. aprila oko 21:40 \u010dasova, na [&hellip;]","og_url":"https:\/\/www.prijedordanas.com\/?p=126579","og_site_name":"PrijedorDanas.com - Prijedorski gradski portal","article_publisher":"https:\/\/www.facebook.com\/PrijedorDanasCom\/","article_published_time":"2019-04-30T20:19:21+00:00","og_image":[{"url":"https:\/\/www.prijedordanas.com\/wp-content\/uploads\/2019\/04\/saobracajka-nisan-tukovi-2-300x222.jpg"}],"author":"admin","twitter_card":"summary_large_image","twitter_misc":{"Written by":"admin","Est. reading time":"1 minute"},"schema":{"@context":"https:\/\/schema.org","@graph":[{"@type":"Article","@id":"https:\/\/www.prijedordanas.com\/?p=126579#article","isPartOf":{"@id":"https:\/\/www.prijedordanas.com\/?p=126579"},"author":{"name":"admin","@id":"https:\/\/www.prijedordanas.com\/#\/schema\/person\/4e08ccf29b506ca916ff86d46bb700e6"},"headline":"DEVETNAESTOGODI\u0160NJI PRIJEDOR\u010cANIN POVRIJE\u0110EN NAKON \u0160TO JE \u201cNISANOM\u201d SRU\u0160IO OGRADU I UDARIO U ZID KU\u0106E &#8211; FOTO","datePublished":"2019-04-30T20:19:21+00:00","dateModified":"2019-04-30T20:19:21+00:00","mainEntityOfPage":{"@id":"https:\/\/www.prijedordanas.com\/?p=126579"},"wordCount":147,"publisher":{"@id":"https:\/\/www.prijedordanas.com\/#organization"},"articleSection":["Hronika"],"inLanguage":"en-US"},{"@type":"WebPage","@id":"https:\/\/www.prijedordanas.com\/?p=126579","url":"https:\/\/www.prijedordanas.com\/?p=126579","name":"DEVETNAESTOGODI\u0160NJI PRIJEDOR\u010cANIN POVRIJE\u0110EN NAKON \u0160TO JE \u201cNISANOM\u201d SRU\u0160IO OGRADU I UDARIO U ZID KU\u0106E - FOTO - PrijedorDanas.com - Prijedorski gradski portal","isPartOf":{"@id":"https:\/\/www.prijedordanas.com\/#website"},"datePublished":"2019-04-30T20:19:21+00:00","dateModified":"2019-04-30T20:19:21+00:00","breadcrumb":{"@id":"https:\/\/www.prijedordanas.com\/?p=126579#breadcrumb"},"inLanguage":"en-US","potentialAction":[{"@type":"ReadAction","target":["https:\/\/www.prijedordanas.com\/?p=126579"]}]},{"@type":"BreadcrumbList","@id":"https:\/\/www.prijedordanas.com\/?p=126579#breadcrumb","itemListElement":[{"@type":"ListItem","position":1,"name":"Home","item":"https:\/\/www.prijedordanas.com\/"},{"@type":"ListItem","position":2,"name":"DEVETNAESTOGODI\u0160NJI PRIJEDOR\u010cANIN POVRIJE\u0110EN NAKON \u0160TO JE \u201cNISANOM\u201d SRU\u0160IO OGRADU I UDARIO U ZID KU\u0106E &#8211; FOTO"}]},{"@type":"WebSite","@id":"https:\/\/www.prijedordanas.com\/#website","url":"https:\/\/www.prijedordanas.com\/","name":"PrijedorDanas.com - Prijedorski gradski portal","description":"Portal o doga\u0111anjima u gradu Prijedoru","publisher":{"@id":"https:\/\/www.prijedordanas.com\/#organization"},"potentialAction":[{"@type":"SearchAction","target":{"@type":"EntryPoint","urlTemplate":"https:\/\/www.prijedordanas.com\/?s={search_term_string}"},"query-input":"required name=search_term_string"}],"inLanguage":"en-US"},{"@type":"Organization","@id":"https:\/\/www.prijedordanas.com\/#organization","name":"PrijedorDanas.com","url":"https:\/\/www.prijedordanas.com\/","logo":{"@type":"ImageObject","inLanguage":"en-US","@id":"https:\/\/www.prijedordanas.com\/#\/schema\/logo\/image\/","url":"http:\/\/www.prijedordanas.com\/wp-content\/uploads\/2021\/12\/logopng.png","contentUrl":"http:\/\/www.prijedordanas.com\/wp-content\/uploads\/2021\/12\/logopng.png","width":1019,"height":776,"caption":"PrijedorDanas.com"},"image":{"@id":"https:\/\/www.prijedordanas.com\/#\/schema\/logo\/image\/"},"sameAs":["https:\/\/www.facebook.com\/PrijedorDanasCom\/"]},{"@type":"Person","@id":"https:\/\/www.prijedordanas.com\/#\/schema\/person\/4e08ccf29b506ca916ff86d46bb700e6","name":"admin","image":{"@type":"ImageObject","inLanguage":"en-US","@id":"https:\/\/www.prijedordanas.com\/#\/schema\/person\/image\/","url":"https:\/\/secure.gravatar.com\/avatar\/1d3fc949d550f0b53a5f0d51e06dfd79?s=96&d=mm&r=g","contentUrl":"https:\/\/secure.gravatar.com\/avatar\/1d3fc949d550f0b53a5f0d51e06dfd79?s=96&d=mm&r=g","caption":"admin"},"url":"https:\/\/www.prijedordanas.com\/?author=1"}]}},"_links":{"self":[{"href":"https:\/\/www.prijedordanas.com\/index.php?rest_route=\/wp\/v2\/posts\/126579"}],"collection":[{"href":"https:\/\/www.prijedordanas.com\/index.php?rest_route=\/wp\/v2\/posts"}],"about":[{"href":"https:\/\/www.prijedordanas.com\/index.php?rest_route=\/wp\/v2\/types\/post"}],"author":[{"embeddable":true,"href":"https:\/\/www.prijedordanas.com\/index.php?rest_route=\/wp\/v2\/users\/1"}],"replies":[{"embeddable":true,"href":"https:\/\/www.prijedordanas.com\/index.php?rest_route=%2Fwp%2Fv2%2Fcomments&post=126579"}],"version-history":[{"count":1,"href":"https:\/\/www.prijedordanas.com\/index.php?rest_route=\/wp\/v2\/posts\/126579\/revisions"}],"predecessor-version":[{"id":126580,"href":"https:\/\/www.prijedordanas.com\/index.php?rest_route=\/wp\/v2\/posts\/126579\/revisions\/126580"}],"wp:attachment":[{"href":"https:\/\/www.prijedordanas.com\/index.php?rest_route=%2Fwp%2Fv2%2Fmedia&parent=126579"}],"wp:term":[{"taxonomy":"category","embeddable":true,"href":"https:\/\/www.prijedordanas.com\/index.php?rest_route=%2Fwp%2Fv2%2Fcategories&post=126579"},{"taxonomy":"post_tag","embeddable":true,"href":"https:\/\/www.prijedordanas.com\/index.php?rest_route=%2Fwp%2Fv2%2Ftags&post=126579"}],"curies":[{"name":"wp","href":"https:\/\/api.w.org\/{rel}","templated":true}]}}