{"id":126438,"date":"2019-04-29T16:00:34","date_gmt":"2019-04-29T14:00:34","guid":{"rendered":"https:\/\/www.prijedordanas.com\/?p=126438"},"modified":"2019-04-29T16:00:34","modified_gmt":"2019-04-29T14:00:34","slug":"teska-sudbina-safeta-mjestani-ljubije-traze-pomoc-za-nepokretnog-i-bolesnog-komsiju","status":"publish","type":"post","link":"https:\/\/www.prijedordanas.com\/?p=126438","title":{"rendered":"TE\u0160KA SUDBINA SAFETA: MJE\u0160TANI LJUBIJE TRA\u017dE POMO\u0106 ZA NEPOKRETNOG I BOLESNOG KOM\u0160IJU"},"content":{"rendered":"<p><a href=\"https:\/\/www.prijedordanas.com\/wp-content\/uploads\/2019\/04\/safet-demiri-1.jpg\"><img loading=\"lazy\" decoding=\"async\" class=\"alignleft size-medium wp-image-126439\" src=\"https:\/\/www.prijedordanas.com\/wp-content\/uploads\/2019\/04\/safet-demiri-1-300x222.jpg\" alt=\"\" width=\"300\" height=\"222\" srcset=\"https:\/\/www.prijedordanas.com\/wp-content\/uploads\/2019\/04\/safet-demiri-1-300x222.jpg 300w, https:\/\/www.prijedordanas.com\/wp-content\/uploads\/2019\/04\/safet-demiri-1-100x74.jpg 100w, https:\/\/www.prijedordanas.com\/wp-content\/uploads\/2019\/04\/safet-demiri-1.jpg 675w\" sizes=\"(max-width: 300px) 100vw, 300px\" \/><\/a>Mje\u0161tani Gornje Ljubije kod Prijedora apeluju na nadle\u017ene da se uklju\u010de u rje\u0161avanje problema Safeta Demirija (44) iz ovog mjesta koji je nepokretan i izba\u010den iz svoje ku\u0107e.<\/p>\n<p>Naime, on je prije par godina ostao nepokretan i trenutno \u017eivi kao podstanar u jednoj sobici u ovoj rudarskoj varo\u0161ici.<\/p>\n<p>Mje\u0161tani ka\u017eu da Safeta pamte kao momka sa mentalnim te\u0161ko\u0107ama i da ga \u017eivot nikada nije mazio.<\/p>\n<p>\u2013 Njegov otac se nakon rata vratio iz Srbije u Gornju Ljubiju i doveo i njega sa sobom, dok je majka ostala tamo. Otac se ponovo o\u017eenio a umro je prije tri godine. Nakon toga ma\u0107eha je Safeta izbacila iz ku\u0107e i on je par godina \u017eivio u \u0161tali pored ku\u0107e i tu je promrazao i onda je postao nepokretan \u2013 tvrde mje\u0161tani.<\/p>\n<p><a href=\"https:\/\/www.prijedordanas.com\/wp-content\/uploads\/2019\/04\/safet-demiri-2.jpg\"><img loading=\"lazy\" decoding=\"async\" class=\"alignleft size-medium wp-image-126440\" src=\"https:\/\/www.prijedordanas.com\/wp-content\/uploads\/2019\/04\/safet-demiri-2-300x222.jpg\" alt=\"\" width=\"300\" height=\"222\" srcset=\"https:\/\/www.prijedordanas.com\/wp-content\/uploads\/2019\/04\/safet-demiri-2-300x222.jpg 300w, https:\/\/www.prijedordanas.com\/wp-content\/uploads\/2019\/04\/safet-demiri-2-100x74.jpg 100w, https:\/\/www.prijedordanas.com\/wp-content\/uploads\/2019\/04\/safet-demiri-2.jpg 675w\" sizes=\"(max-width: 300px) 100vw, 300px\" \/><\/a>Dodaju da ga je brat, koji ina\u010de \u017eivi u inostranstvu prije par mjeseci smjestio u privatni smje\u0161taj.<\/p>\n<p>\u2013 To je bilo prije \u010detiri mjeseca i dogovorili su sa vlasnikom ku\u0107e da mu za sobu i vodu koju koristi Safet pla\u0107aju 75 marka mjese\u010dno. Me\u0111utim, brat se nije vi\u0161e pojavio, a vlasnik ku\u0107e tra\u017ei da mu se plati kirija pa strahujemo da \u0107e Safet opet biti na ulici \u2013 ka\u017eu oni.<\/p>\n<p>Navode da Safet dobija 120 KM nov\u010dane pomo\u0107i od Centra za socijalni rad te jo\u0161 165 KM za tu\u0111u njegu i pomo\u0107.<\/p>\n<p>\u2013 \u010covjek koji presvla\u010di Safeta i nosi mu hranu iz javne kuhinje uzima tih 165 KM, ali i bilje\u017ei Safetu dug jer je sa njegovim bratom dogovorio da taj posao obavlja za 300 KM mjese\u010dno. Ostalo 120 KM kom\u0161ije potro\u0161e za lijekove koje kupuju Safetu, pelene, maramice, a moramo mu ponekad kupiti i vo\u0107e \u2013 pri\u010daju kom\u0161ije.<\/p>\n<p><a href=\"https:\/\/www.prijedordanas.com\/wp-content\/uploads\/2019\/04\/safet-demiri-3.jpg\"><img loading=\"lazy\" decoding=\"async\" src=\"https:\/\/www.prijedordanas.com\/wp-content\/uploads\/2019\/04\/safet-demiri-3-300x222.jpg\" alt=\"\" width=\"300\" height=\"222\" class=\"alignleft size-medium wp-image-126441\" srcset=\"https:\/\/www.prijedordanas.com\/wp-content\/uploads\/2019\/04\/safet-demiri-3-300x222.jpg 300w, https:\/\/www.prijedordanas.com\/wp-content\/uploads\/2019\/04\/safet-demiri-3-100x74.jpg 100w, https:\/\/www.prijedordanas.com\/wp-content\/uploads\/2019\/04\/safet-demiri-3.jpg 675w\" sizes=\"(max-width: 300px) 100vw, 300px\" \/><\/a>Dodaju da je Safetu skinut kateter prije nekoliko dana jer su mu se pojavile rane i infekcije, te da je te\u0161ko prona\u0107i nekoga ko \u0107e da pere njegovu garederobu i posteljinu.<\/p>\n<p>Zahvaljuju se doktoru i doktorici u lokalnom Domu zdravlja koji obilaze Safeta.<\/p>\n<p>\u2013 Ljekari su nam rekli da bi Safet ponovo mogao da stane na svoje noge ako se bude lije\u010dio u banji. Molimo nadle\u017ene da se smiluju nad ovim \u010dovjekom koji nigdje ne pripada i omogu\u0107e mu da ode u banju. Tako\u0111e, apelujemo na nadle\u017ene da pomognu Safetu da u\u0111e u svoju ku\u0107u nakon \u0161to se izlje\u010di u banji \u2013 vapaji su nekolicine mje\u0161tana koji vode ra\u010duna o ovom bolesnom \u010dovjeku.<\/p>\n<p>Dodaju da je Safetu kao i ostalim \u010dlanovima porodice pripala jedna \u010detvrtina o\u010deve ku\u0107e te da je nepravedno da bude izba\u010den na ulicu.<\/p>\n<p>Isti\u010du da je \u017ealosno \u0161to on ima samo jedan obrok dnevno iz javne kuhinje i navode da mu dobri ljudi donose hranu i poma\u017eu da pre\u017eivi.<\/p>\n<p>\u2013 Nikoga on nema osim par kom\u0161ija. Zvao je telefonom majku koja \u017eivi u Srbiji i koja je navodno alkoholi\u010dar. Ka\u017ee joj \u201cDo\u0111i majko da vidi\u0161 svoga sina\u201d, a ona mu ka\u017ee \u201cNemam ja \u0161ta gledati!\u201d \u2013 tvrde mje\u0161tani.<\/p>\n<p>Navode da mu je Merhamet nabavio namje\u0161taj te je organizovana akcija skupljanja nov\u010dane pomo\u0107i.<\/p>\n<p>\u2013 Taj novac Merhamet ne mo\u017ee da koristi za lije\u010denje Safeta u banji ve\u0107 samo za nabavku hrane. Zato jo\u0161 jednom molimo nadle\u017ene da pomognu da Safet stane na noge i da se vrati u o\u010devu ku\u0107u koja je i njegova ili da ga smjeste u odgovaraju\u0107u zdravstvenu ustanovu \u2013 ka\u017eu mje\u0161tani.<\/p>\n<p>EuroBlic-srpskainfo.com<\/p>\n","protected":false},"excerpt":{"rendered":"<p>Mje\u0161tani Gornje Ljubije kod Prijedora apeluju na nadle\u017ene da se uklju\u010de u rje\u0161avanje problema Safeta Demirija (44) iz ovog mjesta koji je nepokretan i izba\u010den iz svoje ku\u0107e. Naime, on [&hellip;]<\/p>\n","protected":false},"author":1,"featured_media":0,"comment_status":"closed","ping_status":"open","sticky":false,"template":"","format":"standard","meta":{"_monsterinsights_skip_tracking":false,"_monsterinsights_sitenote_active":false,"_monsterinsights_sitenote_note":"","_monsterinsights_sitenote_category":0,"footnotes":""},"categories":[3],"tags":[],"yoast_head":"<!-- This site is optimized with the Yoast SEO plugin v21.6 - https:\/\/yoast.com\/wordpress\/plugins\/seo\/ -->\n<title>TE\u0160KA SUDBINA SAFETA: MJE\u0160TANI LJUBIJE TRA\u017dE POMO\u0106 ZA NEPOKRETNOG I BOLESNOG KOM\u0160IJU - PrijedorDanas.com - Prijedorski gradski portal<\/title>\n<meta name=\"robots\" content=\"index, follow, max-snippet:-1, max-image-preview:large, max-video-preview:-1\" \/>\n<link rel=\"canonical\" href=\"https:\/\/www.prijedordanas.com\/?p=126438\" \/>\n<meta property=\"og:locale\" content=\"en_US\" \/>\n<meta property=\"og:type\" content=\"article\" \/>\n<meta property=\"og:title\" content=\"TE\u0160KA SUDBINA SAFETA: MJE\u0160TANI LJUBIJE TRA\u017dE POMO\u0106 ZA NEPOKRETNOG I BOLESNOG KOM\u0160IJU - PrijedorDanas.com - Prijedorski gradski portal\" \/>\n<meta property=\"og:description\" content=\"Mje\u0161tani Gornje Ljubije kod Prijedora apeluju na nadle\u017ene da se uklju\u010de u rje\u0161avanje problema Safeta Demirija (44) iz ovog mjesta koji je nepokretan i izba\u010den iz svoje ku\u0107e. Naime, on [&hellip;]\" \/>\n<meta property=\"og:url\" content=\"https:\/\/www.prijedordanas.com\/?p=126438\" \/>\n<meta property=\"og:site_name\" content=\"PrijedorDanas.com - Prijedorski gradski portal\" \/>\n<meta property=\"article:publisher\" content=\"https:\/\/www.facebook.com\/PrijedorDanasCom\/\" \/>\n<meta property=\"article:published_time\" content=\"2019-04-29T14:00:34+00:00\" \/>\n<meta property=\"og:image\" content=\"https:\/\/www.prijedordanas.com\/wp-content\/uploads\/2019\/04\/safet-demiri-1-300x222.jpg\" \/>\n<meta name=\"author\" content=\"admin\" \/>\n<meta name=\"twitter:card\" content=\"summary_large_image\" \/>\n<meta name=\"twitter:label1\" content=\"Written by\" \/>\n\t<meta name=\"twitter:data1\" content=\"admin\" \/>\n\t<meta name=\"twitter:label2\" content=\"Est. reading time\" \/>\n\t<meta name=\"twitter:data2\" content=\"3 minutes\" \/>\n<script type=\"application\/ld+json\" class=\"yoast-schema-graph\">{\"@context\":\"https:\/\/schema.org\",\"@graph\":[{\"@type\":\"Article\",\"@id\":\"https:\/\/www.prijedordanas.com\/?p=126438#article\",\"isPartOf\":{\"@id\":\"https:\/\/www.prijedordanas.com\/?p=126438\"},\"author\":{\"name\":\"admin\",\"@id\":\"https:\/\/www.prijedordanas.com\/#\/schema\/person\/4e08ccf29b506ca916ff86d46bb700e6\"},\"headline\":\"TE\u0160KA SUDBINA SAFETA: MJE\u0160TANI LJUBIJE TRA\u017dE POMO\u0106 ZA NEPOKRETNOG I BOLESNOG KOM\u0160IJU\",\"datePublished\":\"2019-04-29T14:00:34+00:00\",\"dateModified\":\"2019-04-29T14:00:34+00:00\",\"mainEntityOfPage\":{\"@id\":\"https:\/\/www.prijedordanas.com\/?p=126438\"},\"wordCount\":615,\"publisher\":{\"@id\":\"https:\/\/www.prijedordanas.com\/#organization\"},\"articleSection\":[\"\u017divot\"],\"inLanguage\":\"en-US\"},{\"@type\":\"WebPage\",\"@id\":\"https:\/\/www.prijedordanas.com\/?p=126438\",\"url\":\"https:\/\/www.prijedordanas.com\/?p=126438\",\"name\":\"TE\u0160KA SUDBINA SAFETA: MJE\u0160TANI LJUBIJE TRA\u017dE POMO\u0106 ZA NEPOKRETNOG I BOLESNOG KOM\u0160IJU - PrijedorDanas.com - Prijedorski gradski portal\",\"isPartOf\":{\"@id\":\"https:\/\/www.prijedordanas.com\/#website\"},\"datePublished\":\"2019-04-29T14:00:34+00:00\",\"dateModified\":\"2019-04-29T14:00:34+00:00\",\"breadcrumb\":{\"@id\":\"https:\/\/www.prijedordanas.com\/?p=126438#breadcrumb\"},\"inLanguage\":\"en-US\",\"potentialAction\":[{\"@type\":\"ReadAction\",\"target\":[\"https:\/\/www.prijedordanas.com\/?p=126438\"]}]},{\"@type\":\"BreadcrumbList\",\"@id\":\"https:\/\/www.prijedordanas.com\/?p=126438#breadcrumb\",\"itemListElement\":[{\"@type\":\"ListItem\",\"position\":1,\"name\":\"Home\",\"item\":\"https:\/\/www.prijedordanas.com\/\"},{\"@type\":\"ListItem\",\"position\":2,\"name\":\"TE\u0160KA SUDBINA SAFETA: MJE\u0160TANI LJUBIJE TRA\u017dE POMO\u0106 ZA NEPOKRETNOG I BOLESNOG KOM\u0160IJU\"}]},{\"@type\":\"WebSite\",\"@id\":\"https:\/\/www.prijedordanas.com\/#website\",\"url\":\"https:\/\/www.prijedordanas.com\/\",\"name\":\"PrijedorDanas.com - Prijedorski gradski portal\",\"description\":\"Portal o doga\u0111anjima u gradu Prijedoru\",\"publisher\":{\"@id\":\"https:\/\/www.prijedordanas.com\/#organization\"},\"potentialAction\":[{\"@type\":\"SearchAction\",\"target\":{\"@type\":\"EntryPoint\",\"urlTemplate\":\"https:\/\/www.prijedordanas.com\/?s={search_term_string}\"},\"query-input\":\"required name=search_term_string\"}],\"inLanguage\":\"en-US\"},{\"@type\":\"Organization\",\"@id\":\"https:\/\/www.prijedordanas.com\/#organization\",\"name\":\"PrijedorDanas.com\",\"url\":\"https:\/\/www.prijedordanas.com\/\",\"logo\":{\"@type\":\"ImageObject\",\"inLanguage\":\"en-US\",\"@id\":\"https:\/\/www.prijedordanas.com\/#\/schema\/logo\/image\/\",\"url\":\"http:\/\/www.prijedordanas.com\/wp-content\/uploads\/2021\/12\/logopng.png\",\"contentUrl\":\"http:\/\/www.prijedordanas.com\/wp-content\/uploads\/2021\/12\/logopng.png\",\"width\":1019,\"height\":776,\"caption\":\"PrijedorDanas.com\"},\"image\":{\"@id\":\"https:\/\/www.prijedordanas.com\/#\/schema\/logo\/image\/\"},\"sameAs\":[\"https:\/\/www.facebook.com\/PrijedorDanasCom\/\"]},{\"@type\":\"Person\",\"@id\":\"https:\/\/www.prijedordanas.com\/#\/schema\/person\/4e08ccf29b506ca916ff86d46bb700e6\",\"name\":\"admin\",\"image\":{\"@type\":\"ImageObject\",\"inLanguage\":\"en-US\",\"@id\":\"https:\/\/www.prijedordanas.com\/#\/schema\/person\/image\/\",\"url\":\"https:\/\/secure.gravatar.com\/avatar\/1d3fc949d550f0b53a5f0d51e06dfd79?s=96&d=mm&r=g\",\"contentUrl\":\"https:\/\/secure.gravatar.com\/avatar\/1d3fc949d550f0b53a5f0d51e06dfd79?s=96&d=mm&r=g\",\"caption\":\"admin\"},\"url\":\"https:\/\/www.prijedordanas.com\/?author=1\"}]}<\/script>\n<!-- \/ Yoast SEO plugin. -->","yoast_head_json":{"title":"TE\u0160KA SUDBINA SAFETA: MJE\u0160TANI LJUBIJE TRA\u017dE POMO\u0106 ZA NEPOKRETNOG I BOLESNOG KOM\u0160IJU - PrijedorDanas.com - Prijedorski gradski portal","robots":{"index":"index","follow":"follow","max-snippet":"max-snippet:-1","max-image-preview":"max-image-preview:large","max-video-preview":"max-video-preview:-1"},"canonical":"https:\/\/www.prijedordanas.com\/?p=126438","og_locale":"en_US","og_type":"article","og_title":"TE\u0160KA SUDBINA SAFETA: MJE\u0160TANI LJUBIJE TRA\u017dE POMO\u0106 ZA NEPOKRETNOG I BOLESNOG KOM\u0160IJU - PrijedorDanas.com - Prijedorski gradski portal","og_description":"Mje\u0161tani Gornje Ljubije kod Prijedora apeluju na nadle\u017ene da se uklju\u010de u rje\u0161avanje problema Safeta Demirija (44) iz ovog mjesta koji je nepokretan i izba\u010den iz svoje ku\u0107e. Naime, on [&hellip;]","og_url":"https:\/\/www.prijedordanas.com\/?p=126438","og_site_name":"PrijedorDanas.com - Prijedorski gradski portal","article_publisher":"https:\/\/www.facebook.com\/PrijedorDanasCom\/","article_published_time":"2019-04-29T14:00:34+00:00","og_image":[{"url":"https:\/\/www.prijedordanas.com\/wp-content\/uploads\/2019\/04\/safet-demiri-1-300x222.jpg"}],"author":"admin","twitter_card":"summary_large_image","twitter_misc":{"Written by":"admin","Est. reading time":"3 minutes"},"schema":{"@context":"https:\/\/schema.org","@graph":[{"@type":"Article","@id":"https:\/\/www.prijedordanas.com\/?p=126438#article","isPartOf":{"@id":"https:\/\/www.prijedordanas.com\/?p=126438"},"author":{"name":"admin","@id":"https:\/\/www.prijedordanas.com\/#\/schema\/person\/4e08ccf29b506ca916ff86d46bb700e6"},"headline":"TE\u0160KA SUDBINA SAFETA: MJE\u0160TANI LJUBIJE TRA\u017dE POMO\u0106 ZA NEPOKRETNOG I BOLESNOG KOM\u0160IJU","datePublished":"2019-04-29T14:00:34+00:00","dateModified":"2019-04-29T14:00:34+00:00","mainEntityOfPage":{"@id":"https:\/\/www.prijedordanas.com\/?p=126438"},"wordCount":615,"publisher":{"@id":"https:\/\/www.prijedordanas.com\/#organization"},"articleSection":["\u017divot"],"inLanguage":"en-US"},{"@type":"WebPage","@id":"https:\/\/www.prijedordanas.com\/?p=126438","url":"https:\/\/www.prijedordanas.com\/?p=126438","name":"TE\u0160KA SUDBINA SAFETA: MJE\u0160TANI LJUBIJE TRA\u017dE POMO\u0106 ZA NEPOKRETNOG I BOLESNOG KOM\u0160IJU - PrijedorDanas.com - Prijedorski gradski portal","isPartOf":{"@id":"https:\/\/www.prijedordanas.com\/#website"},"datePublished":"2019-04-29T14:00:34+00:00","dateModified":"2019-04-29T14:00:34+00:00","breadcrumb":{"@id":"https:\/\/www.prijedordanas.com\/?p=126438#breadcrumb"},"inLanguage":"en-US","potentialAction":[{"@type":"ReadAction","target":["https:\/\/www.prijedordanas.com\/?p=126438"]}]},{"@type":"BreadcrumbList","@id":"https:\/\/www.prijedordanas.com\/?p=126438#breadcrumb","itemListElement":[{"@type":"ListItem","position":1,"name":"Home","item":"https:\/\/www.prijedordanas.com\/"},{"@type":"ListItem","position":2,"name":"TE\u0160KA SUDBINA SAFETA: MJE\u0160TANI LJUBIJE TRA\u017dE POMO\u0106 ZA NEPOKRETNOG I BOLESNOG KOM\u0160IJU"}]},{"@type":"WebSite","@id":"https:\/\/www.prijedordanas.com\/#website","url":"https:\/\/www.prijedordanas.com\/","name":"PrijedorDanas.com - Prijedorski gradski portal","description":"Portal o doga\u0111anjima u gradu Prijedoru","publisher":{"@id":"https:\/\/www.prijedordanas.com\/#organization"},"potentialAction":[{"@type":"SearchAction","target":{"@type":"EntryPoint","urlTemplate":"https:\/\/www.prijedordanas.com\/?s={search_term_string}"},"query-input":"required name=search_term_string"}],"inLanguage":"en-US"},{"@type":"Organization","@id":"https:\/\/www.prijedordanas.com\/#organization","name":"PrijedorDanas.com","url":"https:\/\/www.prijedordanas.com\/","logo":{"@type":"ImageObject","inLanguage":"en-US","@id":"https:\/\/www.prijedordanas.com\/#\/schema\/logo\/image\/","url":"http:\/\/www.prijedordanas.com\/wp-content\/uploads\/2021\/12\/logopng.png","contentUrl":"http:\/\/www.prijedordanas.com\/wp-content\/uploads\/2021\/12\/logopng.png","width":1019,"height":776,"caption":"PrijedorDanas.com"},"image":{"@id":"https:\/\/www.prijedordanas.com\/#\/schema\/logo\/image\/"},"sameAs":["https:\/\/www.facebook.com\/PrijedorDanasCom\/"]},{"@type":"Person","@id":"https:\/\/www.prijedordanas.com\/#\/schema\/person\/4e08ccf29b506ca916ff86d46bb700e6","name":"admin","image":{"@type":"ImageObject","inLanguage":"en-US","@id":"https:\/\/www.prijedordanas.com\/#\/schema\/person\/image\/","url":"https:\/\/secure.gravatar.com\/avatar\/1d3fc949d550f0b53a5f0d51e06dfd79?s=96&d=mm&r=g","contentUrl":"https:\/\/secure.gravatar.com\/avatar\/1d3fc949d550f0b53a5f0d51e06dfd79?s=96&d=mm&r=g","caption":"admin"},"url":"https:\/\/www.prijedordanas.com\/?author=1"}]}},"_links":{"self":[{"href":"https:\/\/www.prijedordanas.com\/index.php?rest_route=\/wp\/v2\/posts\/126438"}],"collection":[{"href":"https:\/\/www.prijedordanas.com\/index.php?rest_route=\/wp\/v2\/posts"}],"about":[{"href":"https:\/\/www.prijedordanas.com\/index.php?rest_route=\/wp\/v2\/types\/post"}],"author":[{"embeddable":true,"href":"https:\/\/www.prijedordanas.com\/index.php?rest_route=\/wp\/v2\/users\/1"}],"replies":[{"embeddable":true,"href":"https:\/\/www.prijedordanas.com\/index.php?rest_route=%2Fwp%2Fv2%2Fcomments&post=126438"}],"version-history":[{"count":1,"href":"https:\/\/www.prijedordanas.com\/index.php?rest_route=\/wp\/v2\/posts\/126438\/revisions"}],"predecessor-version":[{"id":126442,"href":"https:\/\/www.prijedordanas.com\/index.php?rest_route=\/wp\/v2\/posts\/126438\/revisions\/126442"}],"wp:attachment":[{"href":"https:\/\/www.prijedordanas.com\/index.php?rest_route=%2Fwp%2Fv2%2Fmedia&parent=126438"}],"wp:term":[{"taxonomy":"category","embeddable":true,"href":"https:\/\/www.prijedordanas.com\/index.php?rest_route=%2Fwp%2Fv2%2Fcategories&post=126438"},{"taxonomy":"post_tag","embeddable":true,"href":"https:\/\/www.prijedordanas.com\/index.php?rest_route=%2Fwp%2Fv2%2Ftags&post=126438"}],"curies":[{"name":"wp","href":"https:\/\/api.w.org\/{rel}","templated":true}]}}