{"id":126377,"date":"2019-04-29T09:43:54","date_gmt":"2019-04-29T07:43:54","guid":{"rendered":"https:\/\/www.prijedordanas.com\/?p=126377"},"modified":"2019-04-29T09:43:54","modified_gmt":"2019-04-29T07:43:54","slug":"ubica-policajca-umjesto-u-zatvor-ide-na-lijecenje-sabic-vec-jednom-izbjegao-odlazak-na-robiju","status":"publish","type":"post","link":"https:\/\/www.prijedordanas.com\/?p=126377","title":{"rendered":"UBICA POLICAJCA UMJESTO U ZATVOR IDE NA LIJE\u010cENJE: \u0160ABI\u0106 VE\u0106 JEDNOM IZBJEGAO ODLAZAK NA ROBIJU"},"content":{"rendered":"<p><a href=\"https:\/\/www.prijedordanas.com\/wp-content\/uploads\/2019\/04\/blic-privodjenje-marko-sabic-3.jpg\"><img loading=\"lazy\" decoding=\"async\" class=\"alignleft size-medium wp-image-126006\" src=\"https:\/\/www.prijedordanas.com\/wp-content\/uploads\/2019\/04\/blic-privodjenje-marko-sabic-3-300x222.jpg\" alt=\"\" width=\"300\" height=\"222\" srcset=\"https:\/\/www.prijedordanas.com\/wp-content\/uploads\/2019\/04\/blic-privodjenje-marko-sabic-3-300x222.jpg 300w, https:\/\/www.prijedordanas.com\/wp-content\/uploads\/2019\/04\/blic-privodjenje-marko-sabic-3-100x74.jpg 100w, https:\/\/www.prijedordanas.com\/wp-content\/uploads\/2019\/04\/blic-privodjenje-marko-sabic-3.jpg 675w\" sizes=\"(max-width: 300px) 100vw, 300px\" \/><\/a>Ubica policajca iz Prijedora Marko \u0160abi\u0107 najvjerovatnije \u0107e se izvu\u0107i bez zatvorske kazne, jer se radi o du\u0161evno poreme\u0107enoj osobi koja \u0107e vjerovatno biti upu\u0107ena na lije\u010denje na Psihijatrijsku kliniku na Sokocu, saznaje Srpskainfo.<\/p>\n<p>Prema na\u0161im saznanjima \u0160abi\u0107 je osoba koja se vi\u0161e puta lije\u010dila na psihijatriji, a ve\u0107 je na jednom su\u0111enju oslobo\u0111en zbog toga \u0161to je psihi\u010dki bolesnik.<\/p>\n<p>Kako je ve\u0107 poznato, \u0160abi\u0107 je u nedjelju uve\u010de poslije porodi\u010dne sva\u0111e ubio policajca Sla\u0111enka Tubina, a zatim pucao i na svoju porodicu.<\/p>\n<p>\u0160abi\u0107ev advokat Nikola Toma\u0161evi\u0107 je za Srpskainfo potvrdio da je \u0160abi\u0107 du\u0161evno poreme\u0107ena osoba.<\/p>\n<p>\u2013 Rije\u010d je o po\u010detnoj fazi istrage i jo\u0161 se na zna kako \u0107e i\u0107i postupak. Moj klijent ima vi\u0161e potvrda sa lije\u010denja u Psihijatrijskoj ustanovi u Prijedoru. \u0160abi\u0107 je na jednom su\u0111enju u Prijedoru oslobo\u0111en krivice, zato \u0161to je sudski vje\u0161tak utvrdio da je neura\u010dunljiv i da ima du\u0161evno oboljenje \u2013 rekao je Toma\u0161evi\u0107.<\/p>\n<p><a href=\"https:\/\/www.prijedordanas.com\/wp-content\/uploads\/2019\/04\/sladjenko-tubin.jpg\"><img loading=\"lazy\" decoding=\"async\" src=\"https:\/\/www.prijedordanas.com\/wp-content\/uploads\/2019\/04\/sladjenko-tubin-300x288.jpg\" alt=\"\" width=\"300\" height=\"288\" class=\"alignleft size-medium wp-image-125982\" srcset=\"https:\/\/www.prijedordanas.com\/wp-content\/uploads\/2019\/04\/sladjenko-tubin-300x288.jpg 300w, https:\/\/www.prijedordanas.com\/wp-content\/uploads\/2019\/04\/sladjenko-tubin-100x96.jpg 100w, https:\/\/www.prijedordanas.com\/wp-content\/uploads\/2019\/04\/sladjenko-tubin.jpg 600w\" sizes=\"(max-width: 300px) 100vw, 300px\" \/><\/a>I tokom ro\u010di\u0161ta za odre\u0111ivanje pritvora Toma\u0161evi\u0107 je tra\u017eio od suda da vodi ra\u010duna o psihi\u010dkom zdravlju \u0160abi\u0107a.<\/p>\n<p>\u2013 \u0160abi\u0107 je osoba sa lo\u0161im psihi\u010dkim zdravljem, te osoba koja koristi lijekove za smirenje i mora biti pod nazdorom ljekara \u2013 istakao je Toma\u0161evi\u0107.<\/p>\n<p>Tom prilikom i sam \u0160abi\u0107 se obratio sudu i tako\u0111e rekao da je bolestan i da prima terapiju, te da bi bilo opravdano da se pusti na slobodu.<\/p>\n<p>Sagovornik Srpskainfo isti\u010de da na osnovu ovih izjava, ali i brojne medicinske dokumentacije sve upu\u0107uje na to da \u0107e on umjesto u zatvor biti upu\u0107en na lije\u010denje u Zavod za forenzi\u010dku psihijatriju na Sokocu.<\/p>\n<p>Ubistvo policajca se desilo u nedjelje uve\u010de u Gornoj Ravskoj u Prijedoru, a tome je prethodila sva\u0111a izme\u0111u \u0160abi\u0107a i njegove surpuge Josipe. Ona ga je tom prilikom nazvala narkomanom, \u0161to je njega naljutilo, te je uzeo no\u017e i poku\u0161ao je ubosti.<\/p>\n<p>\u2013 Tom prilikom njegov otac Veselko je poku\u0161ao za\u0161titi snahu, ali je Marko njega vi\u0161e puta ubo no\u017eem u le\u0111a. \u0160abi\u0107 zatim ulazi u njihovu ku\u0107u, uzima pu\u0161ku i zatvara se kupatilo \u2013 navedeno je u istrazi.<\/p>\n<p>Nakon toga, porodica je povrije\u0111enog Veselka odvezla u bolnicu, a o svemu je obavije\u0161tena policija i na lice mjesta stigao je policajac Sla\u0111enko Tubin.<\/p>\n<p>\u2013 \u0160abi\u0107 zatim otvara vrata od kupatila i iz lova\u010dke pu\u0161ke, iz neposredne blizine puca u policajca. Tom prilikom mu je nanio te\u0161ke povrede u predjelu stomaka, od kojih je on preminuo. Marko zatim za policajcem izlazi ispred ku\u0107e i puca nasumi\u010dnu u pravcu prisutnih i tom prilikom je u lijevo rame ranjena njegova \u0161esnaestogodi\u0161nja \u0107erka \u2013 navodi se u istrazi.<\/p>\n<p>Ubrzo je \u0160abi\u0107 savaldan i uhap\u0161en, a u me\u0111uvremenu mu je odre\u0111en i jednomjese\u010dni pritvor.<\/p>\n<p>Protesti<\/p>\n<p>Na ro\u010di\u0161tu za odre\u0111ivanje pritvora \u0160abi\u0107u, tu\u017eilac je istakao da ako bi on bio pu\u0161ten na slobodu da se mogu o\u010dekivati protesti u Prijedoru.<\/p>\n<p>\u2013 Kod porodice, ro\u0111aka i prijatelja ubijenog Tubina ubistvo je izazvalo veliku uznemirenost i realno se mo\u017ee o\u010dekivati da bi svoje nezadovoljstvo mogli manifestovati i javnim okupljanjem i protestima. Mogu\u0107i su i sukobi na javnom mjestu, ako bi \u0160abi\u0107 bio pu\u0161ten na slobodu \u2013 rekli su u Republi\u010dkom tu\u017eila\u0161tvu.<\/p>\n<p>EuroBlic-Srpskainfo.com<\/p>\n<p>Vezane vijesti<\/p>\n<p><a href=\"https:\/\/www.prijedordanas.com\/?p=126131\" target=\"_blank\" rel=\"noopener noreferrer\">PRIJEDOR: SAHRANJEN POLICAJAC SLA\u0110ENKO TUBIN \u2013 FOTO\/VIDEO<\/a><\/p>\n<p><a href=\"https:\/\/www.prijedordanas.com\/?p=126154\" target=\"_blank\" rel=\"noopener noreferrer\">MARKU \u0160ABI\u0106U ODRE\u0110EN PRITVOR ZBOG UBISTVA POLICAJCA I POKU\u0160AJA UBISTVA OCA<\/a><\/p>\n<p><a href=\"https:\/\/www.prijedordanas.com\/?p=125955\" target=\"_blank\" rel=\"noopener noreferrer\">STOMAK MU BIO PUN SA\u010cME: KADA SU VIDJELI \u0160TA JE \u0160ABI\u0106 URADIO NJIHOVOM KOLEGI POLICAJCI SU ZAPLAKALI \u2013 FOTO\/VIDEO<\/a><\/p>\n<p><a href=\"https:\/\/www.prijedordanas.com\/?p=125973\" target=\"_blank\" rel=\"noopener noreferrer\">PREMINUO PRIJEDORSKI POLICAJAC KOJI JE SINO\u0106 RANJEN NA DU\u017dNOSTI \u2013 VIDEO<\/a><\/p>\n<p><a href=\"https:\/\/www.prijedordanas.com\/?p=125981\" target=\"_blank\" rel=\"noopener noreferrer\">PRIJEDOR: PREMINUO POLICAJAC SLA\u0110ENKO TUBIN \u2013 VIDEO<\/a><\/p>\n<p><a href=\"https:\/\/www.prijedordanas.com\/?p=125989\" target=\"_blank\" rel=\"noopener noreferrer\">MASAKR NA USKR\u0160NJEM RU\u010cKU: HRABRI POLICAJAC HTIO DA URAZUMI \u0160ABI\u0106A, ON U NJEGA SASUO KI\u0160U METAKA<\/a><\/p>\n<p><a href=\"https:\/\/www.prijedordanas.com\/?p=125994\" target=\"_blank\" rel=\"noopener noreferrer\">SLA\u0110ENKOVO SRCE STALO POSLIJE OPERACIJE: \u010cETIRI HIRURGA POKU\u0160ALA DA SPASU POLICAJCA U KOJEG JE PUCAO PSIHI\u010cKI BOLESNIK<\/a><\/p>\n<p><a href=\"https:\/\/www.prijedordanas.com\/?p=126003\" target=\"_blank\" rel=\"noopener noreferrer\">IZBO OCA, PA IZRE\u0160ETAO POLICAJCA: MARKO \u0160ABI\u0106 PREDAT U REPUBLI\u010cKO TU\u017dILA\u0160TVO \u2013 FOTO\/VIDEO<\/a><\/p>\n<p><a href=\"https:\/\/www.prijedordanas.com\/?p=126013\" target=\"_blank\" rel=\"noopener noreferrer\">\u201cZA TRI DANA TREBALO JE DA SLAVI RO\u0110ENDAN\u201c: MUP RS SE POTRESNIM RIJE\u010cIMA OPROSTIO OD POLICAJCA HRABROG SRCA<\/a><\/p>\n<p><a href=\"https:\/\/www.prijedordanas.com\/?p=126023\" target=\"_blank\" rel=\"noopener noreferrer\">PRIJEDOR ZAVIJEN U CRNO: U SRIJEDU SAHRANA POLICAJCA SLA\u0110ENKA TUBINA KOJI JE BRUTALNO UBIJEN NA DU\u017dNOSTI<\/a><\/p>\n<p><a href=\"https:\/\/www.prijedordanas.com\/?p=126051\" target=\"_blank\" rel=\"noopener noreferrer\">KRVAVI USKRS U PRIJEDORU: POKU\u0160AO UBITI SUPRUGU, RANIO OCA I K\u0106ERKU, PA USMRTIO POLICAJCA<\/a><\/p>\n<p><a href=\"https:\/\/www.prijedordanas.com\/?p=126281\" target=\"_blank\" rel=\"noopener noreferrer\">NOVI DETALJI KRVAVOG POHODA: NAKON \u0160TO JE UBIO POLICAJCA, POMAHNITALI \u0160ABI\u0106 PUCAO U SUPRUGU I DJECU<\/a><\/p>\n","protected":false},"excerpt":{"rendered":"<p>Ubica policajca iz Prijedora Marko \u0160abi\u0107 najvjerovatnije \u0107e se izvu\u0107i bez zatvorske kazne, jer se radi o du\u0161evno poreme\u0107enoj osobi koja \u0107e vjerovatno biti upu\u0107ena na lije\u010denje na Psihijatrijsku kliniku [&hellip;]<\/p>\n","protected":false},"author":1,"featured_media":0,"comment_status":"closed","ping_status":"open","sticky":false,"template":"","format":"standard","meta":{"_monsterinsights_skip_tracking":false,"_monsterinsights_sitenote_active":false,"_monsterinsights_sitenote_note":"","_monsterinsights_sitenote_category":0,"footnotes":""},"categories":[5],"tags":[],"yoast_head":"<!-- This site is optimized with the Yoast SEO plugin v21.6 - https:\/\/yoast.com\/wordpress\/plugins\/seo\/ -->\n<title>UBICA POLICAJCA UMJESTO U ZATVOR IDE NA LIJE\u010cENJE: \u0160ABI\u0106 VE\u0106 JEDNOM IZBJEGAO ODLAZAK NA ROBIJU - PrijedorDanas.com - Prijedorski gradski portal<\/title>\n<meta name=\"robots\" content=\"index, follow, max-snippet:-1, max-image-preview:large, max-video-preview:-1\" \/>\n<link rel=\"canonical\" href=\"https:\/\/www.prijedordanas.com\/?p=126377\" \/>\n<meta property=\"og:locale\" content=\"en_US\" \/>\n<meta property=\"og:type\" content=\"article\" \/>\n<meta property=\"og:title\" content=\"UBICA POLICAJCA UMJESTO U ZATVOR IDE NA LIJE\u010cENJE: \u0160ABI\u0106 VE\u0106 JEDNOM IZBJEGAO ODLAZAK NA ROBIJU - PrijedorDanas.com - Prijedorski gradski portal\" \/>\n<meta property=\"og:description\" content=\"Ubica policajca iz Prijedora Marko \u0160abi\u0107 najvjerovatnije \u0107e se izvu\u0107i bez zatvorske kazne, jer se radi o du\u0161evno poreme\u0107enoj osobi koja \u0107e vjerovatno biti upu\u0107ena na lije\u010denje na Psihijatrijsku kliniku [&hellip;]\" \/>\n<meta property=\"og:url\" content=\"https:\/\/www.prijedordanas.com\/?p=126377\" \/>\n<meta property=\"og:site_name\" content=\"PrijedorDanas.com - Prijedorski gradski portal\" \/>\n<meta property=\"article:publisher\" content=\"https:\/\/www.facebook.com\/PrijedorDanasCom\/\" \/>\n<meta property=\"article:published_time\" content=\"2019-04-29T07:43:54+00:00\" \/>\n<meta property=\"og:image\" content=\"https:\/\/www.prijedordanas.com\/wp-content\/uploads\/2019\/04\/blic-privodjenje-marko-sabic-3-300x222.jpg\" \/>\n<meta name=\"author\" content=\"admin\" \/>\n<meta name=\"twitter:card\" content=\"summary_large_image\" \/>\n<meta name=\"twitter:label1\" content=\"Written by\" \/>\n\t<meta name=\"twitter:data1\" content=\"admin\" \/>\n\t<meta name=\"twitter:label2\" content=\"Est. reading time\" \/>\n\t<meta name=\"twitter:data2\" content=\"4 minutes\" \/>\n<script type=\"application\/ld+json\" class=\"yoast-schema-graph\">{\"@context\":\"https:\/\/schema.org\",\"@graph\":[{\"@type\":\"Article\",\"@id\":\"https:\/\/www.prijedordanas.com\/?p=126377#article\",\"isPartOf\":{\"@id\":\"https:\/\/www.prijedordanas.com\/?p=126377\"},\"author\":{\"name\":\"admin\",\"@id\":\"https:\/\/www.prijedordanas.com\/#\/schema\/person\/4e08ccf29b506ca916ff86d46bb700e6\"},\"headline\":\"UBICA POLICAJCA UMJESTO U ZATVOR IDE NA LIJE\u010cENJE: \u0160ABI\u0106 VE\u0106 JEDNOM IZBJEGAO ODLAZAK NA ROBIJU\",\"datePublished\":\"2019-04-29T07:43:54+00:00\",\"dateModified\":\"2019-04-29T07:43:54+00:00\",\"mainEntityOfPage\":{\"@id\":\"https:\/\/www.prijedordanas.com\/?p=126377\"},\"wordCount\":793,\"publisher\":{\"@id\":\"https:\/\/www.prijedordanas.com\/#organization\"},\"articleSection\":[\"Hronika\"],\"inLanguage\":\"en-US\"},{\"@type\":\"WebPage\",\"@id\":\"https:\/\/www.prijedordanas.com\/?p=126377\",\"url\":\"https:\/\/www.prijedordanas.com\/?p=126377\",\"name\":\"UBICA POLICAJCA UMJESTO U ZATVOR IDE NA LIJE\u010cENJE: \u0160ABI\u0106 VE\u0106 JEDNOM IZBJEGAO ODLAZAK NA ROBIJU - PrijedorDanas.com - Prijedorski gradski portal\",\"isPartOf\":{\"@id\":\"https:\/\/www.prijedordanas.com\/#website\"},\"datePublished\":\"2019-04-29T07:43:54+00:00\",\"dateModified\":\"2019-04-29T07:43:54+00:00\",\"breadcrumb\":{\"@id\":\"https:\/\/www.prijedordanas.com\/?p=126377#breadcrumb\"},\"inLanguage\":\"en-US\",\"potentialAction\":[{\"@type\":\"ReadAction\",\"target\":[\"https:\/\/www.prijedordanas.com\/?p=126377\"]}]},{\"@type\":\"BreadcrumbList\",\"@id\":\"https:\/\/www.prijedordanas.com\/?p=126377#breadcrumb\",\"itemListElement\":[{\"@type\":\"ListItem\",\"position\":1,\"name\":\"Home\",\"item\":\"https:\/\/www.prijedordanas.com\/\"},{\"@type\":\"ListItem\",\"position\":2,\"name\":\"UBICA POLICAJCA UMJESTO U ZATVOR IDE NA LIJE\u010cENJE: \u0160ABI\u0106 VE\u0106 JEDNOM IZBJEGAO ODLAZAK NA ROBIJU\"}]},{\"@type\":\"WebSite\",\"@id\":\"https:\/\/www.prijedordanas.com\/#website\",\"url\":\"https:\/\/www.prijedordanas.com\/\",\"name\":\"PrijedorDanas.com - Prijedorski gradski portal\",\"description\":\"Portal o doga\u0111anjima u gradu Prijedoru\",\"publisher\":{\"@id\":\"https:\/\/www.prijedordanas.com\/#organization\"},\"potentialAction\":[{\"@type\":\"SearchAction\",\"target\":{\"@type\":\"EntryPoint\",\"urlTemplate\":\"https:\/\/www.prijedordanas.com\/?s={search_term_string}\"},\"query-input\":\"required name=search_term_string\"}],\"inLanguage\":\"en-US\"},{\"@type\":\"Organization\",\"@id\":\"https:\/\/www.prijedordanas.com\/#organization\",\"name\":\"PrijedorDanas.com\",\"url\":\"https:\/\/www.prijedordanas.com\/\",\"logo\":{\"@type\":\"ImageObject\",\"inLanguage\":\"en-US\",\"@id\":\"https:\/\/www.prijedordanas.com\/#\/schema\/logo\/image\/\",\"url\":\"http:\/\/www.prijedordanas.com\/wp-content\/uploads\/2021\/12\/logopng.png\",\"contentUrl\":\"http:\/\/www.prijedordanas.com\/wp-content\/uploads\/2021\/12\/logopng.png\",\"width\":1019,\"height\":776,\"caption\":\"PrijedorDanas.com\"},\"image\":{\"@id\":\"https:\/\/www.prijedordanas.com\/#\/schema\/logo\/image\/\"},\"sameAs\":[\"https:\/\/www.facebook.com\/PrijedorDanasCom\/\"]},{\"@type\":\"Person\",\"@id\":\"https:\/\/www.prijedordanas.com\/#\/schema\/person\/4e08ccf29b506ca916ff86d46bb700e6\",\"name\":\"admin\",\"image\":{\"@type\":\"ImageObject\",\"inLanguage\":\"en-US\",\"@id\":\"https:\/\/www.prijedordanas.com\/#\/schema\/person\/image\/\",\"url\":\"https:\/\/secure.gravatar.com\/avatar\/1d3fc949d550f0b53a5f0d51e06dfd79?s=96&d=mm&r=g\",\"contentUrl\":\"https:\/\/secure.gravatar.com\/avatar\/1d3fc949d550f0b53a5f0d51e06dfd79?s=96&d=mm&r=g\",\"caption\":\"admin\"},\"url\":\"https:\/\/www.prijedordanas.com\/?author=1\"}]}<\/script>\n<!-- \/ Yoast SEO plugin. -->","yoast_head_json":{"title":"UBICA POLICAJCA UMJESTO U ZATVOR IDE NA LIJE\u010cENJE: \u0160ABI\u0106 VE\u0106 JEDNOM IZBJEGAO ODLAZAK NA ROBIJU - PrijedorDanas.com - Prijedorski gradski portal","robots":{"index":"index","follow":"follow","max-snippet":"max-snippet:-1","max-image-preview":"max-image-preview:large","max-video-preview":"max-video-preview:-1"},"canonical":"https:\/\/www.prijedordanas.com\/?p=126377","og_locale":"en_US","og_type":"article","og_title":"UBICA POLICAJCA UMJESTO U ZATVOR IDE NA LIJE\u010cENJE: \u0160ABI\u0106 VE\u0106 JEDNOM IZBJEGAO ODLAZAK NA ROBIJU - PrijedorDanas.com - Prijedorski gradski portal","og_description":"Ubica policajca iz Prijedora Marko \u0160abi\u0107 najvjerovatnije \u0107e se izvu\u0107i bez zatvorske kazne, jer se radi o du\u0161evno poreme\u0107enoj osobi koja \u0107e vjerovatno biti upu\u0107ena na lije\u010denje na Psihijatrijsku kliniku [&hellip;]","og_url":"https:\/\/www.prijedordanas.com\/?p=126377","og_site_name":"PrijedorDanas.com - Prijedorski gradski portal","article_publisher":"https:\/\/www.facebook.com\/PrijedorDanasCom\/","article_published_time":"2019-04-29T07:43:54+00:00","og_image":[{"url":"https:\/\/www.prijedordanas.com\/wp-content\/uploads\/2019\/04\/blic-privodjenje-marko-sabic-3-300x222.jpg"}],"author":"admin","twitter_card":"summary_large_image","twitter_misc":{"Written by":"admin","Est. reading time":"4 minutes"},"schema":{"@context":"https:\/\/schema.org","@graph":[{"@type":"Article","@id":"https:\/\/www.prijedordanas.com\/?p=126377#article","isPartOf":{"@id":"https:\/\/www.prijedordanas.com\/?p=126377"},"author":{"name":"admin","@id":"https:\/\/www.prijedordanas.com\/#\/schema\/person\/4e08ccf29b506ca916ff86d46bb700e6"},"headline":"UBICA POLICAJCA UMJESTO U ZATVOR IDE NA LIJE\u010cENJE: \u0160ABI\u0106 VE\u0106 JEDNOM IZBJEGAO ODLAZAK NA ROBIJU","datePublished":"2019-04-29T07:43:54+00:00","dateModified":"2019-04-29T07:43:54+00:00","mainEntityOfPage":{"@id":"https:\/\/www.prijedordanas.com\/?p=126377"},"wordCount":793,"publisher":{"@id":"https:\/\/www.prijedordanas.com\/#organization"},"articleSection":["Hronika"],"inLanguage":"en-US"},{"@type":"WebPage","@id":"https:\/\/www.prijedordanas.com\/?p=126377","url":"https:\/\/www.prijedordanas.com\/?p=126377","name":"UBICA POLICAJCA UMJESTO U ZATVOR IDE NA LIJE\u010cENJE: \u0160ABI\u0106 VE\u0106 JEDNOM IZBJEGAO ODLAZAK NA ROBIJU - PrijedorDanas.com - Prijedorski gradski portal","isPartOf":{"@id":"https:\/\/www.prijedordanas.com\/#website"},"datePublished":"2019-04-29T07:43:54+00:00","dateModified":"2019-04-29T07:43:54+00:00","breadcrumb":{"@id":"https:\/\/www.prijedordanas.com\/?p=126377#breadcrumb"},"inLanguage":"en-US","potentialAction":[{"@type":"ReadAction","target":["https:\/\/www.prijedordanas.com\/?p=126377"]}]},{"@type":"BreadcrumbList","@id":"https:\/\/www.prijedordanas.com\/?p=126377#breadcrumb","itemListElement":[{"@type":"ListItem","position":1,"name":"Home","item":"https:\/\/www.prijedordanas.com\/"},{"@type":"ListItem","position":2,"name":"UBICA POLICAJCA UMJESTO U ZATVOR IDE NA LIJE\u010cENJE: \u0160ABI\u0106 VE\u0106 JEDNOM IZBJEGAO ODLAZAK NA ROBIJU"}]},{"@type":"WebSite","@id":"https:\/\/www.prijedordanas.com\/#website","url":"https:\/\/www.prijedordanas.com\/","name":"PrijedorDanas.com - Prijedorski gradski portal","description":"Portal o doga\u0111anjima u gradu Prijedoru","publisher":{"@id":"https:\/\/www.prijedordanas.com\/#organization"},"potentialAction":[{"@type":"SearchAction","target":{"@type":"EntryPoint","urlTemplate":"https:\/\/www.prijedordanas.com\/?s={search_term_string}"},"query-input":"required name=search_term_string"}],"inLanguage":"en-US"},{"@type":"Organization","@id":"https:\/\/www.prijedordanas.com\/#organization","name":"PrijedorDanas.com","url":"https:\/\/www.prijedordanas.com\/","logo":{"@type":"ImageObject","inLanguage":"en-US","@id":"https:\/\/www.prijedordanas.com\/#\/schema\/logo\/image\/","url":"http:\/\/www.prijedordanas.com\/wp-content\/uploads\/2021\/12\/logopng.png","contentUrl":"http:\/\/www.prijedordanas.com\/wp-content\/uploads\/2021\/12\/logopng.png","width":1019,"height":776,"caption":"PrijedorDanas.com"},"image":{"@id":"https:\/\/www.prijedordanas.com\/#\/schema\/logo\/image\/"},"sameAs":["https:\/\/www.facebook.com\/PrijedorDanasCom\/"]},{"@type":"Person","@id":"https:\/\/www.prijedordanas.com\/#\/schema\/person\/4e08ccf29b506ca916ff86d46bb700e6","name":"admin","image":{"@type":"ImageObject","inLanguage":"en-US","@id":"https:\/\/www.prijedordanas.com\/#\/schema\/person\/image\/","url":"https:\/\/secure.gravatar.com\/avatar\/1d3fc949d550f0b53a5f0d51e06dfd79?s=96&d=mm&r=g","contentUrl":"https:\/\/secure.gravatar.com\/avatar\/1d3fc949d550f0b53a5f0d51e06dfd79?s=96&d=mm&r=g","caption":"admin"},"url":"https:\/\/www.prijedordanas.com\/?author=1"}]}},"_links":{"self":[{"href":"https:\/\/www.prijedordanas.com\/index.php?rest_route=\/wp\/v2\/posts\/126377"}],"collection":[{"href":"https:\/\/www.prijedordanas.com\/index.php?rest_route=\/wp\/v2\/posts"}],"about":[{"href":"https:\/\/www.prijedordanas.com\/index.php?rest_route=\/wp\/v2\/types\/post"}],"author":[{"embeddable":true,"href":"https:\/\/www.prijedordanas.com\/index.php?rest_route=\/wp\/v2\/users\/1"}],"replies":[{"embeddable":true,"href":"https:\/\/www.prijedordanas.com\/index.php?rest_route=%2Fwp%2Fv2%2Fcomments&post=126377"}],"version-history":[{"count":1,"href":"https:\/\/www.prijedordanas.com\/index.php?rest_route=\/wp\/v2\/posts\/126377\/revisions"}],"predecessor-version":[{"id":126378,"href":"https:\/\/www.prijedordanas.com\/index.php?rest_route=\/wp\/v2\/posts\/126377\/revisions\/126378"}],"wp:attachment":[{"href":"https:\/\/www.prijedordanas.com\/index.php?rest_route=%2Fwp%2Fv2%2Fmedia&parent=126377"}],"wp:term":[{"taxonomy":"category","embeddable":true,"href":"https:\/\/www.prijedordanas.com\/index.php?rest_route=%2Fwp%2Fv2%2Fcategories&post=126377"},{"taxonomy":"post_tag","embeddable":true,"href":"https:\/\/www.prijedordanas.com\/index.php?rest_route=%2Fwp%2Fv2%2Ftags&post=126377"}],"curies":[{"name":"wp","href":"https:\/\/api.w.org\/{rel}","templated":true}]}}