{"id":126350,"date":"2019-04-27T18:10:33","date_gmt":"2019-04-27T16:10:33","guid":{"rendered":"https:\/\/www.prijedordanas.com\/?p=126350"},"modified":"2019-04-27T18:10:33","modified_gmt":"2019-04-27T16:10:33","slug":"omladinska-liga-bih-grupa-zapad-pobjeda-juniora-rudar-prijedora-vrijedna-titule-prvaka-foto","status":"publish","type":"post","link":"https:\/\/www.prijedordanas.com\/?p=126350","title":{"rendered":"OMLADINSKA LIGA BIH-GRUPA ZAPAD: POBJEDA JUNIORA RUDAR-PRIJEDORA VRIJEDNA TITULE PRVAKA \u2013 FOTO"},"content":{"rendered":"<p><a href=\"https:\/\/www.prijedordanas.com\/wp-content\/uploads\/2019\/04\/rudar-prijedor-zeljeznicar-sport-tim-juniori-1.jpg\"><img loading=\"lazy\" decoding=\"async\" class=\"alignleft size-medium wp-image-126351\" src=\"https:\/\/www.prijedordanas.com\/wp-content\/uploads\/2019\/04\/rudar-prijedor-zeljeznicar-sport-tim-juniori-1-300x222.jpg\" alt=\"\" width=\"300\" height=\"222\" srcset=\"https:\/\/www.prijedordanas.com\/wp-content\/uploads\/2019\/04\/rudar-prijedor-zeljeznicar-sport-tim-juniori-1-300x222.jpg 300w, https:\/\/www.prijedordanas.com\/wp-content\/uploads\/2019\/04\/rudar-prijedor-zeljeznicar-sport-tim-juniori-1-100x74.jpg 100w, https:\/\/www.prijedordanas.com\/wp-content\/uploads\/2019\/04\/rudar-prijedor-zeljeznicar-sport-tim-juniori-1.jpg 675w\" sizes=\"(max-width: 300px) 100vw, 300px\" \/><\/a>U susretu 15.kola Omladinske lige BiH-grupa Zapad, juniori Rudar-Prijedora ostvarili su vrijednu pobjedu koja mo\u017ee biti odlu\u010duju\u0107a u borbi za titulu.<\/p>\n<p>Mladi Prijedor\u010dani su slavili protiv direktnog rivala, ekipe \u017deljezni\u010dar Sport Tim rezultatom 2:0.<\/p>\n<p>Sada obje ekipe imaju po 35 bodova s tim da izabranici trenera Sr\u0111ana Marjanovi\u0107a imaju bolji me\u0111usobni skor jer je jesenas u Banjaluci bilo nerije\u0161eno.<\/p>\n<p>Ukoliko \u017eele da stignu do titule i prilike da se bore za ulazak u Omladinsku Premijer ligu za juniore na kvalifikacionom turniru, mladi zeleno-crni moraju da slave protiv Sloge iz Bosanske Otoke i Podgrme\u010da iz Sanskog Mosta u preostala dva kola.<\/p>\n<p><a href=\"https:\/\/www.prijedordanas.com\/wp-content\/uploads\/2019\/04\/rudar-prijedor-zeljeznicar-sport-tim-juniori-2.jpg\"><img loading=\"lazy\" decoding=\"async\" src=\"https:\/\/www.prijedordanas.com\/wp-content\/uploads\/2019\/04\/rudar-prijedor-zeljeznicar-sport-tim-juniori-2-300x199.jpg\" alt=\"\" width=\"300\" height=\"199\" class=\"alignleft size-medium wp-image-126352\" srcset=\"https:\/\/www.prijedordanas.com\/wp-content\/uploads\/2019\/04\/rudar-prijedor-zeljeznicar-sport-tim-juniori-2-300x199.jpg 300w, https:\/\/www.prijedordanas.com\/wp-content\/uploads\/2019\/04\/rudar-prijedor-zeljeznicar-sport-tim-juniori-2-100x66.jpg 100w, https:\/\/www.prijedordanas.com\/wp-content\/uploads\/2019\/04\/rudar-prijedor-zeljeznicar-sport-tim-juniori-2-480x320.jpg 480w, https:\/\/www.prijedordanas.com\/wp-content\/uploads\/2019\/04\/rudar-prijedor-zeljeznicar-sport-tim-juniori-2.jpg 600w\" sizes=\"(max-width: 300px) 100vw, 300px\" \/><\/a>Ina\u010de, na me\u010du protiv Banjalu\u010dana, juniori Rudar-Prijedora su bili bolji rival u svim segmentima igre i zaslu\u017eeno su stigli do nova tri boda.<\/p>\n<p>Iako su jo\u0161 u prvom dijelu ostali sa igra\u010dem manje, po\u0161to je Zmijanjac zbog dva \u017euta kartona morao na pustiti teren, Prijedor\u010dani su strpljivom igrom do\u0161li do golova u posljednjih 20-ak minuta susreta.<\/p>\n<p>Najprije je pogodio Ceri\u0107 a potom u samom fini\u0161u i kapiten Janju\u0161i\u0107 za veliko slavlje doma\u0107ih i skoro 200 prisutnih navija\u010da.<\/p>\n<p><a href=\"https:\/\/www.prijedordanas.com\/wp-content\/uploads\/2019\/04\/rudar-prijedor-zeljeznicar-sport-tim-juniori-3.jpg\"><img loading=\"lazy\" decoding=\"async\" src=\"https:\/\/www.prijedordanas.com\/wp-content\/uploads\/2019\/04\/rudar-prijedor-zeljeznicar-sport-tim-juniori-3-300x199.jpg\" alt=\"\" width=\"300\" height=\"199\" class=\"alignleft size-medium wp-image-126353\" srcset=\"https:\/\/www.prijedordanas.com\/wp-content\/uploads\/2019\/04\/rudar-prijedor-zeljeznicar-sport-tim-juniori-3-300x199.jpg 300w, https:\/\/www.prijedordanas.com\/wp-content\/uploads\/2019\/04\/rudar-prijedor-zeljeznicar-sport-tim-juniori-3-100x66.jpg 100w, https:\/\/www.prijedordanas.com\/wp-content\/uploads\/2019\/04\/rudar-prijedor-zeljeznicar-sport-tim-juniori-3-480x320.jpg 480w, https:\/\/www.prijedordanas.com\/wp-content\/uploads\/2019\/04\/rudar-prijedor-zeljeznicar-sport-tim-juniori-3.jpg 600w\" sizes=\"(max-width: 300px) 100vw, 300px\" \/><\/a>Juniori<br \/>\nRudar-Prijedor: \u017deljezni\u010dar Sport Tim 2:0 (0:0)<\/p>\n<p>Prijedor<br \/>\nGradski stadion<br \/>\nGledalaca: 200<br \/>\nSudija: Adnan Kasupovi\u0107 (Biha\u0107)<br \/>\nStrijelci: Ceri\u0107 u 72. i Janju\u0161i\u0107 u 86.minuti<br \/>\n\u017duti kartoni: Mr\u0161i\u0107, Sad\u017eak, D.Marmat, N.Marmat(Rudar-Prijedor), Mali\u0107, Ba\u0161ti\u0107 (\u017deljezni\u010dar Sport Tim)<br \/>\nCrveni kartoni: Zmijanjac, \u0106ori\u0107 Kova\u010devi\u0107(Rudar-Prijedor), Kalabi\u0107(\u017deljezni\u010dar Sport Tim)<\/p>\n<p>Rudar-Prijedor<br \/>\nMilinkovi\u0107, Dejanovi\u0107(Marinovi\u0107), \u017deri\u0107(N.Marmat), Sad\u017eak(Mamuza), D.Marmat, Zmijanjac, Janju\u0161i\u0107, Opaki\u0107 (Ratkovi\u0107), Mr\u0161i\u0107(Romani\u0107), Ceri\u0107, Sajak<\/p>\n<p>\u017deljezni\u010dar Sport Tim<br \/>\n\u0106etkovi\u0107, \u010coli\u0107, Kupre\u0161ak, Kne\u017eevi\u0107(N.Marjanovi\u0107), Ba\u0161ti\u0107, Ru\u017ei\u010di\u0107(\u0110uki\u0107), Kalabi\u0107, Mali\u0107, Petrovi\u0107, Teodorovi\u0107(Jovandi\u0107), S.Marjanovi\u0107(Troki\u0107)<\/p>\n<p>Tekst i foto- Aleksandar Drakuli\u0107 \u2013 <a href=\"https:\/\/www.prijedordanas.com\" target=\"_blank\" rel=\"noopener noreferrer\">www.prijedordanas.com<\/a><\/p>\n<p><a href=\"https:\/\/www.prijedordanas.com\/wp-content\/uploads\/2019\/04\/rudar-prijedor-zeljeznicar-sport-tim-juniori-4.jpg\"><img loading=\"lazy\" decoding=\"async\" src=\"https:\/\/www.prijedordanas.com\/wp-content\/uploads\/2019\/04\/rudar-prijedor-zeljeznicar-sport-tim-juniori-4-300x200.jpg\" alt=\"\" width=\"300\" height=\"200\" class=\"alignleft size-medium wp-image-126354\" srcset=\"https:\/\/www.prijedordanas.com\/wp-content\/uploads\/2019\/04\/rudar-prijedor-zeljeznicar-sport-tim-juniori-4-300x200.jpg 300w, https:\/\/www.prijedordanas.com\/wp-content\/uploads\/2019\/04\/rudar-prijedor-zeljeznicar-sport-tim-juniori-4-100x67.jpg 100w, https:\/\/www.prijedordanas.com\/wp-content\/uploads\/2019\/04\/rudar-prijedor-zeljeznicar-sport-tim-juniori-4-480x320.jpg 480w, https:\/\/www.prijedordanas.com\/wp-content\/uploads\/2019\/04\/rudar-prijedor-zeljeznicar-sport-tim-juniori-4.jpg 600w\" sizes=\"(max-width: 300px) 100vw, 300px\" \/><\/a><\/p>\n","protected":false},"excerpt":{"rendered":"<p>U susretu 15.kola Omladinske lige BiH-grupa Zapad, juniori Rudar-Prijedora ostvarili su vrijednu pobjedu koja mo\u017ee biti odlu\u010duju\u0107a u borbi za titulu. Mladi Prijedor\u010dani su slavili protiv direktnog rivala, ekipe \u017deljezni\u010dar [&hellip;]<\/p>\n","protected":false},"author":1,"featured_media":0,"comment_status":"closed","ping_status":"open","sticky":false,"template":"","format":"standard","meta":{"_monsterinsights_skip_tracking":false,"_monsterinsights_sitenote_active":false,"_monsterinsights_sitenote_note":"","_monsterinsights_sitenote_category":0,"footnotes":""},"categories":[7],"tags":[],"yoast_head":"<!-- This site is optimized with the Yoast SEO plugin v21.6 - https:\/\/yoast.com\/wordpress\/plugins\/seo\/ -->\n<title>OMLADINSKA LIGA BIH-GRUPA ZAPAD: POBJEDA JUNIORA RUDAR-PRIJEDORA VRIJEDNA TITULE PRVAKA \u2013 FOTO - PrijedorDanas.com - Prijedorski gradski portal<\/title>\n<meta name=\"robots\" content=\"index, follow, max-snippet:-1, max-image-preview:large, max-video-preview:-1\" \/>\n<link rel=\"canonical\" href=\"https:\/\/www.prijedordanas.com\/?p=126350\" \/>\n<meta property=\"og:locale\" content=\"en_US\" \/>\n<meta property=\"og:type\" content=\"article\" \/>\n<meta property=\"og:title\" content=\"OMLADINSKA LIGA BIH-GRUPA ZAPAD: POBJEDA JUNIORA RUDAR-PRIJEDORA VRIJEDNA TITULE PRVAKA \u2013 FOTO - PrijedorDanas.com - Prijedorski gradski portal\" \/>\n<meta property=\"og:description\" content=\"U susretu 15.kola Omladinske lige BiH-grupa Zapad, juniori Rudar-Prijedora ostvarili su vrijednu pobjedu koja mo\u017ee biti odlu\u010duju\u0107a u borbi za titulu. Mladi Prijedor\u010dani su slavili protiv direktnog rivala, ekipe \u017deljezni\u010dar [&hellip;]\" \/>\n<meta property=\"og:url\" content=\"https:\/\/www.prijedordanas.com\/?p=126350\" \/>\n<meta property=\"og:site_name\" content=\"PrijedorDanas.com - Prijedorski gradski portal\" \/>\n<meta property=\"article:publisher\" content=\"https:\/\/www.facebook.com\/PrijedorDanasCom\/\" \/>\n<meta property=\"article:published_time\" content=\"2019-04-27T16:10:33+00:00\" \/>\n<meta property=\"og:image\" content=\"https:\/\/www.prijedordanas.com\/wp-content\/uploads\/2019\/04\/rudar-prijedor-zeljeznicar-sport-tim-juniori-1-300x222.jpg\" \/>\n<meta name=\"author\" content=\"admin\" \/>\n<meta name=\"twitter:card\" content=\"summary_large_image\" \/>\n<meta name=\"twitter:label1\" content=\"Written by\" \/>\n\t<meta name=\"twitter:data1\" content=\"admin\" \/>\n\t<meta name=\"twitter:label2\" content=\"Est. reading time\" \/>\n\t<meta name=\"twitter:data2\" content=\"2 minutes\" \/>\n<script type=\"application\/ld+json\" class=\"yoast-schema-graph\">{\"@context\":\"https:\/\/schema.org\",\"@graph\":[{\"@type\":\"Article\",\"@id\":\"https:\/\/www.prijedordanas.com\/?p=126350#article\",\"isPartOf\":{\"@id\":\"https:\/\/www.prijedordanas.com\/?p=126350\"},\"author\":{\"name\":\"admin\",\"@id\":\"https:\/\/www.prijedordanas.com\/#\/schema\/person\/4e08ccf29b506ca916ff86d46bb700e6\"},\"headline\":\"OMLADINSKA LIGA BIH-GRUPA ZAPAD: POBJEDA JUNIORA RUDAR-PRIJEDORA VRIJEDNA TITULE PRVAKA \u2013 FOTO\",\"datePublished\":\"2019-04-27T16:10:33+00:00\",\"dateModified\":\"2019-04-27T16:10:33+00:00\",\"mainEntityOfPage\":{\"@id\":\"https:\/\/www.prijedordanas.com\/?p=126350\"},\"wordCount\":315,\"publisher\":{\"@id\":\"https:\/\/www.prijedordanas.com\/#organization\"},\"articleSection\":[\"Sport\"],\"inLanguage\":\"en-US\"},{\"@type\":\"WebPage\",\"@id\":\"https:\/\/www.prijedordanas.com\/?p=126350\",\"url\":\"https:\/\/www.prijedordanas.com\/?p=126350\",\"name\":\"OMLADINSKA LIGA BIH-GRUPA ZAPAD: POBJEDA JUNIORA RUDAR-PRIJEDORA VRIJEDNA TITULE PRVAKA \u2013 FOTO - PrijedorDanas.com - Prijedorski gradski portal\",\"isPartOf\":{\"@id\":\"https:\/\/www.prijedordanas.com\/#website\"},\"datePublished\":\"2019-04-27T16:10:33+00:00\",\"dateModified\":\"2019-04-27T16:10:33+00:00\",\"breadcrumb\":{\"@id\":\"https:\/\/www.prijedordanas.com\/?p=126350#breadcrumb\"},\"inLanguage\":\"en-US\",\"potentialAction\":[{\"@type\":\"ReadAction\",\"target\":[\"https:\/\/www.prijedordanas.com\/?p=126350\"]}]},{\"@type\":\"BreadcrumbList\",\"@id\":\"https:\/\/www.prijedordanas.com\/?p=126350#breadcrumb\",\"itemListElement\":[{\"@type\":\"ListItem\",\"position\":1,\"name\":\"Home\",\"item\":\"https:\/\/www.prijedordanas.com\/\"},{\"@type\":\"ListItem\",\"position\":2,\"name\":\"OMLADINSKA LIGA BIH-GRUPA ZAPAD: POBJEDA JUNIORA RUDAR-PRIJEDORA VRIJEDNA TITULE PRVAKA \u2013 FOTO\"}]},{\"@type\":\"WebSite\",\"@id\":\"https:\/\/www.prijedordanas.com\/#website\",\"url\":\"https:\/\/www.prijedordanas.com\/\",\"name\":\"PrijedorDanas.com - Prijedorski gradski portal\",\"description\":\"Portal o doga\u0111anjima u gradu Prijedoru\",\"publisher\":{\"@id\":\"https:\/\/www.prijedordanas.com\/#organization\"},\"potentialAction\":[{\"@type\":\"SearchAction\",\"target\":{\"@type\":\"EntryPoint\",\"urlTemplate\":\"https:\/\/www.prijedordanas.com\/?s={search_term_string}\"},\"query-input\":\"required name=search_term_string\"}],\"inLanguage\":\"en-US\"},{\"@type\":\"Organization\",\"@id\":\"https:\/\/www.prijedordanas.com\/#organization\",\"name\":\"PrijedorDanas.com\",\"url\":\"https:\/\/www.prijedordanas.com\/\",\"logo\":{\"@type\":\"ImageObject\",\"inLanguage\":\"en-US\",\"@id\":\"https:\/\/www.prijedordanas.com\/#\/schema\/logo\/image\/\",\"url\":\"http:\/\/www.prijedordanas.com\/wp-content\/uploads\/2021\/12\/logopng.png\",\"contentUrl\":\"http:\/\/www.prijedordanas.com\/wp-content\/uploads\/2021\/12\/logopng.png\",\"width\":1019,\"height\":776,\"caption\":\"PrijedorDanas.com\"},\"image\":{\"@id\":\"https:\/\/www.prijedordanas.com\/#\/schema\/logo\/image\/\"},\"sameAs\":[\"https:\/\/www.facebook.com\/PrijedorDanasCom\/\"]},{\"@type\":\"Person\",\"@id\":\"https:\/\/www.prijedordanas.com\/#\/schema\/person\/4e08ccf29b506ca916ff86d46bb700e6\",\"name\":\"admin\",\"image\":{\"@type\":\"ImageObject\",\"inLanguage\":\"en-US\",\"@id\":\"https:\/\/www.prijedordanas.com\/#\/schema\/person\/image\/\",\"url\":\"https:\/\/secure.gravatar.com\/avatar\/1d3fc949d550f0b53a5f0d51e06dfd79?s=96&d=mm&r=g\",\"contentUrl\":\"https:\/\/secure.gravatar.com\/avatar\/1d3fc949d550f0b53a5f0d51e06dfd79?s=96&d=mm&r=g\",\"caption\":\"admin\"},\"url\":\"https:\/\/www.prijedordanas.com\/?author=1\"}]}<\/script>\n<!-- \/ Yoast SEO plugin. -->","yoast_head_json":{"title":"OMLADINSKA LIGA BIH-GRUPA ZAPAD: POBJEDA JUNIORA RUDAR-PRIJEDORA VRIJEDNA TITULE PRVAKA \u2013 FOTO - PrijedorDanas.com - Prijedorski gradski portal","robots":{"index":"index","follow":"follow","max-snippet":"max-snippet:-1","max-image-preview":"max-image-preview:large","max-video-preview":"max-video-preview:-1"},"canonical":"https:\/\/www.prijedordanas.com\/?p=126350","og_locale":"en_US","og_type":"article","og_title":"OMLADINSKA LIGA BIH-GRUPA ZAPAD: POBJEDA JUNIORA RUDAR-PRIJEDORA VRIJEDNA TITULE PRVAKA \u2013 FOTO - PrijedorDanas.com - Prijedorski gradski portal","og_description":"U susretu 15.kola Omladinske lige BiH-grupa Zapad, juniori Rudar-Prijedora ostvarili su vrijednu pobjedu koja mo\u017ee biti odlu\u010duju\u0107a u borbi za titulu. Mladi Prijedor\u010dani su slavili protiv direktnog rivala, ekipe \u017deljezni\u010dar [&hellip;]","og_url":"https:\/\/www.prijedordanas.com\/?p=126350","og_site_name":"PrijedorDanas.com - Prijedorski gradski portal","article_publisher":"https:\/\/www.facebook.com\/PrijedorDanasCom\/","article_published_time":"2019-04-27T16:10:33+00:00","og_image":[{"url":"https:\/\/www.prijedordanas.com\/wp-content\/uploads\/2019\/04\/rudar-prijedor-zeljeznicar-sport-tim-juniori-1-300x222.jpg"}],"author":"admin","twitter_card":"summary_large_image","twitter_misc":{"Written by":"admin","Est. reading time":"2 minutes"},"schema":{"@context":"https:\/\/schema.org","@graph":[{"@type":"Article","@id":"https:\/\/www.prijedordanas.com\/?p=126350#article","isPartOf":{"@id":"https:\/\/www.prijedordanas.com\/?p=126350"},"author":{"name":"admin","@id":"https:\/\/www.prijedordanas.com\/#\/schema\/person\/4e08ccf29b506ca916ff86d46bb700e6"},"headline":"OMLADINSKA LIGA BIH-GRUPA ZAPAD: POBJEDA JUNIORA RUDAR-PRIJEDORA VRIJEDNA TITULE PRVAKA \u2013 FOTO","datePublished":"2019-04-27T16:10:33+00:00","dateModified":"2019-04-27T16:10:33+00:00","mainEntityOfPage":{"@id":"https:\/\/www.prijedordanas.com\/?p=126350"},"wordCount":315,"publisher":{"@id":"https:\/\/www.prijedordanas.com\/#organization"},"articleSection":["Sport"],"inLanguage":"en-US"},{"@type":"WebPage","@id":"https:\/\/www.prijedordanas.com\/?p=126350","url":"https:\/\/www.prijedordanas.com\/?p=126350","name":"OMLADINSKA LIGA BIH-GRUPA ZAPAD: POBJEDA JUNIORA RUDAR-PRIJEDORA VRIJEDNA TITULE PRVAKA \u2013 FOTO - PrijedorDanas.com - Prijedorski gradski portal","isPartOf":{"@id":"https:\/\/www.prijedordanas.com\/#website"},"datePublished":"2019-04-27T16:10:33+00:00","dateModified":"2019-04-27T16:10:33+00:00","breadcrumb":{"@id":"https:\/\/www.prijedordanas.com\/?p=126350#breadcrumb"},"inLanguage":"en-US","potentialAction":[{"@type":"ReadAction","target":["https:\/\/www.prijedordanas.com\/?p=126350"]}]},{"@type":"BreadcrumbList","@id":"https:\/\/www.prijedordanas.com\/?p=126350#breadcrumb","itemListElement":[{"@type":"ListItem","position":1,"name":"Home","item":"https:\/\/www.prijedordanas.com\/"},{"@type":"ListItem","position":2,"name":"OMLADINSKA LIGA BIH-GRUPA ZAPAD: POBJEDA JUNIORA RUDAR-PRIJEDORA VRIJEDNA TITULE PRVAKA \u2013 FOTO"}]},{"@type":"WebSite","@id":"https:\/\/www.prijedordanas.com\/#website","url":"https:\/\/www.prijedordanas.com\/","name":"PrijedorDanas.com - Prijedorski gradski portal","description":"Portal o doga\u0111anjima u gradu Prijedoru","publisher":{"@id":"https:\/\/www.prijedordanas.com\/#organization"},"potentialAction":[{"@type":"SearchAction","target":{"@type":"EntryPoint","urlTemplate":"https:\/\/www.prijedordanas.com\/?s={search_term_string}"},"query-input":"required name=search_term_string"}],"inLanguage":"en-US"},{"@type":"Organization","@id":"https:\/\/www.prijedordanas.com\/#organization","name":"PrijedorDanas.com","url":"https:\/\/www.prijedordanas.com\/","logo":{"@type":"ImageObject","inLanguage":"en-US","@id":"https:\/\/www.prijedordanas.com\/#\/schema\/logo\/image\/","url":"http:\/\/www.prijedordanas.com\/wp-content\/uploads\/2021\/12\/logopng.png","contentUrl":"http:\/\/www.prijedordanas.com\/wp-content\/uploads\/2021\/12\/logopng.png","width":1019,"height":776,"caption":"PrijedorDanas.com"},"image":{"@id":"https:\/\/www.prijedordanas.com\/#\/schema\/logo\/image\/"},"sameAs":["https:\/\/www.facebook.com\/PrijedorDanasCom\/"]},{"@type":"Person","@id":"https:\/\/www.prijedordanas.com\/#\/schema\/person\/4e08ccf29b506ca916ff86d46bb700e6","name":"admin","image":{"@type":"ImageObject","inLanguage":"en-US","@id":"https:\/\/www.prijedordanas.com\/#\/schema\/person\/image\/","url":"https:\/\/secure.gravatar.com\/avatar\/1d3fc949d550f0b53a5f0d51e06dfd79?s=96&d=mm&r=g","contentUrl":"https:\/\/secure.gravatar.com\/avatar\/1d3fc949d550f0b53a5f0d51e06dfd79?s=96&d=mm&r=g","caption":"admin"},"url":"https:\/\/www.prijedordanas.com\/?author=1"}]}},"_links":{"self":[{"href":"https:\/\/www.prijedordanas.com\/index.php?rest_route=\/wp\/v2\/posts\/126350"}],"collection":[{"href":"https:\/\/www.prijedordanas.com\/index.php?rest_route=\/wp\/v2\/posts"}],"about":[{"href":"https:\/\/www.prijedordanas.com\/index.php?rest_route=\/wp\/v2\/types\/post"}],"author":[{"embeddable":true,"href":"https:\/\/www.prijedordanas.com\/index.php?rest_route=\/wp\/v2\/users\/1"}],"replies":[{"embeddable":true,"href":"https:\/\/www.prijedordanas.com\/index.php?rest_route=%2Fwp%2Fv2%2Fcomments&post=126350"}],"version-history":[{"count":1,"href":"https:\/\/www.prijedordanas.com\/index.php?rest_route=\/wp\/v2\/posts\/126350\/revisions"}],"predecessor-version":[{"id":126355,"href":"https:\/\/www.prijedordanas.com\/index.php?rest_route=\/wp\/v2\/posts\/126350\/revisions\/126355"}],"wp:attachment":[{"href":"https:\/\/www.prijedordanas.com\/index.php?rest_route=%2Fwp%2Fv2%2Fmedia&parent=126350"}],"wp:term":[{"taxonomy":"category","embeddable":true,"href":"https:\/\/www.prijedordanas.com\/index.php?rest_route=%2Fwp%2Fv2%2Fcategories&post=126350"},{"taxonomy":"post_tag","embeddable":true,"href":"https:\/\/www.prijedordanas.com\/index.php?rest_route=%2Fwp%2Fv2%2Ftags&post=126350"}],"curies":[{"name":"wp","href":"https:\/\/api.w.org\/{rel}","templated":true}]}}