{"id":126169,"date":"2019-04-24T23:26:53","date_gmt":"2019-04-24T21:26:53","guid":{"rendered":"https:\/\/www.prijedordanas.com\/?p=126169"},"modified":"2019-04-24T23:26:53","modified_gmt":"2019-04-24T21:26:53","slug":"burno-u-prijedoru-zbog-revizorskog-izvjestaja-odbornici-traze-posebnu-sjednicu","status":"publish","type":"post","link":"https:\/\/www.prijedordanas.com\/?p=126169","title":{"rendered":"BURNO U PRIJEDORU: ZBOG REVIZORSKOG IZVJE\u0160TAJA ODBORNICI TRA\u017dE POSEBNU SJEDNICU"},"content":{"rendered":"<p><a href=\"https:\/\/www.prijedordanas.com\/wp-content\/uploads\/2019\/04\/blic-skupstina-grada-prijedora-april.jpg\"><img loading=\"lazy\" decoding=\"async\" class=\"alignleft size-medium wp-image-126170\" src=\"https:\/\/www.prijedordanas.com\/wp-content\/uploads\/2019\/04\/blic-skupstina-grada-prijedora-april-300x225.jpg\" alt=\"\" width=\"300\" height=\"225\" srcset=\"https:\/\/www.prijedordanas.com\/wp-content\/uploads\/2019\/04\/blic-skupstina-grada-prijedora-april-300x225.jpg 300w, https:\/\/www.prijedordanas.com\/wp-content\/uploads\/2019\/04\/blic-skupstina-grada-prijedora-april-100x75.jpg 100w, https:\/\/www.prijedordanas.com\/wp-content\/uploads\/2019\/04\/blic-skupstina-grada-prijedora-april-640x480.jpg 640w, https:\/\/www.prijedordanas.com\/wp-content\/uploads\/2019\/04\/blic-skupstina-grada-prijedora-april.jpg 667w\" sizes=\"(max-width: 300px) 100vw, 300px\" \/><\/a>Nova ve\u0107ina u Skup\u0161tini grada Prijedora, predala je danas predsjedniku Skup\u0161tine inicijativu za odr\u017eavanje posebne sjednice Skup\u0161tine grada, na kojoj bi jedina ta\u010dka bila razmatranje revizorskog izvje\u0161taja grada Prijedora.<\/p>\n<p>Naime, rije\u010d je o mi\u0161ljenju sa rezervom o finansijama grada Prijedora za 2017. godinu koji je u svom izvje\u0161taju dala Glavna slu\u017eba za reviziju javnog sektora RS.<\/p>\n<p>Odbornici tra\u017ee da posebna sjednica bude odr\u017eana 10. maja.<\/p>\n<p>\u2013 S obzirom da je Glavna slu\u017eba za reviziju javnog sektora RS zavr\u0161ila finansijsku reviziju grada Prijedora, za period od 01. 01. do 31.12. 2017. godine, i objavila revizorski izvje\u0161taj 21. 12. 2018. godine, a da jo\u0161 pomenuti izvje\u0161taj nije do\u0161ao na dnevni red Skup\u0161tine, smatramo da je potrebno da se u \u0161to kra\u0107em roku izvje\u0161taj o izvr\u0161enoj reviziji grada Prijedora od strane Glavne slu\u017ebe za reviziju javnog sektora Republike Srpske na\u0111e na dnevnom redu posebne sjednice Skup\u0161tine, radi informisanja javnosti i kako bi odbornici Skup\u0161tine grada Prijedora zauzeli odre\u0111ene stavove u vezi izvr\u0161ene revizije i donijeli zaklju\u010dke \u2013 navedeno je u obrazlo\u017eenju.<\/p>\n<p><a href=\"https:\/\/www.prijedordanas.com\/wp-content\/uploads\/2019\/04\/blic-inicijativa-za-sjednicu.jpg\"><img loading=\"lazy\" decoding=\"async\" class=\"alignleft size-medium wp-image-126171\" src=\"https:\/\/www.prijedordanas.com\/wp-content\/uploads\/2019\/04\/blic-inicijativa-za-sjednicu-225x300.jpg\" alt=\"\" width=\"225\" height=\"300\" srcset=\"https:\/\/www.prijedordanas.com\/wp-content\/uploads\/2019\/04\/blic-inicijativa-za-sjednicu-225x300.jpg 225w, https:\/\/www.prijedordanas.com\/wp-content\/uploads\/2019\/04\/blic-inicijativa-za-sjednicu-75x100.jpg 75w, https:\/\/www.prijedordanas.com\/wp-content\/uploads\/2019\/04\/blic-inicijativa-za-sjednicu.jpg 450w\" sizes=\"(max-width: 225px) 100vw, 225px\" \/><\/a>Inicijativu su potpisala 22 odbornika SNSD, SDS, SDA, DF, samostalnog Kluba odbornika te jedan samostalni odbornik.<\/p>\n<p>Ina\u010de, na posljednjem zasjedanju Skup\u0161tine grada Prijedora, \u0161ef Kluba odbornika SNSD, Dalibor Pavlovi\u0107 je predlo\u017eio da se na jednoj od sjednica razmatra i revizorski izvje\u0161taj finansija grada Prijdora.<\/p>\n<p>\u2013 To je zna\u010dajan dokument za grad, ali \u017eelimo tako\u0111e da i gra\u0111ani budu informisani o tome te da i Skup\u0161tina donese zaklju\u010dke po kojima \u0107e postupati. Zbog svega toga tra\u017eena je posebna sjednica \u2013 izjavio je Pavlovi\u0107 za Srpskainfo.<\/p>\n<p>Dodaje da odbornici tra\u017ee da posebnoj sjednici prisustvuju i predstvanici Glavne slu\u017ebe za reviziju javnog sektora RS, kako bi mogli odgovoriti na pitanja odbornika i dodatno im objasniti svoj izvje\u0161taj.<\/p>\n<p>Podsje\u0107ano, Srpskainfo je ranije pisala o mi\u0161ljenju sa rezervom koje je Prijedor dobio od Glavne slu\u017ebe za reviziju, te nepravilnostima koje su uo\u010dili revizori.<\/p>\n<p>Sa druge strane, na\u0161i izvori tvrde da gradona\u010delnik Prijedora Milenko \u0110akovi\u0107, ne\u0107e sprovoditi u djelo nijednu odluku nove skup\u0161tinske ve\u0107ine, \u010diji dio nije samo \u0161est odbornika DNS i jedan odbornik SDP BiH.<\/p>\n<p><a href=\"https:\/\/www.prijedordanas.com\/wp-content\/uploads\/2019\/04\/blic-dalibor-pavlovic.jpg\"><img loading=\"lazy\" decoding=\"async\" src=\"https:\/\/www.prijedordanas.com\/wp-content\/uploads\/2019\/04\/blic-dalibor-pavlovic-300x225.jpg\" alt=\"\" width=\"300\" height=\"225\" class=\"alignleft size-medium wp-image-126172\" srcset=\"https:\/\/www.prijedordanas.com\/wp-content\/uploads\/2019\/04\/blic-dalibor-pavlovic-300x225.jpg 300w, https:\/\/www.prijedordanas.com\/wp-content\/uploads\/2019\/04\/blic-dalibor-pavlovic-100x75.jpg 100w, https:\/\/www.prijedordanas.com\/wp-content\/uploads\/2019\/04\/blic-dalibor-pavlovic-640x480.jpg 640w, https:\/\/www.prijedordanas.com\/wp-content\/uploads\/2019\/04\/blic-dalibor-pavlovic.jpg 667w\" sizes=\"(max-width: 300px) 100vw, 300px\" \/><\/a>Navode da \u0107e na ovaj na\u010din \u0110akovi\u0107 poku\u0161ati da od nove skup\u0161tinske ve\u0107ine dobije odluku o njegovom opozivu.<\/p>\n<p>\u2013 Skup\u0161tinska ve\u0107ina trenutno ne razmi\u0161lja o opozivu \u0110akovi\u0107a, jer ne dijeli nas puno od redovnih lokalnih izbora i oni ne \u017eele da prave dodatni tro\u0161ak opozivom jer bi uslijedio referendum koji mnogo ko\u0161ta \u2013 ka\u017ee na\u0161 sagovornik.<\/p>\n<p>Dodaje da referendum prema zakonskim propisima mo\u017ee biti organizovan do oktobra ove godine. Ukoliko opoziv gradona\u010delnika uslijedi nakon oktobra ove godine, funkciju gradona\u010delnika preuzima njegov zamjenik, jer za godinu dana slijede redovni izbori.<\/p>\n<p>Zamjenik gradona\u010delnika Prijedora je trenutno kadar SNSD-a, Aleksandar Milju\u0161. Me\u0111utim, zamjenik se bira ve\u0107inom glasova odbornika, a u slu\u010daju opoziva gradona\u010delnika, njega mo\u017ee da predlo\u017ei i Skup\u0161tina.<\/p>\n<p>EuroBlic-srpskainfo.com<\/p>\n","protected":false},"excerpt":{"rendered":"<p>Nova ve\u0107ina u Skup\u0161tini grada Prijedora, predala je danas predsjedniku Skup\u0161tine inicijativu za odr\u017eavanje posebne sjednice Skup\u0161tine grada, na kojoj bi jedina ta\u010dka bila razmatranje revizorskog izvje\u0161taja grada Prijedora. Naime, [&hellip;]<\/p>\n","protected":false},"author":1,"featured_media":0,"comment_status":"closed","ping_status":"open","sticky":false,"template":"","format":"standard","meta":{"_monsterinsights_skip_tracking":false,"_monsterinsights_sitenote_active":false,"_monsterinsights_sitenote_note":"","_monsterinsights_sitenote_category":0,"footnotes":""},"categories":[8],"tags":[],"yoast_head":"<!-- This site is optimized with the Yoast SEO plugin v21.6 - https:\/\/yoast.com\/wordpress\/plugins\/seo\/ -->\n<title>BURNO U PRIJEDORU: ZBOG REVIZORSKOG IZVJE\u0160TAJA ODBORNICI TRA\u017dE POSEBNU SJEDNICU - PrijedorDanas.com - Prijedorski gradski portal<\/title>\n<meta name=\"robots\" content=\"index, follow, max-snippet:-1, max-image-preview:large, max-video-preview:-1\" \/>\n<link rel=\"canonical\" href=\"https:\/\/www.prijedordanas.com\/?p=126169\" \/>\n<meta property=\"og:locale\" content=\"en_US\" \/>\n<meta property=\"og:type\" content=\"article\" \/>\n<meta property=\"og:title\" content=\"BURNO U PRIJEDORU: ZBOG REVIZORSKOG IZVJE\u0160TAJA ODBORNICI TRA\u017dE POSEBNU SJEDNICU - PrijedorDanas.com - Prijedorski gradski portal\" \/>\n<meta property=\"og:description\" content=\"Nova ve\u0107ina u Skup\u0161tini grada Prijedora, predala je danas predsjedniku Skup\u0161tine inicijativu za odr\u017eavanje posebne sjednice Skup\u0161tine grada, na kojoj bi jedina ta\u010dka bila razmatranje revizorskog izvje\u0161taja grada Prijedora. Naime, [&hellip;]\" \/>\n<meta property=\"og:url\" content=\"https:\/\/www.prijedordanas.com\/?p=126169\" \/>\n<meta property=\"og:site_name\" content=\"PrijedorDanas.com - Prijedorski gradski portal\" \/>\n<meta property=\"article:publisher\" content=\"https:\/\/www.facebook.com\/PrijedorDanasCom\/\" \/>\n<meta property=\"article:published_time\" content=\"2019-04-24T21:26:53+00:00\" \/>\n<meta property=\"og:image\" content=\"https:\/\/www.prijedordanas.com\/wp-content\/uploads\/2019\/04\/blic-skupstina-grada-prijedora-april-300x225.jpg\" \/>\n<meta name=\"author\" content=\"admin\" \/>\n<meta name=\"twitter:card\" content=\"summary_large_image\" \/>\n<meta name=\"twitter:label1\" content=\"Written by\" \/>\n\t<meta name=\"twitter:data1\" content=\"admin\" \/>\n\t<meta name=\"twitter:label2\" content=\"Est. reading time\" \/>\n\t<meta name=\"twitter:data2\" content=\"3 minutes\" \/>\n<script type=\"application\/ld+json\" class=\"yoast-schema-graph\">{\"@context\":\"https:\/\/schema.org\",\"@graph\":[{\"@type\":\"Article\",\"@id\":\"https:\/\/www.prijedordanas.com\/?p=126169#article\",\"isPartOf\":{\"@id\":\"https:\/\/www.prijedordanas.com\/?p=126169\"},\"author\":{\"name\":\"admin\",\"@id\":\"https:\/\/www.prijedordanas.com\/#\/schema\/person\/4e08ccf29b506ca916ff86d46bb700e6\"},\"headline\":\"BURNO U PRIJEDORU: ZBOG REVIZORSKOG IZVJE\u0160TAJA ODBORNICI TRA\u017dE POSEBNU SJEDNICU\",\"datePublished\":\"2019-04-24T21:26:53+00:00\",\"dateModified\":\"2019-04-24T21:26:53+00:00\",\"mainEntityOfPage\":{\"@id\":\"https:\/\/www.prijedordanas.com\/?p=126169\"},\"wordCount\":525,\"publisher\":{\"@id\":\"https:\/\/www.prijedordanas.com\/#organization\"},\"articleSection\":[\"Svakodnevno\"],\"inLanguage\":\"en-US\"},{\"@type\":\"WebPage\",\"@id\":\"https:\/\/www.prijedordanas.com\/?p=126169\",\"url\":\"https:\/\/www.prijedordanas.com\/?p=126169\",\"name\":\"BURNO U PRIJEDORU: ZBOG REVIZORSKOG IZVJE\u0160TAJA ODBORNICI TRA\u017dE POSEBNU SJEDNICU - PrijedorDanas.com - Prijedorski gradski portal\",\"isPartOf\":{\"@id\":\"https:\/\/www.prijedordanas.com\/#website\"},\"datePublished\":\"2019-04-24T21:26:53+00:00\",\"dateModified\":\"2019-04-24T21:26:53+00:00\",\"breadcrumb\":{\"@id\":\"https:\/\/www.prijedordanas.com\/?p=126169#breadcrumb\"},\"inLanguage\":\"en-US\",\"potentialAction\":[{\"@type\":\"ReadAction\",\"target\":[\"https:\/\/www.prijedordanas.com\/?p=126169\"]}]},{\"@type\":\"BreadcrumbList\",\"@id\":\"https:\/\/www.prijedordanas.com\/?p=126169#breadcrumb\",\"itemListElement\":[{\"@type\":\"ListItem\",\"position\":1,\"name\":\"Home\",\"item\":\"https:\/\/www.prijedordanas.com\/\"},{\"@type\":\"ListItem\",\"position\":2,\"name\":\"BURNO U PRIJEDORU: ZBOG REVIZORSKOG IZVJE\u0160TAJA ODBORNICI TRA\u017dE POSEBNU SJEDNICU\"}]},{\"@type\":\"WebSite\",\"@id\":\"https:\/\/www.prijedordanas.com\/#website\",\"url\":\"https:\/\/www.prijedordanas.com\/\",\"name\":\"PrijedorDanas.com - Prijedorski gradski portal\",\"description\":\"Portal o doga\u0111anjima u gradu Prijedoru\",\"publisher\":{\"@id\":\"https:\/\/www.prijedordanas.com\/#organization\"},\"potentialAction\":[{\"@type\":\"SearchAction\",\"target\":{\"@type\":\"EntryPoint\",\"urlTemplate\":\"https:\/\/www.prijedordanas.com\/?s={search_term_string}\"},\"query-input\":\"required name=search_term_string\"}],\"inLanguage\":\"en-US\"},{\"@type\":\"Organization\",\"@id\":\"https:\/\/www.prijedordanas.com\/#organization\",\"name\":\"PrijedorDanas.com\",\"url\":\"https:\/\/www.prijedordanas.com\/\",\"logo\":{\"@type\":\"ImageObject\",\"inLanguage\":\"en-US\",\"@id\":\"https:\/\/www.prijedordanas.com\/#\/schema\/logo\/image\/\",\"url\":\"http:\/\/www.prijedordanas.com\/wp-content\/uploads\/2021\/12\/logopng.png\",\"contentUrl\":\"http:\/\/www.prijedordanas.com\/wp-content\/uploads\/2021\/12\/logopng.png\",\"width\":1019,\"height\":776,\"caption\":\"PrijedorDanas.com\"},\"image\":{\"@id\":\"https:\/\/www.prijedordanas.com\/#\/schema\/logo\/image\/\"},\"sameAs\":[\"https:\/\/www.facebook.com\/PrijedorDanasCom\/\"]},{\"@type\":\"Person\",\"@id\":\"https:\/\/www.prijedordanas.com\/#\/schema\/person\/4e08ccf29b506ca916ff86d46bb700e6\",\"name\":\"admin\",\"image\":{\"@type\":\"ImageObject\",\"inLanguage\":\"en-US\",\"@id\":\"https:\/\/www.prijedordanas.com\/#\/schema\/person\/image\/\",\"url\":\"https:\/\/secure.gravatar.com\/avatar\/1d3fc949d550f0b53a5f0d51e06dfd79?s=96&d=mm&r=g\",\"contentUrl\":\"https:\/\/secure.gravatar.com\/avatar\/1d3fc949d550f0b53a5f0d51e06dfd79?s=96&d=mm&r=g\",\"caption\":\"admin\"},\"url\":\"https:\/\/www.prijedordanas.com\/?author=1\"}]}<\/script>\n<!-- \/ Yoast SEO plugin. -->","yoast_head_json":{"title":"BURNO U PRIJEDORU: ZBOG REVIZORSKOG IZVJE\u0160TAJA ODBORNICI TRA\u017dE POSEBNU SJEDNICU - PrijedorDanas.com - Prijedorski gradski portal","robots":{"index":"index","follow":"follow","max-snippet":"max-snippet:-1","max-image-preview":"max-image-preview:large","max-video-preview":"max-video-preview:-1"},"canonical":"https:\/\/www.prijedordanas.com\/?p=126169","og_locale":"en_US","og_type":"article","og_title":"BURNO U PRIJEDORU: ZBOG REVIZORSKOG IZVJE\u0160TAJA ODBORNICI TRA\u017dE POSEBNU SJEDNICU - PrijedorDanas.com - Prijedorski gradski portal","og_description":"Nova ve\u0107ina u Skup\u0161tini grada Prijedora, predala je danas predsjedniku Skup\u0161tine inicijativu za odr\u017eavanje posebne sjednice Skup\u0161tine grada, na kojoj bi jedina ta\u010dka bila razmatranje revizorskog izvje\u0161taja grada Prijedora. Naime, [&hellip;]","og_url":"https:\/\/www.prijedordanas.com\/?p=126169","og_site_name":"PrijedorDanas.com - Prijedorski gradski portal","article_publisher":"https:\/\/www.facebook.com\/PrijedorDanasCom\/","article_published_time":"2019-04-24T21:26:53+00:00","og_image":[{"url":"https:\/\/www.prijedordanas.com\/wp-content\/uploads\/2019\/04\/blic-skupstina-grada-prijedora-april-300x225.jpg"}],"author":"admin","twitter_card":"summary_large_image","twitter_misc":{"Written by":"admin","Est. reading time":"3 minutes"},"schema":{"@context":"https:\/\/schema.org","@graph":[{"@type":"Article","@id":"https:\/\/www.prijedordanas.com\/?p=126169#article","isPartOf":{"@id":"https:\/\/www.prijedordanas.com\/?p=126169"},"author":{"name":"admin","@id":"https:\/\/www.prijedordanas.com\/#\/schema\/person\/4e08ccf29b506ca916ff86d46bb700e6"},"headline":"BURNO U PRIJEDORU: ZBOG REVIZORSKOG IZVJE\u0160TAJA ODBORNICI TRA\u017dE POSEBNU SJEDNICU","datePublished":"2019-04-24T21:26:53+00:00","dateModified":"2019-04-24T21:26:53+00:00","mainEntityOfPage":{"@id":"https:\/\/www.prijedordanas.com\/?p=126169"},"wordCount":525,"publisher":{"@id":"https:\/\/www.prijedordanas.com\/#organization"},"articleSection":["Svakodnevno"],"inLanguage":"en-US"},{"@type":"WebPage","@id":"https:\/\/www.prijedordanas.com\/?p=126169","url":"https:\/\/www.prijedordanas.com\/?p=126169","name":"BURNO U PRIJEDORU: ZBOG REVIZORSKOG IZVJE\u0160TAJA ODBORNICI TRA\u017dE POSEBNU SJEDNICU - PrijedorDanas.com - Prijedorski gradski portal","isPartOf":{"@id":"https:\/\/www.prijedordanas.com\/#website"},"datePublished":"2019-04-24T21:26:53+00:00","dateModified":"2019-04-24T21:26:53+00:00","breadcrumb":{"@id":"https:\/\/www.prijedordanas.com\/?p=126169#breadcrumb"},"inLanguage":"en-US","potentialAction":[{"@type":"ReadAction","target":["https:\/\/www.prijedordanas.com\/?p=126169"]}]},{"@type":"BreadcrumbList","@id":"https:\/\/www.prijedordanas.com\/?p=126169#breadcrumb","itemListElement":[{"@type":"ListItem","position":1,"name":"Home","item":"https:\/\/www.prijedordanas.com\/"},{"@type":"ListItem","position":2,"name":"BURNO U PRIJEDORU: ZBOG REVIZORSKOG IZVJE\u0160TAJA ODBORNICI TRA\u017dE POSEBNU SJEDNICU"}]},{"@type":"WebSite","@id":"https:\/\/www.prijedordanas.com\/#website","url":"https:\/\/www.prijedordanas.com\/","name":"PrijedorDanas.com - Prijedorski gradski portal","description":"Portal o doga\u0111anjima u gradu Prijedoru","publisher":{"@id":"https:\/\/www.prijedordanas.com\/#organization"},"potentialAction":[{"@type":"SearchAction","target":{"@type":"EntryPoint","urlTemplate":"https:\/\/www.prijedordanas.com\/?s={search_term_string}"},"query-input":"required name=search_term_string"}],"inLanguage":"en-US"},{"@type":"Organization","@id":"https:\/\/www.prijedordanas.com\/#organization","name":"PrijedorDanas.com","url":"https:\/\/www.prijedordanas.com\/","logo":{"@type":"ImageObject","inLanguage":"en-US","@id":"https:\/\/www.prijedordanas.com\/#\/schema\/logo\/image\/","url":"http:\/\/www.prijedordanas.com\/wp-content\/uploads\/2021\/12\/logopng.png","contentUrl":"http:\/\/www.prijedordanas.com\/wp-content\/uploads\/2021\/12\/logopng.png","width":1019,"height":776,"caption":"PrijedorDanas.com"},"image":{"@id":"https:\/\/www.prijedordanas.com\/#\/schema\/logo\/image\/"},"sameAs":["https:\/\/www.facebook.com\/PrijedorDanasCom\/"]},{"@type":"Person","@id":"https:\/\/www.prijedordanas.com\/#\/schema\/person\/4e08ccf29b506ca916ff86d46bb700e6","name":"admin","image":{"@type":"ImageObject","inLanguage":"en-US","@id":"https:\/\/www.prijedordanas.com\/#\/schema\/person\/image\/","url":"https:\/\/secure.gravatar.com\/avatar\/1d3fc949d550f0b53a5f0d51e06dfd79?s=96&d=mm&r=g","contentUrl":"https:\/\/secure.gravatar.com\/avatar\/1d3fc949d550f0b53a5f0d51e06dfd79?s=96&d=mm&r=g","caption":"admin"},"url":"https:\/\/www.prijedordanas.com\/?author=1"}]}},"_links":{"self":[{"href":"https:\/\/www.prijedordanas.com\/index.php?rest_route=\/wp\/v2\/posts\/126169"}],"collection":[{"href":"https:\/\/www.prijedordanas.com\/index.php?rest_route=\/wp\/v2\/posts"}],"about":[{"href":"https:\/\/www.prijedordanas.com\/index.php?rest_route=\/wp\/v2\/types\/post"}],"author":[{"embeddable":true,"href":"https:\/\/www.prijedordanas.com\/index.php?rest_route=\/wp\/v2\/users\/1"}],"replies":[{"embeddable":true,"href":"https:\/\/www.prijedordanas.com\/index.php?rest_route=%2Fwp%2Fv2%2Fcomments&post=126169"}],"version-history":[{"count":1,"href":"https:\/\/www.prijedordanas.com\/index.php?rest_route=\/wp\/v2\/posts\/126169\/revisions"}],"predecessor-version":[{"id":126173,"href":"https:\/\/www.prijedordanas.com\/index.php?rest_route=\/wp\/v2\/posts\/126169\/revisions\/126173"}],"wp:attachment":[{"href":"https:\/\/www.prijedordanas.com\/index.php?rest_route=%2Fwp%2Fv2%2Fmedia&parent=126169"}],"wp:term":[{"taxonomy":"category","embeddable":true,"href":"https:\/\/www.prijedordanas.com\/index.php?rest_route=%2Fwp%2Fv2%2Fcategories&post=126169"},{"taxonomy":"post_tag","embeddable":true,"href":"https:\/\/www.prijedordanas.com\/index.php?rest_route=%2Fwp%2Fv2%2Ftags&post=126169"}],"curies":[{"name":"wp","href":"https:\/\/api.w.org\/{rel}","templated":true}]}}