{"id":126051,"date":"2019-04-23T08:46:51","date_gmt":"2019-04-23T06:46:51","guid":{"rendered":"https:\/\/www.prijedordanas.com\/?p=126051"},"modified":"2019-04-23T08:46:51","modified_gmt":"2019-04-23T06:46:51","slug":"krvavi-uskrs-u-prijedoru-pokusao-ubiti-suprugu-ranio-oca-i-kcerku-pa-usmrtio-policajca","status":"publish","type":"post","link":"https:\/\/www.prijedordanas.com\/?p=126051","title":{"rendered":"KRVAVI USKRS U PRIJEDORU: POKU\u0160AO UBITI SUPRUGU, RANIO OCA I K\u0106ERKU, PA USMRTIO POLICAJCA"},"content":{"rendered":"<p><a href=\"https:\/\/www.prijedordanas.com\/wp-content\/uploads\/2019\/04\/nezavisne-gornja-ravska-ubistvo-policajca-1.jpg\"><img loading=\"lazy\" decoding=\"async\" src=\"https:\/\/www.prijedordanas.com\/wp-content\/uploads\/2019\/04\/nezavisne-gornja-ravska-ubistvo-policajca-1-300x222.jpg\" alt=\"\" width=\"300\" height=\"222\" class=\"alignleft size-medium wp-image-126052\" srcset=\"https:\/\/www.prijedordanas.com\/wp-content\/uploads\/2019\/04\/nezavisne-gornja-ravska-ubistvo-policajca-1-300x222.jpg 300w, https:\/\/www.prijedordanas.com\/wp-content\/uploads\/2019\/04\/nezavisne-gornja-ravska-ubistvo-policajca-1-100x74.jpg 100w, https:\/\/www.prijedordanas.com\/wp-content\/uploads\/2019\/04\/nezavisne-gornja-ravska-ubistvo-policajca-1.jpg 675w\" sizes=\"(max-width: 300px) 100vw, 300px\" \/><\/a>Protiv Marka \u0160abi\u0107a iz Prijedora danas \u0107e biti podnesen izvje\u0161taj Republi\u010dkom javnom tu\u017eila\u0161tvu u Banjaluci zbog sumnje da je ubio policajca Sla\u0111enka Tubina i poku\u0161ao ubiti svoju suprugu.<\/p>\n<p>Sve se desilo u nedjelju u mjestu Gornja Ravska kod Prijedora kada je osumnji\u010deni sa svojom porodicom, suprugom, sinom i k\u0107erkom, do\u0161ao na uskr\u0161nji ru\u010dak u ku\u0107u svojih roditelja.<\/p>\n<p>Novinar &#8220;Nezavisnih&#8221; od kom\u0161ija saznaje da se \u0160abi\u0107 sukobio sa majkom i ocem, nakon \u010dega je ranio oca koji je poku\u0161ao odbraniti majku.<\/p>\n<p>Njegov sin je potom odvezao djeda u Hitnu pomo\u0107, a \u0160abi\u0107 se sakrio u kupatilo. U me\u0111uvremenu je stigla policija, a policijski slu\u017ebenik Sla\u0111enko Tubin je poku\u0161ao da pregovara sa \u0160abi\u0107em. Potom je, kako ka\u017eu kom\u0161ije, osumnji\u010deni iza\u0161ao iz kupatila, pucao iz lova\u010dke pu\u0161ke na policajca, pa je po\u010deo da puca na \u010dlanove porodice koji su pobjegli u \u0161umu, u blizini porodi\u010dne ku\u0107e. Tubin je zadobio povrede u predjelu stomaka, a jedan metak je pritom okrznuo njegovu maloljetnu k\u0107erku.<\/p>\n<p><a href=\"https:\/\/www.prijedordanas.com\/wp-content\/uploads\/2019\/04\/nezavisne-gornja-ravska-ubistvo-policajca-2.jpg\"><img loading=\"lazy\" decoding=\"async\" src=\"https:\/\/www.prijedordanas.com\/wp-content\/uploads\/2019\/04\/nezavisne-gornja-ravska-ubistvo-policajca-2-300x222.jpg\" alt=\"\" width=\"300\" height=\"222\" class=\"alignleft size-medium wp-image-126053\" srcset=\"https:\/\/www.prijedordanas.com\/wp-content\/uploads\/2019\/04\/nezavisne-gornja-ravska-ubistvo-policajca-2-300x222.jpg 300w, https:\/\/www.prijedordanas.com\/wp-content\/uploads\/2019\/04\/nezavisne-gornja-ravska-ubistvo-policajca-2-100x74.jpg 100w, https:\/\/www.prijedordanas.com\/wp-content\/uploads\/2019\/04\/nezavisne-gornja-ravska-ubistvo-policajca-2.jpg 675w\" sizes=\"(max-width: 300px) 100vw, 300px\" \/><\/a>Tubin je nakon ranjavanja vozilom Slu\u017ebe hitne pomo\u0107i preve\u017een u Op\u0161tu bolnicu Prijedor.<\/p>\n<p>Srna je nezvani\u010dno objavila da je \u0160abi\u0107 napao svoju suprugu, koja ga je nazvala narkomanom.<\/p>\n<p>Osumnji\u010deni je bio poznat kao nasilnik i \u010desto se sukobio sa ocem, uglavnom oko zemlje. Ina\u010de, kako saznajemo, obojica su bili lovci.<\/p>\n<p>\u0160abi\u0107 je uhap\u0161en prekju\u010de oko 19.25 \u010dasova i sproveden je u prostorije PU Prijedor. On je uz izvje\u0161taj o po\u010dinjenom krivi\u010dnom djelu predan Republi\u010dkom tu\u017eila\u0161tvu u Banjaluci.<\/p>\n<p>Tubin je preminuo u no\u0107i izme\u0111u nedjelje i ponedjeljka oko 1 sat poslije pono\u0107i u Op\u0161toj bolnici Prijedor.<\/p>\n<p>Nezavisne novine<\/p>\n<p>Vezane vijesti<\/p>\n<p><a href=\"https:\/\/www.prijedordanas.com\/?p=125929\" target=\"_blank\" rel=\"noopener noreferrer\">PRIJEDOR\u010cANIN NAPAO OCA NO\u017dEM PA PUCAO I RANIO POLICAJCA<\/a><\/p>\n<p><a href=\"https:\/\/www.prijedordanas.com\/?p=125949\" target=\"_blank\" rel=\"noopener noreferrer\">PRIJEDOR: TE\u0160KO RANJENI POLICAJAC NA OPERACIJI, NAPADA\u010c UHAP\u0160EN \u2013 FOTO\/VIDEO<\/a><\/p>\n<p><a href=\"https:\/\/www.prijedordanas.com\/?p=125955\" target=\"_blank\" rel=\"noopener noreferrer\">STOMAK MU BIO PUN SA\u010cME: KADA SU VIDJELI \u0160TA JE \u0160ABI\u0106 URADIO NJIHOVOM KOLEGI POLICAJCI SU ZAPLAKALI \u2013 FOTO\/VIDEO<\/a><\/p>\n<p><a href=\"https:\/\/www.prijedordanas.com\/?p=125973\" target=\"_blank\" rel=\"noopener noreferrer\">PREMINUO PRIJEDORSKI POLICAJAC KOJI JE SINO\u0106 RANJEN NA DU\u017dNOSTI \u2013 VIDEO<\/a><\/p>\n<p><a href=\"https:\/\/www.prijedordanas.com\/?p=125981\" target=\"_blank\" rel=\"noopener noreferrer\">PRIJEDOR: PREMINUO POLICAJAC SLA\u0110ENKO TUBIN \u2013 VIDEO<\/a><\/p>\n<p><a href=\"https:\/\/www.prijedordanas.com\/?p=125989\" rel=\"noopener noreferrer\" target=\"_blank\">MASAKR NA USKR\u0160NJEM RU\u010cKU: HRABRI POLICAJAC HTIO DA URAZUMI \u0160ABI\u0106A, ON U NJEGA SASUO KI\u0160U METAKA<\/a><\/p>\n<p><a href=\"https:\/\/www.prijedordanas.com\/?p=125994\" rel=\"noopener noreferrer\" target=\"_blank\">SLA\u0110ENKOVO SRCE STALO POSLIJE OPERACIJE: \u010cETIRI HIRURGA POKU\u0160ALA DA SPASU POLICAJCA U KOJEG JE PUCAO PSIHI\u010cKI BOLESNIK<\/a><\/p>\n<p><a href=\"https:\/\/www.prijedordanas.com\/?p=126003\" rel=\"noopener noreferrer\" target=\"_blank\">IZBO OCA, PA IZRE\u0160ETAO POLICAJCA: MARKO \u0160ABI\u0106 PREDAT U REPUBLI\u010cKO TU\u017dILA\u0160TVO \u2013 FOTO\/VIDEO<\/a><\/p>\n<p><a href=\"https:\/\/www.prijedordanas.com\/?p=126013\" rel=\"noopener noreferrer\" target=\"_blank\">\u201cZA TRI DANA TREBALO JE DA SLAVI RO\u0110ENDAN\u201c: MUP RS SE POTRESNIM RIJE\u010cIMA OPROSTIO OD POLICAJCA HRABROG SRCA<\/a><\/p>\n<p><a href=\"https:\/\/www.prijedordanas.com\/?p=126023\" rel=\"noopener noreferrer\" target=\"_blank\">PRIJEDOR ZAVIJEN U CRNO: U SRIJEDU SAHRANA POLICAJCA SLA\u0110ENKA TUBINA KOJI JE BRUTALNO UBIJEN NA DU\u017dNOSTI<\/a><\/p>\n","protected":false},"excerpt":{"rendered":"<p>Protiv Marka \u0160abi\u0107a iz Prijedora danas \u0107e biti podnesen izvje\u0161taj Republi\u010dkom javnom tu\u017eila\u0161tvu u Banjaluci zbog sumnje da je ubio policajca Sla\u0111enka Tubina i poku\u0161ao ubiti svoju suprugu. Sve se [&hellip;]<\/p>\n","protected":false},"author":1,"featured_media":0,"comment_status":"closed","ping_status":"open","sticky":false,"template":"","format":"standard","meta":{"_monsterinsights_skip_tracking":false,"_monsterinsights_sitenote_active":false,"_monsterinsights_sitenote_note":"","_monsterinsights_sitenote_category":0,"footnotes":""},"categories":[5],"tags":[],"yoast_head":"<!-- This site is optimized with the Yoast SEO plugin v21.6 - https:\/\/yoast.com\/wordpress\/plugins\/seo\/ -->\n<title>KRVAVI USKRS U PRIJEDORU: POKU\u0160AO UBITI SUPRUGU, RANIO OCA I K\u0106ERKU, PA USMRTIO POLICAJCA - PrijedorDanas.com - Prijedorski gradski portal<\/title>\n<meta name=\"robots\" content=\"index, follow, max-snippet:-1, max-image-preview:large, max-video-preview:-1\" \/>\n<link rel=\"canonical\" href=\"https:\/\/www.prijedordanas.com\/?p=126051\" \/>\n<meta property=\"og:locale\" content=\"en_US\" \/>\n<meta property=\"og:type\" content=\"article\" \/>\n<meta property=\"og:title\" content=\"KRVAVI USKRS U PRIJEDORU: POKU\u0160AO UBITI SUPRUGU, RANIO OCA I K\u0106ERKU, PA USMRTIO POLICAJCA - PrijedorDanas.com - Prijedorski gradski portal\" \/>\n<meta property=\"og:description\" content=\"Protiv Marka \u0160abi\u0107a iz Prijedora danas \u0107e biti podnesen izvje\u0161taj Republi\u010dkom javnom tu\u017eila\u0161tvu u Banjaluci zbog sumnje da je ubio policajca Sla\u0111enka Tubina i poku\u0161ao ubiti svoju suprugu. Sve se [&hellip;]\" \/>\n<meta property=\"og:url\" content=\"https:\/\/www.prijedordanas.com\/?p=126051\" \/>\n<meta property=\"og:site_name\" content=\"PrijedorDanas.com - Prijedorski gradski portal\" \/>\n<meta property=\"article:publisher\" content=\"https:\/\/www.facebook.com\/PrijedorDanasCom\/\" \/>\n<meta property=\"article:published_time\" content=\"2019-04-23T06:46:51+00:00\" \/>\n<meta property=\"og:image\" content=\"https:\/\/www.prijedordanas.com\/wp-content\/uploads\/2019\/04\/nezavisne-gornja-ravska-ubistvo-policajca-1-300x222.jpg\" \/>\n<meta name=\"author\" content=\"admin\" \/>\n<meta name=\"twitter:card\" content=\"summary_large_image\" \/>\n<meta name=\"twitter:label1\" content=\"Written by\" \/>\n\t<meta name=\"twitter:data1\" content=\"admin\" \/>\n\t<meta name=\"twitter:label2\" content=\"Est. reading time\" \/>\n\t<meta name=\"twitter:data2\" content=\"2 minutes\" \/>\n<script type=\"application\/ld+json\" class=\"yoast-schema-graph\">{\"@context\":\"https:\/\/schema.org\",\"@graph\":[{\"@type\":\"Article\",\"@id\":\"https:\/\/www.prijedordanas.com\/?p=126051#article\",\"isPartOf\":{\"@id\":\"https:\/\/www.prijedordanas.com\/?p=126051\"},\"author\":{\"name\":\"admin\",\"@id\":\"https:\/\/www.prijedordanas.com\/#\/schema\/person\/4e08ccf29b506ca916ff86d46bb700e6\"},\"headline\":\"KRVAVI USKRS U PRIJEDORU: POKU\u0160AO UBITI SUPRUGU, RANIO OCA I K\u0106ERKU, PA USMRTIO POLICAJCA\",\"datePublished\":\"2019-04-23T06:46:51+00:00\",\"dateModified\":\"2019-04-23T06:46:51+00:00\",\"mainEntityOfPage\":{\"@id\":\"https:\/\/www.prijedordanas.com\/?p=126051\"},\"wordCount\":477,\"publisher\":{\"@id\":\"https:\/\/www.prijedordanas.com\/#organization\"},\"articleSection\":[\"Hronika\"],\"inLanguage\":\"en-US\"},{\"@type\":\"WebPage\",\"@id\":\"https:\/\/www.prijedordanas.com\/?p=126051\",\"url\":\"https:\/\/www.prijedordanas.com\/?p=126051\",\"name\":\"KRVAVI USKRS U PRIJEDORU: POKU\u0160AO UBITI SUPRUGU, RANIO OCA I K\u0106ERKU, PA USMRTIO POLICAJCA - PrijedorDanas.com - Prijedorski gradski portal\",\"isPartOf\":{\"@id\":\"https:\/\/www.prijedordanas.com\/#website\"},\"datePublished\":\"2019-04-23T06:46:51+00:00\",\"dateModified\":\"2019-04-23T06:46:51+00:00\",\"breadcrumb\":{\"@id\":\"https:\/\/www.prijedordanas.com\/?p=126051#breadcrumb\"},\"inLanguage\":\"en-US\",\"potentialAction\":[{\"@type\":\"ReadAction\",\"target\":[\"https:\/\/www.prijedordanas.com\/?p=126051\"]}]},{\"@type\":\"BreadcrumbList\",\"@id\":\"https:\/\/www.prijedordanas.com\/?p=126051#breadcrumb\",\"itemListElement\":[{\"@type\":\"ListItem\",\"position\":1,\"name\":\"Home\",\"item\":\"https:\/\/www.prijedordanas.com\/\"},{\"@type\":\"ListItem\",\"position\":2,\"name\":\"KRVAVI USKRS U PRIJEDORU: POKU\u0160AO UBITI SUPRUGU, RANIO OCA I K\u0106ERKU, PA USMRTIO POLICAJCA\"}]},{\"@type\":\"WebSite\",\"@id\":\"https:\/\/www.prijedordanas.com\/#website\",\"url\":\"https:\/\/www.prijedordanas.com\/\",\"name\":\"PrijedorDanas.com - Prijedorski gradski portal\",\"description\":\"Portal o doga\u0111anjima u gradu Prijedoru\",\"publisher\":{\"@id\":\"https:\/\/www.prijedordanas.com\/#organization\"},\"potentialAction\":[{\"@type\":\"SearchAction\",\"target\":{\"@type\":\"EntryPoint\",\"urlTemplate\":\"https:\/\/www.prijedordanas.com\/?s={search_term_string}\"},\"query-input\":\"required name=search_term_string\"}],\"inLanguage\":\"en-US\"},{\"@type\":\"Organization\",\"@id\":\"https:\/\/www.prijedordanas.com\/#organization\",\"name\":\"PrijedorDanas.com\",\"url\":\"https:\/\/www.prijedordanas.com\/\",\"logo\":{\"@type\":\"ImageObject\",\"inLanguage\":\"en-US\",\"@id\":\"https:\/\/www.prijedordanas.com\/#\/schema\/logo\/image\/\",\"url\":\"http:\/\/www.prijedordanas.com\/wp-content\/uploads\/2021\/12\/logopng.png\",\"contentUrl\":\"http:\/\/www.prijedordanas.com\/wp-content\/uploads\/2021\/12\/logopng.png\",\"width\":1019,\"height\":776,\"caption\":\"PrijedorDanas.com\"},\"image\":{\"@id\":\"https:\/\/www.prijedordanas.com\/#\/schema\/logo\/image\/\"},\"sameAs\":[\"https:\/\/www.facebook.com\/PrijedorDanasCom\/\"]},{\"@type\":\"Person\",\"@id\":\"https:\/\/www.prijedordanas.com\/#\/schema\/person\/4e08ccf29b506ca916ff86d46bb700e6\",\"name\":\"admin\",\"image\":{\"@type\":\"ImageObject\",\"inLanguage\":\"en-US\",\"@id\":\"https:\/\/www.prijedordanas.com\/#\/schema\/person\/image\/\",\"url\":\"https:\/\/secure.gravatar.com\/avatar\/1d3fc949d550f0b53a5f0d51e06dfd79?s=96&d=mm&r=g\",\"contentUrl\":\"https:\/\/secure.gravatar.com\/avatar\/1d3fc949d550f0b53a5f0d51e06dfd79?s=96&d=mm&r=g\",\"caption\":\"admin\"},\"url\":\"https:\/\/www.prijedordanas.com\/?author=1\"}]}<\/script>\n<!-- \/ Yoast SEO plugin. -->","yoast_head_json":{"title":"KRVAVI USKRS U PRIJEDORU: POKU\u0160AO UBITI SUPRUGU, RANIO OCA I K\u0106ERKU, PA USMRTIO POLICAJCA - PrijedorDanas.com - Prijedorski gradski portal","robots":{"index":"index","follow":"follow","max-snippet":"max-snippet:-1","max-image-preview":"max-image-preview:large","max-video-preview":"max-video-preview:-1"},"canonical":"https:\/\/www.prijedordanas.com\/?p=126051","og_locale":"en_US","og_type":"article","og_title":"KRVAVI USKRS U PRIJEDORU: POKU\u0160AO UBITI SUPRUGU, RANIO OCA I K\u0106ERKU, PA USMRTIO POLICAJCA - PrijedorDanas.com - Prijedorski gradski portal","og_description":"Protiv Marka \u0160abi\u0107a iz Prijedora danas \u0107e biti podnesen izvje\u0161taj Republi\u010dkom javnom tu\u017eila\u0161tvu u Banjaluci zbog sumnje da je ubio policajca Sla\u0111enka Tubina i poku\u0161ao ubiti svoju suprugu. Sve se [&hellip;]","og_url":"https:\/\/www.prijedordanas.com\/?p=126051","og_site_name":"PrijedorDanas.com - Prijedorski gradski portal","article_publisher":"https:\/\/www.facebook.com\/PrijedorDanasCom\/","article_published_time":"2019-04-23T06:46:51+00:00","og_image":[{"url":"https:\/\/www.prijedordanas.com\/wp-content\/uploads\/2019\/04\/nezavisne-gornja-ravska-ubistvo-policajca-1-300x222.jpg"}],"author":"admin","twitter_card":"summary_large_image","twitter_misc":{"Written by":"admin","Est. reading time":"2 minutes"},"schema":{"@context":"https:\/\/schema.org","@graph":[{"@type":"Article","@id":"https:\/\/www.prijedordanas.com\/?p=126051#article","isPartOf":{"@id":"https:\/\/www.prijedordanas.com\/?p=126051"},"author":{"name":"admin","@id":"https:\/\/www.prijedordanas.com\/#\/schema\/person\/4e08ccf29b506ca916ff86d46bb700e6"},"headline":"KRVAVI USKRS U PRIJEDORU: POKU\u0160AO UBITI SUPRUGU, RANIO OCA I K\u0106ERKU, PA USMRTIO POLICAJCA","datePublished":"2019-04-23T06:46:51+00:00","dateModified":"2019-04-23T06:46:51+00:00","mainEntityOfPage":{"@id":"https:\/\/www.prijedordanas.com\/?p=126051"},"wordCount":477,"publisher":{"@id":"https:\/\/www.prijedordanas.com\/#organization"},"articleSection":["Hronika"],"inLanguage":"en-US"},{"@type":"WebPage","@id":"https:\/\/www.prijedordanas.com\/?p=126051","url":"https:\/\/www.prijedordanas.com\/?p=126051","name":"KRVAVI USKRS U PRIJEDORU: POKU\u0160AO UBITI SUPRUGU, RANIO OCA I K\u0106ERKU, PA USMRTIO POLICAJCA - PrijedorDanas.com - Prijedorski gradski portal","isPartOf":{"@id":"https:\/\/www.prijedordanas.com\/#website"},"datePublished":"2019-04-23T06:46:51+00:00","dateModified":"2019-04-23T06:46:51+00:00","breadcrumb":{"@id":"https:\/\/www.prijedordanas.com\/?p=126051#breadcrumb"},"inLanguage":"en-US","potentialAction":[{"@type":"ReadAction","target":["https:\/\/www.prijedordanas.com\/?p=126051"]}]},{"@type":"BreadcrumbList","@id":"https:\/\/www.prijedordanas.com\/?p=126051#breadcrumb","itemListElement":[{"@type":"ListItem","position":1,"name":"Home","item":"https:\/\/www.prijedordanas.com\/"},{"@type":"ListItem","position":2,"name":"KRVAVI USKRS U PRIJEDORU: POKU\u0160AO UBITI SUPRUGU, RANIO OCA I K\u0106ERKU, PA USMRTIO POLICAJCA"}]},{"@type":"WebSite","@id":"https:\/\/www.prijedordanas.com\/#website","url":"https:\/\/www.prijedordanas.com\/","name":"PrijedorDanas.com - Prijedorski gradski portal","description":"Portal o doga\u0111anjima u gradu Prijedoru","publisher":{"@id":"https:\/\/www.prijedordanas.com\/#organization"},"potentialAction":[{"@type":"SearchAction","target":{"@type":"EntryPoint","urlTemplate":"https:\/\/www.prijedordanas.com\/?s={search_term_string}"},"query-input":"required name=search_term_string"}],"inLanguage":"en-US"},{"@type":"Organization","@id":"https:\/\/www.prijedordanas.com\/#organization","name":"PrijedorDanas.com","url":"https:\/\/www.prijedordanas.com\/","logo":{"@type":"ImageObject","inLanguage":"en-US","@id":"https:\/\/www.prijedordanas.com\/#\/schema\/logo\/image\/","url":"http:\/\/www.prijedordanas.com\/wp-content\/uploads\/2021\/12\/logopng.png","contentUrl":"http:\/\/www.prijedordanas.com\/wp-content\/uploads\/2021\/12\/logopng.png","width":1019,"height":776,"caption":"PrijedorDanas.com"},"image":{"@id":"https:\/\/www.prijedordanas.com\/#\/schema\/logo\/image\/"},"sameAs":["https:\/\/www.facebook.com\/PrijedorDanasCom\/"]},{"@type":"Person","@id":"https:\/\/www.prijedordanas.com\/#\/schema\/person\/4e08ccf29b506ca916ff86d46bb700e6","name":"admin","image":{"@type":"ImageObject","inLanguage":"en-US","@id":"https:\/\/www.prijedordanas.com\/#\/schema\/person\/image\/","url":"https:\/\/secure.gravatar.com\/avatar\/1d3fc949d550f0b53a5f0d51e06dfd79?s=96&d=mm&r=g","contentUrl":"https:\/\/secure.gravatar.com\/avatar\/1d3fc949d550f0b53a5f0d51e06dfd79?s=96&d=mm&r=g","caption":"admin"},"url":"https:\/\/www.prijedordanas.com\/?author=1"}]}},"_links":{"self":[{"href":"https:\/\/www.prijedordanas.com\/index.php?rest_route=\/wp\/v2\/posts\/126051"}],"collection":[{"href":"https:\/\/www.prijedordanas.com\/index.php?rest_route=\/wp\/v2\/posts"}],"about":[{"href":"https:\/\/www.prijedordanas.com\/index.php?rest_route=\/wp\/v2\/types\/post"}],"author":[{"embeddable":true,"href":"https:\/\/www.prijedordanas.com\/index.php?rest_route=\/wp\/v2\/users\/1"}],"replies":[{"embeddable":true,"href":"https:\/\/www.prijedordanas.com\/index.php?rest_route=%2Fwp%2Fv2%2Fcomments&post=126051"}],"version-history":[{"count":1,"href":"https:\/\/www.prijedordanas.com\/index.php?rest_route=\/wp\/v2\/posts\/126051\/revisions"}],"predecessor-version":[{"id":126054,"href":"https:\/\/www.prijedordanas.com\/index.php?rest_route=\/wp\/v2\/posts\/126051\/revisions\/126054"}],"wp:attachment":[{"href":"https:\/\/www.prijedordanas.com\/index.php?rest_route=%2Fwp%2Fv2%2Fmedia&parent=126051"}],"wp:term":[{"taxonomy":"category","embeddable":true,"href":"https:\/\/www.prijedordanas.com\/index.php?rest_route=%2Fwp%2Fv2%2Fcategories&post=126051"},{"taxonomy":"post_tag","embeddable":true,"href":"https:\/\/www.prijedordanas.com\/index.php?rest_route=%2Fwp%2Fv2%2Ftags&post=126051"}],"curies":[{"name":"wp","href":"https:\/\/api.w.org\/{rel}","templated":true}]}}