{"id":126000,"date":"2019-04-22T19:26:08","date_gmt":"2019-04-22T17:26:08","guid":{"rendered":"https:\/\/www.prijedordanas.com\/?p=126000"},"modified":"2019-04-22T19:26:08","modified_gmt":"2019-04-22T17:26:08","slug":"festival-pozorista-zlatna-vila-revijalni-program-odigrana-predstava-frenki-i-dzoni-video","status":"publish","type":"post","link":"https:\/\/www.prijedordanas.com\/?p=126000","title":{"rendered":"FESTIVAL POZORI\u0160TA &#8220;ZLATNA VILA&#8221;-REVIJALNI PROGRAM: ODIGRANA PREDSTAVA &#8220;FRENKI I D\u017dONI&#8221; &#8211; VIDEO"},"content":{"rendered":"<p><a href=\"https:\/\/www.prijedordanas.com\/wp-content\/uploads\/2019\/04\/predstava-frenki-i-dzoni.jpg\"><img loading=\"lazy\" decoding=\"async\" src=\"https:\/\/www.prijedordanas.com\/wp-content\/uploads\/2019\/04\/predstava-frenki-i-dzoni-300x222.jpg\" alt=\"\" width=\"300\" height=\"222\" class=\"alignleft size-medium wp-image-126001\" srcset=\"https:\/\/www.prijedordanas.com\/wp-content\/uploads\/2019\/04\/predstava-frenki-i-dzoni-300x222.jpg 300w, https:\/\/www.prijedordanas.com\/wp-content\/uploads\/2019\/04\/predstava-frenki-i-dzoni-100x74.jpg 100w, https:\/\/www.prijedordanas.com\/wp-content\/uploads\/2019\/04\/predstava-frenki-i-dzoni.jpg 675w\" sizes=\"(max-width: 300px) 100vw, 300px\" \/><\/a>U Pozori\u0161tu Prijedor izvedena je predstava &#8220;Frenki i D\u017eoni&#8221; prema tekstu Terensa MekNilija i u re\u017eiji Tee Pudari\u0107.<\/p>\n<p>Predstava nastala u koprodukciji Narodnog pozori\u0161ta iz Beograda i Narodnog pozori\u0161ta iz Sombora, a odigrana je u okviru revijalnog programa 14. me\u0111unarodnog festivala pozori\u0161ta &#8220;Zlatna vila&#8221;.<\/p>\n<p>&#8220;Frenki i D\u017eoni&#8221; je romanti\u010dna komedija u kojoj nastupaju srpske gluma\u010dke zvijezde Sloboda Mi\u0107alovi\u0107 i Igor \u0110or\u0111evi\u0107. Prijedorska publika prihvatila ju je sa odu\u0161evljenjem.<\/p>\n<p>Predstava se bavi pitanjem mogu\u0107nosti zasnivanja nove veze mu\u0161karca i \u017eene u \u010detrdesetim godinama, koji iz prethodnih veza nose ru\u017ena iskustva.<\/p>\n<p>Uprkos tome, pristaju da daju \u0161ansu vezi koja od starta izgleda osu\u0111ena na propast.<\/p>\n<p>&#8211; Svaka dobra pi\u010da, \u010dini mi se, govori o ljubavi. Uglavnom o njenom nedostatku i o tome koliko za tu istu ljubav treba imati hrabrosti i upustiti se, pogotovo ako imate te godine koje imaju ta na\u0161a dva junaka i koji ve\u0107 imaju neke o\u017eiljke i lo\u0161a oiskustva &#8211; pri\u010da Igor  \u0110or\u0111evi\u0107.<\/p>\n<p>&#8211; Tokom predstave ne mo\u017eemo ni da naslutimo za\u0161to, samo vidimo da ona ima gomilu nekih, uslovno re\u010deno, frustracija i strahova, da bi na kraju saznali da je ona i fizi\u010dki zlostavljana. Tako da vjerujem da \u017eene  mnogo te\u017ee daju \u0161ansu, drugu \u0161ansu mu\u0161karcu. Te\u017ee im je da povjeruju da ba\u0161 taj ne\u0107e vi\u0161e nikada da joj na\u0161koi &#8211; ka\u017ee Sloboda Mi\u0107alovi\u0107.<\/p>\n<p>U okviru 14. me\u0111unarodnog festivala pozori\u0161ta &#8220;Zlatna vila&#8221; bi\u0107e odigrano sedam predstava, pet u takmi\u010darskoj konkurenciji i dvije revijalne.<\/p>\n<p>Gradsko pozori\u0161te iz Podgorice ve\u010deras \u0107e izvesti predstavu &#8220;\u010cuvari tvog po\u0161tenja&#8221; prema tekstu i u re\u017eiji Borisa Lije\u0161evi\u0107a.<\/p>\n<p>Medijski partner Festivala je Radio-televizija Republike Srpske.<\/p>\n<p>RTRS<\/p>\n<div style=\"width: 640px;\" class=\"wp-video\"><!--[if lt IE 9]><script>document.createElement('video');<\/script><![endif]-->\n<video class=\"wp-video-shortcode\" id=\"video-126000-1\" width=\"640\" height=\"360\" preload=\"metadata\" controls=\"controls\"><source type=\"video\/mp4\" src=\"https:\/\/arh3.rtrs.tv\/arhiva\/2019\/04\/22\/tvclip035638.mp4?_=1\" \/><a href=\"https:\/\/arh3.rtrs.tv\/arhiva\/2019\/04\/22\/tvclip035638.mp4\">https:\/\/arh3.rtrs.tv\/arhiva\/2019\/04\/22\/tvclip035638.mp4<\/a><\/video><\/div>\n","protected":false},"excerpt":{"rendered":"<p>U Pozori\u0161tu Prijedor izvedena je predstava &#8220;Frenki i D\u017eoni&#8221; prema tekstu Terensa MekNilija i u re\u017eiji Tee Pudari\u0107. Predstava nastala u koprodukciji Narodnog pozori\u0161ta iz Beograda i Narodnog pozori\u0161ta iz [&hellip;]<\/p>\n","protected":false},"author":1,"featured_media":0,"comment_status":"closed","ping_status":"open","sticky":false,"template":"","format":"standard","meta":{"_monsterinsights_skip_tracking":false,"_monsterinsights_sitenote_active":false,"_monsterinsights_sitenote_note":"","_monsterinsights_sitenote_category":0,"footnotes":""},"categories":[6],"tags":[],"yoast_head":"<!-- This site is optimized with the Yoast SEO plugin v21.6 - https:\/\/yoast.com\/wordpress\/plugins\/seo\/ -->\n<title>FESTIVAL POZORI\u0160TA &quot;ZLATNA VILA&quot;-REVIJALNI PROGRAM: ODIGRANA PREDSTAVA &quot;FRENKI I D\u017dONI&quot; - VIDEO - PrijedorDanas.com - Prijedorski gradski portal<\/title>\n<meta name=\"robots\" content=\"index, follow, max-snippet:-1, max-image-preview:large, max-video-preview:-1\" \/>\n<link rel=\"canonical\" href=\"https:\/\/www.prijedordanas.com\/?p=126000\" \/>\n<meta property=\"og:locale\" content=\"en_US\" \/>\n<meta property=\"og:type\" content=\"article\" \/>\n<meta property=\"og:title\" content=\"FESTIVAL POZORI\u0160TA &quot;ZLATNA VILA&quot;-REVIJALNI PROGRAM: ODIGRANA PREDSTAVA &quot;FRENKI I D\u017dONI&quot; - VIDEO - PrijedorDanas.com - Prijedorski gradski portal\" \/>\n<meta property=\"og:description\" content=\"U Pozori\u0161tu Prijedor izvedena je predstava &#8220;Frenki i D\u017eoni&#8221; prema tekstu Terensa MekNilija i u re\u017eiji Tee Pudari\u0107. Predstava nastala u koprodukciji Narodnog pozori\u0161ta iz Beograda i Narodnog pozori\u0161ta iz [&hellip;]\" \/>\n<meta property=\"og:url\" content=\"https:\/\/www.prijedordanas.com\/?p=126000\" \/>\n<meta property=\"og:site_name\" content=\"PrijedorDanas.com - Prijedorski gradski portal\" \/>\n<meta property=\"article:publisher\" content=\"https:\/\/www.facebook.com\/PrijedorDanasCom\/\" \/>\n<meta property=\"article:published_time\" content=\"2019-04-22T17:26:08+00:00\" \/>\n<meta property=\"og:image\" content=\"https:\/\/www.prijedordanas.com\/wp-content\/uploads\/2019\/04\/predstava-frenki-i-dzoni-300x222.jpg\" \/>\n<meta name=\"author\" content=\"admin\" \/>\n<meta name=\"twitter:card\" content=\"summary_large_image\" \/>\n<meta name=\"twitter:label1\" content=\"Written by\" \/>\n\t<meta name=\"twitter:data1\" content=\"admin\" \/>\n\t<meta name=\"twitter:label2\" content=\"Est. reading time\" \/>\n\t<meta name=\"twitter:data2\" content=\"2 minutes\" \/>\n<script type=\"application\/ld+json\" class=\"yoast-schema-graph\">{\"@context\":\"https:\/\/schema.org\",\"@graph\":[{\"@type\":\"Article\",\"@id\":\"https:\/\/www.prijedordanas.com\/?p=126000#article\",\"isPartOf\":{\"@id\":\"https:\/\/www.prijedordanas.com\/?p=126000\"},\"author\":{\"name\":\"admin\",\"@id\":\"https:\/\/www.prijedordanas.com\/#\/schema\/person\/4e08ccf29b506ca916ff86d46bb700e6\"},\"headline\":\"FESTIVAL POZORI\u0160TA &#8220;ZLATNA VILA&#8221;-REVIJALNI PROGRAM: ODIGRANA PREDSTAVA &#8220;FRENKI I D\u017dONI&#8221; &#8211; VIDEO\",\"datePublished\":\"2019-04-22T17:26:08+00:00\",\"dateModified\":\"2019-04-22T17:26:08+00:00\",\"mainEntityOfPage\":{\"@id\":\"https:\/\/www.prijedordanas.com\/?p=126000\"},\"wordCount\":327,\"publisher\":{\"@id\":\"https:\/\/www.prijedordanas.com\/#organization\"},\"articleSection\":[\"Kultura\"],\"inLanguage\":\"en-US\"},{\"@type\":\"WebPage\",\"@id\":\"https:\/\/www.prijedordanas.com\/?p=126000\",\"url\":\"https:\/\/www.prijedordanas.com\/?p=126000\",\"name\":\"FESTIVAL POZORI\u0160TA \\\"ZLATNA VILA\\\"-REVIJALNI PROGRAM: ODIGRANA PREDSTAVA \\\"FRENKI I D\u017dONI\\\" - VIDEO - PrijedorDanas.com - Prijedorski gradski portal\",\"isPartOf\":{\"@id\":\"https:\/\/www.prijedordanas.com\/#website\"},\"datePublished\":\"2019-04-22T17:26:08+00:00\",\"dateModified\":\"2019-04-22T17:26:08+00:00\",\"breadcrumb\":{\"@id\":\"https:\/\/www.prijedordanas.com\/?p=126000#breadcrumb\"},\"inLanguage\":\"en-US\",\"potentialAction\":[{\"@type\":\"ReadAction\",\"target\":[\"https:\/\/www.prijedordanas.com\/?p=126000\"]}]},{\"@type\":\"BreadcrumbList\",\"@id\":\"https:\/\/www.prijedordanas.com\/?p=126000#breadcrumb\",\"itemListElement\":[{\"@type\":\"ListItem\",\"position\":1,\"name\":\"Home\",\"item\":\"https:\/\/www.prijedordanas.com\/\"},{\"@type\":\"ListItem\",\"position\":2,\"name\":\"FESTIVAL POZORI\u0160TA &#8220;ZLATNA VILA&#8221;-REVIJALNI PROGRAM: ODIGRANA PREDSTAVA &#8220;FRENKI I D\u017dONI&#8221; &#8211; VIDEO\"}]},{\"@type\":\"WebSite\",\"@id\":\"https:\/\/www.prijedordanas.com\/#website\",\"url\":\"https:\/\/www.prijedordanas.com\/\",\"name\":\"PrijedorDanas.com - Prijedorski gradski portal\",\"description\":\"Portal o doga\u0111anjima u gradu Prijedoru\",\"publisher\":{\"@id\":\"https:\/\/www.prijedordanas.com\/#organization\"},\"potentialAction\":[{\"@type\":\"SearchAction\",\"target\":{\"@type\":\"EntryPoint\",\"urlTemplate\":\"https:\/\/www.prijedordanas.com\/?s={search_term_string}\"},\"query-input\":\"required name=search_term_string\"}],\"inLanguage\":\"en-US\"},{\"@type\":\"Organization\",\"@id\":\"https:\/\/www.prijedordanas.com\/#organization\",\"name\":\"PrijedorDanas.com\",\"url\":\"https:\/\/www.prijedordanas.com\/\",\"logo\":{\"@type\":\"ImageObject\",\"inLanguage\":\"en-US\",\"@id\":\"https:\/\/www.prijedordanas.com\/#\/schema\/logo\/image\/\",\"url\":\"http:\/\/www.prijedordanas.com\/wp-content\/uploads\/2021\/12\/logopng.png\",\"contentUrl\":\"http:\/\/www.prijedordanas.com\/wp-content\/uploads\/2021\/12\/logopng.png\",\"width\":1019,\"height\":776,\"caption\":\"PrijedorDanas.com\"},\"image\":{\"@id\":\"https:\/\/www.prijedordanas.com\/#\/schema\/logo\/image\/\"},\"sameAs\":[\"https:\/\/www.facebook.com\/PrijedorDanasCom\/\"]},{\"@type\":\"Person\",\"@id\":\"https:\/\/www.prijedordanas.com\/#\/schema\/person\/4e08ccf29b506ca916ff86d46bb700e6\",\"name\":\"admin\",\"image\":{\"@type\":\"ImageObject\",\"inLanguage\":\"en-US\",\"@id\":\"https:\/\/www.prijedordanas.com\/#\/schema\/person\/image\/\",\"url\":\"https:\/\/secure.gravatar.com\/avatar\/1d3fc949d550f0b53a5f0d51e06dfd79?s=96&d=mm&r=g\",\"contentUrl\":\"https:\/\/secure.gravatar.com\/avatar\/1d3fc949d550f0b53a5f0d51e06dfd79?s=96&d=mm&r=g\",\"caption\":\"admin\"},\"url\":\"https:\/\/www.prijedordanas.com\/?author=1\"}]}<\/script>\n<!-- \/ Yoast SEO plugin. -->","yoast_head_json":{"title":"FESTIVAL POZORI\u0160TA \"ZLATNA VILA\"-REVIJALNI PROGRAM: ODIGRANA PREDSTAVA \"FRENKI I D\u017dONI\" - VIDEO - PrijedorDanas.com - Prijedorski gradski portal","robots":{"index":"index","follow":"follow","max-snippet":"max-snippet:-1","max-image-preview":"max-image-preview:large","max-video-preview":"max-video-preview:-1"},"canonical":"https:\/\/www.prijedordanas.com\/?p=126000","og_locale":"en_US","og_type":"article","og_title":"FESTIVAL POZORI\u0160TA \"ZLATNA VILA\"-REVIJALNI PROGRAM: ODIGRANA PREDSTAVA \"FRENKI I D\u017dONI\" - VIDEO - PrijedorDanas.com - Prijedorski gradski portal","og_description":"U Pozori\u0161tu Prijedor izvedena je predstava &#8220;Frenki i D\u017eoni&#8221; prema tekstu Terensa MekNilija i u re\u017eiji Tee Pudari\u0107. Predstava nastala u koprodukciji Narodnog pozori\u0161ta iz Beograda i Narodnog pozori\u0161ta iz [&hellip;]","og_url":"https:\/\/www.prijedordanas.com\/?p=126000","og_site_name":"PrijedorDanas.com - Prijedorski gradski portal","article_publisher":"https:\/\/www.facebook.com\/PrijedorDanasCom\/","article_published_time":"2019-04-22T17:26:08+00:00","og_image":[{"url":"https:\/\/www.prijedordanas.com\/wp-content\/uploads\/2019\/04\/predstava-frenki-i-dzoni-300x222.jpg"}],"author":"admin","twitter_card":"summary_large_image","twitter_misc":{"Written by":"admin","Est. reading time":"2 minutes"},"schema":{"@context":"https:\/\/schema.org","@graph":[{"@type":"Article","@id":"https:\/\/www.prijedordanas.com\/?p=126000#article","isPartOf":{"@id":"https:\/\/www.prijedordanas.com\/?p=126000"},"author":{"name":"admin","@id":"https:\/\/www.prijedordanas.com\/#\/schema\/person\/4e08ccf29b506ca916ff86d46bb700e6"},"headline":"FESTIVAL POZORI\u0160TA &#8220;ZLATNA VILA&#8221;-REVIJALNI PROGRAM: ODIGRANA PREDSTAVA &#8220;FRENKI I D\u017dONI&#8221; &#8211; VIDEO","datePublished":"2019-04-22T17:26:08+00:00","dateModified":"2019-04-22T17:26:08+00:00","mainEntityOfPage":{"@id":"https:\/\/www.prijedordanas.com\/?p=126000"},"wordCount":327,"publisher":{"@id":"https:\/\/www.prijedordanas.com\/#organization"},"articleSection":["Kultura"],"inLanguage":"en-US"},{"@type":"WebPage","@id":"https:\/\/www.prijedordanas.com\/?p=126000","url":"https:\/\/www.prijedordanas.com\/?p=126000","name":"FESTIVAL POZORI\u0160TA \"ZLATNA VILA\"-REVIJALNI PROGRAM: ODIGRANA PREDSTAVA \"FRENKI I D\u017dONI\" - VIDEO - PrijedorDanas.com - Prijedorski gradski portal","isPartOf":{"@id":"https:\/\/www.prijedordanas.com\/#website"},"datePublished":"2019-04-22T17:26:08+00:00","dateModified":"2019-04-22T17:26:08+00:00","breadcrumb":{"@id":"https:\/\/www.prijedordanas.com\/?p=126000#breadcrumb"},"inLanguage":"en-US","potentialAction":[{"@type":"ReadAction","target":["https:\/\/www.prijedordanas.com\/?p=126000"]}]},{"@type":"BreadcrumbList","@id":"https:\/\/www.prijedordanas.com\/?p=126000#breadcrumb","itemListElement":[{"@type":"ListItem","position":1,"name":"Home","item":"https:\/\/www.prijedordanas.com\/"},{"@type":"ListItem","position":2,"name":"FESTIVAL POZORI\u0160TA &#8220;ZLATNA VILA&#8221;-REVIJALNI PROGRAM: ODIGRANA PREDSTAVA &#8220;FRENKI I D\u017dONI&#8221; &#8211; VIDEO"}]},{"@type":"WebSite","@id":"https:\/\/www.prijedordanas.com\/#website","url":"https:\/\/www.prijedordanas.com\/","name":"PrijedorDanas.com - Prijedorski gradski portal","description":"Portal o doga\u0111anjima u gradu Prijedoru","publisher":{"@id":"https:\/\/www.prijedordanas.com\/#organization"},"potentialAction":[{"@type":"SearchAction","target":{"@type":"EntryPoint","urlTemplate":"https:\/\/www.prijedordanas.com\/?s={search_term_string}"},"query-input":"required name=search_term_string"}],"inLanguage":"en-US"},{"@type":"Organization","@id":"https:\/\/www.prijedordanas.com\/#organization","name":"PrijedorDanas.com","url":"https:\/\/www.prijedordanas.com\/","logo":{"@type":"ImageObject","inLanguage":"en-US","@id":"https:\/\/www.prijedordanas.com\/#\/schema\/logo\/image\/","url":"http:\/\/www.prijedordanas.com\/wp-content\/uploads\/2021\/12\/logopng.png","contentUrl":"http:\/\/www.prijedordanas.com\/wp-content\/uploads\/2021\/12\/logopng.png","width":1019,"height":776,"caption":"PrijedorDanas.com"},"image":{"@id":"https:\/\/www.prijedordanas.com\/#\/schema\/logo\/image\/"},"sameAs":["https:\/\/www.facebook.com\/PrijedorDanasCom\/"]},{"@type":"Person","@id":"https:\/\/www.prijedordanas.com\/#\/schema\/person\/4e08ccf29b506ca916ff86d46bb700e6","name":"admin","image":{"@type":"ImageObject","inLanguage":"en-US","@id":"https:\/\/www.prijedordanas.com\/#\/schema\/person\/image\/","url":"https:\/\/secure.gravatar.com\/avatar\/1d3fc949d550f0b53a5f0d51e06dfd79?s=96&d=mm&r=g","contentUrl":"https:\/\/secure.gravatar.com\/avatar\/1d3fc949d550f0b53a5f0d51e06dfd79?s=96&d=mm&r=g","caption":"admin"},"url":"https:\/\/www.prijedordanas.com\/?author=1"}]}},"_links":{"self":[{"href":"https:\/\/www.prijedordanas.com\/index.php?rest_route=\/wp\/v2\/posts\/126000"}],"collection":[{"href":"https:\/\/www.prijedordanas.com\/index.php?rest_route=\/wp\/v2\/posts"}],"about":[{"href":"https:\/\/www.prijedordanas.com\/index.php?rest_route=\/wp\/v2\/types\/post"}],"author":[{"embeddable":true,"href":"https:\/\/www.prijedordanas.com\/index.php?rest_route=\/wp\/v2\/users\/1"}],"replies":[{"embeddable":true,"href":"https:\/\/www.prijedordanas.com\/index.php?rest_route=%2Fwp%2Fv2%2Fcomments&post=126000"}],"version-history":[{"count":1,"href":"https:\/\/www.prijedordanas.com\/index.php?rest_route=\/wp\/v2\/posts\/126000\/revisions"}],"predecessor-version":[{"id":126002,"href":"https:\/\/www.prijedordanas.com\/index.php?rest_route=\/wp\/v2\/posts\/126000\/revisions\/126002"}],"wp:attachment":[{"href":"https:\/\/www.prijedordanas.com\/index.php?rest_route=%2Fwp%2Fv2%2Fmedia&parent=126000"}],"wp:term":[{"taxonomy":"category","embeddable":true,"href":"https:\/\/www.prijedordanas.com\/index.php?rest_route=%2Fwp%2Fv2%2Fcategories&post=126000"},{"taxonomy":"post_tag","embeddable":true,"href":"https:\/\/www.prijedordanas.com\/index.php?rest_route=%2Fwp%2Fv2%2Ftags&post=126000"}],"curies":[{"name":"wp","href":"https:\/\/api.w.org\/{rel}","templated":true}]}}