{"id":125782,"date":"2019-04-19T01:00:15","date_gmt":"2019-04-18T23:00:15","guid":{"rendered":"https:\/\/www.prijedordanas.com\/?p=125782"},"modified":"2019-04-19T01:00:15","modified_gmt":"2019-04-18T23:00:15","slug":"sudenje-milojica-rivic-tuzilastvo-trazi-kaznu-za-19-ubistava-kod-prijedora","status":"publish","type":"post","link":"https:\/\/www.prijedordanas.com\/?p=125782","title":{"rendered":"SU\u0110ENJE MILOJICA-RIVI\u0106: TU\u017dILA\u0160TVO TRA\u017dI KAZNU ZA 19 UBISTAVA KOD PRIJEDORA"},"content":{"rendered":"<p><a href=\"https:\/\/www.prijedordanas.com\/wp-content\/uploads\/2018\/06\/sud-bih-milojica-rivic.jpg\"><img loading=\"lazy\" decoding=\"async\" src=\"https:\/\/www.prijedordanas.com\/wp-content\/uploads\/2018\/06\/sud-bih-milojica-rivic-300x217.jpg\" alt=\"\" width=\"300\" height=\"217\" class=\"alignleft size-medium wp-image-107129\" srcset=\"https:\/\/www.prijedordanas.com\/wp-content\/uploads\/2018\/06\/sud-bih-milojica-rivic-300x217.jpg 300w, https:\/\/www.prijedordanas.com\/wp-content\/uploads\/2018\/06\/sud-bih-milojica-rivic-100x72.jpg 100w, https:\/\/www.prijedordanas.com\/wp-content\/uploads\/2018\/06\/sud-bih-milojica-rivic.jpg 691w\" sizes=\"(max-width: 300px) 100vw, 300px\" \/><\/a>Tu\u017eila\u0161tvo BiH zatra\u017eilo je osu\u0111uju\u0107u presudu za Boru Milojicu i \u017delislava Rivi\u0107a, ocijeniv\u0161i da je u potpunosti dokazana njihova odgovornost za ubistava 19 Bo\u0161njaka, Roma i Hrvata u prijedorskim selima u junu i julu 1992. godine.<\/p>\n<p>U zavr\u0161noj rije\u010di Tu\u017eila\u0161tvo je navelo da je dokazalo da su Milojica i Rivi\u0107, kao pripadnici \u0160este \u010dete Ljubijskog bataljona Vojske Republike Srpske (VRS), u\u010destvovali u \u0161irokom i sistematskom napadu na nesrpsko stanovni\u0161tvo na podru\u010dju Prijedora.<\/p>\n<p>Tu\u017eilac Sedin Idrizovi\u0107 je kazao da su za\u0161ti\u0107eni svjedoci, nekada\u0161nji saborci optu\u017eenog Milojice, potvrdili da je u Hambarinama ubio Sameda Dautba\u0161i\u0107a, kao i da je sa Perom \u0110uki\u0107em u Volari\u0107ima usmrtio devet Roma, koji su bili dovedeni da ukopaju le\u0161eve.<\/p>\n<p>Prema rije\u010dima tu\u017eioca, svjedoci su potvrdili da je Milojica ubio \u010dobanina Mehmeda Mulali\u0107a prilikom pretresa \u010carakova, kao i starijeg \u010dovjeka Ramu \u010celi\u0107a, kada je sa Rivi\u0107em i jo\u0161 jednim licem tra\u017eio zlato u jednoj ku\u0107i.<\/p>\n<p>Tu\u017eila\u0161tvo je ocijenilo da je dokazalo i da su Milojica i Rivi\u0107 ubili pet osoba bo\u0161nja\u010dke nacionalnosti koje je kod punkta u Hambarinama dovezla Vojna policija. Idrizovi\u0107 je podsjetio na iskaze svjedoka, koji su ispri\u010dali da je Milojica pri\u0161ao kombiju i rekao: \u201cDajte ih meni\u201d, a potom ih izveo.<\/p>\n<p>Svjedoci su, kako je kazao tu\u017eilac, naveli da su \u010duli pucnje i vidjeli Milojicu i Rivi\u0107a sa pu\u0161kama pored mrtvih tijela. Iste no\u0107i, kako je dodao, Milojica je usmrtio jo\u0161 jedno lice koje je nai\u0161lo kod punkta.<\/p>\n<p>Idrizovi\u0107 je podsjetio i na iskaze svjedoka koji su Milojicu i Rivi\u0107a ozna\u010dili kao odgovorne za smrt hrvatskog civila Dragana Begi\u0107a.<\/p>\n<p>Tu\u017eilac je kazao da su svjedo\u010denjem u vlastitu korist optu\u017eeni samo nastojali da olak\u0161aju svoju poziciju, tvrde\u0107i da su bili posmatra\u010di u pojedinim doga\u0111ajima iz optu\u017enice.<\/p>\n<p>On je podsjetio da je Milojica za ubistva u Volari\u0107ima i na punktu u Hambarinama kao po\u010dinioce ubistava ozna\u010dio dvojicu za\u0161ti\u0107enih svjedoka, koji su svjedo\u010dili protiv njega i \u010diji su iskazi, kako je naveo, bili logi\u010dni i saglasni s drugim svjedocima.<\/p>\n<p>Idrizovi\u0107 je kazao da drugi dokazi ne potkrepljuju tvrdnje Milojice i da je on u to vrijeme provodio svojevrsnu osvetu za brata.<\/p>\n<p>Tu\u017eilac se osvrnuo i na druge svjedoke Odbrane, ocijeniv\u0161i da se uglavnom radi o nerelevantnim iskazima.<\/p>\n<p>Odbrane \u0107e zavr\u0161nu rije\u010d iznijeti 6. maja.<\/p>\n<p>BIRN<\/p>\n","protected":false},"excerpt":{"rendered":"<p>Tu\u017eila\u0161tvo BiH zatra\u017eilo je osu\u0111uju\u0107u presudu za Boru Milojicu i \u017delislava Rivi\u0107a, ocijeniv\u0161i da je u potpunosti dokazana njihova odgovornost za ubistava 19 Bo\u0161njaka, Roma i Hrvata u prijedorskim selima [&hellip;]<\/p>\n","protected":false},"author":1,"featured_media":0,"comment_status":"closed","ping_status":"open","sticky":false,"template":"","format":"standard","meta":{"_monsterinsights_skip_tracking":false,"_monsterinsights_sitenote_active":false,"_monsterinsights_sitenote_note":"","_monsterinsights_sitenote_category":0,"footnotes":""},"categories":[5],"tags":[],"yoast_head":"<!-- This site is optimized with the Yoast SEO plugin v21.6 - https:\/\/yoast.com\/wordpress\/plugins\/seo\/ -->\n<title>SU\u0110ENJE MILOJICA-RIVI\u0106: TU\u017dILA\u0160TVO TRA\u017dI KAZNU ZA 19 UBISTAVA KOD PRIJEDORA - PrijedorDanas.com - Prijedorski gradski portal<\/title>\n<meta name=\"robots\" content=\"index, follow, max-snippet:-1, max-image-preview:large, max-video-preview:-1\" \/>\n<link rel=\"canonical\" href=\"https:\/\/www.prijedordanas.com\/?p=125782\" \/>\n<meta property=\"og:locale\" content=\"en_US\" \/>\n<meta property=\"og:type\" content=\"article\" \/>\n<meta property=\"og:title\" content=\"SU\u0110ENJE MILOJICA-RIVI\u0106: TU\u017dILA\u0160TVO TRA\u017dI KAZNU ZA 19 UBISTAVA KOD PRIJEDORA - PrijedorDanas.com - Prijedorski gradski portal\" \/>\n<meta property=\"og:description\" content=\"Tu\u017eila\u0161tvo BiH zatra\u017eilo je osu\u0111uju\u0107u presudu za Boru Milojicu i \u017delislava Rivi\u0107a, ocijeniv\u0161i da je u potpunosti dokazana njihova odgovornost za ubistava 19 Bo\u0161njaka, Roma i Hrvata u prijedorskim selima [&hellip;]\" \/>\n<meta property=\"og:url\" content=\"https:\/\/www.prijedordanas.com\/?p=125782\" \/>\n<meta property=\"og:site_name\" content=\"PrijedorDanas.com - Prijedorski gradski portal\" \/>\n<meta property=\"article:publisher\" content=\"https:\/\/www.facebook.com\/PrijedorDanasCom\/\" \/>\n<meta property=\"article:published_time\" content=\"2019-04-18T23:00:15+00:00\" \/>\n<meta property=\"og:image\" content=\"https:\/\/www.prijedordanas.com\/wp-content\/uploads\/2018\/06\/sud-bih-milojica-rivic-300x217.jpg\" \/>\n<meta name=\"author\" content=\"admin\" \/>\n<meta name=\"twitter:card\" content=\"summary_large_image\" \/>\n<meta name=\"twitter:label1\" content=\"Written by\" \/>\n\t<meta name=\"twitter:data1\" content=\"admin\" \/>\n\t<meta name=\"twitter:label2\" content=\"Est. reading time\" \/>\n\t<meta name=\"twitter:data2\" content=\"2 minutes\" \/>\n<script type=\"application\/ld+json\" class=\"yoast-schema-graph\">{\"@context\":\"https:\/\/schema.org\",\"@graph\":[{\"@type\":\"Article\",\"@id\":\"https:\/\/www.prijedordanas.com\/?p=125782#article\",\"isPartOf\":{\"@id\":\"https:\/\/www.prijedordanas.com\/?p=125782\"},\"author\":{\"name\":\"admin\",\"@id\":\"https:\/\/www.prijedordanas.com\/#\/schema\/person\/4e08ccf29b506ca916ff86d46bb700e6\"},\"headline\":\"SU\u0110ENJE MILOJICA-RIVI\u0106: TU\u017dILA\u0160TVO TRA\u017dI KAZNU ZA 19 UBISTAVA KOD PRIJEDORA\",\"datePublished\":\"2019-04-18T23:00:15+00:00\",\"dateModified\":\"2019-04-18T23:00:15+00:00\",\"mainEntityOfPage\":{\"@id\":\"https:\/\/www.prijedordanas.com\/?p=125782\"},\"wordCount\":441,\"publisher\":{\"@id\":\"https:\/\/www.prijedordanas.com\/#organization\"},\"articleSection\":[\"Hronika\"],\"inLanguage\":\"en-US\"},{\"@type\":\"WebPage\",\"@id\":\"https:\/\/www.prijedordanas.com\/?p=125782\",\"url\":\"https:\/\/www.prijedordanas.com\/?p=125782\",\"name\":\"SU\u0110ENJE MILOJICA-RIVI\u0106: TU\u017dILA\u0160TVO TRA\u017dI KAZNU ZA 19 UBISTAVA KOD PRIJEDORA - PrijedorDanas.com - Prijedorski gradski portal\",\"isPartOf\":{\"@id\":\"https:\/\/www.prijedordanas.com\/#website\"},\"datePublished\":\"2019-04-18T23:00:15+00:00\",\"dateModified\":\"2019-04-18T23:00:15+00:00\",\"breadcrumb\":{\"@id\":\"https:\/\/www.prijedordanas.com\/?p=125782#breadcrumb\"},\"inLanguage\":\"en-US\",\"potentialAction\":[{\"@type\":\"ReadAction\",\"target\":[\"https:\/\/www.prijedordanas.com\/?p=125782\"]}]},{\"@type\":\"BreadcrumbList\",\"@id\":\"https:\/\/www.prijedordanas.com\/?p=125782#breadcrumb\",\"itemListElement\":[{\"@type\":\"ListItem\",\"position\":1,\"name\":\"Home\",\"item\":\"https:\/\/www.prijedordanas.com\/\"},{\"@type\":\"ListItem\",\"position\":2,\"name\":\"SU\u0110ENJE MILOJICA-RIVI\u0106: TU\u017dILA\u0160TVO TRA\u017dI KAZNU ZA 19 UBISTAVA KOD PRIJEDORA\"}]},{\"@type\":\"WebSite\",\"@id\":\"https:\/\/www.prijedordanas.com\/#website\",\"url\":\"https:\/\/www.prijedordanas.com\/\",\"name\":\"PrijedorDanas.com - Prijedorski gradski portal\",\"description\":\"Portal o doga\u0111anjima u gradu Prijedoru\",\"publisher\":{\"@id\":\"https:\/\/www.prijedordanas.com\/#organization\"},\"potentialAction\":[{\"@type\":\"SearchAction\",\"target\":{\"@type\":\"EntryPoint\",\"urlTemplate\":\"https:\/\/www.prijedordanas.com\/?s={search_term_string}\"},\"query-input\":\"required name=search_term_string\"}],\"inLanguage\":\"en-US\"},{\"@type\":\"Organization\",\"@id\":\"https:\/\/www.prijedordanas.com\/#organization\",\"name\":\"PrijedorDanas.com\",\"url\":\"https:\/\/www.prijedordanas.com\/\",\"logo\":{\"@type\":\"ImageObject\",\"inLanguage\":\"en-US\",\"@id\":\"https:\/\/www.prijedordanas.com\/#\/schema\/logo\/image\/\",\"url\":\"http:\/\/www.prijedordanas.com\/wp-content\/uploads\/2021\/12\/logopng.png\",\"contentUrl\":\"http:\/\/www.prijedordanas.com\/wp-content\/uploads\/2021\/12\/logopng.png\",\"width\":1019,\"height\":776,\"caption\":\"PrijedorDanas.com\"},\"image\":{\"@id\":\"https:\/\/www.prijedordanas.com\/#\/schema\/logo\/image\/\"},\"sameAs\":[\"https:\/\/www.facebook.com\/PrijedorDanasCom\/\"]},{\"@type\":\"Person\",\"@id\":\"https:\/\/www.prijedordanas.com\/#\/schema\/person\/4e08ccf29b506ca916ff86d46bb700e6\",\"name\":\"admin\",\"image\":{\"@type\":\"ImageObject\",\"inLanguage\":\"en-US\",\"@id\":\"https:\/\/www.prijedordanas.com\/#\/schema\/person\/image\/\",\"url\":\"https:\/\/secure.gravatar.com\/avatar\/1d3fc949d550f0b53a5f0d51e06dfd79?s=96&d=mm&r=g\",\"contentUrl\":\"https:\/\/secure.gravatar.com\/avatar\/1d3fc949d550f0b53a5f0d51e06dfd79?s=96&d=mm&r=g\",\"caption\":\"admin\"},\"url\":\"https:\/\/www.prijedordanas.com\/?author=1\"}]}<\/script>\n<!-- \/ Yoast SEO plugin. -->","yoast_head_json":{"title":"SU\u0110ENJE MILOJICA-RIVI\u0106: TU\u017dILA\u0160TVO TRA\u017dI KAZNU ZA 19 UBISTAVA KOD PRIJEDORA - PrijedorDanas.com - Prijedorski gradski portal","robots":{"index":"index","follow":"follow","max-snippet":"max-snippet:-1","max-image-preview":"max-image-preview:large","max-video-preview":"max-video-preview:-1"},"canonical":"https:\/\/www.prijedordanas.com\/?p=125782","og_locale":"en_US","og_type":"article","og_title":"SU\u0110ENJE MILOJICA-RIVI\u0106: TU\u017dILA\u0160TVO TRA\u017dI KAZNU ZA 19 UBISTAVA KOD PRIJEDORA - PrijedorDanas.com - Prijedorski gradski portal","og_description":"Tu\u017eila\u0161tvo BiH zatra\u017eilo je osu\u0111uju\u0107u presudu za Boru Milojicu i \u017delislava Rivi\u0107a, ocijeniv\u0161i da je u potpunosti dokazana njihova odgovornost za ubistava 19 Bo\u0161njaka, Roma i Hrvata u prijedorskim selima [&hellip;]","og_url":"https:\/\/www.prijedordanas.com\/?p=125782","og_site_name":"PrijedorDanas.com - Prijedorski gradski portal","article_publisher":"https:\/\/www.facebook.com\/PrijedorDanasCom\/","article_published_time":"2019-04-18T23:00:15+00:00","og_image":[{"url":"https:\/\/www.prijedordanas.com\/wp-content\/uploads\/2018\/06\/sud-bih-milojica-rivic-300x217.jpg"}],"author":"admin","twitter_card":"summary_large_image","twitter_misc":{"Written by":"admin","Est. reading time":"2 minutes"},"schema":{"@context":"https:\/\/schema.org","@graph":[{"@type":"Article","@id":"https:\/\/www.prijedordanas.com\/?p=125782#article","isPartOf":{"@id":"https:\/\/www.prijedordanas.com\/?p=125782"},"author":{"name":"admin","@id":"https:\/\/www.prijedordanas.com\/#\/schema\/person\/4e08ccf29b506ca916ff86d46bb700e6"},"headline":"SU\u0110ENJE MILOJICA-RIVI\u0106: TU\u017dILA\u0160TVO TRA\u017dI KAZNU ZA 19 UBISTAVA KOD PRIJEDORA","datePublished":"2019-04-18T23:00:15+00:00","dateModified":"2019-04-18T23:00:15+00:00","mainEntityOfPage":{"@id":"https:\/\/www.prijedordanas.com\/?p=125782"},"wordCount":441,"publisher":{"@id":"https:\/\/www.prijedordanas.com\/#organization"},"articleSection":["Hronika"],"inLanguage":"en-US"},{"@type":"WebPage","@id":"https:\/\/www.prijedordanas.com\/?p=125782","url":"https:\/\/www.prijedordanas.com\/?p=125782","name":"SU\u0110ENJE MILOJICA-RIVI\u0106: TU\u017dILA\u0160TVO TRA\u017dI KAZNU ZA 19 UBISTAVA KOD PRIJEDORA - PrijedorDanas.com - Prijedorski gradski portal","isPartOf":{"@id":"https:\/\/www.prijedordanas.com\/#website"},"datePublished":"2019-04-18T23:00:15+00:00","dateModified":"2019-04-18T23:00:15+00:00","breadcrumb":{"@id":"https:\/\/www.prijedordanas.com\/?p=125782#breadcrumb"},"inLanguage":"en-US","potentialAction":[{"@type":"ReadAction","target":["https:\/\/www.prijedordanas.com\/?p=125782"]}]},{"@type":"BreadcrumbList","@id":"https:\/\/www.prijedordanas.com\/?p=125782#breadcrumb","itemListElement":[{"@type":"ListItem","position":1,"name":"Home","item":"https:\/\/www.prijedordanas.com\/"},{"@type":"ListItem","position":2,"name":"SU\u0110ENJE MILOJICA-RIVI\u0106: TU\u017dILA\u0160TVO TRA\u017dI KAZNU ZA 19 UBISTAVA KOD PRIJEDORA"}]},{"@type":"WebSite","@id":"https:\/\/www.prijedordanas.com\/#website","url":"https:\/\/www.prijedordanas.com\/","name":"PrijedorDanas.com - Prijedorski gradski portal","description":"Portal o doga\u0111anjima u gradu Prijedoru","publisher":{"@id":"https:\/\/www.prijedordanas.com\/#organization"},"potentialAction":[{"@type":"SearchAction","target":{"@type":"EntryPoint","urlTemplate":"https:\/\/www.prijedordanas.com\/?s={search_term_string}"},"query-input":"required name=search_term_string"}],"inLanguage":"en-US"},{"@type":"Organization","@id":"https:\/\/www.prijedordanas.com\/#organization","name":"PrijedorDanas.com","url":"https:\/\/www.prijedordanas.com\/","logo":{"@type":"ImageObject","inLanguage":"en-US","@id":"https:\/\/www.prijedordanas.com\/#\/schema\/logo\/image\/","url":"http:\/\/www.prijedordanas.com\/wp-content\/uploads\/2021\/12\/logopng.png","contentUrl":"http:\/\/www.prijedordanas.com\/wp-content\/uploads\/2021\/12\/logopng.png","width":1019,"height":776,"caption":"PrijedorDanas.com"},"image":{"@id":"https:\/\/www.prijedordanas.com\/#\/schema\/logo\/image\/"},"sameAs":["https:\/\/www.facebook.com\/PrijedorDanasCom\/"]},{"@type":"Person","@id":"https:\/\/www.prijedordanas.com\/#\/schema\/person\/4e08ccf29b506ca916ff86d46bb700e6","name":"admin","image":{"@type":"ImageObject","inLanguage":"en-US","@id":"https:\/\/www.prijedordanas.com\/#\/schema\/person\/image\/","url":"https:\/\/secure.gravatar.com\/avatar\/1d3fc949d550f0b53a5f0d51e06dfd79?s=96&d=mm&r=g","contentUrl":"https:\/\/secure.gravatar.com\/avatar\/1d3fc949d550f0b53a5f0d51e06dfd79?s=96&d=mm&r=g","caption":"admin"},"url":"https:\/\/www.prijedordanas.com\/?author=1"}]}},"_links":{"self":[{"href":"https:\/\/www.prijedordanas.com\/index.php?rest_route=\/wp\/v2\/posts\/125782"}],"collection":[{"href":"https:\/\/www.prijedordanas.com\/index.php?rest_route=\/wp\/v2\/posts"}],"about":[{"href":"https:\/\/www.prijedordanas.com\/index.php?rest_route=\/wp\/v2\/types\/post"}],"author":[{"embeddable":true,"href":"https:\/\/www.prijedordanas.com\/index.php?rest_route=\/wp\/v2\/users\/1"}],"replies":[{"embeddable":true,"href":"https:\/\/www.prijedordanas.com\/index.php?rest_route=%2Fwp%2Fv2%2Fcomments&post=125782"}],"version-history":[{"count":1,"href":"https:\/\/www.prijedordanas.com\/index.php?rest_route=\/wp\/v2\/posts\/125782\/revisions"}],"predecessor-version":[{"id":125783,"href":"https:\/\/www.prijedordanas.com\/index.php?rest_route=\/wp\/v2\/posts\/125782\/revisions\/125783"}],"wp:attachment":[{"href":"https:\/\/www.prijedordanas.com\/index.php?rest_route=%2Fwp%2Fv2%2Fmedia&parent=125782"}],"wp:term":[{"taxonomy":"category","embeddable":true,"href":"https:\/\/www.prijedordanas.com\/index.php?rest_route=%2Fwp%2Fv2%2Fcategories&post=125782"},{"taxonomy":"post_tag","embeddable":true,"href":"https:\/\/www.prijedordanas.com\/index.php?rest_route=%2Fwp%2Fv2%2Ftags&post=125782"}],"curies":[{"name":"wp","href":"https:\/\/api.w.org\/{rel}","templated":true}]}}