{"id":125663,"date":"2019-04-18T08:32:52","date_gmt":"2019-04-18T06:32:52","guid":{"rendered":"https:\/\/www.prijedordanas.com\/?p=125663"},"modified":"2019-04-18T08:32:52","modified_gmt":"2019-04-18T06:32:52","slug":"sudenje-babic-ranko-i-ostali-komsije-u-selu","status":"publish","type":"post","link":"https:\/\/www.prijedordanas.com\/?p=125663","title":{"rendered":"SU\u0110ENJE BABI\u0106 RANKO I OSTALI: KOM\u0160IJE U SELU"},"content":{"rendered":"<p><a href=\"https:\/\/www.prijedordanas.com\/wp-content\/uploads\/2018\/02\/sud-bih-sudnica.jpg\"><img loading=\"lazy\" decoding=\"async\" src=\"https:\/\/www.prijedordanas.com\/wp-content\/uploads\/2018\/02\/sud-bih-sudnica-300x231.jpg\" alt=\"\" width=\"300\" height=\"231\" class=\"alignleft size-medium wp-image-99202\" srcset=\"https:\/\/www.prijedordanas.com\/wp-content\/uploads\/2018\/02\/sud-bih-sudnica-300x231.jpg 300w, https:\/\/www.prijedordanas.com\/wp-content\/uploads\/2018\/02\/sud-bih-sudnica-100x77.jpg 100w, https:\/\/www.prijedordanas.com\/wp-content\/uploads\/2018\/02\/sud-bih-sudnica.jpg 650w\" sizes=\"(max-width: 300px) 100vw, 300px\" \/><\/a>Svjedok Tu\u017eila\u0161tva BiH identifikovao je trojicu optu\u017eenih kao vojnike koji su 11. avgusta 1992. do\u0161li u zaselak Bukvik kod Prijedora kada su mu ubijeni otac i brat, a drugi brat odveden.<\/p>\n<p>Fikret Kadiri\u0107 je svjedo\u010dio da je tog dana me\u0111u grupom vojnika prepoznao Bratislava Bilbiju zvanog Bajica i \u0110uru Adamovi\u0107a zvanog \u0110urica, koje je znao iz vi\u0111enja iz susjednog sela Ljeskare. Dodao je da je kod njega stajao i tada nepoznati vojnik, ali da se kasnije raspitivao i saznao da je kapetan i da se zove Ranko Babi\u0107. Svjedok je u sudnici svu trojicu identifikovao.<\/p>\n<p>Svjedok je rekao da je tog dana bio u selu sa ocem, majkom, sestrom i tri brata, a da su kod njih u ku\u0107ama bili i jo\u0161 neki civili iz okolnih sela. Ispri\u010dao je da su tog dana njegova bra\u0107a Emsad i Mirsad sa Dadom Muhi\u0107em vozila p\u0161enicu u Ljeskare, gdje im je jedan \u010dovjek kazao da \u0107e biti pretres u Bukviku.<\/p>\n<p>\u201cNatovarili su jo\u0161 jedna kola i govorili da se ne\u0107e skrivati. Zezali su se da li da se sakriju u \u0161umu, kao nema potrebe, jer su ih vidjeli da voze p\u0161enicu. Rekli su: \u2018Nismo ni\u0161ta du\u017eni, je\u0161\u0107emo pa \u0107emo dalje\u2019\u201d, prisjetio se Kadiri\u0107, koji je tada imao 14 godina.<\/p>\n<p>On je dodao da je nai\u0161la grupa vojnika, me\u0111u kojima je prepoznao Bajicu i \u0110uricu, i da su odvojeni \u017eene i djeca, a oca Salima, bra\u0107u Emsada i Mirsada, te Dadu Muhi\u0107a i lice koje je znao kao \u0160aru odveli su malo dalje, gdje je vidio da su im vezali ruke.<\/p>\n<p>Svjedok je ispri\u010dao da je Babi\u0107u jedan vojnik kroz prozor dodao k\u0107erku njegovog brata. On je kazao da ga je Babi\u0107 ispitivao za brata Mirhada i za pu\u0161ku. Naveo je da mu se taj brat krio u \u0161umi.<\/p>\n<p>Sa mjesta gdje su odvedeni mu\u0161karci, Kadiri\u0107 je \u010duo psovke, jauke i vrisku. Vidio je kada su Bajica i drugi vojnici provodili Mirsada i Emsada do mjesta gdje su zatrpavali sme\u0107e. Rekao je da je bilo vidno da su udarani, posebno Emsad, kojem je tekla krv iz glave i koji je bio \u201cunaka\u017een\u201d.<\/p>\n<p>Kadiri\u0107 je izjavio da, kada su mu vojnici naredili da istovari p\u0161enicu iz kola, vidio je kako \u0110urica dr\u017ei njegovom ocu bajonet ispod vrata i govori mu da ustane.<\/p>\n<p>Nakon \u0161to su vojnici oti\u0161li, saznao je da su mu ubijeni otac i brat Emsud. Tijelo oca, malo zatrpano zemljom, kako je ispri\u010dao, vidio je kada je oti\u0161ao da posudi pumpu za kola kako bi napustili selo. Naveo je da su mu kom\u0161ije rekle da su sutradan sahranili njegovog oca i brata, dok je on s ostatkom porodice oti\u0161ao isti dan. Dodao je da je tijelo brata Mirsada ekshumirano kasnije.<\/p>\n<p>Na pitanje Adamovi\u0107eve Odbrane zbog \u010dega je u istrazi naveo da je jedan vojnik dr\u017eao no\u017e pod grlom njegovog oca a nije imenovao optu\u017eenog, Kadiri\u0107 je odgovorio da ne zna. I Odbranu Bilbije je interesovalo zbog \u010dega je optu\u017eenog u istrazi spominjao kao Bajicu, a ne imenom i prezimenom, kao danas.<\/p>\n<p>Babi\u0107, Bilbija i Adamovi\u0107 optu\u017eeni su kao biv\u0161i pripadnici Vojske Republike Srpske (VRS) za zlo\u010din protiv \u010dovje\u010dnosti po\u010dinjen na podru\u010dju Prijedora. Na teret im je stavljeno da su u avgustu 1992. godine u zaseoku Bukvik odvojili vi\u0161e mu\u0161karaca bo\u0161nja\u010dke nacionalnosti, a potom u\u010destvovali u njihovom mu\u010denju, zlostavljanju i ubistvima. Kako se navodi, dva lica su ubijena u Bukviku, a troje je odvedeno u nepoznatom pravcu, od kada im se gubi svaki trag.<\/p>\n<p>Bajro Kadiri\u0107 je kazao da je bio u logoru kada mu je supruga 12. avgusta 1992. godine rekla da su mu u selu ubijeni otac i brat. Kasnije je od drugih \u010duo da se kao izvr\u0161ioci spominju Bilbija i Adamovi\u0107, a kada ga je podsjetio tu\u017eilac, naveo je i kapetana Babi\u0107a zvanog Lipicaner.<\/p>\n<p>On je potvrdio da je od ro\u0111aka \u010duo da je vidio njegovog brata Mirsada u polju nakon \u0161to je odveden od ku\u0107e.<\/p>\n<p>Su\u0111enje se nastavlja 22. aprila.<\/p>\n<p>BIRN<\/p>\n","protected":false},"excerpt":{"rendered":"<p>Svjedok Tu\u017eila\u0161tva BiH identifikovao je trojicu optu\u017eenih kao vojnike koji su 11. avgusta 1992. do\u0161li u zaselak Bukvik kod Prijedora kada su mu ubijeni otac i brat, a drugi brat [&hellip;]<\/p>\n","protected":false},"author":1,"featured_media":0,"comment_status":"closed","ping_status":"open","sticky":false,"template":"","format":"standard","meta":{"_monsterinsights_skip_tracking":false,"_monsterinsights_sitenote_active":false,"_monsterinsights_sitenote_note":"","_monsterinsights_sitenote_category":0,"footnotes":""},"categories":[5],"tags":[],"yoast_head":"<!-- This site is optimized with the Yoast SEO plugin v21.6 - https:\/\/yoast.com\/wordpress\/plugins\/seo\/ -->\n<title>SU\u0110ENJE BABI\u0106 RANKO I OSTALI: KOM\u0160IJE U SELU - PrijedorDanas.com - Prijedorski gradski portal<\/title>\n<meta name=\"robots\" content=\"index, follow, max-snippet:-1, max-image-preview:large, max-video-preview:-1\" \/>\n<link rel=\"canonical\" href=\"https:\/\/www.prijedordanas.com\/?p=125663\" \/>\n<meta property=\"og:locale\" content=\"en_US\" \/>\n<meta property=\"og:type\" content=\"article\" \/>\n<meta property=\"og:title\" content=\"SU\u0110ENJE BABI\u0106 RANKO I OSTALI: KOM\u0160IJE U SELU - PrijedorDanas.com - Prijedorski gradski portal\" \/>\n<meta property=\"og:description\" content=\"Svjedok Tu\u017eila\u0161tva BiH identifikovao je trojicu optu\u017eenih kao vojnike koji su 11. avgusta 1992. do\u0161li u zaselak Bukvik kod Prijedora kada su mu ubijeni otac i brat, a drugi brat [&hellip;]\" \/>\n<meta property=\"og:url\" content=\"https:\/\/www.prijedordanas.com\/?p=125663\" \/>\n<meta property=\"og:site_name\" content=\"PrijedorDanas.com - Prijedorski gradski portal\" \/>\n<meta property=\"article:publisher\" content=\"https:\/\/www.facebook.com\/PrijedorDanasCom\/\" \/>\n<meta property=\"article:published_time\" content=\"2019-04-18T06:32:52+00:00\" \/>\n<meta property=\"og:image\" content=\"https:\/\/www.prijedordanas.com\/wp-content\/uploads\/2018\/02\/sud-bih-sudnica-300x231.jpg\" \/>\n<meta name=\"author\" content=\"admin\" \/>\n<meta name=\"twitter:card\" content=\"summary_large_image\" \/>\n<meta name=\"twitter:label1\" content=\"Written by\" \/>\n\t<meta name=\"twitter:data1\" content=\"admin\" \/>\n\t<meta name=\"twitter:label2\" content=\"Est. reading time\" \/>\n\t<meta name=\"twitter:data2\" content=\"4 minutes\" \/>\n<script type=\"application\/ld+json\" class=\"yoast-schema-graph\">{\"@context\":\"https:\/\/schema.org\",\"@graph\":[{\"@type\":\"Article\",\"@id\":\"https:\/\/www.prijedordanas.com\/?p=125663#article\",\"isPartOf\":{\"@id\":\"https:\/\/www.prijedordanas.com\/?p=125663\"},\"author\":{\"name\":\"admin\",\"@id\":\"https:\/\/www.prijedordanas.com\/#\/schema\/person\/4e08ccf29b506ca916ff86d46bb700e6\"},\"headline\":\"SU\u0110ENJE BABI\u0106 RANKO I OSTALI: KOM\u0160IJE U SELU\",\"datePublished\":\"2019-04-18T06:32:52+00:00\",\"dateModified\":\"2019-04-18T06:32:52+00:00\",\"mainEntityOfPage\":{\"@id\":\"https:\/\/www.prijedordanas.com\/?p=125663\"},\"wordCount\":712,\"publisher\":{\"@id\":\"https:\/\/www.prijedordanas.com\/#organization\"},\"articleSection\":[\"Hronika\"],\"inLanguage\":\"en-US\"},{\"@type\":\"WebPage\",\"@id\":\"https:\/\/www.prijedordanas.com\/?p=125663\",\"url\":\"https:\/\/www.prijedordanas.com\/?p=125663\",\"name\":\"SU\u0110ENJE BABI\u0106 RANKO I OSTALI: KOM\u0160IJE U SELU - PrijedorDanas.com - Prijedorski gradski portal\",\"isPartOf\":{\"@id\":\"https:\/\/www.prijedordanas.com\/#website\"},\"datePublished\":\"2019-04-18T06:32:52+00:00\",\"dateModified\":\"2019-04-18T06:32:52+00:00\",\"breadcrumb\":{\"@id\":\"https:\/\/www.prijedordanas.com\/?p=125663#breadcrumb\"},\"inLanguage\":\"en-US\",\"potentialAction\":[{\"@type\":\"ReadAction\",\"target\":[\"https:\/\/www.prijedordanas.com\/?p=125663\"]}]},{\"@type\":\"BreadcrumbList\",\"@id\":\"https:\/\/www.prijedordanas.com\/?p=125663#breadcrumb\",\"itemListElement\":[{\"@type\":\"ListItem\",\"position\":1,\"name\":\"Home\",\"item\":\"https:\/\/www.prijedordanas.com\/\"},{\"@type\":\"ListItem\",\"position\":2,\"name\":\"SU\u0110ENJE BABI\u0106 RANKO I OSTALI: KOM\u0160IJE U SELU\"}]},{\"@type\":\"WebSite\",\"@id\":\"https:\/\/www.prijedordanas.com\/#website\",\"url\":\"https:\/\/www.prijedordanas.com\/\",\"name\":\"PrijedorDanas.com - Prijedorski gradski portal\",\"description\":\"Portal o doga\u0111anjima u gradu Prijedoru\",\"publisher\":{\"@id\":\"https:\/\/www.prijedordanas.com\/#organization\"},\"potentialAction\":[{\"@type\":\"SearchAction\",\"target\":{\"@type\":\"EntryPoint\",\"urlTemplate\":\"https:\/\/www.prijedordanas.com\/?s={search_term_string}\"},\"query-input\":\"required name=search_term_string\"}],\"inLanguage\":\"en-US\"},{\"@type\":\"Organization\",\"@id\":\"https:\/\/www.prijedordanas.com\/#organization\",\"name\":\"PrijedorDanas.com\",\"url\":\"https:\/\/www.prijedordanas.com\/\",\"logo\":{\"@type\":\"ImageObject\",\"inLanguage\":\"en-US\",\"@id\":\"https:\/\/www.prijedordanas.com\/#\/schema\/logo\/image\/\",\"url\":\"http:\/\/www.prijedordanas.com\/wp-content\/uploads\/2021\/12\/logopng.png\",\"contentUrl\":\"http:\/\/www.prijedordanas.com\/wp-content\/uploads\/2021\/12\/logopng.png\",\"width\":1019,\"height\":776,\"caption\":\"PrijedorDanas.com\"},\"image\":{\"@id\":\"https:\/\/www.prijedordanas.com\/#\/schema\/logo\/image\/\"},\"sameAs\":[\"https:\/\/www.facebook.com\/PrijedorDanasCom\/\"]},{\"@type\":\"Person\",\"@id\":\"https:\/\/www.prijedordanas.com\/#\/schema\/person\/4e08ccf29b506ca916ff86d46bb700e6\",\"name\":\"admin\",\"image\":{\"@type\":\"ImageObject\",\"inLanguage\":\"en-US\",\"@id\":\"https:\/\/www.prijedordanas.com\/#\/schema\/person\/image\/\",\"url\":\"https:\/\/secure.gravatar.com\/avatar\/1d3fc949d550f0b53a5f0d51e06dfd79?s=96&d=mm&r=g\",\"contentUrl\":\"https:\/\/secure.gravatar.com\/avatar\/1d3fc949d550f0b53a5f0d51e06dfd79?s=96&d=mm&r=g\",\"caption\":\"admin\"},\"url\":\"https:\/\/www.prijedordanas.com\/?author=1\"}]}<\/script>\n<!-- \/ Yoast SEO plugin. -->","yoast_head_json":{"title":"SU\u0110ENJE BABI\u0106 RANKO I OSTALI: KOM\u0160IJE U SELU - PrijedorDanas.com - Prijedorski gradski portal","robots":{"index":"index","follow":"follow","max-snippet":"max-snippet:-1","max-image-preview":"max-image-preview:large","max-video-preview":"max-video-preview:-1"},"canonical":"https:\/\/www.prijedordanas.com\/?p=125663","og_locale":"en_US","og_type":"article","og_title":"SU\u0110ENJE BABI\u0106 RANKO I OSTALI: KOM\u0160IJE U SELU - PrijedorDanas.com - Prijedorski gradski portal","og_description":"Svjedok Tu\u017eila\u0161tva BiH identifikovao je trojicu optu\u017eenih kao vojnike koji su 11. avgusta 1992. do\u0161li u zaselak Bukvik kod Prijedora kada su mu ubijeni otac i brat, a drugi brat [&hellip;]","og_url":"https:\/\/www.prijedordanas.com\/?p=125663","og_site_name":"PrijedorDanas.com - Prijedorski gradski portal","article_publisher":"https:\/\/www.facebook.com\/PrijedorDanasCom\/","article_published_time":"2019-04-18T06:32:52+00:00","og_image":[{"url":"https:\/\/www.prijedordanas.com\/wp-content\/uploads\/2018\/02\/sud-bih-sudnica-300x231.jpg"}],"author":"admin","twitter_card":"summary_large_image","twitter_misc":{"Written by":"admin","Est. reading time":"4 minutes"},"schema":{"@context":"https:\/\/schema.org","@graph":[{"@type":"Article","@id":"https:\/\/www.prijedordanas.com\/?p=125663#article","isPartOf":{"@id":"https:\/\/www.prijedordanas.com\/?p=125663"},"author":{"name":"admin","@id":"https:\/\/www.prijedordanas.com\/#\/schema\/person\/4e08ccf29b506ca916ff86d46bb700e6"},"headline":"SU\u0110ENJE BABI\u0106 RANKO I OSTALI: KOM\u0160IJE U SELU","datePublished":"2019-04-18T06:32:52+00:00","dateModified":"2019-04-18T06:32:52+00:00","mainEntityOfPage":{"@id":"https:\/\/www.prijedordanas.com\/?p=125663"},"wordCount":712,"publisher":{"@id":"https:\/\/www.prijedordanas.com\/#organization"},"articleSection":["Hronika"],"inLanguage":"en-US"},{"@type":"WebPage","@id":"https:\/\/www.prijedordanas.com\/?p=125663","url":"https:\/\/www.prijedordanas.com\/?p=125663","name":"SU\u0110ENJE BABI\u0106 RANKO I OSTALI: KOM\u0160IJE U SELU - PrijedorDanas.com - Prijedorski gradski portal","isPartOf":{"@id":"https:\/\/www.prijedordanas.com\/#website"},"datePublished":"2019-04-18T06:32:52+00:00","dateModified":"2019-04-18T06:32:52+00:00","breadcrumb":{"@id":"https:\/\/www.prijedordanas.com\/?p=125663#breadcrumb"},"inLanguage":"en-US","potentialAction":[{"@type":"ReadAction","target":["https:\/\/www.prijedordanas.com\/?p=125663"]}]},{"@type":"BreadcrumbList","@id":"https:\/\/www.prijedordanas.com\/?p=125663#breadcrumb","itemListElement":[{"@type":"ListItem","position":1,"name":"Home","item":"https:\/\/www.prijedordanas.com\/"},{"@type":"ListItem","position":2,"name":"SU\u0110ENJE BABI\u0106 RANKO I OSTALI: KOM\u0160IJE U SELU"}]},{"@type":"WebSite","@id":"https:\/\/www.prijedordanas.com\/#website","url":"https:\/\/www.prijedordanas.com\/","name":"PrijedorDanas.com - Prijedorski gradski portal","description":"Portal o doga\u0111anjima u gradu Prijedoru","publisher":{"@id":"https:\/\/www.prijedordanas.com\/#organization"},"potentialAction":[{"@type":"SearchAction","target":{"@type":"EntryPoint","urlTemplate":"https:\/\/www.prijedordanas.com\/?s={search_term_string}"},"query-input":"required name=search_term_string"}],"inLanguage":"en-US"},{"@type":"Organization","@id":"https:\/\/www.prijedordanas.com\/#organization","name":"PrijedorDanas.com","url":"https:\/\/www.prijedordanas.com\/","logo":{"@type":"ImageObject","inLanguage":"en-US","@id":"https:\/\/www.prijedordanas.com\/#\/schema\/logo\/image\/","url":"http:\/\/www.prijedordanas.com\/wp-content\/uploads\/2021\/12\/logopng.png","contentUrl":"http:\/\/www.prijedordanas.com\/wp-content\/uploads\/2021\/12\/logopng.png","width":1019,"height":776,"caption":"PrijedorDanas.com"},"image":{"@id":"https:\/\/www.prijedordanas.com\/#\/schema\/logo\/image\/"},"sameAs":["https:\/\/www.facebook.com\/PrijedorDanasCom\/"]},{"@type":"Person","@id":"https:\/\/www.prijedordanas.com\/#\/schema\/person\/4e08ccf29b506ca916ff86d46bb700e6","name":"admin","image":{"@type":"ImageObject","inLanguage":"en-US","@id":"https:\/\/www.prijedordanas.com\/#\/schema\/person\/image\/","url":"https:\/\/secure.gravatar.com\/avatar\/1d3fc949d550f0b53a5f0d51e06dfd79?s=96&d=mm&r=g","contentUrl":"https:\/\/secure.gravatar.com\/avatar\/1d3fc949d550f0b53a5f0d51e06dfd79?s=96&d=mm&r=g","caption":"admin"},"url":"https:\/\/www.prijedordanas.com\/?author=1"}]}},"_links":{"self":[{"href":"https:\/\/www.prijedordanas.com\/index.php?rest_route=\/wp\/v2\/posts\/125663"}],"collection":[{"href":"https:\/\/www.prijedordanas.com\/index.php?rest_route=\/wp\/v2\/posts"}],"about":[{"href":"https:\/\/www.prijedordanas.com\/index.php?rest_route=\/wp\/v2\/types\/post"}],"author":[{"embeddable":true,"href":"https:\/\/www.prijedordanas.com\/index.php?rest_route=\/wp\/v2\/users\/1"}],"replies":[{"embeddable":true,"href":"https:\/\/www.prijedordanas.com\/index.php?rest_route=%2Fwp%2Fv2%2Fcomments&post=125663"}],"version-history":[{"count":1,"href":"https:\/\/www.prijedordanas.com\/index.php?rest_route=\/wp\/v2\/posts\/125663\/revisions"}],"predecessor-version":[{"id":125664,"href":"https:\/\/www.prijedordanas.com\/index.php?rest_route=\/wp\/v2\/posts\/125663\/revisions\/125664"}],"wp:attachment":[{"href":"https:\/\/www.prijedordanas.com\/index.php?rest_route=%2Fwp%2Fv2%2Fmedia&parent=125663"}],"wp:term":[{"taxonomy":"category","embeddable":true,"href":"https:\/\/www.prijedordanas.com\/index.php?rest_route=%2Fwp%2Fv2%2Fcategories&post=125663"},{"taxonomy":"post_tag","embeddable":true,"href":"https:\/\/www.prijedordanas.com\/index.php?rest_route=%2Fwp%2Fv2%2Ftags&post=125663"}],"curies":[{"name":"wp","href":"https:\/\/api.w.org\/{rel}","templated":true}]}}