{"id":125523,"date":"2019-04-15T09:03:43","date_gmt":"2019-04-15T07:03:43","guid":{"rendered":"https:\/\/www.prijedordanas.com\/?p=125523"},"modified":"2019-04-15T09:03:43","modified_gmt":"2019-04-15T07:03:43","slug":"vrijedna-prijedorcanka-sladana-damjanovic-orem-tanjiram-brnam-svi-me-traze-za-pomoc","status":"publish","type":"post","link":"https:\/\/www.prijedordanas.com\/?p=125523","title":{"rendered":"VRIJEDNA PRIJEDOR\u010cANKA SLA\u0110ANA DAMJANOVI\u0106: OREM, TANJIRAM, BRNAM \u2013 SVI ME TRA\u017dE ZA POMO\u0106"},"content":{"rendered":"<p><a href=\"https:\/\/www.prijedordanas.com\/wp-content\/uploads\/2019\/04\/agroklub-sladjana-najtrazeniji-seoski-radnik-1.jpg\"><img loading=\"lazy\" decoding=\"async\" class=\"alignleft size-medium wp-image-125525\" src=\"https:\/\/www.prijedordanas.com\/wp-content\/uploads\/2019\/04\/agroklub-sladjana-najtrazeniji-seoski-radnik-1-300x217.jpg\" alt=\"\" width=\"300\" height=\"217\" srcset=\"https:\/\/www.prijedordanas.com\/wp-content\/uploads\/2019\/04\/agroklub-sladjana-najtrazeniji-seoski-radnik-1-300x217.jpg 300w, https:\/\/www.prijedordanas.com\/wp-content\/uploads\/2019\/04\/agroklub-sladjana-najtrazeniji-seoski-radnik-1-100x72.jpg 100w, https:\/\/www.prijedordanas.com\/wp-content\/uploads\/2019\/04\/agroklub-sladjana-najtrazeniji-seoski-radnik-1.jpg 690w\" sizes=\"(max-width: 300px) 100vw, 300px\" \/><\/a>Dvadeset\u010detvorogodi\u0161nja Sla\u0111ana Damjanovi\u0107 odrasla je u prijedorskom selu Donji Garevci, u porodici poljoprivrednika, tako da je sve o poljoprivredi i mehanizaciji, nau\u010dila od oca. U petoj godini nau\u010dila je da vozi traktor. Danas ne postoji ono \u010dime ona ne zna da upravlja.<\/p>\n<p>Nema &#8220;mu\u0161kog&#8221; posla koji ona ne zna da radi. Odrasla na selu, sve o poljoprivrednim poslovima nau\u010dila je od oca. Me\u0111utim, niko nije ni slutio, da \u0107e ova mlada Prijedor\u010danka vremenom preuzeti kormilo svih poljoprivrednih ma\u0161ina. Ne postoji ono \u010dime ona ne zna da upravlja. Upoznajte najtra\u017eenijeg radnika, ta\u010dnije radnicu iz prijedorskog sela Donji Garevci, mladu Sla\u0111anu Damjanovi\u0107.<\/p>\n<p>Na traktoru od pete godine<\/p>\n<p>Na prvi pogled, mlada Sla\u0111ana Damjanovi\u0107 krhka je djevojka plave kose i nje\u017enog tena. Me\u0111utim, ve\u0107 poslije rukovanja s njom, njen sna\u017eni stisak opomene vas da je ona daleko od krhke djevojke.<\/p>\n<p>Dvadeset\u010detvorogodi\u0161nja Sla\u0111ana odrasla je u prijedorskom selu Donji Garevci, u porodici poljoprivrednika, tako da je sve o poljoprivredi i mehanizaciji, nau\u010dila od oca. U petoj godini nau\u010dila je da vozi traktor.<\/p>\n<p>&#8220;Sje\u0107am se da sam jo\u0161 kao sasvim mala djevoj\u010dica poku\u0161avala da vozim traktor. Me\u0111utim, znala sam kako treba da se vozi, jer sam sve nau\u010dila od tate, ali sam bila tako mala da nisam mogla ni dohvatiti kva\u010dilo i mjenja\u010d. Ipak, bila sam uporna, pa se nekako sna\u0111em, si\u0111em, dohvatim nogom \u0161ta treba, pa se onda opet popnem i tako upalim traktor&#8221;, pri\u010da Sla\u0111ana, sje\u0107aju\u0107i se ranog djetinjstva.<\/p>\n<p><a href=\"https:\/\/www.prijedordanas.com\/wp-content\/uploads\/2019\/04\/agroklub-sladjana-najtrazeniji-seoski-radnik-3.jpg\"><img loading=\"lazy\" decoding=\"async\" class=\"alignleft size-medium wp-image-125526\" src=\"https:\/\/www.prijedordanas.com\/wp-content\/uploads\/2019\/04\/agroklub-sladjana-najtrazeniji-seoski-radnik-3-300x169.jpg\" alt=\"\" width=\"300\" height=\"169\" srcset=\"https:\/\/www.prijedordanas.com\/wp-content\/uploads\/2019\/04\/agroklub-sladjana-najtrazeniji-seoski-radnik-3-300x169.jpg 300w, https:\/\/www.prijedordanas.com\/wp-content\/uploads\/2019\/04\/agroklub-sladjana-najtrazeniji-seoski-radnik-3-100x56.jpg 100w, https:\/\/www.prijedordanas.com\/wp-content\/uploads\/2019\/04\/agroklub-sladjana-najtrazeniji-seoski-radnik-3.jpg 600w\" sizes=\"(max-width: 300px) 100vw, 300px\" \/><\/a>Sla\u0111ana Damjanovi\u0107 me\u0111u najanga\u017eovanijim radnicima<\/p>\n<p>Kada je Sla\u0111ana porasla, sve je vi\u0161e provodila na njivi ili me\u0111u \u017eivotinjama. Pomagala je i svojoj porodici i kom\u0161ijama, a zbog njene spretnosti sve \u010de\u0161\u0107e su je svakodnevno po\u010deli anga\u017eovati okolni farmeri. Tako je Sla\u0111ana postala jedan od najanga\u017eovanijih radnika na prijedorskim farmama. Za nju ne postoje \u201cmu\u0161ki\u201d i \u201c\u017eenski\u201d poslovi, jer sve zna da radi.<\/p>\n<p>&#8220;Ni\u0161ta mi nije te\u0161ko. Na farmama radim na izmu\u017ei, a kad krene sezona sjetve ili branja, ne silazim s traktora. Sve znam da radim i stvarno imam mnogo posla, jer me svi anga\u017euju. Orem, tanjiram, brnam, baliram, kupim sijeno, kosim&#8221;, ka\u017ee Sla\u0111ana.<\/p>\n<p>Farmerima je zlata vrijedna, jer je njihova &#8220;desna ruka&#8221;.<\/p>\n<p>&#8220;Ona je na mojoj farmi muznih krava zaposlena svakodnevno. Svi je ina\u010de zovemo da radi, a ona je jako vrijedna i sve ho\u0107e i sve zna. Od malena vozi traktor bolje od kakvog mu\u0161karca i zna sve o sjetvi, berbi, baliranju i sli\u010dno. Kada nju pozovemo da radi, uop\u0161te ne trebamo da je kontroli\u0161emo, \u010dak naprotiv, tada smo najmirniji, jer ona kako uradi i upravlja traktorom, malo ko to zna&#8221;, ka\u017ee prijedorski farmer, Zoran Karajica.<\/p>\n<p><a href=\"https:\/\/www.prijedordanas.com\/wp-content\/uploads\/2019\/04\/agroklub-sladjana-najtrazeniji-seoski-radnik-2.jpg\"><img loading=\"lazy\" decoding=\"async\" src=\"https:\/\/www.prijedordanas.com\/wp-content\/uploads\/2019\/04\/agroklub-sladjana-najtrazeniji-seoski-radnik-2-300x146.jpg\" alt=\"\" width=\"300\" height=\"146\" class=\"alignleft size-medium wp-image-125527\" srcset=\"https:\/\/www.prijedordanas.com\/wp-content\/uploads\/2019\/04\/agroklub-sladjana-najtrazeniji-seoski-radnik-2-300x146.jpg 300w, https:\/\/www.prijedordanas.com\/wp-content\/uploads\/2019\/04\/agroklub-sladjana-najtrazeniji-seoski-radnik-2-100x49.jpg 100w, https:\/\/www.prijedordanas.com\/wp-content\/uploads\/2019\/04\/agroklub-sladjana-najtrazeniji-seoski-radnik-2.jpg 600w\" sizes=\"(max-width: 300px) 100vw, 300px\" \/><\/a>Djevojka za primjer<\/p>\n<p>Sla\u0111ana ka\u017ee, mnogi se za\u010dude kada \u010duju \u010dime se bavi. Nije im jasno da ovaj naizgled krhki djevoj\u010durak svakodnevno vozi traktor po njivama i spretno manevri\u0161e svim poljoprivrednim ma\u0161inama. Me\u0111utim, to nju ne brine.<\/p>\n<p>&#8220;Ponekad se na\u0111e neko kome je to smije\u0161no ili mo\u017eda misli da je sramota to \u010dime se ja bavim. Valjda im je smije\u0161no kada vide \u017eensko na traktoru, ali meni to uop\u0161te ni\u0161ta ne zna\u010di. Ja to volim da radim, najsre\u0107nija sam kad upalim traktor i krenem da radim. Na traktoru zaboravim sve brige&#8221;, pri\u010da ona.<\/p>\n<p>Ka\u017ee, oduvijek je voljela poljoprivredu i \u017eivotinje. Sve \u0161to zaradi na farmama, ulo\u017ei u pro\u0161irenje svog porodi\u010dnog imanja.<\/p>\n<p><a href=\"https:\/\/www.prijedordanas.com\/wp-content\/uploads\/2019\/04\/agroklub-sladjana-najtrazeniji-seoski-radnik-4.jpg\"><img loading=\"lazy\" decoding=\"async\" src=\"https:\/\/www.prijedordanas.com\/wp-content\/uploads\/2019\/04\/agroklub-sladjana-najtrazeniji-seoski-radnik-4-300x146.jpg\" alt=\"\" width=\"300\" height=\"146\" class=\"alignleft size-medium wp-image-125528\" srcset=\"https:\/\/www.prijedordanas.com\/wp-content\/uploads\/2019\/04\/agroklub-sladjana-najtrazeniji-seoski-radnik-4-300x146.jpg 300w, https:\/\/www.prijedordanas.com\/wp-content\/uploads\/2019\/04\/agroklub-sladjana-najtrazeniji-seoski-radnik-4-100x49.jpg 100w, https:\/\/www.prijedordanas.com\/wp-content\/uploads\/2019\/04\/agroklub-sladjana-najtrazeniji-seoski-radnik-4.jpg 600w\" sizes=\"(max-width: 300px) 100vw, 300px\" \/><\/a>&#8220;To je djevojka za primjer svim mla\u0111im generacijama. Ja jo\u0161 nisam \u010duo da postoji negdje jo\u0161 jedna ovakva. Jedna je Sla\u0111a. Kada su je kao dijete sretali po njivama, onako sitnu s dugom plavom kosom, mislili su da je dje\u010dak, jer je svima bilo te\u0161ko povjerovati da traktor vozi tako spretna djevoj\u010dica. A ba\u0161 je bilo tako&#8221;, ka\u017ee farmer Zoran Karajica.<\/p>\n<p>Sla\u0111ana svoju budu\u0107nost vidi na selu. Nakon napornog dana na poslu, svakodnevno kada do\u0111e ku\u0107i, nastavlja da radi u svom poljoprivrednom doma\u0107instvu. Prikuplja novac i kupuje jednu po jednu poljoprivrednu ma\u0161inu. A ko \u0107e upravljati njima? Pa zna se, ona.<\/p>\n<p>Agroklub.ba<\/p>\n<p>https:\/\/arh3.rtrs.tv\/arhiva\/2018\/12\/09\/tvclip032496.mp4?_=3<\/p>\n","protected":false},"excerpt":{"rendered":"<p>Dvadeset\u010detvorogodi\u0161nja Sla\u0111ana Damjanovi\u0107 odrasla je u prijedorskom selu Donji Garevci, u porodici poljoprivrednika, tako da je sve o poljoprivredi i mehanizaciji, nau\u010dila od oca. U petoj godini nau\u010dila je da [&hellip;]<\/p>\n","protected":false},"author":1,"featured_media":0,"comment_status":"closed","ping_status":"open","sticky":false,"template":"","format":"standard","meta":{"_monsterinsights_skip_tracking":false,"_monsterinsights_sitenote_active":false,"_monsterinsights_sitenote_note":"","_monsterinsights_sitenote_category":0,"footnotes":""},"categories":[7518],"tags":[],"yoast_head":"<!-- This site is optimized with the Yoast SEO plugin v21.6 - https:\/\/yoast.com\/wordpress\/plugins\/seo\/ -->\n<title>VRIJEDNA PRIJEDOR\u010cANKA SLA\u0110ANA DAMJANOVI\u0106: OREM, TANJIRAM, BRNAM \u2013 SVI ME TRA\u017dE ZA POMO\u0106 - PrijedorDanas.com - Prijedorski gradski portal<\/title>\n<meta name=\"robots\" content=\"index, follow, max-snippet:-1, max-image-preview:large, max-video-preview:-1\" \/>\n<link rel=\"canonical\" href=\"https:\/\/www.prijedordanas.com\/?p=125523\" \/>\n<meta property=\"og:locale\" content=\"en_US\" \/>\n<meta property=\"og:type\" content=\"article\" \/>\n<meta property=\"og:title\" content=\"VRIJEDNA PRIJEDOR\u010cANKA SLA\u0110ANA DAMJANOVI\u0106: OREM, TANJIRAM, BRNAM \u2013 SVI ME TRA\u017dE ZA POMO\u0106 - PrijedorDanas.com - Prijedorski gradski portal\" \/>\n<meta property=\"og:description\" content=\"Dvadeset\u010detvorogodi\u0161nja Sla\u0111ana Damjanovi\u0107 odrasla je u prijedorskom selu Donji Garevci, u porodici poljoprivrednika, tako da je sve o poljoprivredi i mehanizaciji, nau\u010dila od oca. U petoj godini nau\u010dila je da [&hellip;]\" \/>\n<meta property=\"og:url\" content=\"https:\/\/www.prijedordanas.com\/?p=125523\" \/>\n<meta property=\"og:site_name\" content=\"PrijedorDanas.com - Prijedorski gradski portal\" \/>\n<meta property=\"article:publisher\" content=\"https:\/\/www.facebook.com\/PrijedorDanasCom\/\" \/>\n<meta property=\"article:published_time\" content=\"2019-04-15T07:03:43+00:00\" \/>\n<meta property=\"og:image\" content=\"https:\/\/www.prijedordanas.com\/wp-content\/uploads\/2019\/04\/agroklub-sladjana-najtrazeniji-seoski-radnik-1-300x217.jpg\" \/>\n<meta name=\"author\" content=\"admin\" \/>\n<meta name=\"twitter:card\" content=\"summary_large_image\" \/>\n<meta name=\"twitter:label1\" content=\"Written by\" \/>\n\t<meta name=\"twitter:data1\" content=\"admin\" \/>\n\t<meta name=\"twitter:label2\" content=\"Est. reading time\" \/>\n\t<meta name=\"twitter:data2\" content=\"4 minutes\" \/>\n<script type=\"application\/ld+json\" class=\"yoast-schema-graph\">{\"@context\":\"https:\/\/schema.org\",\"@graph\":[{\"@type\":\"Article\",\"@id\":\"https:\/\/www.prijedordanas.com\/?p=125523#article\",\"isPartOf\":{\"@id\":\"https:\/\/www.prijedordanas.com\/?p=125523\"},\"author\":{\"name\":\"admin\",\"@id\":\"https:\/\/www.prijedordanas.com\/#\/schema\/person\/4e08ccf29b506ca916ff86d46bb700e6\"},\"headline\":\"VRIJEDNA PRIJEDOR\u010cANKA SLA\u0110ANA DAMJANOVI\u0106: OREM, TANJIRAM, BRNAM \u2013 SVI ME TRA\u017dE ZA POMO\u0106\",\"datePublished\":\"2019-04-15T07:03:43+00:00\",\"dateModified\":\"2019-04-15T07:03:43+00:00\",\"mainEntityOfPage\":{\"@id\":\"https:\/\/www.prijedordanas.com\/?p=125523\"},\"wordCount\":752,\"publisher\":{\"@id\":\"https:\/\/www.prijedordanas.com\/#organization\"},\"articleSection\":[\"Mladi\"],\"inLanguage\":\"en-US\"},{\"@type\":\"WebPage\",\"@id\":\"https:\/\/www.prijedordanas.com\/?p=125523\",\"url\":\"https:\/\/www.prijedordanas.com\/?p=125523\",\"name\":\"VRIJEDNA PRIJEDOR\u010cANKA SLA\u0110ANA DAMJANOVI\u0106: OREM, TANJIRAM, BRNAM \u2013 SVI ME TRA\u017dE ZA POMO\u0106 - PrijedorDanas.com - Prijedorski gradski portal\",\"isPartOf\":{\"@id\":\"https:\/\/www.prijedordanas.com\/#website\"},\"datePublished\":\"2019-04-15T07:03:43+00:00\",\"dateModified\":\"2019-04-15T07:03:43+00:00\",\"breadcrumb\":{\"@id\":\"https:\/\/www.prijedordanas.com\/?p=125523#breadcrumb\"},\"inLanguage\":\"en-US\",\"potentialAction\":[{\"@type\":\"ReadAction\",\"target\":[\"https:\/\/www.prijedordanas.com\/?p=125523\"]}]},{\"@type\":\"BreadcrumbList\",\"@id\":\"https:\/\/www.prijedordanas.com\/?p=125523#breadcrumb\",\"itemListElement\":[{\"@type\":\"ListItem\",\"position\":1,\"name\":\"Home\",\"item\":\"https:\/\/www.prijedordanas.com\/\"},{\"@type\":\"ListItem\",\"position\":2,\"name\":\"VRIJEDNA PRIJEDOR\u010cANKA SLA\u0110ANA DAMJANOVI\u0106: OREM, TANJIRAM, BRNAM \u2013 SVI ME TRA\u017dE ZA POMO\u0106\"}]},{\"@type\":\"WebSite\",\"@id\":\"https:\/\/www.prijedordanas.com\/#website\",\"url\":\"https:\/\/www.prijedordanas.com\/\",\"name\":\"PrijedorDanas.com - Prijedorski gradski portal\",\"description\":\"Portal o doga\u0111anjima u gradu Prijedoru\",\"publisher\":{\"@id\":\"https:\/\/www.prijedordanas.com\/#organization\"},\"potentialAction\":[{\"@type\":\"SearchAction\",\"target\":{\"@type\":\"EntryPoint\",\"urlTemplate\":\"https:\/\/www.prijedordanas.com\/?s={search_term_string}\"},\"query-input\":\"required name=search_term_string\"}],\"inLanguage\":\"en-US\"},{\"@type\":\"Organization\",\"@id\":\"https:\/\/www.prijedordanas.com\/#organization\",\"name\":\"PrijedorDanas.com\",\"url\":\"https:\/\/www.prijedordanas.com\/\",\"logo\":{\"@type\":\"ImageObject\",\"inLanguage\":\"en-US\",\"@id\":\"https:\/\/www.prijedordanas.com\/#\/schema\/logo\/image\/\",\"url\":\"http:\/\/www.prijedordanas.com\/wp-content\/uploads\/2021\/12\/logopng.png\",\"contentUrl\":\"http:\/\/www.prijedordanas.com\/wp-content\/uploads\/2021\/12\/logopng.png\",\"width\":1019,\"height\":776,\"caption\":\"PrijedorDanas.com\"},\"image\":{\"@id\":\"https:\/\/www.prijedordanas.com\/#\/schema\/logo\/image\/\"},\"sameAs\":[\"https:\/\/www.facebook.com\/PrijedorDanasCom\/\"]},{\"@type\":\"Person\",\"@id\":\"https:\/\/www.prijedordanas.com\/#\/schema\/person\/4e08ccf29b506ca916ff86d46bb700e6\",\"name\":\"admin\",\"image\":{\"@type\":\"ImageObject\",\"inLanguage\":\"en-US\",\"@id\":\"https:\/\/www.prijedordanas.com\/#\/schema\/person\/image\/\",\"url\":\"https:\/\/secure.gravatar.com\/avatar\/1d3fc949d550f0b53a5f0d51e06dfd79?s=96&d=mm&r=g\",\"contentUrl\":\"https:\/\/secure.gravatar.com\/avatar\/1d3fc949d550f0b53a5f0d51e06dfd79?s=96&d=mm&r=g\",\"caption\":\"admin\"},\"url\":\"https:\/\/www.prijedordanas.com\/?author=1\"}]}<\/script>\n<!-- \/ Yoast SEO plugin. -->","yoast_head_json":{"title":"VRIJEDNA PRIJEDOR\u010cANKA SLA\u0110ANA DAMJANOVI\u0106: OREM, TANJIRAM, BRNAM \u2013 SVI ME TRA\u017dE ZA POMO\u0106 - PrijedorDanas.com - Prijedorski gradski portal","robots":{"index":"index","follow":"follow","max-snippet":"max-snippet:-1","max-image-preview":"max-image-preview:large","max-video-preview":"max-video-preview:-1"},"canonical":"https:\/\/www.prijedordanas.com\/?p=125523","og_locale":"en_US","og_type":"article","og_title":"VRIJEDNA PRIJEDOR\u010cANKA SLA\u0110ANA DAMJANOVI\u0106: OREM, TANJIRAM, BRNAM \u2013 SVI ME TRA\u017dE ZA POMO\u0106 - PrijedorDanas.com - Prijedorski gradski portal","og_description":"Dvadeset\u010detvorogodi\u0161nja Sla\u0111ana Damjanovi\u0107 odrasla je u prijedorskom selu Donji Garevci, u porodici poljoprivrednika, tako da je sve o poljoprivredi i mehanizaciji, nau\u010dila od oca. U petoj godini nau\u010dila je da [&hellip;]","og_url":"https:\/\/www.prijedordanas.com\/?p=125523","og_site_name":"PrijedorDanas.com - Prijedorski gradski portal","article_publisher":"https:\/\/www.facebook.com\/PrijedorDanasCom\/","article_published_time":"2019-04-15T07:03:43+00:00","og_image":[{"url":"https:\/\/www.prijedordanas.com\/wp-content\/uploads\/2019\/04\/agroklub-sladjana-najtrazeniji-seoski-radnik-1-300x217.jpg"}],"author":"admin","twitter_card":"summary_large_image","twitter_misc":{"Written by":"admin","Est. reading time":"4 minutes"},"schema":{"@context":"https:\/\/schema.org","@graph":[{"@type":"Article","@id":"https:\/\/www.prijedordanas.com\/?p=125523#article","isPartOf":{"@id":"https:\/\/www.prijedordanas.com\/?p=125523"},"author":{"name":"admin","@id":"https:\/\/www.prijedordanas.com\/#\/schema\/person\/4e08ccf29b506ca916ff86d46bb700e6"},"headline":"VRIJEDNA PRIJEDOR\u010cANKA SLA\u0110ANA DAMJANOVI\u0106: OREM, TANJIRAM, BRNAM \u2013 SVI ME TRA\u017dE ZA POMO\u0106","datePublished":"2019-04-15T07:03:43+00:00","dateModified":"2019-04-15T07:03:43+00:00","mainEntityOfPage":{"@id":"https:\/\/www.prijedordanas.com\/?p=125523"},"wordCount":752,"publisher":{"@id":"https:\/\/www.prijedordanas.com\/#organization"},"articleSection":["Mladi"],"inLanguage":"en-US"},{"@type":"WebPage","@id":"https:\/\/www.prijedordanas.com\/?p=125523","url":"https:\/\/www.prijedordanas.com\/?p=125523","name":"VRIJEDNA PRIJEDOR\u010cANKA SLA\u0110ANA DAMJANOVI\u0106: OREM, TANJIRAM, BRNAM \u2013 SVI ME TRA\u017dE ZA POMO\u0106 - PrijedorDanas.com - Prijedorski gradski portal","isPartOf":{"@id":"https:\/\/www.prijedordanas.com\/#website"},"datePublished":"2019-04-15T07:03:43+00:00","dateModified":"2019-04-15T07:03:43+00:00","breadcrumb":{"@id":"https:\/\/www.prijedordanas.com\/?p=125523#breadcrumb"},"inLanguage":"en-US","potentialAction":[{"@type":"ReadAction","target":["https:\/\/www.prijedordanas.com\/?p=125523"]}]},{"@type":"BreadcrumbList","@id":"https:\/\/www.prijedordanas.com\/?p=125523#breadcrumb","itemListElement":[{"@type":"ListItem","position":1,"name":"Home","item":"https:\/\/www.prijedordanas.com\/"},{"@type":"ListItem","position":2,"name":"VRIJEDNA PRIJEDOR\u010cANKA SLA\u0110ANA DAMJANOVI\u0106: OREM, TANJIRAM, BRNAM \u2013 SVI ME TRA\u017dE ZA POMO\u0106"}]},{"@type":"WebSite","@id":"https:\/\/www.prijedordanas.com\/#website","url":"https:\/\/www.prijedordanas.com\/","name":"PrijedorDanas.com - Prijedorski gradski portal","description":"Portal o doga\u0111anjima u gradu Prijedoru","publisher":{"@id":"https:\/\/www.prijedordanas.com\/#organization"},"potentialAction":[{"@type":"SearchAction","target":{"@type":"EntryPoint","urlTemplate":"https:\/\/www.prijedordanas.com\/?s={search_term_string}"},"query-input":"required name=search_term_string"}],"inLanguage":"en-US"},{"@type":"Organization","@id":"https:\/\/www.prijedordanas.com\/#organization","name":"PrijedorDanas.com","url":"https:\/\/www.prijedordanas.com\/","logo":{"@type":"ImageObject","inLanguage":"en-US","@id":"https:\/\/www.prijedordanas.com\/#\/schema\/logo\/image\/","url":"http:\/\/www.prijedordanas.com\/wp-content\/uploads\/2021\/12\/logopng.png","contentUrl":"http:\/\/www.prijedordanas.com\/wp-content\/uploads\/2021\/12\/logopng.png","width":1019,"height":776,"caption":"PrijedorDanas.com"},"image":{"@id":"https:\/\/www.prijedordanas.com\/#\/schema\/logo\/image\/"},"sameAs":["https:\/\/www.facebook.com\/PrijedorDanasCom\/"]},{"@type":"Person","@id":"https:\/\/www.prijedordanas.com\/#\/schema\/person\/4e08ccf29b506ca916ff86d46bb700e6","name":"admin","image":{"@type":"ImageObject","inLanguage":"en-US","@id":"https:\/\/www.prijedordanas.com\/#\/schema\/person\/image\/","url":"https:\/\/secure.gravatar.com\/avatar\/1d3fc949d550f0b53a5f0d51e06dfd79?s=96&d=mm&r=g","contentUrl":"https:\/\/secure.gravatar.com\/avatar\/1d3fc949d550f0b53a5f0d51e06dfd79?s=96&d=mm&r=g","caption":"admin"},"url":"https:\/\/www.prijedordanas.com\/?author=1"}]}},"_links":{"self":[{"href":"https:\/\/www.prijedordanas.com\/index.php?rest_route=\/wp\/v2\/posts\/125523"}],"collection":[{"href":"https:\/\/www.prijedordanas.com\/index.php?rest_route=\/wp\/v2\/posts"}],"about":[{"href":"https:\/\/www.prijedordanas.com\/index.php?rest_route=\/wp\/v2\/types\/post"}],"author":[{"embeddable":true,"href":"https:\/\/www.prijedordanas.com\/index.php?rest_route=\/wp\/v2\/users\/1"}],"replies":[{"embeddable":true,"href":"https:\/\/www.prijedordanas.com\/index.php?rest_route=%2Fwp%2Fv2%2Fcomments&post=125523"}],"version-history":[{"count":1,"href":"https:\/\/www.prijedordanas.com\/index.php?rest_route=\/wp\/v2\/posts\/125523\/revisions"}],"predecessor-version":[{"id":125529,"href":"https:\/\/www.prijedordanas.com\/index.php?rest_route=\/wp\/v2\/posts\/125523\/revisions\/125529"}],"wp:attachment":[{"href":"https:\/\/www.prijedordanas.com\/index.php?rest_route=%2Fwp%2Fv2%2Fmedia&parent=125523"}],"wp:term":[{"taxonomy":"category","embeddable":true,"href":"https:\/\/www.prijedordanas.com\/index.php?rest_route=%2Fwp%2Fv2%2Fcategories&post=125523"},{"taxonomy":"post_tag","embeddable":true,"href":"https:\/\/www.prijedordanas.com\/index.php?rest_route=%2Fwp%2Fv2%2Ftags&post=125523"}],"curies":[{"name":"wp","href":"https:\/\/api.w.org\/{rel}","templated":true}]}}