{"id":125142,"date":"2019-04-08T12:27:26","date_gmt":"2019-04-08T10:27:26","guid":{"rendered":"https:\/\/www.prijedordanas.com\/?p=125142"},"modified":"2019-04-08T12:27:26","modified_gmt":"2019-04-08T10:27:26","slug":"mici-jurisicu-11-godina-zatvora-za-zlocin-u-prijedoru","status":"publish","type":"post","link":"https:\/\/www.prijedordanas.com\/?p=125142","title":{"rendered":"MI\u0106I JURI\u0160I\u0106U 11 GODINA ZATVORA ZA ZLO\u010cIN U PRIJEDORU"},"content":{"rendered":"<p><a href=\"https:\/\/www.prijedordanas.com\/wp-content\/uploads\/2019\/04\/birn-mico-jurisic-presuda.jpg\"><img loading=\"lazy\" decoding=\"async\" src=\"https:\/\/www.prijedordanas.com\/wp-content\/uploads\/2019\/04\/birn-mico-jurisic-presuda-300x222.jpg\" alt=\"\" width=\"300\" height=\"222\" class=\"alignleft size-medium wp-image-125143\" srcset=\"https:\/\/www.prijedordanas.com\/wp-content\/uploads\/2019\/04\/birn-mico-jurisic-presuda-300x222.jpg 300w, https:\/\/www.prijedordanas.com\/wp-content\/uploads\/2019\/04\/birn-mico-jurisic-presuda-100x74.jpg 100w, https:\/\/www.prijedordanas.com\/wp-content\/uploads\/2019\/04\/birn-mico-jurisic-presuda.jpg 677w\" sizes=\"(max-width: 300px) 100vw, 300px\" \/><\/a>Sud BiH osudio je na 11 godina zatvora biv\u0161eg pripadnika rezervnog sastava milicije Tukovi pri Stanici javne bezbjednosti (SJB) Prijedor Mi\u0107u Juri\u0161i\u0107a za zlo\u010din protiv \u010dovje\u010dnosti na podru\u010dju Prijedora 1992. godine.<\/p>\n<p>Juri\u0161i\u0107 je osu\u0111en po pet ta\u010daka optu\u017enice za progone, ubistva, poku\u0161aje ubistva i ne\u010dovje\u010dno postupanje.<\/p>\n<p>\u201cVije\u0107e je cijenilo sve dokaze, u me\u0111usobnoj vezi i pojedina\u010dno, i nesumnjivo donijelo zaklju\u010dak da je optu\u017eeni po\u010dinio sva obilje\u017eja krivi\u010dnog djela za koje je osu\u0111en\u201d, rekla je sutkinja Minka Kreho.<\/p>\n<p>Istom presudom Juri\u0161i\u0107 je oslobo\u0111en po tri ta\u010dke optu\u017enice.<\/p>\n<p>S Juri\u0161i\u0107em je bio optu\u017een i Dragomir Tintor, koji je u me\u0111uvremenu preminuo.<\/p>\n<p>Su\u0111enje Juri\u0161i\u0107u je trajalo od maja 2018. godine, a u zavr\u0161nim rije\u010dima Dr\u017eavno tu\u017eila\u0161tvo zatra\u017eilo je dono\u0161enje osu\u0111uju\u0107e presude, dok je Odbrana navela da nije dokazana Juri\u0161i\u0107eva krivica.<\/p>\n<p>Na ovu presudu postoji mogu\u0107nost \u017ealbe.<\/p>\n<p>BIRN<\/p>\n","protected":false},"excerpt":{"rendered":"<p>Sud BiH osudio je na 11 godina zatvora biv\u0161eg pripadnika rezervnog sastava milicije Tukovi pri Stanici javne bezbjednosti (SJB) Prijedor Mi\u0107u Juri\u0161i\u0107a za zlo\u010din protiv \u010dovje\u010dnosti na podru\u010dju Prijedora 1992. [&hellip;]<\/p>\n","protected":false},"author":1,"featured_media":0,"comment_status":"closed","ping_status":"open","sticky":false,"template":"","format":"standard","meta":{"_monsterinsights_skip_tracking":false,"_monsterinsights_sitenote_active":false,"_monsterinsights_sitenote_note":"","_monsterinsights_sitenote_category":0,"footnotes":""},"categories":[5],"tags":[531],"yoast_head":"<!-- This site is optimized with the Yoast SEO plugin v21.6 - https:\/\/yoast.com\/wordpress\/plugins\/seo\/ -->\n<title>MI\u0106I JURI\u0160I\u0106U 11 GODINA ZATVORA ZA ZLO\u010cIN U PRIJEDORU - PrijedorDanas.com - Prijedorski gradski portal<\/title>\n<meta name=\"robots\" content=\"index, follow, max-snippet:-1, max-image-preview:large, max-video-preview:-1\" \/>\n<link rel=\"canonical\" href=\"https:\/\/www.prijedordanas.com\/?p=125142\" \/>\n<meta property=\"og:locale\" content=\"en_US\" \/>\n<meta property=\"og:type\" content=\"article\" \/>\n<meta property=\"og:title\" content=\"MI\u0106I JURI\u0160I\u0106U 11 GODINA ZATVORA ZA ZLO\u010cIN U PRIJEDORU - PrijedorDanas.com - Prijedorski gradski portal\" \/>\n<meta property=\"og:description\" content=\"Sud BiH osudio je na 11 godina zatvora biv\u0161eg pripadnika rezervnog sastava milicije Tukovi pri Stanici javne bezbjednosti (SJB) Prijedor Mi\u0107u Juri\u0161i\u0107a za zlo\u010din protiv \u010dovje\u010dnosti na podru\u010dju Prijedora 1992. [&hellip;]\" \/>\n<meta property=\"og:url\" content=\"https:\/\/www.prijedordanas.com\/?p=125142\" \/>\n<meta property=\"og:site_name\" content=\"PrijedorDanas.com - Prijedorski gradski portal\" \/>\n<meta property=\"article:publisher\" content=\"https:\/\/www.facebook.com\/PrijedorDanasCom\/\" \/>\n<meta property=\"article:published_time\" content=\"2019-04-08T10:27:26+00:00\" \/>\n<meta property=\"og:image\" content=\"https:\/\/www.prijedordanas.com\/wp-content\/uploads\/2019\/04\/birn-mico-jurisic-presuda-300x222.jpg\" \/>\n<meta name=\"author\" content=\"admin\" \/>\n<meta name=\"twitter:card\" content=\"summary_large_image\" \/>\n<meta name=\"twitter:label1\" content=\"Written by\" \/>\n\t<meta name=\"twitter:data1\" content=\"admin\" \/>\n\t<meta name=\"twitter:label2\" content=\"Est. reading time\" \/>\n\t<meta name=\"twitter:data2\" content=\"1 minute\" \/>\n<script type=\"application\/ld+json\" class=\"yoast-schema-graph\">{\"@context\":\"https:\/\/schema.org\",\"@graph\":[{\"@type\":\"Article\",\"@id\":\"https:\/\/www.prijedordanas.com\/?p=125142#article\",\"isPartOf\":{\"@id\":\"https:\/\/www.prijedordanas.com\/?p=125142\"},\"author\":{\"name\":\"admin\",\"@id\":\"https:\/\/www.prijedordanas.com\/#\/schema\/person\/4e08ccf29b506ca916ff86d46bb700e6\"},\"headline\":\"MI\u0106I JURI\u0160I\u0106U 11 GODINA ZATVORA ZA ZLO\u010cIN U PRIJEDORU\",\"datePublished\":\"2019-04-08T10:27:26+00:00\",\"dateModified\":\"2019-04-08T10:27:26+00:00\",\"mainEntityOfPage\":{\"@id\":\"https:\/\/www.prijedordanas.com\/?p=125142\"},\"wordCount\":189,\"publisher\":{\"@id\":\"https:\/\/www.prijedordanas.com\/#organization\"},\"keywords\":[\"Sud BiH\"],\"articleSection\":[\"Hronika\"],\"inLanguage\":\"en-US\"},{\"@type\":\"WebPage\",\"@id\":\"https:\/\/www.prijedordanas.com\/?p=125142\",\"url\":\"https:\/\/www.prijedordanas.com\/?p=125142\",\"name\":\"MI\u0106I JURI\u0160I\u0106U 11 GODINA ZATVORA ZA ZLO\u010cIN U PRIJEDORU - PrijedorDanas.com - Prijedorski gradski portal\",\"isPartOf\":{\"@id\":\"https:\/\/www.prijedordanas.com\/#website\"},\"datePublished\":\"2019-04-08T10:27:26+00:00\",\"dateModified\":\"2019-04-08T10:27:26+00:00\",\"breadcrumb\":{\"@id\":\"https:\/\/www.prijedordanas.com\/?p=125142#breadcrumb\"},\"inLanguage\":\"en-US\",\"potentialAction\":[{\"@type\":\"ReadAction\",\"target\":[\"https:\/\/www.prijedordanas.com\/?p=125142\"]}]},{\"@type\":\"BreadcrumbList\",\"@id\":\"https:\/\/www.prijedordanas.com\/?p=125142#breadcrumb\",\"itemListElement\":[{\"@type\":\"ListItem\",\"position\":1,\"name\":\"Home\",\"item\":\"https:\/\/www.prijedordanas.com\/\"},{\"@type\":\"ListItem\",\"position\":2,\"name\":\"MI\u0106I JURI\u0160I\u0106U 11 GODINA ZATVORA ZA ZLO\u010cIN U PRIJEDORU\"}]},{\"@type\":\"WebSite\",\"@id\":\"https:\/\/www.prijedordanas.com\/#website\",\"url\":\"https:\/\/www.prijedordanas.com\/\",\"name\":\"PrijedorDanas.com - Prijedorski gradski portal\",\"description\":\"Portal o doga\u0111anjima u gradu Prijedoru\",\"publisher\":{\"@id\":\"https:\/\/www.prijedordanas.com\/#organization\"},\"potentialAction\":[{\"@type\":\"SearchAction\",\"target\":{\"@type\":\"EntryPoint\",\"urlTemplate\":\"https:\/\/www.prijedordanas.com\/?s={search_term_string}\"},\"query-input\":\"required name=search_term_string\"}],\"inLanguage\":\"en-US\"},{\"@type\":\"Organization\",\"@id\":\"https:\/\/www.prijedordanas.com\/#organization\",\"name\":\"PrijedorDanas.com\",\"url\":\"https:\/\/www.prijedordanas.com\/\",\"logo\":{\"@type\":\"ImageObject\",\"inLanguage\":\"en-US\",\"@id\":\"https:\/\/www.prijedordanas.com\/#\/schema\/logo\/image\/\",\"url\":\"http:\/\/www.prijedordanas.com\/wp-content\/uploads\/2021\/12\/logopng.png\",\"contentUrl\":\"http:\/\/www.prijedordanas.com\/wp-content\/uploads\/2021\/12\/logopng.png\",\"width\":1019,\"height\":776,\"caption\":\"PrijedorDanas.com\"},\"image\":{\"@id\":\"https:\/\/www.prijedordanas.com\/#\/schema\/logo\/image\/\"},\"sameAs\":[\"https:\/\/www.facebook.com\/PrijedorDanasCom\/\"]},{\"@type\":\"Person\",\"@id\":\"https:\/\/www.prijedordanas.com\/#\/schema\/person\/4e08ccf29b506ca916ff86d46bb700e6\",\"name\":\"admin\",\"image\":{\"@type\":\"ImageObject\",\"inLanguage\":\"en-US\",\"@id\":\"https:\/\/www.prijedordanas.com\/#\/schema\/person\/image\/\",\"url\":\"https:\/\/secure.gravatar.com\/avatar\/1d3fc949d550f0b53a5f0d51e06dfd79?s=96&d=mm&r=g\",\"contentUrl\":\"https:\/\/secure.gravatar.com\/avatar\/1d3fc949d550f0b53a5f0d51e06dfd79?s=96&d=mm&r=g\",\"caption\":\"admin\"},\"url\":\"https:\/\/www.prijedordanas.com\/?author=1\"}]}<\/script>\n<!-- \/ Yoast SEO plugin. -->","yoast_head_json":{"title":"MI\u0106I JURI\u0160I\u0106U 11 GODINA ZATVORA ZA ZLO\u010cIN U PRIJEDORU - PrijedorDanas.com - Prijedorski gradski portal","robots":{"index":"index","follow":"follow","max-snippet":"max-snippet:-1","max-image-preview":"max-image-preview:large","max-video-preview":"max-video-preview:-1"},"canonical":"https:\/\/www.prijedordanas.com\/?p=125142","og_locale":"en_US","og_type":"article","og_title":"MI\u0106I JURI\u0160I\u0106U 11 GODINA ZATVORA ZA ZLO\u010cIN U PRIJEDORU - PrijedorDanas.com - Prijedorski gradski portal","og_description":"Sud BiH osudio je na 11 godina zatvora biv\u0161eg pripadnika rezervnog sastava milicije Tukovi pri Stanici javne bezbjednosti (SJB) Prijedor Mi\u0107u Juri\u0161i\u0107a za zlo\u010din protiv \u010dovje\u010dnosti na podru\u010dju Prijedora 1992. [&hellip;]","og_url":"https:\/\/www.prijedordanas.com\/?p=125142","og_site_name":"PrijedorDanas.com - Prijedorski gradski portal","article_publisher":"https:\/\/www.facebook.com\/PrijedorDanasCom\/","article_published_time":"2019-04-08T10:27:26+00:00","og_image":[{"url":"https:\/\/www.prijedordanas.com\/wp-content\/uploads\/2019\/04\/birn-mico-jurisic-presuda-300x222.jpg"}],"author":"admin","twitter_card":"summary_large_image","twitter_misc":{"Written by":"admin","Est. reading time":"1 minute"},"schema":{"@context":"https:\/\/schema.org","@graph":[{"@type":"Article","@id":"https:\/\/www.prijedordanas.com\/?p=125142#article","isPartOf":{"@id":"https:\/\/www.prijedordanas.com\/?p=125142"},"author":{"name":"admin","@id":"https:\/\/www.prijedordanas.com\/#\/schema\/person\/4e08ccf29b506ca916ff86d46bb700e6"},"headline":"MI\u0106I JURI\u0160I\u0106U 11 GODINA ZATVORA ZA ZLO\u010cIN U PRIJEDORU","datePublished":"2019-04-08T10:27:26+00:00","dateModified":"2019-04-08T10:27:26+00:00","mainEntityOfPage":{"@id":"https:\/\/www.prijedordanas.com\/?p=125142"},"wordCount":189,"publisher":{"@id":"https:\/\/www.prijedordanas.com\/#organization"},"keywords":["Sud BiH"],"articleSection":["Hronika"],"inLanguage":"en-US"},{"@type":"WebPage","@id":"https:\/\/www.prijedordanas.com\/?p=125142","url":"https:\/\/www.prijedordanas.com\/?p=125142","name":"MI\u0106I JURI\u0160I\u0106U 11 GODINA ZATVORA ZA ZLO\u010cIN U PRIJEDORU - PrijedorDanas.com - Prijedorski gradski portal","isPartOf":{"@id":"https:\/\/www.prijedordanas.com\/#website"},"datePublished":"2019-04-08T10:27:26+00:00","dateModified":"2019-04-08T10:27:26+00:00","breadcrumb":{"@id":"https:\/\/www.prijedordanas.com\/?p=125142#breadcrumb"},"inLanguage":"en-US","potentialAction":[{"@type":"ReadAction","target":["https:\/\/www.prijedordanas.com\/?p=125142"]}]},{"@type":"BreadcrumbList","@id":"https:\/\/www.prijedordanas.com\/?p=125142#breadcrumb","itemListElement":[{"@type":"ListItem","position":1,"name":"Home","item":"https:\/\/www.prijedordanas.com\/"},{"@type":"ListItem","position":2,"name":"MI\u0106I JURI\u0160I\u0106U 11 GODINA ZATVORA ZA ZLO\u010cIN U PRIJEDORU"}]},{"@type":"WebSite","@id":"https:\/\/www.prijedordanas.com\/#website","url":"https:\/\/www.prijedordanas.com\/","name":"PrijedorDanas.com - Prijedorski gradski portal","description":"Portal o doga\u0111anjima u gradu Prijedoru","publisher":{"@id":"https:\/\/www.prijedordanas.com\/#organization"},"potentialAction":[{"@type":"SearchAction","target":{"@type":"EntryPoint","urlTemplate":"https:\/\/www.prijedordanas.com\/?s={search_term_string}"},"query-input":"required name=search_term_string"}],"inLanguage":"en-US"},{"@type":"Organization","@id":"https:\/\/www.prijedordanas.com\/#organization","name":"PrijedorDanas.com","url":"https:\/\/www.prijedordanas.com\/","logo":{"@type":"ImageObject","inLanguage":"en-US","@id":"https:\/\/www.prijedordanas.com\/#\/schema\/logo\/image\/","url":"http:\/\/www.prijedordanas.com\/wp-content\/uploads\/2021\/12\/logopng.png","contentUrl":"http:\/\/www.prijedordanas.com\/wp-content\/uploads\/2021\/12\/logopng.png","width":1019,"height":776,"caption":"PrijedorDanas.com"},"image":{"@id":"https:\/\/www.prijedordanas.com\/#\/schema\/logo\/image\/"},"sameAs":["https:\/\/www.facebook.com\/PrijedorDanasCom\/"]},{"@type":"Person","@id":"https:\/\/www.prijedordanas.com\/#\/schema\/person\/4e08ccf29b506ca916ff86d46bb700e6","name":"admin","image":{"@type":"ImageObject","inLanguage":"en-US","@id":"https:\/\/www.prijedordanas.com\/#\/schema\/person\/image\/","url":"https:\/\/secure.gravatar.com\/avatar\/1d3fc949d550f0b53a5f0d51e06dfd79?s=96&d=mm&r=g","contentUrl":"https:\/\/secure.gravatar.com\/avatar\/1d3fc949d550f0b53a5f0d51e06dfd79?s=96&d=mm&r=g","caption":"admin"},"url":"https:\/\/www.prijedordanas.com\/?author=1"}]}},"_links":{"self":[{"href":"https:\/\/www.prijedordanas.com\/index.php?rest_route=\/wp\/v2\/posts\/125142"}],"collection":[{"href":"https:\/\/www.prijedordanas.com\/index.php?rest_route=\/wp\/v2\/posts"}],"about":[{"href":"https:\/\/www.prijedordanas.com\/index.php?rest_route=\/wp\/v2\/types\/post"}],"author":[{"embeddable":true,"href":"https:\/\/www.prijedordanas.com\/index.php?rest_route=\/wp\/v2\/users\/1"}],"replies":[{"embeddable":true,"href":"https:\/\/www.prijedordanas.com\/index.php?rest_route=%2Fwp%2Fv2%2Fcomments&post=125142"}],"version-history":[{"count":1,"href":"https:\/\/www.prijedordanas.com\/index.php?rest_route=\/wp\/v2\/posts\/125142\/revisions"}],"predecessor-version":[{"id":125144,"href":"https:\/\/www.prijedordanas.com\/index.php?rest_route=\/wp\/v2\/posts\/125142\/revisions\/125144"}],"wp:attachment":[{"href":"https:\/\/www.prijedordanas.com\/index.php?rest_route=%2Fwp%2Fv2%2Fmedia&parent=125142"}],"wp:term":[{"taxonomy":"category","embeddable":true,"href":"https:\/\/www.prijedordanas.com\/index.php?rest_route=%2Fwp%2Fv2%2Fcategories&post=125142"},{"taxonomy":"post_tag","embeddable":true,"href":"https:\/\/www.prijedordanas.com\/index.php?rest_route=%2Fwp%2Fv2%2Ftags&post=125142"}],"curies":[{"name":"wp","href":"https:\/\/api.w.org\/{rel}","templated":true}]}}