{"id":125004,"date":"2019-04-04T19:19:37","date_gmt":"2019-04-04T17:19:37","guid":{"rendered":"https:\/\/www.prijedordanas.com\/?p=125004"},"modified":"2019-04-04T19:19:37","modified_gmt":"2019-04-04T17:19:37","slug":"obdukcija-otklonila-sumnju-prijedorcanina-damira-cordica-usmrtio-voz-dok-je-slusao-muziku","status":"publish","type":"post","link":"https:\/\/www.prijedordanas.com\/?p=125004","title":{"rendered":"OBDUKCIJA OTKLONILA SUMNJU: PRIJEDOR\u010cANINA DAMIRA \u0106ORDI\u0106A USMRTIO VOZ DOK JE SLU\u0160AO MUZIKU"},"content":{"rendered":"<p><a href=\"https:\/\/www.prijedordanas.com\/wp-content\/uploads\/2019\/04\/obdukcija-cordic.jpg\"><img loading=\"lazy\" decoding=\"async\" src=\"https:\/\/www.prijedordanas.com\/wp-content\/uploads\/2019\/04\/obdukcija-cordic-300x222.jpg\" alt=\"\" width=\"300\" height=\"222\" class=\"alignleft size-medium wp-image-125005\" srcset=\"https:\/\/www.prijedordanas.com\/wp-content\/uploads\/2019\/04\/obdukcija-cordic-300x222.jpg 300w, https:\/\/www.prijedordanas.com\/wp-content\/uploads\/2019\/04\/obdukcija-cordic-100x74.jpg 100w, https:\/\/www.prijedordanas.com\/wp-content\/uploads\/2019\/04\/obdukcija-cordic.jpg 675w\" sizes=\"(max-width: 300px) 100vw, 300px\" \/><\/a>Mladi\u0107 Damir \u0106ordi\u0107 (32) \u010dije je tijelo prona\u0111eno u utorak ujutru u blizini \u017eeljezni\u010dke pruge nastradao je od udara voza, potvrdili su rezultati obdukcije, saznaje Srpskainfo.<\/p>\n<p>Iako su Prijedorom kru\u017eila pri\u010de da postoji sumnja da je ovaj mladi\u0107 ubijen, rezultati obdukcije su nedvosmisleno potvrdili da je rije\u010d o \u017eeljezni\u010dkoj nesre\u0107i.<br \/>\nIzvor uklju\u010den u istragu pojasnio je da inspektori sumnjaju da je mladi\u0107 slu\u0161ao muziku i da vjerovatno nije \u010duo da nailazi voz.<\/p>\n<p>\u2013 U blizini mjesta nesre\u0107e prvo je prona\u0111ena njegova kapa, par metara dalje na\u0111en je mobilni telefon, a potom i tijelo. Imao je slu\u0161alice u u\u0161ima \u2013 pojasnio je izvor blizak istrazi.<\/p>\n<p><a href=\"https:\/\/www.prijedordanas.com\/wp-content\/uploads\/2019\/04\/pronadjeno-tijelo-cordica-1-2.jpg\"><img loading=\"lazy\" decoding=\"async\" src=\"https:\/\/www.prijedordanas.com\/wp-content\/uploads\/2019\/04\/pronadjeno-tijelo-cordica-1-2-300x222.jpg\" alt=\"\" width=\"300\" height=\"222\" class=\"alignleft size-medium wp-image-124856\" srcset=\"https:\/\/www.prijedordanas.com\/wp-content\/uploads\/2019\/04\/pronadjeno-tijelo-cordica-1-2-300x222.jpg 300w, https:\/\/www.prijedordanas.com\/wp-content\/uploads\/2019\/04\/pronadjeno-tijelo-cordica-1-2-100x74.jpg 100w, https:\/\/www.prijedordanas.com\/wp-content\/uploads\/2019\/04\/pronadjeno-tijelo-cordica-1-2.jpg 675w\" sizes=\"(max-width: 300px) 100vw, 300px\" \/><\/a>Jak udarac<\/p>\n<p>On je dodao da se na osnovu toga pretpostavljao da je slu\u0161alice dr\u017eao u u\u0161ima i da nije \u010duo voz koji je nai\u0161a iz njega. Me\u0111utim, ne mo\u017ee se ni isklju\u010diti mogu\u0107nost da je rije\u010d o samoubistvu.<\/p>\n<p>\u2013 \u0106ordi\u0107 se nije kretao prugom, ve\u0107 uz prugu. Zato kada ga je voz udario odbacio ga je u stranu. Koliko je to bio jak udarac, govori podatak i da je imao veliki broj preloma \u2013 pojasnio je sagovornik Srpskainfo.<\/p>\n<p>Prema njegovim rije\u010dima, voz ga je vjerovatno udario u ve\u010dernjim satima, jer ma\u0161inovo\u0111a nije ni\u0161ta primjetio.<\/p>\n<p>Po pronalasku tijela obavljen je uvi\u0111aj, a de\u017eurni tu\u017eilac je odmah naredio i da se obavi obdukcija u Zavodu za sudsku medicinu Republike Srpske.<\/p>\n<p>\u2013 Pregledom tijela utv\u0111reno je da postoji mnogo unutra\u0161njih lomova koji su nastali od udara voza. Mladi\u0107u su polomljena rebra, ruke, grudni ko\u0161, obje noge, a pored toga ima i druge te\u0161ke povrede \u2013 istakao je na\u0161 izvor i dodao da su sve povrede standardne kod udara voza.<\/p>\n<p><a href=\"https:\/\/www.prijedordanas.com\/wp-content\/uploads\/2019\/04\/pronadjeno-tijelo-cordica-5.jpg\"><img loading=\"lazy\" decoding=\"async\" src=\"https:\/\/www.prijedordanas.com\/wp-content\/uploads\/2019\/04\/pronadjeno-tijelo-cordica-5-300x222.jpg\" alt=\"\" width=\"300\" height=\"222\" class=\"alignleft size-medium wp-image-124852\" srcset=\"https:\/\/www.prijedordanas.com\/wp-content\/uploads\/2019\/04\/pronadjeno-tijelo-cordica-5-300x222.jpg 300w, https:\/\/www.prijedordanas.com\/wp-content\/uploads\/2019\/04\/pronadjeno-tijelo-cordica-5-100x74.jpg 100w, https:\/\/www.prijedordanas.com\/wp-content\/uploads\/2019\/04\/pronadjeno-tijelo-cordica-5.jpg 675w\" sizes=\"(max-width: 300px) 100vw, 300px\" \/><\/a>Nestanak<\/p>\n<p>Podsjetimo, za \u0106ordi\u0107em se tragalo danima na podru\u010dju Prijedora. Njegov nestanak policiji je prijavljen u 29. marta, a zadnji put je vi\u0111en ve\u010de prije, oko 23 sata, kada je bio kod rodbine.<\/p>\n<p>Tada su u potragu za njim uklju\u010dila i policija, a prema prijava gra\u0111ana, on je zadnji put vi\u0111en u blizini \u017eeljezni\u010dke pruge.<\/p>\n<p>Potraga je u utorak zavr\u0161ena kada je u kanalu pored pruge na\u0111eno njegovo tijelo.<\/p>\n<p>Ono \u0161to je kod gra\u0111ana probudilo sumnje da je mo\u017eda rije\u010d o ubistvu jeste i informacija da na tijelu nije bilo tragova krvi, ve\u0107 samo vi\u0161e modrica.<\/p>\n<p>\u2013 Upravo zbog toga su neki posumnjali da je mo\u017eda ubijen i da je tijelo ba\u010deno tu. Osim toga, na tom mjestu gdje je prona\u0111eno tijelo ranije su ga tra\u017eili, a tada nisu ni\u0161ta primjetili \u2013 istakao je jedan od mje\u0161tana Prijedora.<\/p>\n<p>Klju\u010devi<\/p>\n<p>\u010clanovi njegove porodice su ispri\u010dali da su na\u0161li i nov\u010danik sa parama i dokumentima, ali da nisu prona\u0161li klju\u010deve od ku\u0107e.<\/p>\n<p>Izvor iz Policijske uprave Prijedor ispri\u010dao nam je da su nakon pronalaska tijela obavili brojne provjere, kako bi utvrdili postoji li bilo kakvi elementi krivi\u010dnog djela ili ne\u0161to \u0161to bi upu\u0107ivalo na ubistvo.<\/p>\n<p>\u2013 Pregledan je njegov telefon, dru\u0161tvene mre\u017ee, kontaktirana rodbina i prijatelji. Provjeravali smo da li je bio u sukobu s nekim. Na osnovu svih tih provjera, kao i nalaza obdukcije utvr\u0111eno je da ne postoji sumnja da je ubijen \u2013 pojasnio je na\u0161 izvor.<\/p>\n<p>Porodica u inostranstvu<\/p>\n<p>Prema pri\u010dama mje\u0161tana Prijedora, Damira \u0106ordi\u0107a su \u010desto vi\u0111ali da \u0161eta, ali je u ve\u0107ini slu\u010dajeva bio sam.<\/p>\n<p>\u2013 Znam da mu majka i jo\u0161 rodbine \u017eivi u Americi, a da je on zadnjih godina bio u Prijedoru. \u010cula sam da \u0107e u petak biti sahranjen u Prijedoru \u2013 istakla je jedna od mje\u0161tanki.<\/p>\n<p>EuroBlic-srpskainfo.com<\/p>\n<p>Vezane vijesti:<\/p>\n<p><a href=\"https:\/\/www.prijedordanas.com\/?p=124855\" rel=\"noopener\" target=\"_blank\">TRAGEDIJA U PRIJEDORU: PORED PRUGE PRONA\u0110ENO TIJELO DAMIRA \u0106ORDI\u0106A \u2013 FOTO<\/a><\/p>\n<p><a href=\"https:\/\/www.prijedordanas.com\/?p=124838\" target=\"_blank\" rel=\"noopener\">PRIJEDOR: PORED \u017dELJEZNI\u010cKE PRUGE PRONA\u0110ENO TIJELO \u2013 FOTO<\/a><\/p>\n","protected":false},"excerpt":{"rendered":"<p>Mladi\u0107 Damir \u0106ordi\u0107 (32) \u010dije je tijelo prona\u0111eno u utorak ujutru u blizini \u017eeljezni\u010dke pruge nastradao je od udara voza, potvrdili su rezultati obdukcije, saznaje Srpskainfo. Iako su Prijedorom kru\u017eila [&hellip;]<\/p>\n","protected":false},"author":1,"featured_media":0,"comment_status":"closed","ping_status":"open","sticky":false,"template":"","format":"standard","meta":{"_monsterinsights_skip_tracking":false,"_monsterinsights_sitenote_active":false,"_monsterinsights_sitenote_note":"","_monsterinsights_sitenote_category":0,"footnotes":""},"categories":[5],"tags":[10794,7855],"yoast_head":"<!-- This site is optimized with the Yoast SEO plugin v21.6 - https:\/\/yoast.com\/wordpress\/plugins\/seo\/ -->\n<title>OBDUKCIJA OTKLONILA SUMNJU: PRIJEDOR\u010cANINA DAMIRA \u0106ORDI\u0106A USMRTIO VOZ DOK JE SLU\u0160AO MUZIKU - PrijedorDanas.com - Prijedorski gradski portal<\/title>\n<meta name=\"robots\" content=\"index, follow, max-snippet:-1, max-image-preview:large, max-video-preview:-1\" \/>\n<link rel=\"canonical\" href=\"https:\/\/www.prijedordanas.com\/?p=125004\" \/>\n<meta property=\"og:locale\" content=\"en_US\" \/>\n<meta property=\"og:type\" content=\"article\" \/>\n<meta property=\"og:title\" content=\"OBDUKCIJA OTKLONILA SUMNJU: PRIJEDOR\u010cANINA DAMIRA \u0106ORDI\u0106A USMRTIO VOZ DOK JE SLU\u0160AO MUZIKU - PrijedorDanas.com - Prijedorski gradski portal\" \/>\n<meta property=\"og:description\" content=\"Mladi\u0107 Damir \u0106ordi\u0107 (32) \u010dije je tijelo prona\u0111eno u utorak ujutru u blizini \u017eeljezni\u010dke pruge nastradao je od udara voza, potvrdili su rezultati obdukcije, saznaje Srpskainfo. Iako su Prijedorom kru\u017eila [&hellip;]\" \/>\n<meta property=\"og:url\" content=\"https:\/\/www.prijedordanas.com\/?p=125004\" \/>\n<meta property=\"og:site_name\" content=\"PrijedorDanas.com - Prijedorski gradski portal\" \/>\n<meta property=\"article:publisher\" content=\"https:\/\/www.facebook.com\/PrijedorDanasCom\/\" \/>\n<meta property=\"article:published_time\" content=\"2019-04-04T17:19:37+00:00\" \/>\n<meta property=\"og:image\" content=\"https:\/\/www.prijedordanas.com\/wp-content\/uploads\/2019\/04\/obdukcija-cordic-300x222.jpg\" \/>\n<meta name=\"author\" content=\"admin\" \/>\n<meta name=\"twitter:card\" content=\"summary_large_image\" \/>\n<meta name=\"twitter:label1\" content=\"Written by\" \/>\n\t<meta name=\"twitter:data1\" content=\"admin\" \/>\n\t<meta name=\"twitter:label2\" content=\"Est. reading time\" \/>\n\t<meta name=\"twitter:data2\" content=\"3 minutes\" \/>\n<script type=\"application\/ld+json\" class=\"yoast-schema-graph\">{\"@context\":\"https:\/\/schema.org\",\"@graph\":[{\"@type\":\"Article\",\"@id\":\"https:\/\/www.prijedordanas.com\/?p=125004#article\",\"isPartOf\":{\"@id\":\"https:\/\/www.prijedordanas.com\/?p=125004\"},\"author\":{\"name\":\"admin\",\"@id\":\"https:\/\/www.prijedordanas.com\/#\/schema\/person\/4e08ccf29b506ca916ff86d46bb700e6\"},\"headline\":\"OBDUKCIJA OTKLONILA SUMNJU: PRIJEDOR\u010cANINA DAMIRA \u0106ORDI\u0106A USMRTIO VOZ DOK JE SLU\u0160AO MUZIKU\",\"datePublished\":\"2019-04-04T17:19:37+00:00\",\"dateModified\":\"2019-04-04T17:19:37+00:00\",\"mainEntityOfPage\":{\"@id\":\"https:\/\/www.prijedordanas.com\/?p=125004\"},\"wordCount\":663,\"publisher\":{\"@id\":\"https:\/\/www.prijedordanas.com\/#organization\"},\"keywords\":[\"Damir \u0106ordi\u0107\",\"obdukcija\"],\"articleSection\":[\"Hronika\"],\"inLanguage\":\"en-US\"},{\"@type\":\"WebPage\",\"@id\":\"https:\/\/www.prijedordanas.com\/?p=125004\",\"url\":\"https:\/\/www.prijedordanas.com\/?p=125004\",\"name\":\"OBDUKCIJA OTKLONILA SUMNJU: PRIJEDOR\u010cANINA DAMIRA \u0106ORDI\u0106A USMRTIO VOZ DOK JE SLU\u0160AO MUZIKU - PrijedorDanas.com - Prijedorski gradski portal\",\"isPartOf\":{\"@id\":\"https:\/\/www.prijedordanas.com\/#website\"},\"datePublished\":\"2019-04-04T17:19:37+00:00\",\"dateModified\":\"2019-04-04T17:19:37+00:00\",\"breadcrumb\":{\"@id\":\"https:\/\/www.prijedordanas.com\/?p=125004#breadcrumb\"},\"inLanguage\":\"en-US\",\"potentialAction\":[{\"@type\":\"ReadAction\",\"target\":[\"https:\/\/www.prijedordanas.com\/?p=125004\"]}]},{\"@type\":\"BreadcrumbList\",\"@id\":\"https:\/\/www.prijedordanas.com\/?p=125004#breadcrumb\",\"itemListElement\":[{\"@type\":\"ListItem\",\"position\":1,\"name\":\"Home\",\"item\":\"https:\/\/www.prijedordanas.com\/\"},{\"@type\":\"ListItem\",\"position\":2,\"name\":\"OBDUKCIJA OTKLONILA SUMNJU: PRIJEDOR\u010cANINA DAMIRA \u0106ORDI\u0106A USMRTIO VOZ DOK JE SLU\u0160AO MUZIKU\"}]},{\"@type\":\"WebSite\",\"@id\":\"https:\/\/www.prijedordanas.com\/#website\",\"url\":\"https:\/\/www.prijedordanas.com\/\",\"name\":\"PrijedorDanas.com - Prijedorski gradski portal\",\"description\":\"Portal o doga\u0111anjima u gradu Prijedoru\",\"publisher\":{\"@id\":\"https:\/\/www.prijedordanas.com\/#organization\"},\"potentialAction\":[{\"@type\":\"SearchAction\",\"target\":{\"@type\":\"EntryPoint\",\"urlTemplate\":\"https:\/\/www.prijedordanas.com\/?s={search_term_string}\"},\"query-input\":\"required name=search_term_string\"}],\"inLanguage\":\"en-US\"},{\"@type\":\"Organization\",\"@id\":\"https:\/\/www.prijedordanas.com\/#organization\",\"name\":\"PrijedorDanas.com\",\"url\":\"https:\/\/www.prijedordanas.com\/\",\"logo\":{\"@type\":\"ImageObject\",\"inLanguage\":\"en-US\",\"@id\":\"https:\/\/www.prijedordanas.com\/#\/schema\/logo\/image\/\",\"url\":\"http:\/\/www.prijedordanas.com\/wp-content\/uploads\/2021\/12\/logopng.png\",\"contentUrl\":\"http:\/\/www.prijedordanas.com\/wp-content\/uploads\/2021\/12\/logopng.png\",\"width\":1019,\"height\":776,\"caption\":\"PrijedorDanas.com\"},\"image\":{\"@id\":\"https:\/\/www.prijedordanas.com\/#\/schema\/logo\/image\/\"},\"sameAs\":[\"https:\/\/www.facebook.com\/PrijedorDanasCom\/\"]},{\"@type\":\"Person\",\"@id\":\"https:\/\/www.prijedordanas.com\/#\/schema\/person\/4e08ccf29b506ca916ff86d46bb700e6\",\"name\":\"admin\",\"image\":{\"@type\":\"ImageObject\",\"inLanguage\":\"en-US\",\"@id\":\"https:\/\/www.prijedordanas.com\/#\/schema\/person\/image\/\",\"url\":\"https:\/\/secure.gravatar.com\/avatar\/1d3fc949d550f0b53a5f0d51e06dfd79?s=96&d=mm&r=g\",\"contentUrl\":\"https:\/\/secure.gravatar.com\/avatar\/1d3fc949d550f0b53a5f0d51e06dfd79?s=96&d=mm&r=g\",\"caption\":\"admin\"},\"url\":\"https:\/\/www.prijedordanas.com\/?author=1\"}]}<\/script>\n<!-- \/ Yoast SEO plugin. -->","yoast_head_json":{"title":"OBDUKCIJA OTKLONILA SUMNJU: PRIJEDOR\u010cANINA DAMIRA \u0106ORDI\u0106A USMRTIO VOZ DOK JE SLU\u0160AO MUZIKU - PrijedorDanas.com - Prijedorski gradski portal","robots":{"index":"index","follow":"follow","max-snippet":"max-snippet:-1","max-image-preview":"max-image-preview:large","max-video-preview":"max-video-preview:-1"},"canonical":"https:\/\/www.prijedordanas.com\/?p=125004","og_locale":"en_US","og_type":"article","og_title":"OBDUKCIJA OTKLONILA SUMNJU: PRIJEDOR\u010cANINA DAMIRA \u0106ORDI\u0106A USMRTIO VOZ DOK JE SLU\u0160AO MUZIKU - PrijedorDanas.com - Prijedorski gradski portal","og_description":"Mladi\u0107 Damir \u0106ordi\u0107 (32) \u010dije je tijelo prona\u0111eno u utorak ujutru u blizini \u017eeljezni\u010dke pruge nastradao je od udara voza, potvrdili su rezultati obdukcije, saznaje Srpskainfo. Iako su Prijedorom kru\u017eila [&hellip;]","og_url":"https:\/\/www.prijedordanas.com\/?p=125004","og_site_name":"PrijedorDanas.com - Prijedorski gradski portal","article_publisher":"https:\/\/www.facebook.com\/PrijedorDanasCom\/","article_published_time":"2019-04-04T17:19:37+00:00","og_image":[{"url":"https:\/\/www.prijedordanas.com\/wp-content\/uploads\/2019\/04\/obdukcija-cordic-300x222.jpg"}],"author":"admin","twitter_card":"summary_large_image","twitter_misc":{"Written by":"admin","Est. reading time":"3 minutes"},"schema":{"@context":"https:\/\/schema.org","@graph":[{"@type":"Article","@id":"https:\/\/www.prijedordanas.com\/?p=125004#article","isPartOf":{"@id":"https:\/\/www.prijedordanas.com\/?p=125004"},"author":{"name":"admin","@id":"https:\/\/www.prijedordanas.com\/#\/schema\/person\/4e08ccf29b506ca916ff86d46bb700e6"},"headline":"OBDUKCIJA OTKLONILA SUMNJU: PRIJEDOR\u010cANINA DAMIRA \u0106ORDI\u0106A USMRTIO VOZ DOK JE SLU\u0160AO MUZIKU","datePublished":"2019-04-04T17:19:37+00:00","dateModified":"2019-04-04T17:19:37+00:00","mainEntityOfPage":{"@id":"https:\/\/www.prijedordanas.com\/?p=125004"},"wordCount":663,"publisher":{"@id":"https:\/\/www.prijedordanas.com\/#organization"},"keywords":["Damir \u0106ordi\u0107","obdukcija"],"articleSection":["Hronika"],"inLanguage":"en-US"},{"@type":"WebPage","@id":"https:\/\/www.prijedordanas.com\/?p=125004","url":"https:\/\/www.prijedordanas.com\/?p=125004","name":"OBDUKCIJA OTKLONILA SUMNJU: PRIJEDOR\u010cANINA DAMIRA \u0106ORDI\u0106A USMRTIO VOZ DOK JE SLU\u0160AO MUZIKU - PrijedorDanas.com - Prijedorski gradski portal","isPartOf":{"@id":"https:\/\/www.prijedordanas.com\/#website"},"datePublished":"2019-04-04T17:19:37+00:00","dateModified":"2019-04-04T17:19:37+00:00","breadcrumb":{"@id":"https:\/\/www.prijedordanas.com\/?p=125004#breadcrumb"},"inLanguage":"en-US","potentialAction":[{"@type":"ReadAction","target":["https:\/\/www.prijedordanas.com\/?p=125004"]}]},{"@type":"BreadcrumbList","@id":"https:\/\/www.prijedordanas.com\/?p=125004#breadcrumb","itemListElement":[{"@type":"ListItem","position":1,"name":"Home","item":"https:\/\/www.prijedordanas.com\/"},{"@type":"ListItem","position":2,"name":"OBDUKCIJA OTKLONILA SUMNJU: PRIJEDOR\u010cANINA DAMIRA \u0106ORDI\u0106A USMRTIO VOZ DOK JE SLU\u0160AO MUZIKU"}]},{"@type":"WebSite","@id":"https:\/\/www.prijedordanas.com\/#website","url":"https:\/\/www.prijedordanas.com\/","name":"PrijedorDanas.com - Prijedorski gradski portal","description":"Portal o doga\u0111anjima u gradu Prijedoru","publisher":{"@id":"https:\/\/www.prijedordanas.com\/#organization"},"potentialAction":[{"@type":"SearchAction","target":{"@type":"EntryPoint","urlTemplate":"https:\/\/www.prijedordanas.com\/?s={search_term_string}"},"query-input":"required name=search_term_string"}],"inLanguage":"en-US"},{"@type":"Organization","@id":"https:\/\/www.prijedordanas.com\/#organization","name":"PrijedorDanas.com","url":"https:\/\/www.prijedordanas.com\/","logo":{"@type":"ImageObject","inLanguage":"en-US","@id":"https:\/\/www.prijedordanas.com\/#\/schema\/logo\/image\/","url":"http:\/\/www.prijedordanas.com\/wp-content\/uploads\/2021\/12\/logopng.png","contentUrl":"http:\/\/www.prijedordanas.com\/wp-content\/uploads\/2021\/12\/logopng.png","width":1019,"height":776,"caption":"PrijedorDanas.com"},"image":{"@id":"https:\/\/www.prijedordanas.com\/#\/schema\/logo\/image\/"},"sameAs":["https:\/\/www.facebook.com\/PrijedorDanasCom\/"]},{"@type":"Person","@id":"https:\/\/www.prijedordanas.com\/#\/schema\/person\/4e08ccf29b506ca916ff86d46bb700e6","name":"admin","image":{"@type":"ImageObject","inLanguage":"en-US","@id":"https:\/\/www.prijedordanas.com\/#\/schema\/person\/image\/","url":"https:\/\/secure.gravatar.com\/avatar\/1d3fc949d550f0b53a5f0d51e06dfd79?s=96&d=mm&r=g","contentUrl":"https:\/\/secure.gravatar.com\/avatar\/1d3fc949d550f0b53a5f0d51e06dfd79?s=96&d=mm&r=g","caption":"admin"},"url":"https:\/\/www.prijedordanas.com\/?author=1"}]}},"_links":{"self":[{"href":"https:\/\/www.prijedordanas.com\/index.php?rest_route=\/wp\/v2\/posts\/125004"}],"collection":[{"href":"https:\/\/www.prijedordanas.com\/index.php?rest_route=\/wp\/v2\/posts"}],"about":[{"href":"https:\/\/www.prijedordanas.com\/index.php?rest_route=\/wp\/v2\/types\/post"}],"author":[{"embeddable":true,"href":"https:\/\/www.prijedordanas.com\/index.php?rest_route=\/wp\/v2\/users\/1"}],"replies":[{"embeddable":true,"href":"https:\/\/www.prijedordanas.com\/index.php?rest_route=%2Fwp%2Fv2%2Fcomments&post=125004"}],"version-history":[{"count":1,"href":"https:\/\/www.prijedordanas.com\/index.php?rest_route=\/wp\/v2\/posts\/125004\/revisions"}],"predecessor-version":[{"id":125006,"href":"https:\/\/www.prijedordanas.com\/index.php?rest_route=\/wp\/v2\/posts\/125004\/revisions\/125006"}],"wp:attachment":[{"href":"https:\/\/www.prijedordanas.com\/index.php?rest_route=%2Fwp%2Fv2%2Fmedia&parent=125004"}],"wp:term":[{"taxonomy":"category","embeddable":true,"href":"https:\/\/www.prijedordanas.com\/index.php?rest_route=%2Fwp%2Fv2%2Fcategories&post=125004"},{"taxonomy":"post_tag","embeddable":true,"href":"https:\/\/www.prijedordanas.com\/index.php?rest_route=%2Fwp%2Fv2%2Ftags&post=125004"}],"curies":[{"name":"wp","href":"https:\/\/api.w.org\/{rel}","templated":true}]}}