{"id":124866,"date":"2019-04-02T21:26:10","date_gmt":"2019-04-02T19:26:10","guid":{"rendered":"https:\/\/www.prijedordanas.com\/?p=124866"},"modified":"2019-04-02T21:26:10","modified_gmt":"2019-04-02T19:26:10","slug":"posljednji-put-izasli-u-susret-zbog-gradonacelnikovog-putovanja-nema-sjednice-naredne-sedmice","status":"publish","type":"post","link":"https:\/\/www.prijedordanas.com\/?p=124866","title":{"rendered":"POSLJEDNJI PUT IZA\u0160LI U SUSRET: ZBOG GRADONA\u010cELNIKOVOG PUTOVANJA NEMA SJEDNICE NAREDNE SEDMICE"},"content":{"rendered":"<p><a href=\"https:\/\/www.prijedordanas.com\/wp-content\/uploads\/2019\/02\/skupstina-grada-13februar-1.jpg\"><img loading=\"lazy\" decoding=\"async\" src=\"https:\/\/www.prijedordanas.com\/wp-content\/uploads\/2019\/02\/skupstina-grada-13februar-1-300x222.jpg\" alt=\"\" width=\"300\" height=\"222\" class=\"alignleft size-medium wp-image-121691\" srcset=\"https:\/\/www.prijedordanas.com\/wp-content\/uploads\/2019\/02\/skupstina-grada-13februar-1-300x222.jpg 300w, https:\/\/www.prijedordanas.com\/wp-content\/uploads\/2019\/02\/skupstina-grada-13februar-1-100x74.jpg 100w, https:\/\/www.prijedordanas.com\/wp-content\/uploads\/2019\/02\/skupstina-grada-13februar-1.jpg 675w\" sizes=\"(max-width: 300px) 100vw, 300px\" \/><\/a>\u0160efovi odborni\u010dkih Klubova u Skup\u0161tini grada Prijedora, usaglasili su se da naredna sjednica bude 17. aprila, iako je ve\u0107i broj njih tra\u017eio da to bude u narednu srijedu.<\/p>\n<p>Kako saznajemo razlog je \u0161to je gradona\u010delnik grada Prijedora zamolio odbornike da to ne bude naredne sedmice jer odlazi sa predstavnicima Vlade RS u inostranstvo na razgovore sa potencijalnim investitorima u gradu Prijedoru.<\/p>\n<p>Odbornici tvrde da su predlo\u017eili gradona\u010delniku da imenuje svog predstanika na Skup\u0161tini, jer na to ima pravo po Poslovniku, me\u0111utim on je rekao da \u0107e u tom slu\u010daju pisati Vladi RS da ne mo\u017ee i\u0107i u inostranstvo jer ima sjednicu Skup\u0161tine grada.<\/p>\n<p>\u0160ef Kluba odbornika PDP, Dalibor Grabe\u017e, tvrdi da su odbornici iza\u0161li zadnji put u susret gradona\u010delniku.<\/p>\n<p>-Ja sam predlo\u017eio da se sjednice odr\u017ee 10. i 24. aprila i da se ta\u010dke u kojima je izvjestilac gradona\u010delnik pomjere za 24. april kada on bude tu. On je na to rekao da \u0107e u tom slu\u010daju pisati Vladi RS da ne mo\u017ee u inostranstvo na razgovor sa investitorima. Zato smo prihvatili njegov prijedlog da se sjednica odr\u017ei 17. aprila, jer ne \u017eelimo da bude da smo mi odgovorni ukoliko on ne ode na sastanak radi privla\u010denja investitora i da grad trpi zbog nas odbornika \u2013 ka\u017ee Grabe\u017e.<\/p>\n<p>\u0160ef Kluba odbornika, SNSD, Dalibor Pavlovi\u0107, ka\u017ee da je iz istog razloga i ova stranka prihvatila prijedlog gradona\u010delnika.<\/p>\n<p>-Obzirom da smo mi odbornici odgovorni prema gradu i gra\u0111anima te \u017eelimo da grad funkcioni\u0161e i privla\u010di investitore radi pove\u0107anja broja radnih mjesta u gradu, prihvatili smo prijedlog gradona\u010delnika \u2013 izjavio je \u0161ef odborni\u010dkog Kluba SNSD, Dalibor Pavlovi\u0107.<\/p>\n<p>\u0160ef samostalnog Kluba odbornika Du\u0161ko MIleti\u0107, ka\u017ee da \u0107e se narednog mjeseca odr\u017eati dvije sjednice.<\/p>\n<p>-Nismo usvojili ni odluke o poveljama i priznanjima povodom 16. maja, Dana grada Prijedora, pa se nadamo da ne\u0107e biti vi\u0161e odga\u0111anja, jer \u010ditav pro\u0161li mjesec nije bilo sjednice iako po Poslovniku ona mora biti odr\u017eana najmanje jednom mjese\u010dno \u2013 ka\u017ee Mileti\u0107.<\/p>\n<p>Dodaje da je odga\u0111anje sjednice mo\u017eda na\u010din kojim gradona\u010delnik \u0110akovi\u0107 dobija na vremenu jer je nakon poslednje sjednice izgubio skup\u0161tinsku ve\u0107inu.<\/p>\n<p>\u2013 Vjerovatno je znao da se taj put u inostranstvo poklapa sa 10. aprilom, i ko zna da li \u0107e tra\u017eiti odga\u0111anje sjednice i 17. aprila \u2013 zaklju\u010duje Mileti\u0107.<\/p>\n<p>EuroBlic-srpskainfo.com<\/p>\n","protected":false},"excerpt":{"rendered":"<p>\u0160efovi odborni\u010dkih Klubova u Skup\u0161tini grada Prijedora, usaglasili su se da naredna sjednica bude 17. aprila, iako je ve\u0107i broj njih tra\u017eio da to bude u narednu srijedu. Kako saznajemo [&hellip;]<\/p>\n","protected":false},"author":1,"featured_media":0,"comment_status":"closed","ping_status":"open","sticky":false,"template":"","format":"standard","meta":{"_monsterinsights_skip_tracking":false,"_monsterinsights_sitenote_active":false,"_monsterinsights_sitenote_note":"","_monsterinsights_sitenote_category":0,"footnotes":""},"categories":[4],"tags":[341],"yoast_head":"<!-- This site is optimized with the Yoast SEO plugin v21.6 - https:\/\/yoast.com\/wordpress\/plugins\/seo\/ -->\n<title>POSLJEDNJI PUT IZA\u0160LI U SUSRET: ZBOG GRADONA\u010cELNIKOVOG PUTOVANJA NEMA SJEDNICE NAREDNE SEDMICE - PrijedorDanas.com - Prijedorski gradski portal<\/title>\n<meta name=\"robots\" content=\"index, follow, max-snippet:-1, max-image-preview:large, max-video-preview:-1\" \/>\n<link rel=\"canonical\" href=\"https:\/\/www.prijedordanas.com\/?p=124866\" \/>\n<meta property=\"og:locale\" content=\"en_US\" \/>\n<meta property=\"og:type\" content=\"article\" \/>\n<meta property=\"og:title\" content=\"POSLJEDNJI PUT IZA\u0160LI U SUSRET: ZBOG GRADONA\u010cELNIKOVOG PUTOVANJA NEMA SJEDNICE NAREDNE SEDMICE - PrijedorDanas.com - Prijedorski gradski portal\" \/>\n<meta property=\"og:description\" content=\"\u0160efovi odborni\u010dkih Klubova u Skup\u0161tini grada Prijedora, usaglasili su se da naredna sjednica bude 17. aprila, iako je ve\u0107i broj njih tra\u017eio da to bude u narednu srijedu. Kako saznajemo [&hellip;]\" \/>\n<meta property=\"og:url\" content=\"https:\/\/www.prijedordanas.com\/?p=124866\" \/>\n<meta property=\"og:site_name\" content=\"PrijedorDanas.com - Prijedorski gradski portal\" \/>\n<meta property=\"article:publisher\" content=\"https:\/\/www.facebook.com\/PrijedorDanasCom\/\" \/>\n<meta property=\"article:published_time\" content=\"2019-04-02T19:26:10+00:00\" \/>\n<meta property=\"og:image\" content=\"https:\/\/www.prijedordanas.com\/wp-content\/uploads\/2019\/02\/skupstina-grada-13februar-1-300x222.jpg\" \/>\n<meta name=\"author\" content=\"admin\" \/>\n<meta name=\"twitter:card\" content=\"summary_large_image\" \/>\n<meta name=\"twitter:label1\" content=\"Written by\" \/>\n\t<meta name=\"twitter:data1\" content=\"admin\" \/>\n\t<meta name=\"twitter:label2\" content=\"Est. reading time\" \/>\n\t<meta name=\"twitter:data2\" content=\"2 minutes\" \/>\n<script type=\"application\/ld+json\" class=\"yoast-schema-graph\">{\"@context\":\"https:\/\/schema.org\",\"@graph\":[{\"@type\":\"Article\",\"@id\":\"https:\/\/www.prijedordanas.com\/?p=124866#article\",\"isPartOf\":{\"@id\":\"https:\/\/www.prijedordanas.com\/?p=124866\"},\"author\":{\"name\":\"admin\",\"@id\":\"https:\/\/www.prijedordanas.com\/#\/schema\/person\/4e08ccf29b506ca916ff86d46bb700e6\"},\"headline\":\"POSLJEDNJI PUT IZA\u0160LI U SUSRET: ZBOG GRADONA\u010cELNIKOVOG PUTOVANJA NEMA SJEDNICE NAREDNE SEDMICE\",\"datePublished\":\"2019-04-02T19:26:10+00:00\",\"dateModified\":\"2019-04-02T19:26:10+00:00\",\"mainEntityOfPage\":{\"@id\":\"https:\/\/www.prijedordanas.com\/?p=124866\"},\"wordCount\":425,\"publisher\":{\"@id\":\"https:\/\/www.prijedordanas.com\/#organization\"},\"keywords\":[\"sjednica\"],\"articleSection\":[\"Dru\u0161tvo\"],\"inLanguage\":\"en-US\"},{\"@type\":\"WebPage\",\"@id\":\"https:\/\/www.prijedordanas.com\/?p=124866\",\"url\":\"https:\/\/www.prijedordanas.com\/?p=124866\",\"name\":\"POSLJEDNJI PUT IZA\u0160LI U SUSRET: ZBOG GRADONA\u010cELNIKOVOG PUTOVANJA NEMA SJEDNICE NAREDNE SEDMICE - PrijedorDanas.com - Prijedorski gradski portal\",\"isPartOf\":{\"@id\":\"https:\/\/www.prijedordanas.com\/#website\"},\"datePublished\":\"2019-04-02T19:26:10+00:00\",\"dateModified\":\"2019-04-02T19:26:10+00:00\",\"breadcrumb\":{\"@id\":\"https:\/\/www.prijedordanas.com\/?p=124866#breadcrumb\"},\"inLanguage\":\"en-US\",\"potentialAction\":[{\"@type\":\"ReadAction\",\"target\":[\"https:\/\/www.prijedordanas.com\/?p=124866\"]}]},{\"@type\":\"BreadcrumbList\",\"@id\":\"https:\/\/www.prijedordanas.com\/?p=124866#breadcrumb\",\"itemListElement\":[{\"@type\":\"ListItem\",\"position\":1,\"name\":\"Home\",\"item\":\"https:\/\/www.prijedordanas.com\/\"},{\"@type\":\"ListItem\",\"position\":2,\"name\":\"POSLJEDNJI PUT IZA\u0160LI U SUSRET: ZBOG GRADONA\u010cELNIKOVOG PUTOVANJA NEMA SJEDNICE NAREDNE SEDMICE\"}]},{\"@type\":\"WebSite\",\"@id\":\"https:\/\/www.prijedordanas.com\/#website\",\"url\":\"https:\/\/www.prijedordanas.com\/\",\"name\":\"PrijedorDanas.com - Prijedorski gradski portal\",\"description\":\"Portal o doga\u0111anjima u gradu Prijedoru\",\"publisher\":{\"@id\":\"https:\/\/www.prijedordanas.com\/#organization\"},\"potentialAction\":[{\"@type\":\"SearchAction\",\"target\":{\"@type\":\"EntryPoint\",\"urlTemplate\":\"https:\/\/www.prijedordanas.com\/?s={search_term_string}\"},\"query-input\":\"required name=search_term_string\"}],\"inLanguage\":\"en-US\"},{\"@type\":\"Organization\",\"@id\":\"https:\/\/www.prijedordanas.com\/#organization\",\"name\":\"PrijedorDanas.com\",\"url\":\"https:\/\/www.prijedordanas.com\/\",\"logo\":{\"@type\":\"ImageObject\",\"inLanguage\":\"en-US\",\"@id\":\"https:\/\/www.prijedordanas.com\/#\/schema\/logo\/image\/\",\"url\":\"http:\/\/www.prijedordanas.com\/wp-content\/uploads\/2021\/12\/logopng.png\",\"contentUrl\":\"http:\/\/www.prijedordanas.com\/wp-content\/uploads\/2021\/12\/logopng.png\",\"width\":1019,\"height\":776,\"caption\":\"PrijedorDanas.com\"},\"image\":{\"@id\":\"https:\/\/www.prijedordanas.com\/#\/schema\/logo\/image\/\"},\"sameAs\":[\"https:\/\/www.facebook.com\/PrijedorDanasCom\/\"]},{\"@type\":\"Person\",\"@id\":\"https:\/\/www.prijedordanas.com\/#\/schema\/person\/4e08ccf29b506ca916ff86d46bb700e6\",\"name\":\"admin\",\"image\":{\"@type\":\"ImageObject\",\"inLanguage\":\"en-US\",\"@id\":\"https:\/\/www.prijedordanas.com\/#\/schema\/person\/image\/\",\"url\":\"https:\/\/secure.gravatar.com\/avatar\/1d3fc949d550f0b53a5f0d51e06dfd79?s=96&d=mm&r=g\",\"contentUrl\":\"https:\/\/secure.gravatar.com\/avatar\/1d3fc949d550f0b53a5f0d51e06dfd79?s=96&d=mm&r=g\",\"caption\":\"admin\"},\"url\":\"https:\/\/www.prijedordanas.com\/?author=1\"}]}<\/script>\n<!-- \/ Yoast SEO plugin. -->","yoast_head_json":{"title":"POSLJEDNJI PUT IZA\u0160LI U SUSRET: ZBOG GRADONA\u010cELNIKOVOG PUTOVANJA NEMA SJEDNICE NAREDNE SEDMICE - PrijedorDanas.com - Prijedorski gradski portal","robots":{"index":"index","follow":"follow","max-snippet":"max-snippet:-1","max-image-preview":"max-image-preview:large","max-video-preview":"max-video-preview:-1"},"canonical":"https:\/\/www.prijedordanas.com\/?p=124866","og_locale":"en_US","og_type":"article","og_title":"POSLJEDNJI PUT IZA\u0160LI U SUSRET: ZBOG GRADONA\u010cELNIKOVOG PUTOVANJA NEMA SJEDNICE NAREDNE SEDMICE - PrijedorDanas.com - Prijedorski gradski portal","og_description":"\u0160efovi odborni\u010dkih Klubova u Skup\u0161tini grada Prijedora, usaglasili su se da naredna sjednica bude 17. aprila, iako je ve\u0107i broj njih tra\u017eio da to bude u narednu srijedu. Kako saznajemo [&hellip;]","og_url":"https:\/\/www.prijedordanas.com\/?p=124866","og_site_name":"PrijedorDanas.com - Prijedorski gradski portal","article_publisher":"https:\/\/www.facebook.com\/PrijedorDanasCom\/","article_published_time":"2019-04-02T19:26:10+00:00","og_image":[{"url":"https:\/\/www.prijedordanas.com\/wp-content\/uploads\/2019\/02\/skupstina-grada-13februar-1-300x222.jpg"}],"author":"admin","twitter_card":"summary_large_image","twitter_misc":{"Written by":"admin","Est. reading time":"2 minutes"},"schema":{"@context":"https:\/\/schema.org","@graph":[{"@type":"Article","@id":"https:\/\/www.prijedordanas.com\/?p=124866#article","isPartOf":{"@id":"https:\/\/www.prijedordanas.com\/?p=124866"},"author":{"name":"admin","@id":"https:\/\/www.prijedordanas.com\/#\/schema\/person\/4e08ccf29b506ca916ff86d46bb700e6"},"headline":"POSLJEDNJI PUT IZA\u0160LI U SUSRET: ZBOG GRADONA\u010cELNIKOVOG PUTOVANJA NEMA SJEDNICE NAREDNE SEDMICE","datePublished":"2019-04-02T19:26:10+00:00","dateModified":"2019-04-02T19:26:10+00:00","mainEntityOfPage":{"@id":"https:\/\/www.prijedordanas.com\/?p=124866"},"wordCount":425,"publisher":{"@id":"https:\/\/www.prijedordanas.com\/#organization"},"keywords":["sjednica"],"articleSection":["Dru\u0161tvo"],"inLanguage":"en-US"},{"@type":"WebPage","@id":"https:\/\/www.prijedordanas.com\/?p=124866","url":"https:\/\/www.prijedordanas.com\/?p=124866","name":"POSLJEDNJI PUT IZA\u0160LI U SUSRET: ZBOG GRADONA\u010cELNIKOVOG PUTOVANJA NEMA SJEDNICE NAREDNE SEDMICE - PrijedorDanas.com - Prijedorski gradski portal","isPartOf":{"@id":"https:\/\/www.prijedordanas.com\/#website"},"datePublished":"2019-04-02T19:26:10+00:00","dateModified":"2019-04-02T19:26:10+00:00","breadcrumb":{"@id":"https:\/\/www.prijedordanas.com\/?p=124866#breadcrumb"},"inLanguage":"en-US","potentialAction":[{"@type":"ReadAction","target":["https:\/\/www.prijedordanas.com\/?p=124866"]}]},{"@type":"BreadcrumbList","@id":"https:\/\/www.prijedordanas.com\/?p=124866#breadcrumb","itemListElement":[{"@type":"ListItem","position":1,"name":"Home","item":"https:\/\/www.prijedordanas.com\/"},{"@type":"ListItem","position":2,"name":"POSLJEDNJI PUT IZA\u0160LI U SUSRET: ZBOG GRADONA\u010cELNIKOVOG PUTOVANJA NEMA SJEDNICE NAREDNE SEDMICE"}]},{"@type":"WebSite","@id":"https:\/\/www.prijedordanas.com\/#website","url":"https:\/\/www.prijedordanas.com\/","name":"PrijedorDanas.com - Prijedorski gradski portal","description":"Portal o doga\u0111anjima u gradu Prijedoru","publisher":{"@id":"https:\/\/www.prijedordanas.com\/#organization"},"potentialAction":[{"@type":"SearchAction","target":{"@type":"EntryPoint","urlTemplate":"https:\/\/www.prijedordanas.com\/?s={search_term_string}"},"query-input":"required name=search_term_string"}],"inLanguage":"en-US"},{"@type":"Organization","@id":"https:\/\/www.prijedordanas.com\/#organization","name":"PrijedorDanas.com","url":"https:\/\/www.prijedordanas.com\/","logo":{"@type":"ImageObject","inLanguage":"en-US","@id":"https:\/\/www.prijedordanas.com\/#\/schema\/logo\/image\/","url":"http:\/\/www.prijedordanas.com\/wp-content\/uploads\/2021\/12\/logopng.png","contentUrl":"http:\/\/www.prijedordanas.com\/wp-content\/uploads\/2021\/12\/logopng.png","width":1019,"height":776,"caption":"PrijedorDanas.com"},"image":{"@id":"https:\/\/www.prijedordanas.com\/#\/schema\/logo\/image\/"},"sameAs":["https:\/\/www.facebook.com\/PrijedorDanasCom\/"]},{"@type":"Person","@id":"https:\/\/www.prijedordanas.com\/#\/schema\/person\/4e08ccf29b506ca916ff86d46bb700e6","name":"admin","image":{"@type":"ImageObject","inLanguage":"en-US","@id":"https:\/\/www.prijedordanas.com\/#\/schema\/person\/image\/","url":"https:\/\/secure.gravatar.com\/avatar\/1d3fc949d550f0b53a5f0d51e06dfd79?s=96&d=mm&r=g","contentUrl":"https:\/\/secure.gravatar.com\/avatar\/1d3fc949d550f0b53a5f0d51e06dfd79?s=96&d=mm&r=g","caption":"admin"},"url":"https:\/\/www.prijedordanas.com\/?author=1"}]}},"_links":{"self":[{"href":"https:\/\/www.prijedordanas.com\/index.php?rest_route=\/wp\/v2\/posts\/124866"}],"collection":[{"href":"https:\/\/www.prijedordanas.com\/index.php?rest_route=\/wp\/v2\/posts"}],"about":[{"href":"https:\/\/www.prijedordanas.com\/index.php?rest_route=\/wp\/v2\/types\/post"}],"author":[{"embeddable":true,"href":"https:\/\/www.prijedordanas.com\/index.php?rest_route=\/wp\/v2\/users\/1"}],"replies":[{"embeddable":true,"href":"https:\/\/www.prijedordanas.com\/index.php?rest_route=%2Fwp%2Fv2%2Fcomments&post=124866"}],"version-history":[{"count":1,"href":"https:\/\/www.prijedordanas.com\/index.php?rest_route=\/wp\/v2\/posts\/124866\/revisions"}],"predecessor-version":[{"id":124867,"href":"https:\/\/www.prijedordanas.com\/index.php?rest_route=\/wp\/v2\/posts\/124866\/revisions\/124867"}],"wp:attachment":[{"href":"https:\/\/www.prijedordanas.com\/index.php?rest_route=%2Fwp%2Fv2%2Fmedia&parent=124866"}],"wp:term":[{"taxonomy":"category","embeddable":true,"href":"https:\/\/www.prijedordanas.com\/index.php?rest_route=%2Fwp%2Fv2%2Fcategories&post=124866"},{"taxonomy":"post_tag","embeddable":true,"href":"https:\/\/www.prijedordanas.com\/index.php?rest_route=%2Fwp%2Fv2%2Ftags&post=124866"}],"curies":[{"name":"wp","href":"https:\/\/api.w.org\/{rel}","templated":true}]}}