{"id":124807,"date":"2019-04-01T16:42:59","date_gmt":"2019-04-01T14:42:59","guid":{"rendered":"https:\/\/www.prijedordanas.com\/?p=124807"},"modified":"2019-04-01T16:42:59","modified_gmt":"2019-04-01T14:42:59","slug":"pocetkom-avgusta-drugi-sa-fest-vodeca-regionalna-imena-stizu-u-prijedor","status":"publish","type":"post","link":"https:\/\/www.prijedordanas.com\/?p=124807","title":{"rendered":"PO\u010cETKOM AVGUSTA DRUGI \u201c\u0160A FEST\u201d: VODE\u0106A REGIONALNA IMENA STI\u017dU U PRIJEDOR"},"content":{"rendered":"<p><a href=\"https:\/\/www.prijedordanas.com\/wp-content\/uploads\/2019\/04\/sa-fest-2019.jpg\"><img loading=\"lazy\" decoding=\"async\" src=\"https:\/\/www.prijedordanas.com\/wp-content\/uploads\/2019\/04\/sa-fest-2019-300x217.jpg\" alt=\"\" width=\"300\" height=\"217\" class=\"alignleft size-medium wp-image-124808\" srcset=\"https:\/\/www.prijedordanas.com\/wp-content\/uploads\/2019\/04\/sa-fest-2019-300x217.jpg 300w, https:\/\/www.prijedordanas.com\/wp-content\/uploads\/2019\/04\/sa-fest-2019-100x72.jpg 100w, https:\/\/www.prijedordanas.com\/wp-content\/uploads\/2019\/04\/sa-fest-2019.jpg 690w\" sizes=\"(max-width: 300px) 100vw, 300px\" \/><\/a>Partibrejkers, Let 3, TBF, Zoster, Vojko V, IRIE FM, Mort, Stuttgart Online, Mikri Maus Bvana i Sayana napravi\u0107e odli\u010dnu \u017eurku 9. i 10 avgusta 2019. u Prijedoru na drugom \u0160A Festu.<\/p>\n<p>\u201eNa\u0161 festival je poseban jer takav jednostavno mora da bude zbog imena koje nosi i zbog cilja kome stremi. Ove godine \u0160A Fest \u017eurka za na\u0161eg Mik\u0161u bi\u0107e organizovana 9. i 10. avgusta u Ljetnoj ba\u0161ti u Prijedoru. Pro\u0161la godina bila je dokaz da Prijedor zna da cijeni i po\u0161tuje svoje sugra\u0111ane, da njeguje uspomenu i da u\u017eiva u istinski kvalitetnoj muzici. Ba\u0161 zbog toga odlu\u010dili smo da idemo dalje, da se jo\u0161 vi\u0161e \u0161irimo i otvorimo vrata jednoj lijepoj regionalnoj kulturnoj pri\u010di, uz na\u0161 motiv i ovogodi\u0161nji slogan festivala \u0160A Goes On!\u201c, navode iz \u0160A Fest organizacionog tima.<\/p>\n<p>Kako poru\u010duju iz \u0160A Festa, ovogodi\u0161nji  \u201elineup\u201c pa\u017eljivo je osmi\u0161ljen i vjeruju da \u0107e da zadovolji sve ukuse, a da pri tome ne odska\u010de od onog u \u010demu bi u\u017eivao i Mik\u0161a. Nakon ovog veoma primamljivog programa festivala, ove godine organizacioni tim obe\u0107ava i odli\u010dan DJ after party.<\/p>\n<p>\u201eSve su ovo vode\u0107a imena na\u0161e rock i hip-hop scene. Svi oni vrlo rado su se odazvali da u\u010destvuju u jo\u0161 jednoj \u0160A pri\u010di, a time smo osigurali i odli\u010dnu energiju koja \u0107e i ove godine biti prene\u0161ena sa pozornice Ljetne ba\u0161te\u201c, naveli su organizatori.<\/p>\n<p>Ovogodi\u0161nji festival bi\u0107e upotpunjen i posebnom \u201e\u0160A ulicom\u201c u kojoj \u0107e se, kako organizatori ka\u017eu, \u201erazmijenjivati umjetnost od trga do trga, od uha do uha i od oka do oka\u201c. Posebno osmi\u0161ljeni muzi\u010dki i pozori\u0161ni stejd\u017e i art kutak koji \u0107e ugostiti mnoga poznata muzi\u010dka, gluma\u010dka i umjetni\u010dka imena,  pretvori\u0107e tih dana grad na Sani u kulturni centar regije.<\/p>\n<p>Podsje\u0107amo vas da je po\u010detkom ove godine osnovana i \u0160A Fest organizacija te da \u0107e i ove godine glavni ciljevi \u0160A Festa biti: sje\u0107anje na Dalibora Popovi\u0107a Mik\u0161u, frontmena grupe Tattoo i akademskog slikara, promocija kulture, kao i podr\u0161ka fondu koji poma\u017ee mlade i neafirmisane umjetnike.<\/p>\n<p>Mondo.ba<\/p>\n","protected":false},"excerpt":{"rendered":"<p>Partibrejkers, Let 3, TBF, Zoster, Vojko V, IRIE FM, Mort, Stuttgart Online, Mikri Maus Bvana i Sayana napravi\u0107e odli\u010dnu \u017eurku 9. i 10 avgusta 2019. u Prijedoru na drugom \u0160A [&hellip;]<\/p>\n","protected":false},"author":1,"featured_media":0,"comment_status":"closed","ping_status":"open","sticky":false,"template":"","format":"standard","meta":{"_monsterinsights_skip_tracking":false,"_monsterinsights_sitenote_active":false,"_monsterinsights_sitenote_note":"","_monsterinsights_sitenote_category":0,"footnotes":""},"categories":[6],"tags":[10793],"yoast_head":"<!-- This site is optimized with the Yoast SEO plugin v21.6 - https:\/\/yoast.com\/wordpress\/plugins\/seo\/ -->\n<title>PO\u010cETKOM AVGUSTA DRUGI \u201c\u0160A FEST\u201d: VODE\u0106A REGIONALNA IMENA STI\u017dU U PRIJEDOR - PrijedorDanas.com - Prijedorski gradski portal<\/title>\n<meta name=\"robots\" content=\"index, follow, max-snippet:-1, max-image-preview:large, max-video-preview:-1\" \/>\n<link rel=\"canonical\" href=\"https:\/\/www.prijedordanas.com\/?p=124807\" \/>\n<meta property=\"og:locale\" content=\"en_US\" \/>\n<meta property=\"og:type\" content=\"article\" \/>\n<meta property=\"og:title\" content=\"PO\u010cETKOM AVGUSTA DRUGI \u201c\u0160A FEST\u201d: VODE\u0106A REGIONALNA IMENA STI\u017dU U PRIJEDOR - PrijedorDanas.com - Prijedorski gradski portal\" \/>\n<meta property=\"og:description\" content=\"Partibrejkers, Let 3, TBF, Zoster, Vojko V, IRIE FM, Mort, Stuttgart Online, Mikri Maus Bvana i Sayana napravi\u0107e odli\u010dnu \u017eurku 9. i 10 avgusta 2019. u Prijedoru na drugom \u0160A [&hellip;]\" \/>\n<meta property=\"og:url\" content=\"https:\/\/www.prijedordanas.com\/?p=124807\" \/>\n<meta property=\"og:site_name\" content=\"PrijedorDanas.com - Prijedorski gradski portal\" \/>\n<meta property=\"article:publisher\" content=\"https:\/\/www.facebook.com\/PrijedorDanasCom\/\" \/>\n<meta property=\"article:published_time\" content=\"2019-04-01T14:42:59+00:00\" \/>\n<meta property=\"og:image\" content=\"https:\/\/www.prijedordanas.com\/wp-content\/uploads\/2019\/04\/sa-fest-2019-300x217.jpg\" \/>\n<meta name=\"author\" content=\"admin\" \/>\n<meta name=\"twitter:card\" content=\"summary_large_image\" \/>\n<meta name=\"twitter:label1\" content=\"Written by\" \/>\n\t<meta name=\"twitter:data1\" content=\"admin\" \/>\n\t<meta name=\"twitter:label2\" content=\"Est. reading time\" \/>\n\t<meta name=\"twitter:data2\" content=\"2 minutes\" \/>\n<script type=\"application\/ld+json\" class=\"yoast-schema-graph\">{\"@context\":\"https:\/\/schema.org\",\"@graph\":[{\"@type\":\"Article\",\"@id\":\"https:\/\/www.prijedordanas.com\/?p=124807#article\",\"isPartOf\":{\"@id\":\"https:\/\/www.prijedordanas.com\/?p=124807\"},\"author\":{\"name\":\"admin\",\"@id\":\"https:\/\/www.prijedordanas.com\/#\/schema\/person\/4e08ccf29b506ca916ff86d46bb700e6\"},\"headline\":\"PO\u010cETKOM AVGUSTA DRUGI \u201c\u0160A FEST\u201d: VODE\u0106A REGIONALNA IMENA STI\u017dU U PRIJEDOR\",\"datePublished\":\"2019-04-01T14:42:59+00:00\",\"dateModified\":\"2019-04-01T14:42:59+00:00\",\"mainEntityOfPage\":{\"@id\":\"https:\/\/www.prijedordanas.com\/?p=124807\"},\"wordCount\":385,\"publisher\":{\"@id\":\"https:\/\/www.prijedordanas.com\/#organization\"},\"keywords\":[\"\u0160A Fest\"],\"articleSection\":[\"Kultura\"],\"inLanguage\":\"en-US\"},{\"@type\":\"WebPage\",\"@id\":\"https:\/\/www.prijedordanas.com\/?p=124807\",\"url\":\"https:\/\/www.prijedordanas.com\/?p=124807\",\"name\":\"PO\u010cETKOM AVGUSTA DRUGI \u201c\u0160A FEST\u201d: VODE\u0106A REGIONALNA IMENA STI\u017dU U PRIJEDOR - PrijedorDanas.com - Prijedorski gradski portal\",\"isPartOf\":{\"@id\":\"https:\/\/www.prijedordanas.com\/#website\"},\"datePublished\":\"2019-04-01T14:42:59+00:00\",\"dateModified\":\"2019-04-01T14:42:59+00:00\",\"breadcrumb\":{\"@id\":\"https:\/\/www.prijedordanas.com\/?p=124807#breadcrumb\"},\"inLanguage\":\"en-US\",\"potentialAction\":[{\"@type\":\"ReadAction\",\"target\":[\"https:\/\/www.prijedordanas.com\/?p=124807\"]}]},{\"@type\":\"BreadcrumbList\",\"@id\":\"https:\/\/www.prijedordanas.com\/?p=124807#breadcrumb\",\"itemListElement\":[{\"@type\":\"ListItem\",\"position\":1,\"name\":\"Home\",\"item\":\"https:\/\/www.prijedordanas.com\/\"},{\"@type\":\"ListItem\",\"position\":2,\"name\":\"PO\u010cETKOM AVGUSTA DRUGI \u201c\u0160A FEST\u201d: VODE\u0106A REGIONALNA IMENA STI\u017dU U PRIJEDOR\"}]},{\"@type\":\"WebSite\",\"@id\":\"https:\/\/www.prijedordanas.com\/#website\",\"url\":\"https:\/\/www.prijedordanas.com\/\",\"name\":\"PrijedorDanas.com - Prijedorski gradski portal\",\"description\":\"Portal o doga\u0111anjima u gradu Prijedoru\",\"publisher\":{\"@id\":\"https:\/\/www.prijedordanas.com\/#organization\"},\"potentialAction\":[{\"@type\":\"SearchAction\",\"target\":{\"@type\":\"EntryPoint\",\"urlTemplate\":\"https:\/\/www.prijedordanas.com\/?s={search_term_string}\"},\"query-input\":\"required name=search_term_string\"}],\"inLanguage\":\"en-US\"},{\"@type\":\"Organization\",\"@id\":\"https:\/\/www.prijedordanas.com\/#organization\",\"name\":\"PrijedorDanas.com\",\"url\":\"https:\/\/www.prijedordanas.com\/\",\"logo\":{\"@type\":\"ImageObject\",\"inLanguage\":\"en-US\",\"@id\":\"https:\/\/www.prijedordanas.com\/#\/schema\/logo\/image\/\",\"url\":\"http:\/\/www.prijedordanas.com\/wp-content\/uploads\/2021\/12\/logopng.png\",\"contentUrl\":\"http:\/\/www.prijedordanas.com\/wp-content\/uploads\/2021\/12\/logopng.png\",\"width\":1019,\"height\":776,\"caption\":\"PrijedorDanas.com\"},\"image\":{\"@id\":\"https:\/\/www.prijedordanas.com\/#\/schema\/logo\/image\/\"},\"sameAs\":[\"https:\/\/www.facebook.com\/PrijedorDanasCom\/\"]},{\"@type\":\"Person\",\"@id\":\"https:\/\/www.prijedordanas.com\/#\/schema\/person\/4e08ccf29b506ca916ff86d46bb700e6\",\"name\":\"admin\",\"image\":{\"@type\":\"ImageObject\",\"inLanguage\":\"en-US\",\"@id\":\"https:\/\/www.prijedordanas.com\/#\/schema\/person\/image\/\",\"url\":\"https:\/\/secure.gravatar.com\/avatar\/1d3fc949d550f0b53a5f0d51e06dfd79?s=96&d=mm&r=g\",\"contentUrl\":\"https:\/\/secure.gravatar.com\/avatar\/1d3fc949d550f0b53a5f0d51e06dfd79?s=96&d=mm&r=g\",\"caption\":\"admin\"},\"url\":\"https:\/\/www.prijedordanas.com\/?author=1\"}]}<\/script>\n<!-- \/ Yoast SEO plugin. -->","yoast_head_json":{"title":"PO\u010cETKOM AVGUSTA DRUGI \u201c\u0160A FEST\u201d: VODE\u0106A REGIONALNA IMENA STI\u017dU U PRIJEDOR - PrijedorDanas.com - Prijedorski gradski portal","robots":{"index":"index","follow":"follow","max-snippet":"max-snippet:-1","max-image-preview":"max-image-preview:large","max-video-preview":"max-video-preview:-1"},"canonical":"https:\/\/www.prijedordanas.com\/?p=124807","og_locale":"en_US","og_type":"article","og_title":"PO\u010cETKOM AVGUSTA DRUGI \u201c\u0160A FEST\u201d: VODE\u0106A REGIONALNA IMENA STI\u017dU U PRIJEDOR - PrijedorDanas.com - Prijedorski gradski portal","og_description":"Partibrejkers, Let 3, TBF, Zoster, Vojko V, IRIE FM, Mort, Stuttgart Online, Mikri Maus Bvana i Sayana napravi\u0107e odli\u010dnu \u017eurku 9. i 10 avgusta 2019. u Prijedoru na drugom \u0160A [&hellip;]","og_url":"https:\/\/www.prijedordanas.com\/?p=124807","og_site_name":"PrijedorDanas.com - Prijedorski gradski portal","article_publisher":"https:\/\/www.facebook.com\/PrijedorDanasCom\/","article_published_time":"2019-04-01T14:42:59+00:00","og_image":[{"url":"https:\/\/www.prijedordanas.com\/wp-content\/uploads\/2019\/04\/sa-fest-2019-300x217.jpg"}],"author":"admin","twitter_card":"summary_large_image","twitter_misc":{"Written by":"admin","Est. reading time":"2 minutes"},"schema":{"@context":"https:\/\/schema.org","@graph":[{"@type":"Article","@id":"https:\/\/www.prijedordanas.com\/?p=124807#article","isPartOf":{"@id":"https:\/\/www.prijedordanas.com\/?p=124807"},"author":{"name":"admin","@id":"https:\/\/www.prijedordanas.com\/#\/schema\/person\/4e08ccf29b506ca916ff86d46bb700e6"},"headline":"PO\u010cETKOM AVGUSTA DRUGI \u201c\u0160A FEST\u201d: VODE\u0106A REGIONALNA IMENA STI\u017dU U PRIJEDOR","datePublished":"2019-04-01T14:42:59+00:00","dateModified":"2019-04-01T14:42:59+00:00","mainEntityOfPage":{"@id":"https:\/\/www.prijedordanas.com\/?p=124807"},"wordCount":385,"publisher":{"@id":"https:\/\/www.prijedordanas.com\/#organization"},"keywords":["\u0160A Fest"],"articleSection":["Kultura"],"inLanguage":"en-US"},{"@type":"WebPage","@id":"https:\/\/www.prijedordanas.com\/?p=124807","url":"https:\/\/www.prijedordanas.com\/?p=124807","name":"PO\u010cETKOM AVGUSTA DRUGI \u201c\u0160A FEST\u201d: VODE\u0106A REGIONALNA IMENA STI\u017dU U PRIJEDOR - PrijedorDanas.com - Prijedorski gradski portal","isPartOf":{"@id":"https:\/\/www.prijedordanas.com\/#website"},"datePublished":"2019-04-01T14:42:59+00:00","dateModified":"2019-04-01T14:42:59+00:00","breadcrumb":{"@id":"https:\/\/www.prijedordanas.com\/?p=124807#breadcrumb"},"inLanguage":"en-US","potentialAction":[{"@type":"ReadAction","target":["https:\/\/www.prijedordanas.com\/?p=124807"]}]},{"@type":"BreadcrumbList","@id":"https:\/\/www.prijedordanas.com\/?p=124807#breadcrumb","itemListElement":[{"@type":"ListItem","position":1,"name":"Home","item":"https:\/\/www.prijedordanas.com\/"},{"@type":"ListItem","position":2,"name":"PO\u010cETKOM AVGUSTA DRUGI \u201c\u0160A FEST\u201d: VODE\u0106A REGIONALNA IMENA STI\u017dU U PRIJEDOR"}]},{"@type":"WebSite","@id":"https:\/\/www.prijedordanas.com\/#website","url":"https:\/\/www.prijedordanas.com\/","name":"PrijedorDanas.com - Prijedorski gradski portal","description":"Portal o doga\u0111anjima u gradu Prijedoru","publisher":{"@id":"https:\/\/www.prijedordanas.com\/#organization"},"potentialAction":[{"@type":"SearchAction","target":{"@type":"EntryPoint","urlTemplate":"https:\/\/www.prijedordanas.com\/?s={search_term_string}"},"query-input":"required name=search_term_string"}],"inLanguage":"en-US"},{"@type":"Organization","@id":"https:\/\/www.prijedordanas.com\/#organization","name":"PrijedorDanas.com","url":"https:\/\/www.prijedordanas.com\/","logo":{"@type":"ImageObject","inLanguage":"en-US","@id":"https:\/\/www.prijedordanas.com\/#\/schema\/logo\/image\/","url":"http:\/\/www.prijedordanas.com\/wp-content\/uploads\/2021\/12\/logopng.png","contentUrl":"http:\/\/www.prijedordanas.com\/wp-content\/uploads\/2021\/12\/logopng.png","width":1019,"height":776,"caption":"PrijedorDanas.com"},"image":{"@id":"https:\/\/www.prijedordanas.com\/#\/schema\/logo\/image\/"},"sameAs":["https:\/\/www.facebook.com\/PrijedorDanasCom\/"]},{"@type":"Person","@id":"https:\/\/www.prijedordanas.com\/#\/schema\/person\/4e08ccf29b506ca916ff86d46bb700e6","name":"admin","image":{"@type":"ImageObject","inLanguage":"en-US","@id":"https:\/\/www.prijedordanas.com\/#\/schema\/person\/image\/","url":"https:\/\/secure.gravatar.com\/avatar\/1d3fc949d550f0b53a5f0d51e06dfd79?s=96&d=mm&r=g","contentUrl":"https:\/\/secure.gravatar.com\/avatar\/1d3fc949d550f0b53a5f0d51e06dfd79?s=96&d=mm&r=g","caption":"admin"},"url":"https:\/\/www.prijedordanas.com\/?author=1"}]}},"_links":{"self":[{"href":"https:\/\/www.prijedordanas.com\/index.php?rest_route=\/wp\/v2\/posts\/124807"}],"collection":[{"href":"https:\/\/www.prijedordanas.com\/index.php?rest_route=\/wp\/v2\/posts"}],"about":[{"href":"https:\/\/www.prijedordanas.com\/index.php?rest_route=\/wp\/v2\/types\/post"}],"author":[{"embeddable":true,"href":"https:\/\/www.prijedordanas.com\/index.php?rest_route=\/wp\/v2\/users\/1"}],"replies":[{"embeddable":true,"href":"https:\/\/www.prijedordanas.com\/index.php?rest_route=%2Fwp%2Fv2%2Fcomments&post=124807"}],"version-history":[{"count":1,"href":"https:\/\/www.prijedordanas.com\/index.php?rest_route=\/wp\/v2\/posts\/124807\/revisions"}],"predecessor-version":[{"id":124809,"href":"https:\/\/www.prijedordanas.com\/index.php?rest_route=\/wp\/v2\/posts\/124807\/revisions\/124809"}],"wp:attachment":[{"href":"https:\/\/www.prijedordanas.com\/index.php?rest_route=%2Fwp%2Fv2%2Fmedia&parent=124807"}],"wp:term":[{"taxonomy":"category","embeddable":true,"href":"https:\/\/www.prijedordanas.com\/index.php?rest_route=%2Fwp%2Fv2%2Fcategories&post=124807"},{"taxonomy":"post_tag","embeddable":true,"href":"https:\/\/www.prijedordanas.com\/index.php?rest_route=%2Fwp%2Fv2%2Ftags&post=124807"}],"curies":[{"name":"wp","href":"https:\/\/api.w.org\/{rel}","templated":true}]}}