{"id":12451,"date":"2014-12-15T15:01:51","date_gmt":"2014-12-15T14:01:51","guid":{"rendered":"https:\/\/www.prijedordanas.com\/?p=12451"},"modified":"2014-12-15T15:05:18","modified_gmt":"2014-12-15T14:05:18","slug":"prijedor-zastita-od-poplava-iz-fonda-solidarnosti-12-miliona-km-za-pet-projekata-foto","status":"publish","type":"post","link":"https:\/\/www.prijedordanas.com\/?p=12451","title":{"rendered":"PRIJEDOR-ZA\u0160TITA OD POPLAVA: IZ FONDA SOLIDARNOSTI 1,2 MILIONA KM ZA PET PROJEKATA &#8211; FOTO"},"content":{"rendered":"<p><a href=\"https:\/\/www.prijedordanas.com\/wp-content\/uploads\/2014\/12\/nasip-zeger-1.jpg\"><img loading=\"lazy\" decoding=\"async\" class=\"alignleft size-medium wp-image-12452\" src=\"https:\/\/www.prijedordanas.com\/wp-content\/uploads\/2014\/12\/nasip-zeger-1-300x201.jpg\" alt=\"nasip zeger (1)\" width=\"300\" height=\"201\" srcset=\"https:\/\/www.prijedordanas.com\/wp-content\/uploads\/2014\/12\/nasip-zeger-1-300x201.jpg 300w, https:\/\/www.prijedordanas.com\/wp-content\/uploads\/2014\/12\/nasip-zeger-1.jpg 600w\" sizes=\"(max-width: 300px) 100vw, 300px\" \/><\/a>Iz Fonda solidarnosti za obnovu Republike Srpske s 1,2 miliona KM finansira se pet projekata za\u0161tite od poplava na podru\u010dju Prijedora, izjavio je danas direktor &#8220;Voda Srpske&#8221; Dragan An\u0111eli\u0107.<\/p>\n<p>&#8220;O\u010dekujemo da ve\u0107ina radova bude zavr\u0161ena od kraja ove godine, a jedino nam podizanje parapetnog zida u Tukovima ote\u017eava visok vodostaj Sane i tu \u0107emo morati sa\u010dekati da opadne nivo vode&#8221;, rekao je An\u0111eli\u0107 novinarima u Prijedoru, gdje je sa predstavnicima gradske uprave i izvo\u0111a\u010da radova obi\u0161ao lokalitet radova na \u017degeru.<\/p>\n<p>On je naveo da je projekat &#8220;Podizanje postoje\u0107eg nasipa na desnoj obali rijeke Sane iznad \u017degerskog mosta&#8221; vrijedan 180.000 KM, a podrazumijeva nasip u du\u017eini od 300 metara i prosje\u010dnoj visini od dva i po metra, na kojem \u0107e zavr\u0161ni sloj slu\u017eiti kao saobra\u0107ajnica.<\/p>\n<p>Gradona\u010delnik Prijedora Marko Pavi\u0107 rekao je da je lokacija na \u017degeru jedno od mjesta gdje se Sana izlila 16. maja ove godine i poplavila dio naselja Gomjenica.<\/p>\n<p>&#8220;Mislim da pored ovakvog nasipa voda vi\u0161e nikad ne\u0107e iza\u0107i niti biti prijetnja mje\u0161tanima gornjeg dijela Gomjenice&#8221;, naveo je Pavi\u0107.<\/p>\n<p>On je podsjetio da su Vlada Republike Srpske i &#8220;Vode Srpske&#8221; ugovorile nekoliko bitnih projekata za predupre\u0111enje poplava u Prijedoru. Rije\u010d je o nasipu iznad \u017degera, nasipu kod u\u0161\u0107a rijeke Gomjenice u Sanu, \u010di\u0161\u0107enju korita rijeke Milo\u0161evice, nasipa na rukavcu Berek i parapetnom zidu u Tukovima.<\/p>\n<p>&#8220;Svi najkriti\u010dniji lokaliteti su ugovoreni i rade se ili \u0107e biti ra\u0111eni. Ostaje nam problem izlijevanja Sane nizvodno od grada prema Brezi\u010danima i taj dio zahtjeva velika sredstva&#8221;, dodao je Pavi\u0107.<\/p>\n<p>Izvo\u0111a\u010d radova u projektu &#8220;Podizanje postoje\u0107eg nasipa na desnoj obali rijeke Sane iznad \u017degerskog mosta&#8221; je &#8220;Niskogradnja Marjanovi\u0107&#8221; iz Prijedora.<\/p>\n<p>Tekst \u2013 SRNA<br \/>\nFoto \u2013 Aleksandar Drakuli\u0107 \u2013 www.prijedordanas.com<br \/>\n<a href=\"https:\/\/www.prijedordanas.com\/wp-content\/uploads\/2014\/12\/nasip-zeger-2.jpg\"><img loading=\"lazy\" decoding=\"async\" class=\"alignleft size-medium wp-image-12453\" src=\"https:\/\/www.prijedordanas.com\/wp-content\/uploads\/2014\/12\/nasip-zeger-2-300x198.jpg\" alt=\"nasip zeger (2)\" width=\"300\" height=\"198\" srcset=\"https:\/\/www.prijedordanas.com\/wp-content\/uploads\/2014\/12\/nasip-zeger-2-300x198.jpg 300w, https:\/\/www.prijedordanas.com\/wp-content\/uploads\/2014\/12\/nasip-zeger-2.jpg 600w\" sizes=\"(max-width: 300px) 100vw, 300px\" \/><\/a> <a href=\"https:\/\/www.prijedordanas.com\/wp-content\/uploads\/2014\/12\/nasip-zeger-3.jpg\"><img loading=\"lazy\" decoding=\"async\" class=\"alignleft size-medium wp-image-12454\" src=\"https:\/\/www.prijedordanas.com\/wp-content\/uploads\/2014\/12\/nasip-zeger-3-300x198.jpg\" alt=\"nasip zeger (3)\" width=\"300\" height=\"198\" srcset=\"https:\/\/www.prijedordanas.com\/wp-content\/uploads\/2014\/12\/nasip-zeger-3-300x198.jpg 300w, https:\/\/www.prijedordanas.com\/wp-content\/uploads\/2014\/12\/nasip-zeger-3.jpg 600w\" sizes=\"(max-width: 300px) 100vw, 300px\" \/><\/a><\/p>\n","protected":false},"excerpt":{"rendered":"<p>Iz Fonda solidarnosti za obnovu Republike Srpske s 1,2 miliona KM finansira se pet projekata za\u0161tite od poplava na podru\u010dju Prijedora, izjavio je danas direktor &#8220;Voda Srpske&#8221; Dragan An\u0111eli\u0107. &#8220;O\u010dekujemo [&hellip;]<\/p>\n","protected":false},"author":1,"featured_media":0,"comment_status":"closed","ping_status":"open","sticky":false,"template":"","format":"standard","meta":{"_monsterinsights_skip_tracking":false,"_monsterinsights_sitenote_active":false,"_monsterinsights_sitenote_note":"","_monsterinsights_sitenote_category":0,"footnotes":""},"categories":[8],"tags":[2837,1038,2838],"yoast_head":"<!-- This site is optimized with the Yoast SEO plugin v21.6 - https:\/\/yoast.com\/wordpress\/plugins\/seo\/ -->\n<title>PRIJEDOR-ZA\u0160TITA OD POPLAVA: IZ FONDA SOLIDARNOSTI 1,2 MILIONA KM ZA PET PROJEKATA - FOTO - PrijedorDanas.com - Prijedorski gradski portal<\/title>\n<meta name=\"robots\" content=\"index, follow, max-snippet:-1, max-image-preview:large, max-video-preview:-1\" \/>\n<link rel=\"canonical\" href=\"https:\/\/www.prijedordanas.com\/?p=12451\" \/>\n<meta property=\"og:locale\" content=\"en_US\" \/>\n<meta property=\"og:type\" content=\"article\" \/>\n<meta property=\"og:title\" content=\"PRIJEDOR-ZA\u0160TITA OD POPLAVA: IZ FONDA SOLIDARNOSTI 1,2 MILIONA KM ZA PET PROJEKATA - FOTO - PrijedorDanas.com - Prijedorski gradski portal\" \/>\n<meta property=\"og:description\" content=\"Iz Fonda solidarnosti za obnovu Republike Srpske s 1,2 miliona KM finansira se pet projekata za\u0161tite od poplava na podru\u010dju Prijedora, izjavio je danas direktor &#8220;Voda Srpske&#8221; Dragan An\u0111eli\u0107. &#8220;O\u010dekujemo [&hellip;]\" \/>\n<meta property=\"og:url\" content=\"https:\/\/www.prijedordanas.com\/?p=12451\" \/>\n<meta property=\"og:site_name\" content=\"PrijedorDanas.com - Prijedorski gradski portal\" \/>\n<meta property=\"article:publisher\" content=\"https:\/\/www.facebook.com\/PrijedorDanasCom\/\" \/>\n<meta property=\"article:published_time\" content=\"2014-12-15T14:01:51+00:00\" \/>\n<meta property=\"article:modified_time\" content=\"2014-12-15T14:05:18+00:00\" \/>\n<meta property=\"og:image\" content=\"https:\/\/www.prijedordanas.com\/wp-content\/uploads\/2014\/12\/nasip-zeger-1-300x201.jpg\" \/>\n<meta name=\"author\" content=\"admin\" \/>\n<meta name=\"twitter:card\" content=\"summary_large_image\" \/>\n<meta name=\"twitter:label1\" content=\"Written by\" \/>\n\t<meta name=\"twitter:data1\" content=\"admin\" \/>\n\t<meta name=\"twitter:label2\" content=\"Est. reading time\" \/>\n\t<meta name=\"twitter:data2\" content=\"2 minutes\" \/>\n<script type=\"application\/ld+json\" class=\"yoast-schema-graph\">{\"@context\":\"https:\/\/schema.org\",\"@graph\":[{\"@type\":\"Article\",\"@id\":\"https:\/\/www.prijedordanas.com\/?p=12451#article\",\"isPartOf\":{\"@id\":\"https:\/\/www.prijedordanas.com\/?p=12451\"},\"author\":{\"name\":\"admin\",\"@id\":\"https:\/\/www.prijedordanas.com\/#\/schema\/person\/4e08ccf29b506ca916ff86d46bb700e6\"},\"headline\":\"PRIJEDOR-ZA\u0160TITA OD POPLAVA: IZ FONDA SOLIDARNOSTI 1,2 MILIONA KM ZA PET PROJEKATA &#8211; FOTO\",\"datePublished\":\"2014-12-15T14:01:51+00:00\",\"dateModified\":\"2014-12-15T14:05:18+00:00\",\"mainEntityOfPage\":{\"@id\":\"https:\/\/www.prijedordanas.com\/?p=12451\"},\"wordCount\":318,\"publisher\":{\"@id\":\"https:\/\/www.prijedordanas.com\/#organization\"},\"keywords\":[\"nasip\",\"poplave\",\"\u017deger\"],\"articleSection\":[\"Svakodnevno\"],\"inLanguage\":\"en-US\"},{\"@type\":\"WebPage\",\"@id\":\"https:\/\/www.prijedordanas.com\/?p=12451\",\"url\":\"https:\/\/www.prijedordanas.com\/?p=12451\",\"name\":\"PRIJEDOR-ZA\u0160TITA OD POPLAVA: IZ FONDA SOLIDARNOSTI 1,2 MILIONA KM ZA PET PROJEKATA - FOTO - PrijedorDanas.com - Prijedorski gradski portal\",\"isPartOf\":{\"@id\":\"https:\/\/www.prijedordanas.com\/#website\"},\"datePublished\":\"2014-12-15T14:01:51+00:00\",\"dateModified\":\"2014-12-15T14:05:18+00:00\",\"breadcrumb\":{\"@id\":\"https:\/\/www.prijedordanas.com\/?p=12451#breadcrumb\"},\"inLanguage\":\"en-US\",\"potentialAction\":[{\"@type\":\"ReadAction\",\"target\":[\"https:\/\/www.prijedordanas.com\/?p=12451\"]}]},{\"@type\":\"BreadcrumbList\",\"@id\":\"https:\/\/www.prijedordanas.com\/?p=12451#breadcrumb\",\"itemListElement\":[{\"@type\":\"ListItem\",\"position\":1,\"name\":\"Home\",\"item\":\"https:\/\/www.prijedordanas.com\/\"},{\"@type\":\"ListItem\",\"position\":2,\"name\":\"PRIJEDOR-ZA\u0160TITA OD POPLAVA: IZ FONDA SOLIDARNOSTI 1,2 MILIONA KM ZA PET PROJEKATA &#8211; FOTO\"}]},{\"@type\":\"WebSite\",\"@id\":\"https:\/\/www.prijedordanas.com\/#website\",\"url\":\"https:\/\/www.prijedordanas.com\/\",\"name\":\"PrijedorDanas.com - Prijedorski gradski portal\",\"description\":\"Portal o doga\u0111anjima u gradu Prijedoru\",\"publisher\":{\"@id\":\"https:\/\/www.prijedordanas.com\/#organization\"},\"potentialAction\":[{\"@type\":\"SearchAction\",\"target\":{\"@type\":\"EntryPoint\",\"urlTemplate\":\"https:\/\/www.prijedordanas.com\/?s={search_term_string}\"},\"query-input\":\"required name=search_term_string\"}],\"inLanguage\":\"en-US\"},{\"@type\":\"Organization\",\"@id\":\"https:\/\/www.prijedordanas.com\/#organization\",\"name\":\"PrijedorDanas.com\",\"url\":\"https:\/\/www.prijedordanas.com\/\",\"logo\":{\"@type\":\"ImageObject\",\"inLanguage\":\"en-US\",\"@id\":\"https:\/\/www.prijedordanas.com\/#\/schema\/logo\/image\/\",\"url\":\"http:\/\/www.prijedordanas.com\/wp-content\/uploads\/2021\/12\/logopng.png\",\"contentUrl\":\"http:\/\/www.prijedordanas.com\/wp-content\/uploads\/2021\/12\/logopng.png\",\"width\":1019,\"height\":776,\"caption\":\"PrijedorDanas.com\"},\"image\":{\"@id\":\"https:\/\/www.prijedordanas.com\/#\/schema\/logo\/image\/\"},\"sameAs\":[\"https:\/\/www.facebook.com\/PrijedorDanasCom\/\"]},{\"@type\":\"Person\",\"@id\":\"https:\/\/www.prijedordanas.com\/#\/schema\/person\/4e08ccf29b506ca916ff86d46bb700e6\",\"name\":\"admin\",\"image\":{\"@type\":\"ImageObject\",\"inLanguage\":\"en-US\",\"@id\":\"https:\/\/www.prijedordanas.com\/#\/schema\/person\/image\/\",\"url\":\"https:\/\/secure.gravatar.com\/avatar\/1d3fc949d550f0b53a5f0d51e06dfd79?s=96&d=mm&r=g\",\"contentUrl\":\"https:\/\/secure.gravatar.com\/avatar\/1d3fc949d550f0b53a5f0d51e06dfd79?s=96&d=mm&r=g\",\"caption\":\"admin\"},\"url\":\"https:\/\/www.prijedordanas.com\/?author=1\"}]}<\/script>\n<!-- \/ Yoast SEO plugin. -->","yoast_head_json":{"title":"PRIJEDOR-ZA\u0160TITA OD POPLAVA: IZ FONDA SOLIDARNOSTI 1,2 MILIONA KM ZA PET PROJEKATA - FOTO - PrijedorDanas.com - Prijedorski gradski portal","robots":{"index":"index","follow":"follow","max-snippet":"max-snippet:-1","max-image-preview":"max-image-preview:large","max-video-preview":"max-video-preview:-1"},"canonical":"https:\/\/www.prijedordanas.com\/?p=12451","og_locale":"en_US","og_type":"article","og_title":"PRIJEDOR-ZA\u0160TITA OD POPLAVA: IZ FONDA SOLIDARNOSTI 1,2 MILIONA KM ZA PET PROJEKATA - FOTO - PrijedorDanas.com - Prijedorski gradski portal","og_description":"Iz Fonda solidarnosti za obnovu Republike Srpske s 1,2 miliona KM finansira se pet projekata za\u0161tite od poplava na podru\u010dju Prijedora, izjavio je danas direktor &#8220;Voda Srpske&#8221; Dragan An\u0111eli\u0107. &#8220;O\u010dekujemo [&hellip;]","og_url":"https:\/\/www.prijedordanas.com\/?p=12451","og_site_name":"PrijedorDanas.com - Prijedorski gradski portal","article_publisher":"https:\/\/www.facebook.com\/PrijedorDanasCom\/","article_published_time":"2014-12-15T14:01:51+00:00","article_modified_time":"2014-12-15T14:05:18+00:00","og_image":[{"url":"https:\/\/www.prijedordanas.com\/wp-content\/uploads\/2014\/12\/nasip-zeger-1-300x201.jpg"}],"author":"admin","twitter_card":"summary_large_image","twitter_misc":{"Written by":"admin","Est. reading time":"2 minutes"},"schema":{"@context":"https:\/\/schema.org","@graph":[{"@type":"Article","@id":"https:\/\/www.prijedordanas.com\/?p=12451#article","isPartOf":{"@id":"https:\/\/www.prijedordanas.com\/?p=12451"},"author":{"name":"admin","@id":"https:\/\/www.prijedordanas.com\/#\/schema\/person\/4e08ccf29b506ca916ff86d46bb700e6"},"headline":"PRIJEDOR-ZA\u0160TITA OD POPLAVA: IZ FONDA SOLIDARNOSTI 1,2 MILIONA KM ZA PET PROJEKATA &#8211; FOTO","datePublished":"2014-12-15T14:01:51+00:00","dateModified":"2014-12-15T14:05:18+00:00","mainEntityOfPage":{"@id":"https:\/\/www.prijedordanas.com\/?p=12451"},"wordCount":318,"publisher":{"@id":"https:\/\/www.prijedordanas.com\/#organization"},"keywords":["nasip","poplave","\u017deger"],"articleSection":["Svakodnevno"],"inLanguage":"en-US"},{"@type":"WebPage","@id":"https:\/\/www.prijedordanas.com\/?p=12451","url":"https:\/\/www.prijedordanas.com\/?p=12451","name":"PRIJEDOR-ZA\u0160TITA OD POPLAVA: IZ FONDA SOLIDARNOSTI 1,2 MILIONA KM ZA PET PROJEKATA - FOTO - PrijedorDanas.com - Prijedorski gradski portal","isPartOf":{"@id":"https:\/\/www.prijedordanas.com\/#website"},"datePublished":"2014-12-15T14:01:51+00:00","dateModified":"2014-12-15T14:05:18+00:00","breadcrumb":{"@id":"https:\/\/www.prijedordanas.com\/?p=12451#breadcrumb"},"inLanguage":"en-US","potentialAction":[{"@type":"ReadAction","target":["https:\/\/www.prijedordanas.com\/?p=12451"]}]},{"@type":"BreadcrumbList","@id":"https:\/\/www.prijedordanas.com\/?p=12451#breadcrumb","itemListElement":[{"@type":"ListItem","position":1,"name":"Home","item":"https:\/\/www.prijedordanas.com\/"},{"@type":"ListItem","position":2,"name":"PRIJEDOR-ZA\u0160TITA OD POPLAVA: IZ FONDA SOLIDARNOSTI 1,2 MILIONA KM ZA PET PROJEKATA &#8211; FOTO"}]},{"@type":"WebSite","@id":"https:\/\/www.prijedordanas.com\/#website","url":"https:\/\/www.prijedordanas.com\/","name":"PrijedorDanas.com - Prijedorski gradski portal","description":"Portal o doga\u0111anjima u gradu Prijedoru","publisher":{"@id":"https:\/\/www.prijedordanas.com\/#organization"},"potentialAction":[{"@type":"SearchAction","target":{"@type":"EntryPoint","urlTemplate":"https:\/\/www.prijedordanas.com\/?s={search_term_string}"},"query-input":"required name=search_term_string"}],"inLanguage":"en-US"},{"@type":"Organization","@id":"https:\/\/www.prijedordanas.com\/#organization","name":"PrijedorDanas.com","url":"https:\/\/www.prijedordanas.com\/","logo":{"@type":"ImageObject","inLanguage":"en-US","@id":"https:\/\/www.prijedordanas.com\/#\/schema\/logo\/image\/","url":"http:\/\/www.prijedordanas.com\/wp-content\/uploads\/2021\/12\/logopng.png","contentUrl":"http:\/\/www.prijedordanas.com\/wp-content\/uploads\/2021\/12\/logopng.png","width":1019,"height":776,"caption":"PrijedorDanas.com"},"image":{"@id":"https:\/\/www.prijedordanas.com\/#\/schema\/logo\/image\/"},"sameAs":["https:\/\/www.facebook.com\/PrijedorDanasCom\/"]},{"@type":"Person","@id":"https:\/\/www.prijedordanas.com\/#\/schema\/person\/4e08ccf29b506ca916ff86d46bb700e6","name":"admin","image":{"@type":"ImageObject","inLanguage":"en-US","@id":"https:\/\/www.prijedordanas.com\/#\/schema\/person\/image\/","url":"https:\/\/secure.gravatar.com\/avatar\/1d3fc949d550f0b53a5f0d51e06dfd79?s=96&d=mm&r=g","contentUrl":"https:\/\/secure.gravatar.com\/avatar\/1d3fc949d550f0b53a5f0d51e06dfd79?s=96&d=mm&r=g","caption":"admin"},"url":"https:\/\/www.prijedordanas.com\/?author=1"}]}},"_links":{"self":[{"href":"https:\/\/www.prijedordanas.com\/index.php?rest_route=\/wp\/v2\/posts\/12451"}],"collection":[{"href":"https:\/\/www.prijedordanas.com\/index.php?rest_route=\/wp\/v2\/posts"}],"about":[{"href":"https:\/\/www.prijedordanas.com\/index.php?rest_route=\/wp\/v2\/types\/post"}],"author":[{"embeddable":true,"href":"https:\/\/www.prijedordanas.com\/index.php?rest_route=\/wp\/v2\/users\/1"}],"replies":[{"embeddable":true,"href":"https:\/\/www.prijedordanas.com\/index.php?rest_route=%2Fwp%2Fv2%2Fcomments&post=12451"}],"version-history":[{"count":1,"href":"https:\/\/www.prijedordanas.com\/index.php?rest_route=\/wp\/v2\/posts\/12451\/revisions"}],"predecessor-version":[{"id":12455,"href":"https:\/\/www.prijedordanas.com\/index.php?rest_route=\/wp\/v2\/posts\/12451\/revisions\/12455"}],"wp:attachment":[{"href":"https:\/\/www.prijedordanas.com\/index.php?rest_route=%2Fwp%2Fv2%2Fmedia&parent=12451"}],"wp:term":[{"taxonomy":"category","embeddable":true,"href":"https:\/\/www.prijedordanas.com\/index.php?rest_route=%2Fwp%2Fv2%2Fcategories&post=12451"},{"taxonomy":"post_tag","embeddable":true,"href":"https:\/\/www.prijedordanas.com\/index.php?rest_route=%2Fwp%2Fv2%2Ftags&post=12451"}],"curies":[{"name":"wp","href":"https:\/\/api.w.org\/{rel}","templated":true}]}}