{"id":124440,"date":"2019-03-25T20:37:56","date_gmt":"2019-03-25T19:37:56","guid":{"rendered":"https:\/\/www.prijedordanas.com\/?p=124440"},"modified":"2019-03-25T20:37:56","modified_gmt":"2019-03-25T19:37:56","slug":"u-susret-takmicenju-ucenika-muzickih-skola-marcetic-i-nastavnici-moraju-biti-psiholozi","status":"publish","type":"post","link":"https:\/\/www.prijedordanas.com\/?p=124440","title":{"rendered":"U SUSRET TAKMI\u010cENJU U\u010cENIKA MUZI\u010cKIH \u0160KOLA-MAR\u010cETI\u0106: I NASTAVNICI MORAJU BITI PSIHOLOZI"},"content":{"rendered":"<p><a href=\"https:\/\/www.prijedordanas.com\/wp-content\/uploads\/2019\/03\/branka-nastic-marcetic-2.jpg\"><img loading=\"lazy\" decoding=\"async\" class=\"alignleft size-medium wp-image-124441\" src=\"https:\/\/www.prijedordanas.com\/wp-content\/uploads\/2019\/03\/branka-nastic-marcetic-2-300x217.jpg\" alt=\"\" width=\"300\" height=\"217\" srcset=\"https:\/\/www.prijedordanas.com\/wp-content\/uploads\/2019\/03\/branka-nastic-marcetic-2-300x217.jpg 300w, https:\/\/www.prijedordanas.com\/wp-content\/uploads\/2019\/03\/branka-nastic-marcetic-2-100x72.jpg 100w, https:\/\/www.prijedordanas.com\/wp-content\/uploads\/2019\/03\/branka-nastic-marcetic-2.jpg 690w\" sizes=\"(max-width: 300px) 100vw, 300px\" \/><\/a>Sve\u010dano otvaranje 26. takmi\u010denja u\u010denika muzi\u010dkih \u0161kola je u petak u podne, a u subotu \u0107e najbolji od najboljih odr\u017eati zavr\u0161ni koncert na koji su dobrodo\u0161li svi ljubitelji muzike i svi takmi\u010dari.<\/p>\n<p>Takmi\u010denja u\u010denika muzi\u010dkih \u0161kola vi\u0161estruko su korisna za djecu, predava\u010de i same \u0161kole, ali ne treba u\u010destvovati po svaku cijenu, kao ni insistirati na perfekcionizmu, smatra profesorica Muzi\u010dke \u0161kole &#8220;Savo Balaban&#8221; Prijedor Branka Nasti\u0107 Mar\u010deti\u0107.<\/p>\n<p>Ona ka\u017ee da &#8220;perfektna izvo\u0111enja ne postoje&#8221;, te da, &#8220;posebno mla\u0111ima, treba objasniti da nije propao svijet ako ne osvoje prvu nagradu&#8221;.<\/p>\n<p>&#8220;Neka djeca to tragi\u010dno prihvate i zato je bitan pristup. Nisu sva djeca ista i psiholozi moraju da unaprijed predvide kako \u0107e se dijete osje\u0107ati i kako \u0107e reagovati&#8221;, isti\u010de Mar\u010deti\u0107eva za Srnu povodom Republi\u010dkog takmi\u010denja muzi\u010dkih \u0161kola koje \u0107e u Prijedoru biti odr\u017eano u petak i subotu, 29. i 30. marta.<\/p>\n<p><a href=\"https:\/\/www.prijedordanas.com\/wp-content\/uploads\/2019\/03\/branka-nastic-marcetic-1.jpg\"><img loading=\"lazy\" decoding=\"async\" class=\"alignleft size-medium wp-image-124442\" src=\"https:\/\/www.prijedordanas.com\/wp-content\/uploads\/2019\/03\/branka-nastic-marcetic-1-300x217.jpg\" alt=\"\" width=\"300\" height=\"217\" srcset=\"https:\/\/www.prijedordanas.com\/wp-content\/uploads\/2019\/03\/branka-nastic-marcetic-1-300x217.jpg 300w, https:\/\/www.prijedordanas.com\/wp-content\/uploads\/2019\/03\/branka-nastic-marcetic-1-100x72.jpg 100w, https:\/\/www.prijedordanas.com\/wp-content\/uploads\/2019\/03\/branka-nastic-marcetic-1.jpg 690w\" sizes=\"(max-width: 300px) 100vw, 300px\" \/><\/a>Ona navodi da je najte\u017ee kada se djeca uvrijede, kad steknu odbojnost prema instrumentu, pa vi\u0161e ne \u017eele da sviraju.<\/p>\n<p>&#8220;Trude se, vje\u017ebaju i, uprkos svim obavezama iz redovne \u0161kole, imaju radnu disciplinu, vole muziku, nastupaju, pa je \u010desto to veliki pritisak i stres za njih. Zato treba biti pa\u017eljiv i obazriv da, kako se to u \u017eargonu ka\u017ee, ne `presviraju` i ne `pregore`&#8221;, poru\u010duje Mar\u010deti\u0107eva.<\/p>\n<p>Ona se protivi principu da se djeci dijeli &#8220;i \u0161akom i kapom&#8221;, ali pozdravlja nagrade mladim izvo\u0111a\u010dima, samim tim \u0161to se spremaju za takmi\u010denje, ili dodatnu ocjenu i bolju zavr\u0161nu ocjenu.<\/p>\n<p>Takmi\u010denja su, smatra ona, veoma va\u017ena i predava\u010dima jer, sa jedne strane, daju presjek rada svakog profesora koji u\u010destvuje i, sa druge, predava\u010di se sastaju sa kolegama iz drugih \u0161kola i razmjenjuju iskustva, \u0161to je dragocjeno.<\/p>\n<p><a href=\"https:\/\/www.prijedordanas.com\/wp-content\/uploads\/2019\/03\/branka-nastic-marcetic-3.jpg\"><img loading=\"lazy\" decoding=\"async\" class=\"alignleft size-medium wp-image-124443\" src=\"https:\/\/www.prijedordanas.com\/wp-content\/uploads\/2019\/03\/branka-nastic-marcetic-3-300x199.jpg\" alt=\"\" width=\"300\" height=\"199\" srcset=\"https:\/\/www.prijedordanas.com\/wp-content\/uploads\/2019\/03\/branka-nastic-marcetic-3-300x199.jpg 300w, https:\/\/www.prijedordanas.com\/wp-content\/uploads\/2019\/03\/branka-nastic-marcetic-3-100x66.jpg 100w, https:\/\/www.prijedordanas.com\/wp-content\/uploads\/2019\/03\/branka-nastic-marcetic-3-480x320.jpg 480w, https:\/\/www.prijedordanas.com\/wp-content\/uploads\/2019\/03\/branka-nastic-marcetic-3.jpg 600w\" sizes=\"(max-width: 300px) 100vw, 300px\" \/><\/a>&#8220;Va\u017eno je re\u0107i da ni svaki profesor ne treba po svaku cijenu da vodi dijete na takmi\u010denje, upravo zbog toga da se ne bi stvarale zablude&#8221;, napominje Mar\u010deti\u0107eva.<\/p>\n<p>Specifi\u010dan na\u010din ocjenjivanja na muzi\u010dkim takmi\u010denjima \u010desto dovodi u zabludu i djecu, i roditelje, i javnost, budu\u0107i da se poistovje\u0107uje sa sportskom terminologijom. U ovim takmi\u010denjima nema prvog, drugog i tre\u0107eg mjesta, ve\u0107 postoji prva, druga i tre\u0107a nagrada, specijalna nagrada, laureat i pohvala.<\/p>\n<p>Od 70 do 75 bodova je pohvala, od 75 do 85 je tre\u0107a, od 85 do 95 druga, a od 95 do 100 prva nagrada. Osvojenih 100 bodova je ujedno i specijalna nagrada, jer je to maksimalan broj bodova od svih \u010dlanova \u017eirija, a laureat je posebna nagrada u\u010desniku jedne discipline odlukom \u017eirija za kompletan utisak.<\/p>\n<p><a href=\"https:\/\/www.prijedordanas.com\/wp-content\/uploads\/2019\/03\/branka-nastic-marcetic-4.jpg\"><img loading=\"lazy\" decoding=\"async\" class=\"alignleft size-medium wp-image-124444\" src=\"https:\/\/www.prijedordanas.com\/wp-content\/uploads\/2019\/03\/branka-nastic-marcetic-4-300x199.jpg\" alt=\"\" width=\"300\" height=\"199\" srcset=\"https:\/\/www.prijedordanas.com\/wp-content\/uploads\/2019\/03\/branka-nastic-marcetic-4-300x199.jpg 300w, https:\/\/www.prijedordanas.com\/wp-content\/uploads\/2019\/03\/branka-nastic-marcetic-4-100x66.jpg 100w, https:\/\/www.prijedordanas.com\/wp-content\/uploads\/2019\/03\/branka-nastic-marcetic-4-480x320.jpg 480w, https:\/\/www.prijedordanas.com\/wp-content\/uploads\/2019\/03\/branka-nastic-marcetic-4.jpg 600w\" sizes=\"(max-width: 300px) 100vw, 300px\" \/><\/a>&#8220;To zna\u010di da se mo\u017ee desiti da vi\u0161e djece osvoji iste nagrade, mada je broj bodova uvijek relevantan i ne mo\u017ee biti isto 95 i 99,75 bodova&#8221;, poja\u0161njava Mar\u010deti\u0107eva.<\/p>\n<p>Profesorica Branka Nasti\u0107 Mar\u010deti\u0107 zavr\u0161ila je op\u0161tu muzi\u010dku pedagogiju na Akademiji umjetnosti u Banjaluci, gdje sada studira dirigovanje. U prijedorskoj muzi\u010dkoj \u0161koli radi od 2008. godine.<\/p>\n<p>Mar\u010deti\u0107eva predaje solfe\u0111o, klavir, dirigovanje i orkestar, te vodi Dje\u010diji hor &#8220;Vilenjak&#8221; i \u017denski kamerni hor &#8220;A vista&#8221;. Na predstoje\u0107em takmi\u010denju \u010dlan je \u017eirija koji \u0107e ocjenjivati orkestre.<\/p>\n<p>Muzi\u010dka \u0161kola &#8220;Savo Balaban&#8221; iz Prijedora poslije osam godina ponovo je doma\u0107in i organizator Republi\u010dkog takmi\u010denja u\u010denika muzi\u010dkih \u0161kola.<\/p>\n<p><a href=\"https:\/\/www.prijedordanas.com\/wp-content\/uploads\/2019\/03\/branka-nastic-marcetic-5.jpg\"><img loading=\"lazy\" decoding=\"async\" src=\"https:\/\/www.prijedordanas.com\/wp-content\/uploads\/2019\/03\/branka-nastic-marcetic-5-300x199.jpg\" alt=\"\" width=\"300\" height=\"199\" class=\"alignleft size-medium wp-image-124445\" srcset=\"https:\/\/www.prijedordanas.com\/wp-content\/uploads\/2019\/03\/branka-nastic-marcetic-5-300x199.jpg 300w, https:\/\/www.prijedordanas.com\/wp-content\/uploads\/2019\/03\/branka-nastic-marcetic-5-100x66.jpg 100w, https:\/\/www.prijedordanas.com\/wp-content\/uploads\/2019\/03\/branka-nastic-marcetic-5-480x320.jpg 480w, https:\/\/www.prijedordanas.com\/wp-content\/uploads\/2019\/03\/branka-nastic-marcetic-5.jpg 600w\" sizes=\"(max-width: 300px) 100vw, 300px\" \/><\/a>Prijavljeno je vi\u0161e od 400 u\u010denika koji \u0107e se takmi\u010diti u sedam disciplina: klavir, solfe\u0111o, duva\u010di, solo pjevanje, kamerna muzika, orkestri, te harmonija i oblici.<\/p>\n<p>Takmi\u010dari dolaze iz Banjaluke, Prijedora, Prnjavora, Bijeljine, Trebinja, Isto\u010dnog Sarajeva, Doboja, Gradi\u0161ke, Zvornika, Isto\u010dne Ilid\u017ee, Kozarske Dubice, Nevesinje i Fo\u010de, te iz Biha\u0107a budu\u0107i da organizator mo\u017ee donijeti odluku da ugosti i neku \u0161kolu izvan Republike Srpske.<\/p>\n<p>Samo Banjaluka i Prijedor imaju takmi\u010dare u svih sedam disciplina.<\/p>\n<p>Budu\u0107i da Prijedor jo\u0161 nema koncertnu salu koja je gradu prijeko potrebna, takmi\u010denje \u0107e se odvijati na \u010detiri lokacije, i to u Muzi\u010dkoj \u0161koli &#8220;Savo Balaban&#8221;, u Galeriji &#8220;Sreten Stojanovi\u0107&#8221;, u Pozori\u0161tu Prijedor i u Osnovnoj \u0161koli &#8220;Desanka Maksimovi\u0107&#8221;.<\/p>\n<p>Organizaciju takmi\u010denja podr\u017eali su grad Prijedor, Ministarstvo prosvjete i kulture Republike Srpske i Republi\u010dki pedago\u0161ki zavod Republike Srpske.<\/p>\n<p>Detaljne informacije o takmi\u010denju dostupne su na podstranici veb-sajta prijedorske muzi\u010dke \u0161kole \/republickotakmicenjemsrs.website\/.<\/p>\n<p>SRNA &#8211; Katarina Pani\u0107<\/p>\n","protected":false},"excerpt":{"rendered":"<p>Sve\u010dano otvaranje 26. takmi\u010denja u\u010denika muzi\u010dkih \u0161kola je u petak u podne, a u subotu \u0107e najbolji od najboljih odr\u017eati zavr\u0161ni koncert na koji su dobrodo\u0161li svi ljubitelji muzike i [&hellip;]<\/p>\n","protected":false},"author":1,"featured_media":0,"comment_status":"closed","ping_status":"open","sticky":false,"template":"","format":"standard","meta":{"_monsterinsights_skip_tracking":false,"_monsterinsights_sitenote_active":false,"_monsterinsights_sitenote_note":"","_monsterinsights_sitenote_category":0,"footnotes":""},"categories":[7518],"tags":[10783],"yoast_head":"<!-- This site is optimized with the Yoast SEO plugin v21.6 - https:\/\/yoast.com\/wordpress\/plugins\/seo\/ -->\n<title>U SUSRET TAKMI\u010cENJU U\u010cENIKA MUZI\u010cKIH \u0160KOLA-MAR\u010cETI\u0106: I NASTAVNICI MORAJU BITI PSIHOLOZI - PrijedorDanas.com - Prijedorski gradski portal<\/title>\n<meta name=\"robots\" content=\"index, follow, max-snippet:-1, max-image-preview:large, max-video-preview:-1\" \/>\n<link rel=\"canonical\" href=\"https:\/\/www.prijedordanas.com\/?p=124440\" \/>\n<meta property=\"og:locale\" content=\"en_US\" \/>\n<meta property=\"og:type\" content=\"article\" \/>\n<meta property=\"og:title\" content=\"U SUSRET TAKMI\u010cENJU U\u010cENIKA MUZI\u010cKIH \u0160KOLA-MAR\u010cETI\u0106: I NASTAVNICI MORAJU BITI PSIHOLOZI - PrijedorDanas.com - Prijedorski gradski portal\" \/>\n<meta property=\"og:description\" content=\"Sve\u010dano otvaranje 26. takmi\u010denja u\u010denika muzi\u010dkih \u0161kola je u petak u podne, a u subotu \u0107e najbolji od najboljih odr\u017eati zavr\u0161ni koncert na koji su dobrodo\u0161li svi ljubitelji muzike i [&hellip;]\" \/>\n<meta property=\"og:url\" content=\"https:\/\/www.prijedordanas.com\/?p=124440\" \/>\n<meta property=\"og:site_name\" content=\"PrijedorDanas.com - Prijedorski gradski portal\" \/>\n<meta property=\"article:publisher\" content=\"https:\/\/www.facebook.com\/PrijedorDanasCom\/\" \/>\n<meta property=\"article:published_time\" content=\"2019-03-25T19:37:56+00:00\" \/>\n<meta property=\"og:image\" content=\"https:\/\/www.prijedordanas.com\/wp-content\/uploads\/2019\/03\/branka-nastic-marcetic-2-300x217.jpg\" \/>\n<meta name=\"author\" content=\"admin\" \/>\n<meta name=\"twitter:card\" content=\"summary_large_image\" \/>\n<meta name=\"twitter:label1\" content=\"Written by\" \/>\n\t<meta name=\"twitter:data1\" content=\"admin\" \/>\n\t<meta name=\"twitter:label2\" content=\"Est. reading time\" \/>\n\t<meta name=\"twitter:data2\" content=\"4 minutes\" \/>\n<script type=\"application\/ld+json\" class=\"yoast-schema-graph\">{\"@context\":\"https:\/\/schema.org\",\"@graph\":[{\"@type\":\"Article\",\"@id\":\"https:\/\/www.prijedordanas.com\/?p=124440#article\",\"isPartOf\":{\"@id\":\"https:\/\/www.prijedordanas.com\/?p=124440\"},\"author\":{\"name\":\"admin\",\"@id\":\"https:\/\/www.prijedordanas.com\/#\/schema\/person\/4e08ccf29b506ca916ff86d46bb700e6\"},\"headline\":\"U SUSRET TAKMI\u010cENJU U\u010cENIKA MUZI\u010cKIH \u0160KOLA-MAR\u010cETI\u0106: I NASTAVNICI MORAJU BITI PSIHOLOZI\",\"datePublished\":\"2019-03-25T19:37:56+00:00\",\"dateModified\":\"2019-03-25T19:37:56+00:00\",\"mainEntityOfPage\":{\"@id\":\"https:\/\/www.prijedordanas.com\/?p=124440\"},\"wordCount\":760,\"publisher\":{\"@id\":\"https:\/\/www.prijedordanas.com\/#organization\"},\"keywords\":[\"Branka Nasti\u0107 Mar\u010deti\u0107\"],\"articleSection\":[\"Mladi\"],\"inLanguage\":\"en-US\"},{\"@type\":\"WebPage\",\"@id\":\"https:\/\/www.prijedordanas.com\/?p=124440\",\"url\":\"https:\/\/www.prijedordanas.com\/?p=124440\",\"name\":\"U SUSRET TAKMI\u010cENJU U\u010cENIKA MUZI\u010cKIH \u0160KOLA-MAR\u010cETI\u0106: I NASTAVNICI MORAJU BITI PSIHOLOZI - PrijedorDanas.com - Prijedorski gradski portal\",\"isPartOf\":{\"@id\":\"https:\/\/www.prijedordanas.com\/#website\"},\"datePublished\":\"2019-03-25T19:37:56+00:00\",\"dateModified\":\"2019-03-25T19:37:56+00:00\",\"breadcrumb\":{\"@id\":\"https:\/\/www.prijedordanas.com\/?p=124440#breadcrumb\"},\"inLanguage\":\"en-US\",\"potentialAction\":[{\"@type\":\"ReadAction\",\"target\":[\"https:\/\/www.prijedordanas.com\/?p=124440\"]}]},{\"@type\":\"BreadcrumbList\",\"@id\":\"https:\/\/www.prijedordanas.com\/?p=124440#breadcrumb\",\"itemListElement\":[{\"@type\":\"ListItem\",\"position\":1,\"name\":\"Home\",\"item\":\"https:\/\/www.prijedordanas.com\/\"},{\"@type\":\"ListItem\",\"position\":2,\"name\":\"U SUSRET TAKMI\u010cENJU U\u010cENIKA MUZI\u010cKIH \u0160KOLA-MAR\u010cETI\u0106: I NASTAVNICI MORAJU BITI PSIHOLOZI\"}]},{\"@type\":\"WebSite\",\"@id\":\"https:\/\/www.prijedordanas.com\/#website\",\"url\":\"https:\/\/www.prijedordanas.com\/\",\"name\":\"PrijedorDanas.com - Prijedorski gradski portal\",\"description\":\"Portal o doga\u0111anjima u gradu Prijedoru\",\"publisher\":{\"@id\":\"https:\/\/www.prijedordanas.com\/#organization\"},\"potentialAction\":[{\"@type\":\"SearchAction\",\"target\":{\"@type\":\"EntryPoint\",\"urlTemplate\":\"https:\/\/www.prijedordanas.com\/?s={search_term_string}\"},\"query-input\":\"required name=search_term_string\"}],\"inLanguage\":\"en-US\"},{\"@type\":\"Organization\",\"@id\":\"https:\/\/www.prijedordanas.com\/#organization\",\"name\":\"PrijedorDanas.com\",\"url\":\"https:\/\/www.prijedordanas.com\/\",\"logo\":{\"@type\":\"ImageObject\",\"inLanguage\":\"en-US\",\"@id\":\"https:\/\/www.prijedordanas.com\/#\/schema\/logo\/image\/\",\"url\":\"http:\/\/www.prijedordanas.com\/wp-content\/uploads\/2021\/12\/logopng.png\",\"contentUrl\":\"http:\/\/www.prijedordanas.com\/wp-content\/uploads\/2021\/12\/logopng.png\",\"width\":1019,\"height\":776,\"caption\":\"PrijedorDanas.com\"},\"image\":{\"@id\":\"https:\/\/www.prijedordanas.com\/#\/schema\/logo\/image\/\"},\"sameAs\":[\"https:\/\/www.facebook.com\/PrijedorDanasCom\/\"]},{\"@type\":\"Person\",\"@id\":\"https:\/\/www.prijedordanas.com\/#\/schema\/person\/4e08ccf29b506ca916ff86d46bb700e6\",\"name\":\"admin\",\"image\":{\"@type\":\"ImageObject\",\"inLanguage\":\"en-US\",\"@id\":\"https:\/\/www.prijedordanas.com\/#\/schema\/person\/image\/\",\"url\":\"https:\/\/secure.gravatar.com\/avatar\/1d3fc949d550f0b53a5f0d51e06dfd79?s=96&d=mm&r=g\",\"contentUrl\":\"https:\/\/secure.gravatar.com\/avatar\/1d3fc949d550f0b53a5f0d51e06dfd79?s=96&d=mm&r=g\",\"caption\":\"admin\"},\"url\":\"https:\/\/www.prijedordanas.com\/?author=1\"}]}<\/script>\n<!-- \/ Yoast SEO plugin. -->","yoast_head_json":{"title":"U SUSRET TAKMI\u010cENJU U\u010cENIKA MUZI\u010cKIH \u0160KOLA-MAR\u010cETI\u0106: I NASTAVNICI MORAJU BITI PSIHOLOZI - PrijedorDanas.com - Prijedorski gradski portal","robots":{"index":"index","follow":"follow","max-snippet":"max-snippet:-1","max-image-preview":"max-image-preview:large","max-video-preview":"max-video-preview:-1"},"canonical":"https:\/\/www.prijedordanas.com\/?p=124440","og_locale":"en_US","og_type":"article","og_title":"U SUSRET TAKMI\u010cENJU U\u010cENIKA MUZI\u010cKIH \u0160KOLA-MAR\u010cETI\u0106: I NASTAVNICI MORAJU BITI PSIHOLOZI - PrijedorDanas.com - Prijedorski gradski portal","og_description":"Sve\u010dano otvaranje 26. takmi\u010denja u\u010denika muzi\u010dkih \u0161kola je u petak u podne, a u subotu \u0107e najbolji od najboljih odr\u017eati zavr\u0161ni koncert na koji su dobrodo\u0161li svi ljubitelji muzike i [&hellip;]","og_url":"https:\/\/www.prijedordanas.com\/?p=124440","og_site_name":"PrijedorDanas.com - Prijedorski gradski portal","article_publisher":"https:\/\/www.facebook.com\/PrijedorDanasCom\/","article_published_time":"2019-03-25T19:37:56+00:00","og_image":[{"url":"https:\/\/www.prijedordanas.com\/wp-content\/uploads\/2019\/03\/branka-nastic-marcetic-2-300x217.jpg"}],"author":"admin","twitter_card":"summary_large_image","twitter_misc":{"Written by":"admin","Est. reading time":"4 minutes"},"schema":{"@context":"https:\/\/schema.org","@graph":[{"@type":"Article","@id":"https:\/\/www.prijedordanas.com\/?p=124440#article","isPartOf":{"@id":"https:\/\/www.prijedordanas.com\/?p=124440"},"author":{"name":"admin","@id":"https:\/\/www.prijedordanas.com\/#\/schema\/person\/4e08ccf29b506ca916ff86d46bb700e6"},"headline":"U SUSRET TAKMI\u010cENJU U\u010cENIKA MUZI\u010cKIH \u0160KOLA-MAR\u010cETI\u0106: I NASTAVNICI MORAJU BITI PSIHOLOZI","datePublished":"2019-03-25T19:37:56+00:00","dateModified":"2019-03-25T19:37:56+00:00","mainEntityOfPage":{"@id":"https:\/\/www.prijedordanas.com\/?p=124440"},"wordCount":760,"publisher":{"@id":"https:\/\/www.prijedordanas.com\/#organization"},"keywords":["Branka Nasti\u0107 Mar\u010deti\u0107"],"articleSection":["Mladi"],"inLanguage":"en-US"},{"@type":"WebPage","@id":"https:\/\/www.prijedordanas.com\/?p=124440","url":"https:\/\/www.prijedordanas.com\/?p=124440","name":"U SUSRET TAKMI\u010cENJU U\u010cENIKA MUZI\u010cKIH \u0160KOLA-MAR\u010cETI\u0106: I NASTAVNICI MORAJU BITI PSIHOLOZI - PrijedorDanas.com - Prijedorski gradski portal","isPartOf":{"@id":"https:\/\/www.prijedordanas.com\/#website"},"datePublished":"2019-03-25T19:37:56+00:00","dateModified":"2019-03-25T19:37:56+00:00","breadcrumb":{"@id":"https:\/\/www.prijedordanas.com\/?p=124440#breadcrumb"},"inLanguage":"en-US","potentialAction":[{"@type":"ReadAction","target":["https:\/\/www.prijedordanas.com\/?p=124440"]}]},{"@type":"BreadcrumbList","@id":"https:\/\/www.prijedordanas.com\/?p=124440#breadcrumb","itemListElement":[{"@type":"ListItem","position":1,"name":"Home","item":"https:\/\/www.prijedordanas.com\/"},{"@type":"ListItem","position":2,"name":"U SUSRET TAKMI\u010cENJU U\u010cENIKA MUZI\u010cKIH \u0160KOLA-MAR\u010cETI\u0106: I NASTAVNICI MORAJU BITI PSIHOLOZI"}]},{"@type":"WebSite","@id":"https:\/\/www.prijedordanas.com\/#website","url":"https:\/\/www.prijedordanas.com\/","name":"PrijedorDanas.com - Prijedorski gradski portal","description":"Portal o doga\u0111anjima u gradu Prijedoru","publisher":{"@id":"https:\/\/www.prijedordanas.com\/#organization"},"potentialAction":[{"@type":"SearchAction","target":{"@type":"EntryPoint","urlTemplate":"https:\/\/www.prijedordanas.com\/?s={search_term_string}"},"query-input":"required name=search_term_string"}],"inLanguage":"en-US"},{"@type":"Organization","@id":"https:\/\/www.prijedordanas.com\/#organization","name":"PrijedorDanas.com","url":"https:\/\/www.prijedordanas.com\/","logo":{"@type":"ImageObject","inLanguage":"en-US","@id":"https:\/\/www.prijedordanas.com\/#\/schema\/logo\/image\/","url":"http:\/\/www.prijedordanas.com\/wp-content\/uploads\/2021\/12\/logopng.png","contentUrl":"http:\/\/www.prijedordanas.com\/wp-content\/uploads\/2021\/12\/logopng.png","width":1019,"height":776,"caption":"PrijedorDanas.com"},"image":{"@id":"https:\/\/www.prijedordanas.com\/#\/schema\/logo\/image\/"},"sameAs":["https:\/\/www.facebook.com\/PrijedorDanasCom\/"]},{"@type":"Person","@id":"https:\/\/www.prijedordanas.com\/#\/schema\/person\/4e08ccf29b506ca916ff86d46bb700e6","name":"admin","image":{"@type":"ImageObject","inLanguage":"en-US","@id":"https:\/\/www.prijedordanas.com\/#\/schema\/person\/image\/","url":"https:\/\/secure.gravatar.com\/avatar\/1d3fc949d550f0b53a5f0d51e06dfd79?s=96&d=mm&r=g","contentUrl":"https:\/\/secure.gravatar.com\/avatar\/1d3fc949d550f0b53a5f0d51e06dfd79?s=96&d=mm&r=g","caption":"admin"},"url":"https:\/\/www.prijedordanas.com\/?author=1"}]}},"_links":{"self":[{"href":"https:\/\/www.prijedordanas.com\/index.php?rest_route=\/wp\/v2\/posts\/124440"}],"collection":[{"href":"https:\/\/www.prijedordanas.com\/index.php?rest_route=\/wp\/v2\/posts"}],"about":[{"href":"https:\/\/www.prijedordanas.com\/index.php?rest_route=\/wp\/v2\/types\/post"}],"author":[{"embeddable":true,"href":"https:\/\/www.prijedordanas.com\/index.php?rest_route=\/wp\/v2\/users\/1"}],"replies":[{"embeddable":true,"href":"https:\/\/www.prijedordanas.com\/index.php?rest_route=%2Fwp%2Fv2%2Fcomments&post=124440"}],"version-history":[{"count":1,"href":"https:\/\/www.prijedordanas.com\/index.php?rest_route=\/wp\/v2\/posts\/124440\/revisions"}],"predecessor-version":[{"id":124446,"href":"https:\/\/www.prijedordanas.com\/index.php?rest_route=\/wp\/v2\/posts\/124440\/revisions\/124446"}],"wp:attachment":[{"href":"https:\/\/www.prijedordanas.com\/index.php?rest_route=%2Fwp%2Fv2%2Fmedia&parent=124440"}],"wp:term":[{"taxonomy":"category","embeddable":true,"href":"https:\/\/www.prijedordanas.com\/index.php?rest_route=%2Fwp%2Fv2%2Fcategories&post=124440"},{"taxonomy":"post_tag","embeddable":true,"href":"https:\/\/www.prijedordanas.com\/index.php?rest_route=%2Fwp%2Fv2%2Ftags&post=124440"}],"curies":[{"name":"wp","href":"https:\/\/api.w.org\/{rel}","templated":true}]}}