{"id":124386,"date":"2019-03-25T03:29:32","date_gmt":"2019-03-25T02:29:32","guid":{"rendered":"https:\/\/www.prijedordanas.com\/?p=124386"},"modified":"2019-03-25T03:29:32","modified_gmt":"2019-03-25T02:29:32","slug":"pd-klekovaca-prijedor-nastavak-radova-na-stazi-rajkovici-zeciji-kamen-foto","status":"publish","type":"post","link":"https:\/\/www.prijedordanas.com\/?p=124386","title":{"rendered":"PD \u201cKLEKOVA\u010cA\u201d PRIJEDOR: NASTAVAK RADOVA NA STAZI RAJKOVI\u0106I-ZE\u010cIJI KAMEN &#8211; FOTO"},"content":{"rendered":"<p><a href=\"https:\/\/www.prijedordanas.com\/wp-content\/uploads\/2019\/03\/pd-klekovaca-uredjenje-staze-rajkovici-zeciji-kamen-1.jpg\"><img loading=\"lazy\" decoding=\"async\" class=\"alignleft size-medium wp-image-124387\" src=\"https:\/\/www.prijedordanas.com\/wp-content\/uploads\/2019\/03\/pd-klekovaca-uredjenje-staze-rajkovici-zeciji-kamen-1-300x225.jpg\" alt=\"\" width=\"300\" height=\"225\" srcset=\"https:\/\/www.prijedordanas.com\/wp-content\/uploads\/2019\/03\/pd-klekovaca-uredjenje-staze-rajkovici-zeciji-kamen-1-300x225.jpg 300w, https:\/\/www.prijedordanas.com\/wp-content\/uploads\/2019\/03\/pd-klekovaca-uredjenje-staze-rajkovici-zeciji-kamen-1-100x75.jpg 100w, https:\/\/www.prijedordanas.com\/wp-content\/uploads\/2019\/03\/pd-klekovaca-uredjenje-staze-rajkovici-zeciji-kamen-1-640x480.jpg 640w, https:\/\/www.prijedordanas.com\/wp-content\/uploads\/2019\/03\/pd-klekovaca-uredjenje-staze-rajkovici-zeciji-kamen-1.jpg 667w\" sizes=\"(max-width: 300px) 100vw, 300px\" \/><\/a>Na pragu smo prolje\u0107a, sve se budi, ra\u0111a i ponovo obnavlja.<\/p>\n<p>Kod nas planinara Klekova\u010de u duhu prolje\u0107a nastavlja se zapo\u010deta ideja pravljenja planinarske staze.<\/p>\n<p>Dobro je poznato da smo pro\u0161le jeseni zapo\u010deli izradu staze Rajkovi\u0107i \u2013 Kotlova\u010da \u2013 Ze\u010diji kamen preko Bijele stijene pa su radovi ovih dana nastavljeni.<\/p>\n<p>Snijeg se povukao a za njim i suvi\u0161na teku\u0107ina iz zemlji\u0161ta pa smo kao vijesnici prolje\u0107a izmilili i nastavili sa radovima koje obavljamo u sklopu projekta EOCA (European Outdoor Conservation Association).<\/p>\n<p><a href=\"https:\/\/www.prijedordanas.com\/wp-content\/uploads\/2019\/03\/pd-klekovaca-uredjenje-staze-rajkovici-zeciji-kamen-2.jpg\"><img loading=\"lazy\" decoding=\"async\" class=\"alignleft size-medium wp-image-124388\" src=\"https:\/\/www.prijedordanas.com\/wp-content\/uploads\/2019\/03\/pd-klekovaca-uredjenje-staze-rajkovici-zeciji-kamen-2-300x225.jpg\" alt=\"\" width=\"300\" height=\"225\" srcset=\"https:\/\/www.prijedordanas.com\/wp-content\/uploads\/2019\/03\/pd-klekovaca-uredjenje-staze-rajkovici-zeciji-kamen-2-300x225.jpg 300w, https:\/\/www.prijedordanas.com\/wp-content\/uploads\/2019\/03\/pd-klekovaca-uredjenje-staze-rajkovici-zeciji-kamen-2-100x75.jpg 100w, https:\/\/www.prijedordanas.com\/wp-content\/uploads\/2019\/03\/pd-klekovaca-uredjenje-staze-rajkovici-zeciji-kamen-2.jpg 600w\" sizes=\"(max-width: 300px) 100vw, 300px\" \/><\/a>Da napomenemo, radovi se nastavlju zato \u0161to nam je investitor ocijenio pozitivnim na\u0161e dosada\u0161nje radove na stazi.<\/p>\n<p>Treba iskoristiti svaki dan pa je subota 16. marta iskori\u0161tena u pravom smislu te rije\u010di.<\/p>\n<p>Dvadesetak planinara se u subotnje jutro uputila ka stazi u njenom dijelu od doma do stijene, tj. novog vidikovca i zapo\u010deli su sa sjeckanjem, rezanjem, kopanjem, razbijanjem, nasipanjem, utabavanjem i sa raznim drugim glagolima koji se koriste u do\u010daravanju rada na jednoj stazi.<\/p>\n<p>Pitate se \u0161ta smo radili kad je jesenas staza napravljena?<\/p>\n<p><a href=\"https:\/\/www.prijedordanas.com\/wp-content\/uploads\/2019\/03\/pd-klekovaca-uredjenje-staze-rajkovici-zeciji-kamen-3.jpg\"><img loading=\"lazy\" decoding=\"async\" class=\"alignleft size-medium wp-image-124389\" src=\"https:\/\/www.prijedordanas.com\/wp-content\/uploads\/2019\/03\/pd-klekovaca-uredjenje-staze-rajkovici-zeciji-kamen-3-300x225.jpg\" alt=\"\" width=\"300\" height=\"225\" srcset=\"https:\/\/www.prijedordanas.com\/wp-content\/uploads\/2019\/03\/pd-klekovaca-uredjenje-staze-rajkovici-zeciji-kamen-3-300x225.jpg 300w, https:\/\/www.prijedordanas.com\/wp-content\/uploads\/2019\/03\/pd-klekovaca-uredjenje-staze-rajkovici-zeciji-kamen-3-100x75.jpg 100w, https:\/\/www.prijedordanas.com\/wp-content\/uploads\/2019\/03\/pd-klekovaca-uredjenje-staze-rajkovici-zeciji-kamen-3.jpg 600w\" sizes=\"(max-width: 300px) 100vw, 300px\" \/><\/a>Tada je trasirana i dobila svoje obrise ali ovog puta je ona pro\u0161irena, ukopana i na njoj su napravljene stepenice i podzidi kako bi bili sigurnija i lak\u0161a za prolazak.<\/p>\n<p>Poravnate su neravnine i kosine i gazi\u0161tima i sanirana o\u0161te\u0107enja koja su nastala tokom zimskog perioda.<\/p>\n<p>Ulazak u stijenu je osiguran stepenicima od oblica i kamenja a da bi kasnije tu mogla da se postavi sajla i klinovi i klamfe po kojima \u0107e se hodati.<\/p>\n<p><a href=\"https:\/\/www.prijedordanas.com\/wp-content\/uploads\/2019\/03\/pd-klekovaca-uredjenje-staze-rajkovici-zeciji-kamen-4.jpg\"><img loading=\"lazy\" decoding=\"async\" src=\"https:\/\/www.prijedordanas.com\/wp-content\/uploads\/2019\/03\/pd-klekovaca-uredjenje-staze-rajkovici-zeciji-kamen-4-300x225.jpg\" alt=\"\" width=\"300\" height=\"225\" class=\"alignleft size-medium wp-image-124390\" srcset=\"https:\/\/www.prijedordanas.com\/wp-content\/uploads\/2019\/03\/pd-klekovaca-uredjenje-staze-rajkovici-zeciji-kamen-4-300x225.jpg 300w, https:\/\/www.prijedordanas.com\/wp-content\/uploads\/2019\/03\/pd-klekovaca-uredjenje-staze-rajkovici-zeciji-kamen-4-100x75.jpg 100w, https:\/\/www.prijedordanas.com\/wp-content\/uploads\/2019\/03\/pd-klekovaca-uredjenje-staze-rajkovici-zeciji-kamen-4.jpg 600w\" sizes=\"(max-width: 300px) 100vw, 300px\" \/><\/a>Izlazak na vidikovac je tako\u0111e ure\u0111en stepenicima.<\/p>\n<p>U nedjeljama koje dolaze bi\u0107e zavr\u0161eno markiranje dijela staze do vidikovca, postavljene table i putokazi kao i klupe i stolovi na mjestima odre\u0111enim za odmor.<\/p>\n<p>Po zvr\u0161enom poslu slo\u017eno i jedinstveno kao u radu ru\u010dali smo zajedno \u010dorbu sa raznim vrstama za koju se tra\u017eio recept i tanjir vi\u0161e.<\/p>\n<p>PD \u201cKlekova\u010da\u201d Prijedor<\/p>\n<p><a href=\"https:\/\/www.prijedordanas.com\/wp-content\/uploads\/2019\/03\/pd-klekovaca-uredjenje-staze-rajkovici-zeciji-kamen-5.jpg\"><img loading=\"lazy\" decoding=\"async\" src=\"https:\/\/www.prijedordanas.com\/wp-content\/uploads\/2019\/03\/pd-klekovaca-uredjenje-staze-rajkovici-zeciji-kamen-5-300x169.jpg\" alt=\"\" width=\"300\" height=\"169\" class=\"alignleft size-medium wp-image-124391\" srcset=\"https:\/\/www.prijedordanas.com\/wp-content\/uploads\/2019\/03\/pd-klekovaca-uredjenje-staze-rajkovici-zeciji-kamen-5-300x169.jpg 300w, https:\/\/www.prijedordanas.com\/wp-content\/uploads\/2019\/03\/pd-klekovaca-uredjenje-staze-rajkovici-zeciji-kamen-5-100x56.jpg 100w, https:\/\/www.prijedordanas.com\/wp-content\/uploads\/2019\/03\/pd-klekovaca-uredjenje-staze-rajkovici-zeciji-kamen-5.jpg 600w\" sizes=\"(max-width: 300px) 100vw, 300px\" \/><\/a> <a href=\"https:\/\/www.prijedordanas.com\/wp-content\/uploads\/2019\/03\/pd-klekovaca-uredjenje-staze-rajkovici-zeciji-kamen-6.jpg\"><img loading=\"lazy\" decoding=\"async\" src=\"https:\/\/www.prijedordanas.com\/wp-content\/uploads\/2019\/03\/pd-klekovaca-uredjenje-staze-rajkovici-zeciji-kamen-6-300x169.jpg\" alt=\"\" width=\"300\" height=\"169\" class=\"alignleft size-medium wp-image-124392\" srcset=\"https:\/\/www.prijedordanas.com\/wp-content\/uploads\/2019\/03\/pd-klekovaca-uredjenje-staze-rajkovici-zeciji-kamen-6-300x169.jpg 300w, https:\/\/www.prijedordanas.com\/wp-content\/uploads\/2019\/03\/pd-klekovaca-uredjenje-staze-rajkovici-zeciji-kamen-6-100x56.jpg 100w, https:\/\/www.prijedordanas.com\/wp-content\/uploads\/2019\/03\/pd-klekovaca-uredjenje-staze-rajkovici-zeciji-kamen-6.jpg 600w\" sizes=\"(max-width: 300px) 100vw, 300px\" \/><\/a> <a href=\"https:\/\/www.prijedordanas.com\/wp-content\/uploads\/2019\/03\/pd-klekovaca-uredjenje-staze-rajkovici-zeciji-kamen-7.jpg\"><img loading=\"lazy\" decoding=\"async\" src=\"https:\/\/www.prijedordanas.com\/wp-content\/uploads\/2019\/03\/pd-klekovaca-uredjenje-staze-rajkovici-zeciji-kamen-7-300x169.jpg\" alt=\"\" width=\"300\" height=\"169\" class=\"alignleft size-medium wp-image-124393\" srcset=\"https:\/\/www.prijedordanas.com\/wp-content\/uploads\/2019\/03\/pd-klekovaca-uredjenje-staze-rajkovici-zeciji-kamen-7-300x169.jpg 300w, https:\/\/www.prijedordanas.com\/wp-content\/uploads\/2019\/03\/pd-klekovaca-uredjenje-staze-rajkovici-zeciji-kamen-7-100x56.jpg 100w, https:\/\/www.prijedordanas.com\/wp-content\/uploads\/2019\/03\/pd-klekovaca-uredjenje-staze-rajkovici-zeciji-kamen-7.jpg 600w\" sizes=\"(max-width: 300px) 100vw, 300px\" \/><\/a> <a href=\"https:\/\/www.prijedordanas.com\/wp-content\/uploads\/2019\/03\/pd-klekovaca-uredjenje-staze-rajkovici-zeciji-kamen-8.jpg\"><img loading=\"lazy\" decoding=\"async\" src=\"https:\/\/www.prijedordanas.com\/wp-content\/uploads\/2019\/03\/pd-klekovaca-uredjenje-staze-rajkovici-zeciji-kamen-8-300x169.jpg\" alt=\"\" width=\"300\" height=\"169\" class=\"alignleft size-medium wp-image-124394\" srcset=\"https:\/\/www.prijedordanas.com\/wp-content\/uploads\/2019\/03\/pd-klekovaca-uredjenje-staze-rajkovici-zeciji-kamen-8-300x169.jpg 300w, https:\/\/www.prijedordanas.com\/wp-content\/uploads\/2019\/03\/pd-klekovaca-uredjenje-staze-rajkovici-zeciji-kamen-8-100x56.jpg 100w, https:\/\/www.prijedordanas.com\/wp-content\/uploads\/2019\/03\/pd-klekovaca-uredjenje-staze-rajkovici-zeciji-kamen-8.jpg 600w\" sizes=\"(max-width: 300px) 100vw, 300px\" \/><\/a><\/p>\n","protected":false},"excerpt":{"rendered":"<p>Na pragu smo prolje\u0107a, sve se budi, ra\u0111a i ponovo obnavlja. Kod nas planinara Klekova\u010de u duhu prolje\u0107a nastavlja se zapo\u010deta ideja pravljenja planinarske staze. Dobro je poznato da smo [&hellip;]<\/p>\n","protected":false},"author":1,"featured_media":0,"comment_status":"closed","ping_status":"open","sticky":false,"template":"","format":"standard","meta":{"_monsterinsights_skip_tracking":false,"_monsterinsights_sitenote_active":false,"_monsterinsights_sitenote_note":"","_monsterinsights_sitenote_category":0,"footnotes":""},"categories":[8],"tags":[773],"yoast_head":"<!-- This site is optimized with the Yoast SEO plugin v21.6 - https:\/\/yoast.com\/wordpress\/plugins\/seo\/ -->\n<title>PD \u201cKLEKOVA\u010cA\u201d PRIJEDOR: NASTAVAK RADOVA NA STAZI RAJKOVI\u0106I-ZE\u010cIJI KAMEN - FOTO - PrijedorDanas.com - Prijedorski gradski portal<\/title>\n<meta name=\"robots\" content=\"index, follow, max-snippet:-1, max-image-preview:large, max-video-preview:-1\" \/>\n<link rel=\"canonical\" href=\"https:\/\/www.prijedordanas.com\/?p=124386\" \/>\n<meta property=\"og:locale\" content=\"en_US\" \/>\n<meta property=\"og:type\" content=\"article\" \/>\n<meta property=\"og:title\" content=\"PD \u201cKLEKOVA\u010cA\u201d PRIJEDOR: NASTAVAK RADOVA NA STAZI RAJKOVI\u0106I-ZE\u010cIJI KAMEN - FOTO - PrijedorDanas.com - Prijedorski gradski portal\" \/>\n<meta property=\"og:description\" content=\"Na pragu smo prolje\u0107a, sve se budi, ra\u0111a i ponovo obnavlja. Kod nas planinara Klekova\u010de u duhu prolje\u0107a nastavlja se zapo\u010deta ideja pravljenja planinarske staze. Dobro je poznato da smo [&hellip;]\" \/>\n<meta property=\"og:url\" content=\"https:\/\/www.prijedordanas.com\/?p=124386\" \/>\n<meta property=\"og:site_name\" content=\"PrijedorDanas.com - Prijedorski gradski portal\" \/>\n<meta property=\"article:publisher\" content=\"https:\/\/www.facebook.com\/PrijedorDanasCom\/\" \/>\n<meta property=\"article:published_time\" content=\"2019-03-25T02:29:32+00:00\" \/>\n<meta property=\"og:image\" content=\"https:\/\/www.prijedordanas.com\/wp-content\/uploads\/2019\/03\/pd-klekovaca-uredjenje-staze-rajkovici-zeciji-kamen-1-300x225.jpg\" \/>\n<meta name=\"author\" content=\"admin\" \/>\n<meta name=\"twitter:card\" content=\"summary_large_image\" \/>\n<meta name=\"twitter:label1\" content=\"Written by\" \/>\n\t<meta name=\"twitter:data1\" content=\"admin\" \/>\n\t<meta name=\"twitter:label2\" content=\"Est. reading time\" \/>\n\t<meta name=\"twitter:data2\" content=\"2 minutes\" \/>\n<script type=\"application\/ld+json\" class=\"yoast-schema-graph\">{\"@context\":\"https:\/\/schema.org\",\"@graph\":[{\"@type\":\"Article\",\"@id\":\"https:\/\/www.prijedordanas.com\/?p=124386#article\",\"isPartOf\":{\"@id\":\"https:\/\/www.prijedordanas.com\/?p=124386\"},\"author\":{\"name\":\"admin\",\"@id\":\"https:\/\/www.prijedordanas.com\/#\/schema\/person\/4e08ccf29b506ca916ff86d46bb700e6\"},\"headline\":\"PD \u201cKLEKOVA\u010cA\u201d PRIJEDOR: NASTAVAK RADOVA NA STAZI RAJKOVI\u0106I-ZE\u010cIJI KAMEN &#8211; FOTO\",\"datePublished\":\"2019-03-25T02:29:32+00:00\",\"dateModified\":\"2019-03-25T02:29:32+00:00\",\"mainEntityOfPage\":{\"@id\":\"https:\/\/www.prijedordanas.com\/?p=124386\"},\"wordCount\":347,\"publisher\":{\"@id\":\"https:\/\/www.prijedordanas.com\/#organization\"},\"keywords\":[\"radovi\"],\"articleSection\":[\"Svakodnevno\"],\"inLanguage\":\"en-US\"},{\"@type\":\"WebPage\",\"@id\":\"https:\/\/www.prijedordanas.com\/?p=124386\",\"url\":\"https:\/\/www.prijedordanas.com\/?p=124386\",\"name\":\"PD \u201cKLEKOVA\u010cA\u201d PRIJEDOR: NASTAVAK RADOVA NA STAZI RAJKOVI\u0106I-ZE\u010cIJI KAMEN - FOTO - PrijedorDanas.com - Prijedorski gradski portal\",\"isPartOf\":{\"@id\":\"https:\/\/www.prijedordanas.com\/#website\"},\"datePublished\":\"2019-03-25T02:29:32+00:00\",\"dateModified\":\"2019-03-25T02:29:32+00:00\",\"breadcrumb\":{\"@id\":\"https:\/\/www.prijedordanas.com\/?p=124386#breadcrumb\"},\"inLanguage\":\"en-US\",\"potentialAction\":[{\"@type\":\"ReadAction\",\"target\":[\"https:\/\/www.prijedordanas.com\/?p=124386\"]}]},{\"@type\":\"BreadcrumbList\",\"@id\":\"https:\/\/www.prijedordanas.com\/?p=124386#breadcrumb\",\"itemListElement\":[{\"@type\":\"ListItem\",\"position\":1,\"name\":\"Home\",\"item\":\"https:\/\/www.prijedordanas.com\/\"},{\"@type\":\"ListItem\",\"position\":2,\"name\":\"PD \u201cKLEKOVA\u010cA\u201d PRIJEDOR: NASTAVAK RADOVA NA STAZI RAJKOVI\u0106I-ZE\u010cIJI KAMEN &#8211; FOTO\"}]},{\"@type\":\"WebSite\",\"@id\":\"https:\/\/www.prijedordanas.com\/#website\",\"url\":\"https:\/\/www.prijedordanas.com\/\",\"name\":\"PrijedorDanas.com - Prijedorski gradski portal\",\"description\":\"Portal o doga\u0111anjima u gradu Prijedoru\",\"publisher\":{\"@id\":\"https:\/\/www.prijedordanas.com\/#organization\"},\"potentialAction\":[{\"@type\":\"SearchAction\",\"target\":{\"@type\":\"EntryPoint\",\"urlTemplate\":\"https:\/\/www.prijedordanas.com\/?s={search_term_string}\"},\"query-input\":\"required name=search_term_string\"}],\"inLanguage\":\"en-US\"},{\"@type\":\"Organization\",\"@id\":\"https:\/\/www.prijedordanas.com\/#organization\",\"name\":\"PrijedorDanas.com\",\"url\":\"https:\/\/www.prijedordanas.com\/\",\"logo\":{\"@type\":\"ImageObject\",\"inLanguage\":\"en-US\",\"@id\":\"https:\/\/www.prijedordanas.com\/#\/schema\/logo\/image\/\",\"url\":\"http:\/\/www.prijedordanas.com\/wp-content\/uploads\/2021\/12\/logopng.png\",\"contentUrl\":\"http:\/\/www.prijedordanas.com\/wp-content\/uploads\/2021\/12\/logopng.png\",\"width\":1019,\"height\":776,\"caption\":\"PrijedorDanas.com\"},\"image\":{\"@id\":\"https:\/\/www.prijedordanas.com\/#\/schema\/logo\/image\/\"},\"sameAs\":[\"https:\/\/www.facebook.com\/PrijedorDanasCom\/\"]},{\"@type\":\"Person\",\"@id\":\"https:\/\/www.prijedordanas.com\/#\/schema\/person\/4e08ccf29b506ca916ff86d46bb700e6\",\"name\":\"admin\",\"image\":{\"@type\":\"ImageObject\",\"inLanguage\":\"en-US\",\"@id\":\"https:\/\/www.prijedordanas.com\/#\/schema\/person\/image\/\",\"url\":\"https:\/\/secure.gravatar.com\/avatar\/1d3fc949d550f0b53a5f0d51e06dfd79?s=96&d=mm&r=g\",\"contentUrl\":\"https:\/\/secure.gravatar.com\/avatar\/1d3fc949d550f0b53a5f0d51e06dfd79?s=96&d=mm&r=g\",\"caption\":\"admin\"},\"url\":\"https:\/\/www.prijedordanas.com\/?author=1\"}]}<\/script>\n<!-- \/ Yoast SEO plugin. -->","yoast_head_json":{"title":"PD \u201cKLEKOVA\u010cA\u201d PRIJEDOR: NASTAVAK RADOVA NA STAZI RAJKOVI\u0106I-ZE\u010cIJI KAMEN - FOTO - PrijedorDanas.com - Prijedorski gradski portal","robots":{"index":"index","follow":"follow","max-snippet":"max-snippet:-1","max-image-preview":"max-image-preview:large","max-video-preview":"max-video-preview:-1"},"canonical":"https:\/\/www.prijedordanas.com\/?p=124386","og_locale":"en_US","og_type":"article","og_title":"PD \u201cKLEKOVA\u010cA\u201d PRIJEDOR: NASTAVAK RADOVA NA STAZI RAJKOVI\u0106I-ZE\u010cIJI KAMEN - FOTO - PrijedorDanas.com - Prijedorski gradski portal","og_description":"Na pragu smo prolje\u0107a, sve se budi, ra\u0111a i ponovo obnavlja. Kod nas planinara Klekova\u010de u duhu prolje\u0107a nastavlja se zapo\u010deta ideja pravljenja planinarske staze. Dobro je poznato da smo [&hellip;]","og_url":"https:\/\/www.prijedordanas.com\/?p=124386","og_site_name":"PrijedorDanas.com - Prijedorski gradski portal","article_publisher":"https:\/\/www.facebook.com\/PrijedorDanasCom\/","article_published_time":"2019-03-25T02:29:32+00:00","og_image":[{"url":"https:\/\/www.prijedordanas.com\/wp-content\/uploads\/2019\/03\/pd-klekovaca-uredjenje-staze-rajkovici-zeciji-kamen-1-300x225.jpg"}],"author":"admin","twitter_card":"summary_large_image","twitter_misc":{"Written by":"admin","Est. reading time":"2 minutes"},"schema":{"@context":"https:\/\/schema.org","@graph":[{"@type":"Article","@id":"https:\/\/www.prijedordanas.com\/?p=124386#article","isPartOf":{"@id":"https:\/\/www.prijedordanas.com\/?p=124386"},"author":{"name":"admin","@id":"https:\/\/www.prijedordanas.com\/#\/schema\/person\/4e08ccf29b506ca916ff86d46bb700e6"},"headline":"PD \u201cKLEKOVA\u010cA\u201d PRIJEDOR: NASTAVAK RADOVA NA STAZI RAJKOVI\u0106I-ZE\u010cIJI KAMEN &#8211; FOTO","datePublished":"2019-03-25T02:29:32+00:00","dateModified":"2019-03-25T02:29:32+00:00","mainEntityOfPage":{"@id":"https:\/\/www.prijedordanas.com\/?p=124386"},"wordCount":347,"publisher":{"@id":"https:\/\/www.prijedordanas.com\/#organization"},"keywords":["radovi"],"articleSection":["Svakodnevno"],"inLanguage":"en-US"},{"@type":"WebPage","@id":"https:\/\/www.prijedordanas.com\/?p=124386","url":"https:\/\/www.prijedordanas.com\/?p=124386","name":"PD \u201cKLEKOVA\u010cA\u201d PRIJEDOR: NASTAVAK RADOVA NA STAZI RAJKOVI\u0106I-ZE\u010cIJI KAMEN - FOTO - PrijedorDanas.com - Prijedorski gradski portal","isPartOf":{"@id":"https:\/\/www.prijedordanas.com\/#website"},"datePublished":"2019-03-25T02:29:32+00:00","dateModified":"2019-03-25T02:29:32+00:00","breadcrumb":{"@id":"https:\/\/www.prijedordanas.com\/?p=124386#breadcrumb"},"inLanguage":"en-US","potentialAction":[{"@type":"ReadAction","target":["https:\/\/www.prijedordanas.com\/?p=124386"]}]},{"@type":"BreadcrumbList","@id":"https:\/\/www.prijedordanas.com\/?p=124386#breadcrumb","itemListElement":[{"@type":"ListItem","position":1,"name":"Home","item":"https:\/\/www.prijedordanas.com\/"},{"@type":"ListItem","position":2,"name":"PD \u201cKLEKOVA\u010cA\u201d PRIJEDOR: NASTAVAK RADOVA NA STAZI RAJKOVI\u0106I-ZE\u010cIJI KAMEN &#8211; FOTO"}]},{"@type":"WebSite","@id":"https:\/\/www.prijedordanas.com\/#website","url":"https:\/\/www.prijedordanas.com\/","name":"PrijedorDanas.com - Prijedorski gradski portal","description":"Portal o doga\u0111anjima u gradu Prijedoru","publisher":{"@id":"https:\/\/www.prijedordanas.com\/#organization"},"potentialAction":[{"@type":"SearchAction","target":{"@type":"EntryPoint","urlTemplate":"https:\/\/www.prijedordanas.com\/?s={search_term_string}"},"query-input":"required name=search_term_string"}],"inLanguage":"en-US"},{"@type":"Organization","@id":"https:\/\/www.prijedordanas.com\/#organization","name":"PrijedorDanas.com","url":"https:\/\/www.prijedordanas.com\/","logo":{"@type":"ImageObject","inLanguage":"en-US","@id":"https:\/\/www.prijedordanas.com\/#\/schema\/logo\/image\/","url":"http:\/\/www.prijedordanas.com\/wp-content\/uploads\/2021\/12\/logopng.png","contentUrl":"http:\/\/www.prijedordanas.com\/wp-content\/uploads\/2021\/12\/logopng.png","width":1019,"height":776,"caption":"PrijedorDanas.com"},"image":{"@id":"https:\/\/www.prijedordanas.com\/#\/schema\/logo\/image\/"},"sameAs":["https:\/\/www.facebook.com\/PrijedorDanasCom\/"]},{"@type":"Person","@id":"https:\/\/www.prijedordanas.com\/#\/schema\/person\/4e08ccf29b506ca916ff86d46bb700e6","name":"admin","image":{"@type":"ImageObject","inLanguage":"en-US","@id":"https:\/\/www.prijedordanas.com\/#\/schema\/person\/image\/","url":"https:\/\/secure.gravatar.com\/avatar\/1d3fc949d550f0b53a5f0d51e06dfd79?s=96&d=mm&r=g","contentUrl":"https:\/\/secure.gravatar.com\/avatar\/1d3fc949d550f0b53a5f0d51e06dfd79?s=96&d=mm&r=g","caption":"admin"},"url":"https:\/\/www.prijedordanas.com\/?author=1"}]}},"_links":{"self":[{"href":"https:\/\/www.prijedordanas.com\/index.php?rest_route=\/wp\/v2\/posts\/124386"}],"collection":[{"href":"https:\/\/www.prijedordanas.com\/index.php?rest_route=\/wp\/v2\/posts"}],"about":[{"href":"https:\/\/www.prijedordanas.com\/index.php?rest_route=\/wp\/v2\/types\/post"}],"author":[{"embeddable":true,"href":"https:\/\/www.prijedordanas.com\/index.php?rest_route=\/wp\/v2\/users\/1"}],"replies":[{"embeddable":true,"href":"https:\/\/www.prijedordanas.com\/index.php?rest_route=%2Fwp%2Fv2%2Fcomments&post=124386"}],"version-history":[{"count":1,"href":"https:\/\/www.prijedordanas.com\/index.php?rest_route=\/wp\/v2\/posts\/124386\/revisions"}],"predecessor-version":[{"id":124395,"href":"https:\/\/www.prijedordanas.com\/index.php?rest_route=\/wp\/v2\/posts\/124386\/revisions\/124395"}],"wp:attachment":[{"href":"https:\/\/www.prijedordanas.com\/index.php?rest_route=%2Fwp%2Fv2%2Fmedia&parent=124386"}],"wp:term":[{"taxonomy":"category","embeddable":true,"href":"https:\/\/www.prijedordanas.com\/index.php?rest_route=%2Fwp%2Fv2%2Fcategories&post=124386"},{"taxonomy":"post_tag","embeddable":true,"href":"https:\/\/www.prijedordanas.com\/index.php?rest_route=%2Fwp%2Fv2%2Ftags&post=124386"}],"curies":[{"name":"wp","href":"https:\/\/api.w.org\/{rel}","templated":true}]}}