{"id":124211,"date":"2019-03-23T09:11:48","date_gmt":"2019-03-23T08:11:48","guid":{"rendered":"https:\/\/www.prijedordanas.com\/?p=124211"},"modified":"2019-03-23T09:11:48","modified_gmt":"2019-03-23T08:11:48","slug":"kako-je-brak-danijala-i-demile-fiktivno-razveden-u-prijedoru","status":"publish","type":"post","link":"https:\/\/www.prijedordanas.com\/?p=124211","title":{"rendered":"KAKO JE BRAK DANIJALA I \u0110EMILE FIKTIVNO RAZVEDEN U PRIJEDORU"},"content":{"rendered":"<p><a href=\"https:\/\/www.prijedordanas.com\/wp-content\/uploads\/2019\/03\/avaz-danijal-djemila-1.jpg\"><img loading=\"lazy\" decoding=\"async\" class=\"alignleft size-medium wp-image-124212\" src=\"https:\/\/www.prijedordanas.com\/wp-content\/uploads\/2019\/03\/avaz-danijal-djemila-1-300x238.jpg\" alt=\"\" width=\"300\" height=\"238\" srcset=\"https:\/\/www.prijedordanas.com\/wp-content\/uploads\/2019\/03\/avaz-danijal-djemila-1-300x238.jpg 300w, https:\/\/www.prijedordanas.com\/wp-content\/uploads\/2019\/03\/avaz-danijal-djemila-1-100x79.jpg 100w, https:\/\/www.prijedordanas.com\/wp-content\/uploads\/2019\/03\/avaz-danijal-djemila-1.jpg 631w\" sizes=\"(max-width: 300px) 100vw, 300px\" \/><\/a>Danijal Arnautovi\u0107, prvi mu\u017e po\u010dasne konzulice BiH u Australiji i ugledne \u010dlanice Stranke demokratske akcije \u0110emile Tali\u0107-Gabrijel, u nastavku ekskluzivne ispovijesti za \u201cAvaz\u201d otkriva detalje njene, o\u010digledno, dobro \u010duvane tajne o drugom braku, a o kojem ona ni ju\u010der nije \u017eeljela govoriti za javnost. Podsjetimo, Arnautovi\u0107 je progovorio nakon \u0161to ga je Tali\u0107-Gabrijel u nedavnom TV gostovanju optu\u017eila za nasilje.<\/p>\n<p>Bolesna gazdarica<\/p>\n<p>Nakon \u0161to su 1999. godine do\u0161li u Australiju, morali su prvo nau\u010diti engleski. Kao i mnoge bh. izbjeglice u svijetu, radili su najte\u017ee poslove. Danijal je uglavnom kod na\u0161ih ljudi radio sve, od moleraja do te\u0161kih fizi\u010dkih poslova, a \u0110emila je po\u010dela \u010distiti stanove, dok su sin i k\u0107erka i\u0161li u \u0161kolu.<\/p>\n<p><a href=\"https:\/\/www.prijedordanas.com\/wp-content\/uploads\/2019\/03\/avaz-danijal-djemila-2.jpg\"><img loading=\"lazy\" decoding=\"async\" class=\"alignleft size-medium wp-image-124213\" src=\"https:\/\/www.prijedordanas.com\/wp-content\/uploads\/2019\/03\/avaz-danijal-djemila-2-300x236.jpg\" alt=\"\" width=\"300\" height=\"236\" srcset=\"https:\/\/www.prijedordanas.com\/wp-content\/uploads\/2019\/03\/avaz-danijal-djemila-2-300x236.jpg 300w, https:\/\/www.prijedordanas.com\/wp-content\/uploads\/2019\/03\/avaz-danijal-djemila-2-100x79.jpg 100w, https:\/\/www.prijedordanas.com\/wp-content\/uploads\/2019\/03\/avaz-danijal-djemila-2.jpg 600w\" sizes=\"(max-width: 300px) 100vw, 300px\" \/><\/a>&#8211; \u0110emila je igrom slu\u010daja po\u010dela raditi kod bogatog 92-godi\u0161njeg Jevreja D\u017eonija Gonde (Johni). On je bio o\u017eenjen Grkinjom Anom, koja je imala pedesetak godina i bila je bolesna od karcinoma. Gondama je trebala pomo\u0107 u ku\u0107i tako da je \u0110emila ostajala du\u017ee da radi. Tra\u017eila je od Gonde da radi nacrno kako ne bi agenciji koja joj je na\u0161la posao, morala davati 40 posto zarade i on je to prihvatio \u2013 govori Arnautovi\u0107.<\/p>\n<p>Sje\u0107a se kako je \u0110emila ku\u0107i znala dolaziti i pla\u010du\u0107i, jer je bolesna gospo\u0111a Ana Gonda \u010desto bila nervozna te je slu\u017eavku znala ga\u0111ati i \u0161erpama.<\/p>\n<p>&#8211; Kad je gazdarica oti\u0161la u bolnicu, \u0110emila je nagovarala Gondu da se rastane od Ane prije nego \u0161to ona umre. O\u010dito je da je ve\u0107 tad imala plan kako da bogatstvo te bogata\u0161ice ne ostane njenoj familiji. Uspjela ga je nagovoriti da se razvede, a kad je Ana umrla, \u0110emila je po\u010dela ostajati od ujutro do nave\u010der kod Gonde, koji joj je vjerovao da je ona \u017didovka iz Bosne. On je, ina\u010de, bio u kolicima. \u0110emila ga je vodila u \u0161opinge, a \u010dak su jednom i\u0161li i na Tajland sedam dana, kad je ona imala plasti\u010dnu operaciju, nije va\u017eno \u010dega. Gonda joj je odmah kupio automobil te otplatio kredit za ku\u0107u koju smo mi kupili \u2013 tvrdi Arnautovi\u0107.<\/p>\n<p><a href=\"https:\/\/www.prijedordanas.com\/wp-content\/uploads\/2019\/03\/avaz-danijal-djemila-4.jpg\"><img loading=\"lazy\" decoding=\"async\" src=\"https:\/\/www.prijedordanas.com\/wp-content\/uploads\/2019\/03\/avaz-danijal-djemila-4-300x201.jpg\" alt=\"\" width=\"300\" height=\"201\" class=\"alignleft size-medium wp-image-124214\" srcset=\"https:\/\/www.prijedordanas.com\/wp-content\/uploads\/2019\/03\/avaz-danijal-djemila-4-300x201.jpg 300w, https:\/\/www.prijedordanas.com\/wp-content\/uploads\/2019\/03\/avaz-danijal-djemila-4-100x67.jpg 100w, https:\/\/www.prijedordanas.com\/wp-content\/uploads\/2019\/03\/avaz-danijal-djemila-4-480x320.jpg 480w, https:\/\/www.prijedordanas.com\/wp-content\/uploads\/2019\/03\/avaz-danijal-djemila-4.jpg 600w\" sizes=\"(max-width: 300px) 100vw, 300px\" \/><\/a>Promjene testamenta<\/p>\n<p>Prema njegovim rije\u010dima, sve ovo se de\u0161avalo 2010. godine.<\/p>\n<p>&#8211; U me\u0111uvremenu, \u0110emila mi je predlo\u017eila da se razvedemo da bi ona dobivala ve\u0107u finansijsku pomo\u0107. Uvijek je vodila ra\u010duna da prima onoliko koliko treba da ne prije\u0111e propisani limit kako bi imala pravo i na socijalnu pomo\u0107 koju je dobivala od Australije. Pristao sam na to, iako nisam znao \u0161ta je njen pravi cilj. Nabavili smo dokument o razvodu iz Prijedora &#8211; ka\u017ee Arnautovi\u0107 i potkrepljuje tvrdnju Izvodom iz mati\u010dne knjige iz rodne Bosanske Dubice, gdje pi\u0161e da je brak izme\u0111u njega i \u0110emile razveden pravosna\u017enom presudom Osnovnog suda u Prijedoru br. 77 0 P 025 341 od 21. oktobra 2010.<\/p>\n<p>Nakon nekog vremena, pri\u010da dalje Arnautovi\u0107, \u0110emila mu je rekla da je Gonda zainteresiran da se njome o\u017eeni i ona je pristala.<\/p>\n<p>&#8211; Svake ve\u010deri, nakon \u0161to starog gospodina Gondu smjesti u krevet, dolazila je na\u0161oj ku\u0107i da bude sa mnom i djecom. Vi\u0161e puta su je iz de\u017eurne ambulante oko dva poslije pono\u0107i znali zvati, jer je on imao alarm koji pritisne ako mu je lo\u0161e pa sam je, onda, vozio kod njega. Nakon osam-devet mjeseci, on je umro. Poslije toga, otvara se testament, koji je, zanimljivo, \u0161est mjeseci prije njegove smrti mijenjan svakih mjesec dana, ne znam za\u0161to. Kasnije je to njegov sin na sudu spominjao, ali nije mogao dokazati, da je ona na to nagovorila oca, jer je bio senilan. Tako je otvoren testament, koji je posljednji put izmijenjen sedam dana pred Gondinu smrt &#8211; opisuje Arnautovi\u0107.<\/p>\n<p>Poja\u0161njava i da je D\u017eoni Gonda, prije Ane, imao brak u kojem je stekao dva sina, od kojih je jedan umro u Americi, a drugi Robert Gonda \u017eivi u Sidneju, ali nije bio u dobrim odnosima s ocem.<\/p>\n<p>&#8211; Taj sin se poslije pojavljuje na sudu i pokre\u0107e tu\u017ebu protiv \u0110emile \u2013 govori Arnautovi\u0107.<\/p>\n<p><a href=\"https:\/\/www.prijedordanas.com\/wp-content\/uploads\/2019\/03\/avaz-danijal-djemila-3.jpg\"><img loading=\"lazy\" decoding=\"async\" src=\"https:\/\/www.prijedordanas.com\/wp-content\/uploads\/2019\/03\/avaz-danijal-djemila-3-214x300.jpg\" alt=\"\" width=\"214\" height=\"300\" class=\"alignleft size-medium wp-image-124215\" srcset=\"https:\/\/www.prijedordanas.com\/wp-content\/uploads\/2019\/03\/avaz-danijal-djemila-3-214x300.jpg 214w, https:\/\/www.prijedordanas.com\/wp-content\/uploads\/2019\/03\/avaz-danijal-djemila-3-71x100.jpg 71w, https:\/\/www.prijedordanas.com\/wp-content\/uploads\/2019\/03\/avaz-danijal-djemila-3.jpg 427w\" sizes=\"(max-width: 214px) 100vw, 214px\" \/><\/a>Kako je postala stopostotni vlasnik Gondine firme<\/p>\n<p>Prema Arnautovi\u0107evim rije\u010dima, D\u017eoni Gonda bio je vlasnik trospratnice u centru Sidneja, vrijedne izme\u0111u 10 i 15 miliona australskih dolara, koja se renta i gdje se nalaze poslovni uredi tamo\u0161njih kompanija, koje pla\u0107aju kiriju. Osim toga, Arnautovi\u0107u je poznato i da je Gonda imao odre\u0111ene nekretnine u Melburnu.<\/p>\n<p>&#8211; Dok je on bio \u017eiv, \u0110emila uspijeva da otkupi 49 posto te njegove firme u Sidneju. Rekla mi je da joj je on dao pare da to otkupi, jer je sve moralo i\u0107i preko ra\u010duna da ne bi ispalo da joj je on poklonio.<\/p>\n<p>Na otvaranju testamenta ona je dobila jo\u0161 jedan stan i jo\u0161 51 posto ostatka firme. Tako postaje njen stopostotni vlasnik, iako nema nijednog dana radnog sta\u017ea u toj, kako je ona zove, kompaniji. To napominjem, jer \u0110emila u intervjuima pri\u010da kako je, kad je do\u0161la u australsku kompaniju, na\u0161la neki manjak i onda su nju postavili za direktora, a ona je kupila mjenice, \u0161to veze nema s istinom &#8211; tvrdi Arnautovi\u0107.<\/p>\n<p>Tali\u0107-Gabrijel: Ima sudija pa neka presudi<\/p>\n<p>\u0110emila Tali\u0107-Gabrijel nam je kazala da se ne\u0107e referirati na Arnautovi\u0107eve navode o braku s Gondom, ali da \u0107e pravdu o, kako ka\u017ee, klevetama na njen ra\u010dun, potra\u017eiti na sudu.<\/p>\n<p>&#8211; To ne\u0107u komentirati, ali \u0107u podnijeti tu\u017ebu za klevetu. Ima sudija pa neka presudi \u2013 kazala je Tali\u0107-Gabrijel za \u201cAvaz\u201d.<\/p>\n<p>Uvjerena je da \u0107e biv\u0161eg mu\u017ea dobiti na sudu te ka\u017ee kako \u0107e novac iz tog spora donirati sigurnoj ku\u0107i. Dodala je da je od nadle\u017enih australskih vlasti zatra\u017eila izvod iz svog dosjea, koji, kako tvrdi, dokazuje da se nije bavila malverzacijama te da \u0107e nam dokument dati na uvid kad ga bude imala.<\/p>\n<p>Dnevni avaz<\/p>\n","protected":false},"excerpt":{"rendered":"<p>Danijal Arnautovi\u0107, prvi mu\u017e po\u010dasne konzulice BiH u Australiji i ugledne \u010dlanice Stranke demokratske akcije \u0110emile Tali\u0107-Gabrijel, u nastavku ekskluzivne ispovijesti za \u201cAvaz\u201d otkriva detalje njene, o\u010digledno, dobro \u010duvane tajne [&hellip;]<\/p>\n","protected":false},"author":1,"featured_media":0,"comment_status":"closed","ping_status":"open","sticky":false,"template":"","format":"standard","meta":{"_monsterinsights_skip_tracking":false,"_monsterinsights_sitenote_active":false,"_monsterinsights_sitenote_note":"","_monsterinsights_sitenote_category":0,"footnotes":""},"categories":[3],"tags":[2426],"yoast_head":"<!-- This site is optimized with the Yoast SEO plugin v21.6 - https:\/\/yoast.com\/wordpress\/plugins\/seo\/ -->\n<title>KAKO JE BRAK DANIJALA I \u0110EMILE FIKTIVNO RAZVEDEN U PRIJEDORU - PrijedorDanas.com - Prijedorski gradski portal<\/title>\n<meta name=\"robots\" content=\"index, follow, max-snippet:-1, max-image-preview:large, max-video-preview:-1\" \/>\n<link rel=\"canonical\" href=\"https:\/\/www.prijedordanas.com\/?p=124211\" \/>\n<meta property=\"og:locale\" content=\"en_US\" \/>\n<meta property=\"og:type\" content=\"article\" \/>\n<meta property=\"og:title\" content=\"KAKO JE BRAK DANIJALA I \u0110EMILE FIKTIVNO RAZVEDEN U PRIJEDORU - PrijedorDanas.com - Prijedorski gradski portal\" \/>\n<meta property=\"og:description\" content=\"Danijal Arnautovi\u0107, prvi mu\u017e po\u010dasne konzulice BiH u Australiji i ugledne \u010dlanice Stranke demokratske akcije \u0110emile Tali\u0107-Gabrijel, u nastavku ekskluzivne ispovijesti za \u201cAvaz\u201d otkriva detalje njene, o\u010digledno, dobro \u010duvane tajne [&hellip;]\" \/>\n<meta property=\"og:url\" content=\"https:\/\/www.prijedordanas.com\/?p=124211\" \/>\n<meta property=\"og:site_name\" content=\"PrijedorDanas.com - Prijedorski gradski portal\" \/>\n<meta property=\"article:publisher\" content=\"https:\/\/www.facebook.com\/PrijedorDanasCom\/\" \/>\n<meta property=\"article:published_time\" content=\"2019-03-23T08:11:48+00:00\" \/>\n<meta property=\"og:image\" content=\"https:\/\/www.prijedordanas.com\/wp-content\/uploads\/2019\/03\/avaz-danijal-djemila-1-300x238.jpg\" \/>\n<meta name=\"author\" content=\"admin\" \/>\n<meta name=\"twitter:card\" content=\"summary_large_image\" \/>\n<meta name=\"twitter:label1\" content=\"Written by\" \/>\n\t<meta name=\"twitter:data1\" content=\"admin\" \/>\n\t<meta name=\"twitter:label2\" content=\"Est. reading time\" \/>\n\t<meta name=\"twitter:data2\" content=\"5 minutes\" \/>\n<script type=\"application\/ld+json\" class=\"yoast-schema-graph\">{\"@context\":\"https:\/\/schema.org\",\"@graph\":[{\"@type\":\"Article\",\"@id\":\"https:\/\/www.prijedordanas.com\/?p=124211#article\",\"isPartOf\":{\"@id\":\"https:\/\/www.prijedordanas.com\/?p=124211\"},\"author\":{\"name\":\"admin\",\"@id\":\"https:\/\/www.prijedordanas.com\/#\/schema\/person\/4e08ccf29b506ca916ff86d46bb700e6\"},\"headline\":\"KAKO JE BRAK DANIJALA I \u0110EMILE FIKTIVNO RAZVEDEN U PRIJEDORU\",\"datePublished\":\"2019-03-23T08:11:48+00:00\",\"dateModified\":\"2019-03-23T08:11:48+00:00\",\"mainEntityOfPage\":{\"@id\":\"https:\/\/www.prijedordanas.com\/?p=124211\"},\"wordCount\":1015,\"publisher\":{\"@id\":\"https:\/\/www.prijedordanas.com\/#organization\"},\"keywords\":[\"razvod\"],\"articleSection\":[\"\u017divot\"],\"inLanguage\":\"en-US\"},{\"@type\":\"WebPage\",\"@id\":\"https:\/\/www.prijedordanas.com\/?p=124211\",\"url\":\"https:\/\/www.prijedordanas.com\/?p=124211\",\"name\":\"KAKO JE BRAK DANIJALA I \u0110EMILE FIKTIVNO RAZVEDEN U PRIJEDORU - PrijedorDanas.com - Prijedorski gradski portal\",\"isPartOf\":{\"@id\":\"https:\/\/www.prijedordanas.com\/#website\"},\"datePublished\":\"2019-03-23T08:11:48+00:00\",\"dateModified\":\"2019-03-23T08:11:48+00:00\",\"breadcrumb\":{\"@id\":\"https:\/\/www.prijedordanas.com\/?p=124211#breadcrumb\"},\"inLanguage\":\"en-US\",\"potentialAction\":[{\"@type\":\"ReadAction\",\"target\":[\"https:\/\/www.prijedordanas.com\/?p=124211\"]}]},{\"@type\":\"BreadcrumbList\",\"@id\":\"https:\/\/www.prijedordanas.com\/?p=124211#breadcrumb\",\"itemListElement\":[{\"@type\":\"ListItem\",\"position\":1,\"name\":\"Home\",\"item\":\"https:\/\/www.prijedordanas.com\/\"},{\"@type\":\"ListItem\",\"position\":2,\"name\":\"KAKO JE BRAK DANIJALA I \u0110EMILE FIKTIVNO RAZVEDEN U PRIJEDORU\"}]},{\"@type\":\"WebSite\",\"@id\":\"https:\/\/www.prijedordanas.com\/#website\",\"url\":\"https:\/\/www.prijedordanas.com\/\",\"name\":\"PrijedorDanas.com - Prijedorski gradski portal\",\"description\":\"Portal o doga\u0111anjima u gradu Prijedoru\",\"publisher\":{\"@id\":\"https:\/\/www.prijedordanas.com\/#organization\"},\"potentialAction\":[{\"@type\":\"SearchAction\",\"target\":{\"@type\":\"EntryPoint\",\"urlTemplate\":\"https:\/\/www.prijedordanas.com\/?s={search_term_string}\"},\"query-input\":\"required name=search_term_string\"}],\"inLanguage\":\"en-US\"},{\"@type\":\"Organization\",\"@id\":\"https:\/\/www.prijedordanas.com\/#organization\",\"name\":\"PrijedorDanas.com\",\"url\":\"https:\/\/www.prijedordanas.com\/\",\"logo\":{\"@type\":\"ImageObject\",\"inLanguage\":\"en-US\",\"@id\":\"https:\/\/www.prijedordanas.com\/#\/schema\/logo\/image\/\",\"url\":\"http:\/\/www.prijedordanas.com\/wp-content\/uploads\/2021\/12\/logopng.png\",\"contentUrl\":\"http:\/\/www.prijedordanas.com\/wp-content\/uploads\/2021\/12\/logopng.png\",\"width\":1019,\"height\":776,\"caption\":\"PrijedorDanas.com\"},\"image\":{\"@id\":\"https:\/\/www.prijedordanas.com\/#\/schema\/logo\/image\/\"},\"sameAs\":[\"https:\/\/www.facebook.com\/PrijedorDanasCom\/\"]},{\"@type\":\"Person\",\"@id\":\"https:\/\/www.prijedordanas.com\/#\/schema\/person\/4e08ccf29b506ca916ff86d46bb700e6\",\"name\":\"admin\",\"image\":{\"@type\":\"ImageObject\",\"inLanguage\":\"en-US\",\"@id\":\"https:\/\/www.prijedordanas.com\/#\/schema\/person\/image\/\",\"url\":\"https:\/\/secure.gravatar.com\/avatar\/1d3fc949d550f0b53a5f0d51e06dfd79?s=96&d=mm&r=g\",\"contentUrl\":\"https:\/\/secure.gravatar.com\/avatar\/1d3fc949d550f0b53a5f0d51e06dfd79?s=96&d=mm&r=g\",\"caption\":\"admin\"},\"url\":\"https:\/\/www.prijedordanas.com\/?author=1\"}]}<\/script>\n<!-- \/ Yoast SEO plugin. -->","yoast_head_json":{"title":"KAKO JE BRAK DANIJALA I \u0110EMILE FIKTIVNO RAZVEDEN U PRIJEDORU - PrijedorDanas.com - Prijedorski gradski portal","robots":{"index":"index","follow":"follow","max-snippet":"max-snippet:-1","max-image-preview":"max-image-preview:large","max-video-preview":"max-video-preview:-1"},"canonical":"https:\/\/www.prijedordanas.com\/?p=124211","og_locale":"en_US","og_type":"article","og_title":"KAKO JE BRAK DANIJALA I \u0110EMILE FIKTIVNO RAZVEDEN U PRIJEDORU - PrijedorDanas.com - Prijedorski gradski portal","og_description":"Danijal Arnautovi\u0107, prvi mu\u017e po\u010dasne konzulice BiH u Australiji i ugledne \u010dlanice Stranke demokratske akcije \u0110emile Tali\u0107-Gabrijel, u nastavku ekskluzivne ispovijesti za \u201cAvaz\u201d otkriva detalje njene, o\u010digledno, dobro \u010duvane tajne [&hellip;]","og_url":"https:\/\/www.prijedordanas.com\/?p=124211","og_site_name":"PrijedorDanas.com - Prijedorski gradski portal","article_publisher":"https:\/\/www.facebook.com\/PrijedorDanasCom\/","article_published_time":"2019-03-23T08:11:48+00:00","og_image":[{"url":"https:\/\/www.prijedordanas.com\/wp-content\/uploads\/2019\/03\/avaz-danijal-djemila-1-300x238.jpg"}],"author":"admin","twitter_card":"summary_large_image","twitter_misc":{"Written by":"admin","Est. reading time":"5 minutes"},"schema":{"@context":"https:\/\/schema.org","@graph":[{"@type":"Article","@id":"https:\/\/www.prijedordanas.com\/?p=124211#article","isPartOf":{"@id":"https:\/\/www.prijedordanas.com\/?p=124211"},"author":{"name":"admin","@id":"https:\/\/www.prijedordanas.com\/#\/schema\/person\/4e08ccf29b506ca916ff86d46bb700e6"},"headline":"KAKO JE BRAK DANIJALA I \u0110EMILE FIKTIVNO RAZVEDEN U PRIJEDORU","datePublished":"2019-03-23T08:11:48+00:00","dateModified":"2019-03-23T08:11:48+00:00","mainEntityOfPage":{"@id":"https:\/\/www.prijedordanas.com\/?p=124211"},"wordCount":1015,"publisher":{"@id":"https:\/\/www.prijedordanas.com\/#organization"},"keywords":["razvod"],"articleSection":["\u017divot"],"inLanguage":"en-US"},{"@type":"WebPage","@id":"https:\/\/www.prijedordanas.com\/?p=124211","url":"https:\/\/www.prijedordanas.com\/?p=124211","name":"KAKO JE BRAK DANIJALA I \u0110EMILE FIKTIVNO RAZVEDEN U PRIJEDORU - PrijedorDanas.com - Prijedorski gradski portal","isPartOf":{"@id":"https:\/\/www.prijedordanas.com\/#website"},"datePublished":"2019-03-23T08:11:48+00:00","dateModified":"2019-03-23T08:11:48+00:00","breadcrumb":{"@id":"https:\/\/www.prijedordanas.com\/?p=124211#breadcrumb"},"inLanguage":"en-US","potentialAction":[{"@type":"ReadAction","target":["https:\/\/www.prijedordanas.com\/?p=124211"]}]},{"@type":"BreadcrumbList","@id":"https:\/\/www.prijedordanas.com\/?p=124211#breadcrumb","itemListElement":[{"@type":"ListItem","position":1,"name":"Home","item":"https:\/\/www.prijedordanas.com\/"},{"@type":"ListItem","position":2,"name":"KAKO JE BRAK DANIJALA I \u0110EMILE FIKTIVNO RAZVEDEN U PRIJEDORU"}]},{"@type":"WebSite","@id":"https:\/\/www.prijedordanas.com\/#website","url":"https:\/\/www.prijedordanas.com\/","name":"PrijedorDanas.com - Prijedorski gradski portal","description":"Portal o doga\u0111anjima u gradu Prijedoru","publisher":{"@id":"https:\/\/www.prijedordanas.com\/#organization"},"potentialAction":[{"@type":"SearchAction","target":{"@type":"EntryPoint","urlTemplate":"https:\/\/www.prijedordanas.com\/?s={search_term_string}"},"query-input":"required name=search_term_string"}],"inLanguage":"en-US"},{"@type":"Organization","@id":"https:\/\/www.prijedordanas.com\/#organization","name":"PrijedorDanas.com","url":"https:\/\/www.prijedordanas.com\/","logo":{"@type":"ImageObject","inLanguage":"en-US","@id":"https:\/\/www.prijedordanas.com\/#\/schema\/logo\/image\/","url":"http:\/\/www.prijedordanas.com\/wp-content\/uploads\/2021\/12\/logopng.png","contentUrl":"http:\/\/www.prijedordanas.com\/wp-content\/uploads\/2021\/12\/logopng.png","width":1019,"height":776,"caption":"PrijedorDanas.com"},"image":{"@id":"https:\/\/www.prijedordanas.com\/#\/schema\/logo\/image\/"},"sameAs":["https:\/\/www.facebook.com\/PrijedorDanasCom\/"]},{"@type":"Person","@id":"https:\/\/www.prijedordanas.com\/#\/schema\/person\/4e08ccf29b506ca916ff86d46bb700e6","name":"admin","image":{"@type":"ImageObject","inLanguage":"en-US","@id":"https:\/\/www.prijedordanas.com\/#\/schema\/person\/image\/","url":"https:\/\/secure.gravatar.com\/avatar\/1d3fc949d550f0b53a5f0d51e06dfd79?s=96&d=mm&r=g","contentUrl":"https:\/\/secure.gravatar.com\/avatar\/1d3fc949d550f0b53a5f0d51e06dfd79?s=96&d=mm&r=g","caption":"admin"},"url":"https:\/\/www.prijedordanas.com\/?author=1"}]}},"_links":{"self":[{"href":"https:\/\/www.prijedordanas.com\/index.php?rest_route=\/wp\/v2\/posts\/124211"}],"collection":[{"href":"https:\/\/www.prijedordanas.com\/index.php?rest_route=\/wp\/v2\/posts"}],"about":[{"href":"https:\/\/www.prijedordanas.com\/index.php?rest_route=\/wp\/v2\/types\/post"}],"author":[{"embeddable":true,"href":"https:\/\/www.prijedordanas.com\/index.php?rest_route=\/wp\/v2\/users\/1"}],"replies":[{"embeddable":true,"href":"https:\/\/www.prijedordanas.com\/index.php?rest_route=%2Fwp%2Fv2%2Fcomments&post=124211"}],"version-history":[{"count":1,"href":"https:\/\/www.prijedordanas.com\/index.php?rest_route=\/wp\/v2\/posts\/124211\/revisions"}],"predecessor-version":[{"id":124216,"href":"https:\/\/www.prijedordanas.com\/index.php?rest_route=\/wp\/v2\/posts\/124211\/revisions\/124216"}],"wp:attachment":[{"href":"https:\/\/www.prijedordanas.com\/index.php?rest_route=%2Fwp%2Fv2%2Fmedia&parent=124211"}],"wp:term":[{"taxonomy":"category","embeddable":true,"href":"https:\/\/www.prijedordanas.com\/index.php?rest_route=%2Fwp%2Fv2%2Fcategories&post=124211"},{"taxonomy":"post_tag","embeddable":true,"href":"https:\/\/www.prijedordanas.com\/index.php?rest_route=%2Fwp%2Fv2%2Ftags&post=124211"}],"curies":[{"name":"wp","href":"https:\/\/api.w.org\/{rel}","templated":true}]}}