{"id":124155,"date":"2019-03-22T21:39:45","date_gmt":"2019-03-22T20:39:45","guid":{"rendered":"https:\/\/www.prijedordanas.com\/?p=124155"},"modified":"2019-03-23T07:00:07","modified_gmt":"2019-03-23T06:00:07","slug":"dodik-i-cvijanoviceva-na-osmomartovskoj-proslavi-snsd-a-prijedor-zene-odane-i-posvecene-partiji-foto","status":"publish","type":"post","link":"https:\/\/www.prijedordanas.com\/?p=124155","title":{"rendered":"DODIK I CVIJANOVI\u0106EVA NA OSMOMARTOVSKOJ PROSLAVI SNSD-A PRIJEDOR: \u017dENE ODANE I POSVE\u0106ENE PARTIJI \u2013 FOTO"},"content":{"rendered":"<p><a href=\"https:\/\/www.prijedordanas.com\/wp-content\/uploads\/2019\/03\/snsd-prijedor-proslava-zene-dodik-cvijanovic-1.jpg\"><img loading=\"lazy\" decoding=\"async\" src=\"https:\/\/www.prijedordanas.com\/wp-content\/uploads\/2019\/03\/snsd-prijedor-proslava-zene-dodik-cvijanovic-1-300x217.jpg\" alt=\"\" width=\"300\" height=\"217\" class=\"alignleft size-medium wp-image-124156\" srcset=\"https:\/\/www.prijedordanas.com\/wp-content\/uploads\/2019\/03\/snsd-prijedor-proslava-zene-dodik-cvijanovic-1-300x217.jpg 300w, https:\/\/www.prijedordanas.com\/wp-content\/uploads\/2019\/03\/snsd-prijedor-proslava-zene-dodik-cvijanovic-1-100x72.jpg 100w, https:\/\/www.prijedordanas.com\/wp-content\/uploads\/2019\/03\/snsd-prijedor-proslava-zene-dodik-cvijanovic-1.jpg 690w\" sizes=\"(max-width: 300px) 100vw, 300px\" \/><\/a>U organizaciji Gradskog odbora Saveza nezavisnih socijaldemokrata Prijedor i Aktiva \u017eena ove organizacije u petak je u sve\u010danoj sali motela \u201cPeti neplan\u201d u Omarskoj kod Prijedora odr\u017eana velika osmomartovska proslava.<\/p>\n<p>Ovom dru\u017eenju prisustvovali su i predsjednik SNSD-a i srpski \u010dlan Predsjedni\u0161tva BiH Milorad Dodik te potpredsjednica stranke i Predsjednica Republike Srpske \u017deljka Cvijanovi\u0107.<\/p>\n<p>-SNSD je najmo\u0107nija organizacija i ponosim se na\u0161im Aktivom \u017eena koji okuplja brojne aktivistkinje, veoma odane i posve\u0107ene partiji. Osmomartovske proslave predstavljaju neku vrstu zahvalnosti za sve ono \u0161to su \u017eene SNSD-a \u010dinile u me\u0111uvremenu. Prijedorska organizacija \u017eena je jedna od najorganizovanijih, najboljih i najmasovnijih i one \u010desto, nekoliko puta u godini, prave ovakve manifestacije. Ovo je mjesto gdje \u017eelimo da se zahvalimo za sve \u0161to \u010dine na\u0161e znane i neznane aktivistkinje i da im poru\u010dimo da su dio velike porodice SNSD-a &#8211; rekao je Dodik. <\/p>\n<p>-Ovakvo okupljanje je tradicionalno u svim gradskim i op\u0161tinskim odborima povodom 8. marta. To je prilika da se zahvalimo aktivistkinjama i \u010dlanicama SNSD-a na svim naporima koje ula\u017eu da bi stranka funkcionisala i ostvarivala svoje politike. Kao predsjednica Republike i ranije predsjednica Vlade, na\u0161e \u010dlanice koje su ministrice, direktorice, koje su narodni poslanici i na razli\u010ditim pozicijama, koje su na\u010delnice, odbornice &#8211; sve zajedno \u010dinimo veliki tim i pokazujemo zapravo same u praksi da je uloga \u017eena u SNSD-u ravnopravna i jednaka sa na\u0161im mu\u0161kim kolegama. Zajedno kreiramo i sprovodimo politike i zajedno radimo i gradimo bolju Republiku Srpsku \u2013 istakla je Cvijanovi\u0107eva. <\/p>\n<p>-U prijedorskom SNSD-u polo\u017eaj \u017eena je isti kao i polo\u017eaj mu\u0161karaca, ravnopravan i izvanredan. One \u010dine polovinu sastava SNSD-a u Prijedoru kao i u \u010ditavoj Republici Srpskoj. \u017dene su va\u017ean dio i, najva\u017enije, nikada nisu izdale svoju partiju i cijene i vole predsjednika, u\u010destvuju u svim aktivnostima i doprinose izbornim rezultatima \u2013 rekla je Gorana Bosan\u010di\u0107, predsjednica Aktiva \u017eena SNSD-a Prijedor.<\/p>\n<p>Osim kompletnog rukovodstva Gradskog odbora SNSD-a Prijedor i nekoliko stotina \u010dlanova i simpatizera obe stranke, proslavi u Omarskoj prisustvovala je i predsjednica Aktiva \u017eena SNSD-a Nada Te\u0161anovi\u0107.<\/p>\n<p>Tekst i foto \u2013 Aleksandar Drakuli\u0107 \u2013 <a href=\"https:\/\/www.prijedordanas.com\" target=\"_blank\" rel=\"noopener noreferrer\">www.prijedordanas.com<\/a><\/p>\n<p><a href=\"https:\/\/www.prijedordanas.com\/wp-content\/uploads\/2019\/03\/snsd-prijedor-proslava-zene-dodik-cvijanovic-2.jpg\"><img loading=\"lazy\" decoding=\"async\" src=\"https:\/\/www.prijedordanas.com\/wp-content\/uploads\/2019\/03\/snsd-prijedor-proslava-zene-dodik-cvijanovic-2-300x222.jpg\" alt=\"\" width=\"300\" height=\"222\" class=\"alignleft size-medium wp-image-124157\" srcset=\"https:\/\/www.prijedordanas.com\/wp-content\/uploads\/2019\/03\/snsd-prijedor-proslava-zene-dodik-cvijanovic-2-300x222.jpg 300w, https:\/\/www.prijedordanas.com\/wp-content\/uploads\/2019\/03\/snsd-prijedor-proslava-zene-dodik-cvijanovic-2-100x74.jpg 100w, https:\/\/www.prijedordanas.com\/wp-content\/uploads\/2019\/03\/snsd-prijedor-proslava-zene-dodik-cvijanovic-2.jpg 675w\" sizes=\"(max-width: 300px) 100vw, 300px\" \/><\/a> <a href=\"https:\/\/www.prijedordanas.com\/wp-content\/uploads\/2019\/03\/snsd-prijedor-proslava-zene-dodik-cvijanovic-3.jpg\"><img loading=\"lazy\" decoding=\"async\" src=\"https:\/\/www.prijedordanas.com\/wp-content\/uploads\/2019\/03\/snsd-prijedor-proslava-zene-dodik-cvijanovic-3-300x222.jpg\" alt=\"\" width=\"300\" height=\"222\" class=\"alignleft size-medium wp-image-124158\" srcset=\"https:\/\/www.prijedordanas.com\/wp-content\/uploads\/2019\/03\/snsd-prijedor-proslava-zene-dodik-cvijanovic-3-300x222.jpg 300w, https:\/\/www.prijedordanas.com\/wp-content\/uploads\/2019\/03\/snsd-prijedor-proslava-zene-dodik-cvijanovic-3-100x74.jpg 100w, https:\/\/www.prijedordanas.com\/wp-content\/uploads\/2019\/03\/snsd-prijedor-proslava-zene-dodik-cvijanovic-3.jpg 675w\" sizes=\"(max-width: 300px) 100vw, 300px\" \/><\/a> <a href=\"https:\/\/www.prijedordanas.com\/wp-content\/uploads\/2019\/03\/snsd-prijedor-proslava-zene-dodik-cvijanovic-4.jpg\"><img loading=\"lazy\" decoding=\"async\" src=\"https:\/\/www.prijedordanas.com\/wp-content\/uploads\/2019\/03\/snsd-prijedor-proslava-zene-dodik-cvijanovic-4-300x222.jpg\" alt=\"\" width=\"300\" height=\"222\" class=\"alignleft size-medium wp-image-124159\" srcset=\"https:\/\/www.prijedordanas.com\/wp-content\/uploads\/2019\/03\/snsd-prijedor-proslava-zene-dodik-cvijanovic-4-300x222.jpg 300w, https:\/\/www.prijedordanas.com\/wp-content\/uploads\/2019\/03\/snsd-prijedor-proslava-zene-dodik-cvijanovic-4-100x74.jpg 100w, https:\/\/www.prijedordanas.com\/wp-content\/uploads\/2019\/03\/snsd-prijedor-proslava-zene-dodik-cvijanovic-4.jpg 675w\" sizes=\"(max-width: 300px) 100vw, 300px\" \/><\/a> <a href=\"https:\/\/www.prijedordanas.com\/wp-content\/uploads\/2019\/03\/snsd-prijedor-proslava-zene-dodik-cvijanovic-5.jpg\"><img loading=\"lazy\" decoding=\"async\" src=\"https:\/\/www.prijedordanas.com\/wp-content\/uploads\/2019\/03\/snsd-prijedor-proslava-zene-dodik-cvijanovic-5-300x222.jpg\" alt=\"\" width=\"300\" height=\"222\" class=\"alignleft size-medium wp-image-124160\" srcset=\"https:\/\/www.prijedordanas.com\/wp-content\/uploads\/2019\/03\/snsd-prijedor-proslava-zene-dodik-cvijanovic-5-300x222.jpg 300w, https:\/\/www.prijedordanas.com\/wp-content\/uploads\/2019\/03\/snsd-prijedor-proslava-zene-dodik-cvijanovic-5-100x74.jpg 100w, https:\/\/www.prijedordanas.com\/wp-content\/uploads\/2019\/03\/snsd-prijedor-proslava-zene-dodik-cvijanovic-5.jpg 675w\" sizes=\"(max-width: 300px) 100vw, 300px\" \/><\/a> <a href=\"https:\/\/www.prijedordanas.com\/wp-content\/uploads\/2019\/03\/snsd-prijedor-proslava-zene-dodik-cvijanovic-6.jpg\"><img loading=\"lazy\" decoding=\"async\" src=\"https:\/\/www.prijedordanas.com\/wp-content\/uploads\/2019\/03\/snsd-prijedor-proslava-zene-dodik-cvijanovic-6-300x199.jpg\" alt=\"\" width=\"300\" height=\"199\" class=\"alignleft size-medium wp-image-124161\" srcset=\"https:\/\/www.prijedordanas.com\/wp-content\/uploads\/2019\/03\/snsd-prijedor-proslava-zene-dodik-cvijanovic-6-300x199.jpg 300w, https:\/\/www.prijedordanas.com\/wp-content\/uploads\/2019\/03\/snsd-prijedor-proslava-zene-dodik-cvijanovic-6-100x66.jpg 100w, https:\/\/www.prijedordanas.com\/wp-content\/uploads\/2019\/03\/snsd-prijedor-proslava-zene-dodik-cvijanovic-6-480x320.jpg 480w, https:\/\/www.prijedordanas.com\/wp-content\/uploads\/2019\/03\/snsd-prijedor-proslava-zene-dodik-cvijanovic-6.jpg 600w\" sizes=\"(max-width: 300px) 100vw, 300px\" \/><\/a> <a href=\"https:\/\/www.prijedordanas.com\/wp-content\/uploads\/2019\/03\/snsd-prijedor-proslava-zene-dodik-cvijanovic-7.jpg\"><img loading=\"lazy\" decoding=\"async\" src=\"https:\/\/www.prijedordanas.com\/wp-content\/uploads\/2019\/03\/snsd-prijedor-proslava-zene-dodik-cvijanovic-7-300x199.jpg\" alt=\"\" width=\"300\" height=\"199\" class=\"alignleft size-medium wp-image-124162\" srcset=\"https:\/\/www.prijedordanas.com\/wp-content\/uploads\/2019\/03\/snsd-prijedor-proslava-zene-dodik-cvijanovic-7-300x199.jpg 300w, https:\/\/www.prijedordanas.com\/wp-content\/uploads\/2019\/03\/snsd-prijedor-proslava-zene-dodik-cvijanovic-7-100x66.jpg 100w, https:\/\/www.prijedordanas.com\/wp-content\/uploads\/2019\/03\/snsd-prijedor-proslava-zene-dodik-cvijanovic-7-480x320.jpg 480w, https:\/\/www.prijedordanas.com\/wp-content\/uploads\/2019\/03\/snsd-prijedor-proslava-zene-dodik-cvijanovic-7.jpg 600w\" sizes=\"(max-width: 300px) 100vw, 300px\" \/><\/a> <a href=\"https:\/\/www.prijedordanas.com\/wp-content\/uploads\/2019\/03\/snsd-prijedor-proslava-zene-dodik-cvijanovic-8.jpg\"><img loading=\"lazy\" decoding=\"async\" src=\"https:\/\/www.prijedordanas.com\/wp-content\/uploads\/2019\/03\/snsd-prijedor-proslava-zene-dodik-cvijanovic-8-300x199.jpg\" alt=\"\" width=\"300\" height=\"199\" class=\"alignleft size-medium wp-image-124163\" srcset=\"https:\/\/www.prijedordanas.com\/wp-content\/uploads\/2019\/03\/snsd-prijedor-proslava-zene-dodik-cvijanovic-8-300x199.jpg 300w, https:\/\/www.prijedordanas.com\/wp-content\/uploads\/2019\/03\/snsd-prijedor-proslava-zene-dodik-cvijanovic-8-100x66.jpg 100w, https:\/\/www.prijedordanas.com\/wp-content\/uploads\/2019\/03\/snsd-prijedor-proslava-zene-dodik-cvijanovic-8-480x320.jpg 480w, https:\/\/www.prijedordanas.com\/wp-content\/uploads\/2019\/03\/snsd-prijedor-proslava-zene-dodik-cvijanovic-8.jpg 600w\" sizes=\"(max-width: 300px) 100vw, 300px\" \/><\/a> <a href=\"https:\/\/www.prijedordanas.com\/wp-content\/uploads\/2019\/03\/snsd-prijedor-proslava-zene-dodik-cvijanovic-9.jpg\"><img loading=\"lazy\" decoding=\"async\" src=\"https:\/\/www.prijedordanas.com\/wp-content\/uploads\/2019\/03\/snsd-prijedor-proslava-zene-dodik-cvijanovic-9-300x199.jpg\" alt=\"\" width=\"300\" height=\"199\" class=\"alignleft size-medium wp-image-124164\" srcset=\"https:\/\/www.prijedordanas.com\/wp-content\/uploads\/2019\/03\/snsd-prijedor-proslava-zene-dodik-cvijanovic-9-300x199.jpg 300w, https:\/\/www.prijedordanas.com\/wp-content\/uploads\/2019\/03\/snsd-prijedor-proslava-zene-dodik-cvijanovic-9-100x66.jpg 100w, https:\/\/www.prijedordanas.com\/wp-content\/uploads\/2019\/03\/snsd-prijedor-proslava-zene-dodik-cvijanovic-9-480x320.jpg 480w, https:\/\/www.prijedordanas.com\/wp-content\/uploads\/2019\/03\/snsd-prijedor-proslava-zene-dodik-cvijanovic-9.jpg 600w\" sizes=\"(max-width: 300px) 100vw, 300px\" \/><\/a> <a href=\"https:\/\/www.prijedordanas.com\/wp-content\/uploads\/2019\/03\/snsd-prijedor-proslava-zene-dodik-cvijanovic-10.jpg\"><img loading=\"lazy\" decoding=\"async\" src=\"https:\/\/www.prijedordanas.com\/wp-content\/uploads\/2019\/03\/snsd-prijedor-proslava-zene-dodik-cvijanovic-10-300x199.jpg\" alt=\"\" width=\"300\" height=\"199\" class=\"alignleft size-medium wp-image-124165\" srcset=\"https:\/\/www.prijedordanas.com\/wp-content\/uploads\/2019\/03\/snsd-prijedor-proslava-zene-dodik-cvijanovic-10-300x199.jpg 300w, https:\/\/www.prijedordanas.com\/wp-content\/uploads\/2019\/03\/snsd-prijedor-proslava-zene-dodik-cvijanovic-10-100x66.jpg 100w, https:\/\/www.prijedordanas.com\/wp-content\/uploads\/2019\/03\/snsd-prijedor-proslava-zene-dodik-cvijanovic-10-480x320.jpg 480w, https:\/\/www.prijedordanas.com\/wp-content\/uploads\/2019\/03\/snsd-prijedor-proslava-zene-dodik-cvijanovic-10.jpg 600w\" sizes=\"(max-width: 300px) 100vw, 300px\" \/><\/a> <a href=\"https:\/\/www.prijedordanas.com\/wp-content\/uploads\/2019\/03\/snsd-prijedor-proslava-zene-dodik-cvijanovic-11.jpg\"><img loading=\"lazy\" decoding=\"async\" src=\"https:\/\/www.prijedordanas.com\/wp-content\/uploads\/2019\/03\/snsd-prijedor-proslava-zene-dodik-cvijanovic-11-300x199.jpg\" alt=\"\" width=\"300\" height=\"199\" class=\"alignleft size-medium wp-image-124166\" srcset=\"https:\/\/www.prijedordanas.com\/wp-content\/uploads\/2019\/03\/snsd-prijedor-proslava-zene-dodik-cvijanovic-11-300x199.jpg 300w, https:\/\/www.prijedordanas.com\/wp-content\/uploads\/2019\/03\/snsd-prijedor-proslava-zene-dodik-cvijanovic-11-100x66.jpg 100w, https:\/\/www.prijedordanas.com\/wp-content\/uploads\/2019\/03\/snsd-prijedor-proslava-zene-dodik-cvijanovic-11-480x320.jpg 480w, https:\/\/www.prijedordanas.com\/wp-content\/uploads\/2019\/03\/snsd-prijedor-proslava-zene-dodik-cvijanovic-11.jpg 600w\" sizes=\"(max-width: 300px) 100vw, 300px\" \/><\/a> <a href=\"https:\/\/www.prijedordanas.com\/wp-content\/uploads\/2019\/03\/snsd-prijedor-proslava-zene-dodik-cvijanovic-12.jpg\"><img loading=\"lazy\" decoding=\"async\" src=\"https:\/\/www.prijedordanas.com\/wp-content\/uploads\/2019\/03\/snsd-prijedor-proslava-zene-dodik-cvijanovic-12-300x199.jpg\" alt=\"\" width=\"300\" height=\"199\" class=\"alignleft size-medium wp-image-124167\" srcset=\"https:\/\/www.prijedordanas.com\/wp-content\/uploads\/2019\/03\/snsd-prijedor-proslava-zene-dodik-cvijanovic-12-300x199.jpg 300w, https:\/\/www.prijedordanas.com\/wp-content\/uploads\/2019\/03\/snsd-prijedor-proslava-zene-dodik-cvijanovic-12-100x66.jpg 100w, https:\/\/www.prijedordanas.com\/wp-content\/uploads\/2019\/03\/snsd-prijedor-proslava-zene-dodik-cvijanovic-12-480x320.jpg 480w, https:\/\/www.prijedordanas.com\/wp-content\/uploads\/2019\/03\/snsd-prijedor-proslava-zene-dodik-cvijanovic-12.jpg 600w\" sizes=\"(max-width: 300px) 100vw, 300px\" \/><\/a> <a href=\"https:\/\/www.prijedordanas.com\/wp-content\/uploads\/2019\/03\/snsd-prijedor-proslava-zene-dodik-cvijanovic-14.jpg\"><img loading=\"lazy\" decoding=\"async\" src=\"https:\/\/www.prijedordanas.com\/wp-content\/uploads\/2019\/03\/snsd-prijedor-proslava-zene-dodik-cvijanovic-14-300x199.jpg\" alt=\"\" width=\"300\" height=\"199\" class=\"alignleft size-medium wp-image-124168\" srcset=\"https:\/\/www.prijedordanas.com\/wp-content\/uploads\/2019\/03\/snsd-prijedor-proslava-zene-dodik-cvijanovic-14-300x199.jpg 300w, https:\/\/www.prijedordanas.com\/wp-content\/uploads\/2019\/03\/snsd-prijedor-proslava-zene-dodik-cvijanovic-14-100x66.jpg 100w, https:\/\/www.prijedordanas.com\/wp-content\/uploads\/2019\/03\/snsd-prijedor-proslava-zene-dodik-cvijanovic-14-480x320.jpg 480w, https:\/\/www.prijedordanas.com\/wp-content\/uploads\/2019\/03\/snsd-prijedor-proslava-zene-dodik-cvijanovic-14.jpg 600w\" sizes=\"(max-width: 300px) 100vw, 300px\" \/><\/a> <a href=\"https:\/\/www.prijedordanas.com\/wp-content\/uploads\/2019\/03\/snsd-prijedor-proslava-zene-dodik-cvijanovic-15.jpg\"><img loading=\"lazy\" decoding=\"async\" src=\"https:\/\/www.prijedordanas.com\/wp-content\/uploads\/2019\/03\/snsd-prijedor-proslava-zene-dodik-cvijanovic-15-300x199.jpg\" alt=\"\" width=\"300\" height=\"199\" class=\"alignleft size-medium wp-image-124169\" srcset=\"https:\/\/www.prijedordanas.com\/wp-content\/uploads\/2019\/03\/snsd-prijedor-proslava-zene-dodik-cvijanovic-15-300x199.jpg 300w, https:\/\/www.prijedordanas.com\/wp-content\/uploads\/2019\/03\/snsd-prijedor-proslava-zene-dodik-cvijanovic-15-100x66.jpg 100w, https:\/\/www.prijedordanas.com\/wp-content\/uploads\/2019\/03\/snsd-prijedor-proslava-zene-dodik-cvijanovic-15-480x320.jpg 480w, https:\/\/www.prijedordanas.com\/wp-content\/uploads\/2019\/03\/snsd-prijedor-proslava-zene-dodik-cvijanovic-15.jpg 600w\" sizes=\"(max-width: 300px) 100vw, 300px\" \/><\/a> <a href=\"https:\/\/www.prijedordanas.com\/wp-content\/uploads\/2019\/03\/snsd-prijedor-proslava-zene-dodik-cvijanovic-13.jpg\"><img loading=\"lazy\" decoding=\"async\" src=\"https:\/\/www.prijedordanas.com\/wp-content\/uploads\/2019\/03\/snsd-prijedor-proslava-zene-dodik-cvijanovic-13-300x199.jpg\" alt=\"\" width=\"300\" height=\"199\" class=\"alignleft size-medium wp-image-124170\" srcset=\"https:\/\/www.prijedordanas.com\/wp-content\/uploads\/2019\/03\/snsd-prijedor-proslava-zene-dodik-cvijanovic-13-300x199.jpg 300w, https:\/\/www.prijedordanas.com\/wp-content\/uploads\/2019\/03\/snsd-prijedor-proslava-zene-dodik-cvijanovic-13-100x66.jpg 100w, https:\/\/www.prijedordanas.com\/wp-content\/uploads\/2019\/03\/snsd-prijedor-proslava-zene-dodik-cvijanovic-13-480x320.jpg 480w, https:\/\/www.prijedordanas.com\/wp-content\/uploads\/2019\/03\/snsd-prijedor-proslava-zene-dodik-cvijanovic-13.jpg 600w\" sizes=\"(max-width: 300px) 100vw, 300px\" \/><\/a> <a href=\"https:\/\/www.prijedordanas.com\/wp-content\/uploads\/2019\/03\/snsd-prijedor-proslava-zene-dodik-cvijanovic-16.jpg\"><img loading=\"lazy\" decoding=\"async\" src=\"https:\/\/www.prijedordanas.com\/wp-content\/uploads\/2019\/03\/snsd-prijedor-proslava-zene-dodik-cvijanovic-16-300x199.jpg\" alt=\"\" width=\"300\" height=\"199\" class=\"alignleft size-medium wp-image-124171\" srcset=\"https:\/\/www.prijedordanas.com\/wp-content\/uploads\/2019\/03\/snsd-prijedor-proslava-zene-dodik-cvijanovic-16-300x199.jpg 300w, https:\/\/www.prijedordanas.com\/wp-content\/uploads\/2019\/03\/snsd-prijedor-proslava-zene-dodik-cvijanovic-16-100x66.jpg 100w, https:\/\/www.prijedordanas.com\/wp-content\/uploads\/2019\/03\/snsd-prijedor-proslava-zene-dodik-cvijanovic-16-480x320.jpg 480w, https:\/\/www.prijedordanas.com\/wp-content\/uploads\/2019\/03\/snsd-prijedor-proslava-zene-dodik-cvijanovic-16.jpg 600w\" sizes=\"(max-width: 300px) 100vw, 300px\" \/><\/a> <a href=\"https:\/\/www.prijedordanas.com\/wp-content\/uploads\/2019\/03\/snsd-prijedor-proslava-zene-dodik-cvijanovic-17.jpg\"><img loading=\"lazy\" decoding=\"async\" src=\"https:\/\/www.prijedordanas.com\/wp-content\/uploads\/2019\/03\/snsd-prijedor-proslava-zene-dodik-cvijanovic-17-300x199.jpg\" alt=\"\" width=\"300\" height=\"199\" class=\"alignleft size-medium wp-image-124172\" srcset=\"https:\/\/www.prijedordanas.com\/wp-content\/uploads\/2019\/03\/snsd-prijedor-proslava-zene-dodik-cvijanovic-17-300x199.jpg 300w, https:\/\/www.prijedordanas.com\/wp-content\/uploads\/2019\/03\/snsd-prijedor-proslava-zene-dodik-cvijanovic-17-100x66.jpg 100w, https:\/\/www.prijedordanas.com\/wp-content\/uploads\/2019\/03\/snsd-prijedor-proslava-zene-dodik-cvijanovic-17-480x320.jpg 480w, https:\/\/www.prijedordanas.com\/wp-content\/uploads\/2019\/03\/snsd-prijedor-proslava-zene-dodik-cvijanovic-17.jpg 600w\" sizes=\"(max-width: 300px) 100vw, 300px\" \/><\/a> <a href=\"https:\/\/www.prijedordanas.com\/wp-content\/uploads\/2019\/03\/snsd-prijedor-proslava-zene-dodik-cvijanovic-18.jpg\"><img loading=\"lazy\" decoding=\"async\" src=\"https:\/\/www.prijedordanas.com\/wp-content\/uploads\/2019\/03\/snsd-prijedor-proslava-zene-dodik-cvijanovic-18-300x199.jpg\" alt=\"\" width=\"300\" height=\"199\" class=\"alignleft size-medium wp-image-124173\" srcset=\"https:\/\/www.prijedordanas.com\/wp-content\/uploads\/2019\/03\/snsd-prijedor-proslava-zene-dodik-cvijanovic-18-300x199.jpg 300w, https:\/\/www.prijedordanas.com\/wp-content\/uploads\/2019\/03\/snsd-prijedor-proslava-zene-dodik-cvijanovic-18-100x66.jpg 100w, https:\/\/www.prijedordanas.com\/wp-content\/uploads\/2019\/03\/snsd-prijedor-proslava-zene-dodik-cvijanovic-18-480x320.jpg 480w, https:\/\/www.prijedordanas.com\/wp-content\/uploads\/2019\/03\/snsd-prijedor-proslava-zene-dodik-cvijanovic-18.jpg 600w\" sizes=\"(max-width: 300px) 100vw, 300px\" \/><\/a> <a href=\"https:\/\/www.prijedordanas.com\/wp-content\/uploads\/2019\/03\/snsd-prijedor-proslava-zene-dodik-cvijanovic-19.jpg\"><img loading=\"lazy\" decoding=\"async\" src=\"https:\/\/www.prijedordanas.com\/wp-content\/uploads\/2019\/03\/snsd-prijedor-proslava-zene-dodik-cvijanovic-19-300x199.jpg\" alt=\"\" width=\"300\" height=\"199\" class=\"alignleft size-medium wp-image-124174\" srcset=\"https:\/\/www.prijedordanas.com\/wp-content\/uploads\/2019\/03\/snsd-prijedor-proslava-zene-dodik-cvijanovic-19-300x199.jpg 300w, https:\/\/www.prijedordanas.com\/wp-content\/uploads\/2019\/03\/snsd-prijedor-proslava-zene-dodik-cvijanovic-19-100x66.jpg 100w, https:\/\/www.prijedordanas.com\/wp-content\/uploads\/2019\/03\/snsd-prijedor-proslava-zene-dodik-cvijanovic-19-480x320.jpg 480w, https:\/\/www.prijedordanas.com\/wp-content\/uploads\/2019\/03\/snsd-prijedor-proslava-zene-dodik-cvijanovic-19.jpg 600w\" sizes=\"(max-width: 300px) 100vw, 300px\" \/><\/a> <a href=\"https:\/\/www.prijedordanas.com\/wp-content\/uploads\/2019\/03\/snsd-prijedor-proslava-zene-dodik-cvijanovic-20.jpg\"><img loading=\"lazy\" decoding=\"async\" src=\"https:\/\/www.prijedordanas.com\/wp-content\/uploads\/2019\/03\/snsd-prijedor-proslava-zene-dodik-cvijanovic-20-300x199.jpg\" alt=\"\" width=\"300\" height=\"199\" class=\"alignleft size-medium wp-image-124175\" srcset=\"https:\/\/www.prijedordanas.com\/wp-content\/uploads\/2019\/03\/snsd-prijedor-proslava-zene-dodik-cvijanovic-20-300x199.jpg 300w, https:\/\/www.prijedordanas.com\/wp-content\/uploads\/2019\/03\/snsd-prijedor-proslava-zene-dodik-cvijanovic-20-100x66.jpg 100w, https:\/\/www.prijedordanas.com\/wp-content\/uploads\/2019\/03\/snsd-prijedor-proslava-zene-dodik-cvijanovic-20-480x320.jpg 480w, https:\/\/www.prijedordanas.com\/wp-content\/uploads\/2019\/03\/snsd-prijedor-proslava-zene-dodik-cvijanovic-20.jpg 600w\" sizes=\"(max-width: 300px) 100vw, 300px\" \/><\/a><\/p>\n","protected":false},"excerpt":{"rendered":"<p>U organizaciji Gradskog odbora Saveza nezavisnih socijaldemokrata Prijedor i Aktiva \u017eena ove organizacije u petak je u sve\u010danoj sali motela \u201cPeti neplan\u201d u Omarskoj kod Prijedora odr\u017eana velika osmomartovska proslava. [&hellip;]<\/p>\n","protected":false},"author":1,"featured_media":0,"comment_status":"closed","ping_status":"open","sticky":false,"template":"","format":"standard","meta":{"_monsterinsights_skip_tracking":false,"_monsterinsights_sitenote_active":false,"_monsterinsights_sitenote_note":"","_monsterinsights_sitenote_category":0,"footnotes":""},"categories":[8],"tags":[7741,140,241,1721],"yoast_head":"<!-- This site is optimized with the Yoast SEO plugin v21.6 - https:\/\/yoast.com\/wordpress\/plugins\/seo\/ -->\n<title>DODIK I CVIJANOVI\u0106EVA NA OSMOMARTOVSKOJ PROSLAVI SNSD-A PRIJEDOR: \u017dENE ODANE I POSVE\u0106ENE PARTIJI \u2013 FOTO - PrijedorDanas.com - Prijedorski gradski portal<\/title>\n<meta name=\"robots\" content=\"index, follow, max-snippet:-1, max-image-preview:large, max-video-preview:-1\" \/>\n<link rel=\"canonical\" href=\"https:\/\/www.prijedordanas.com\/?p=124155\" \/>\n<meta property=\"og:locale\" content=\"en_US\" \/>\n<meta property=\"og:type\" content=\"article\" \/>\n<meta property=\"og:title\" content=\"DODIK I CVIJANOVI\u0106EVA NA OSMOMARTOVSKOJ PROSLAVI SNSD-A PRIJEDOR: \u017dENE ODANE I POSVE\u0106ENE PARTIJI \u2013 FOTO - PrijedorDanas.com - Prijedorski gradski portal\" \/>\n<meta property=\"og:description\" content=\"U organizaciji Gradskog odbora Saveza nezavisnih socijaldemokrata Prijedor i Aktiva \u017eena ove organizacije u petak je u sve\u010danoj sali motela \u201cPeti neplan\u201d u Omarskoj kod Prijedora odr\u017eana velika osmomartovska proslava. [&hellip;]\" \/>\n<meta property=\"og:url\" content=\"https:\/\/www.prijedordanas.com\/?p=124155\" \/>\n<meta property=\"og:site_name\" content=\"PrijedorDanas.com - Prijedorski gradski portal\" \/>\n<meta property=\"article:publisher\" content=\"https:\/\/www.facebook.com\/PrijedorDanasCom\/\" \/>\n<meta property=\"article:published_time\" content=\"2019-03-22T20:39:45+00:00\" \/>\n<meta property=\"article:modified_time\" content=\"2019-03-23T06:00:07+00:00\" \/>\n<meta property=\"og:image\" content=\"https:\/\/www.prijedordanas.com\/wp-content\/uploads\/2019\/03\/snsd-prijedor-proslava-zene-dodik-cvijanovic-1-300x217.jpg\" \/>\n<meta name=\"author\" content=\"admin\" \/>\n<meta name=\"twitter:card\" content=\"summary_large_image\" \/>\n<meta name=\"twitter:label1\" content=\"Written by\" \/>\n\t<meta name=\"twitter:data1\" content=\"admin\" \/>\n\t<meta name=\"twitter:label2\" content=\"Est. reading time\" \/>\n\t<meta name=\"twitter:data2\" content=\"2 minutes\" \/>\n<script type=\"application\/ld+json\" class=\"yoast-schema-graph\">{\"@context\":\"https:\/\/schema.org\",\"@graph\":[{\"@type\":\"Article\",\"@id\":\"https:\/\/www.prijedordanas.com\/?p=124155#article\",\"isPartOf\":{\"@id\":\"https:\/\/www.prijedordanas.com\/?p=124155\"},\"author\":{\"name\":\"admin\",\"@id\":\"https:\/\/www.prijedordanas.com\/#\/schema\/person\/4e08ccf29b506ca916ff86d46bb700e6\"},\"headline\":\"DODIK I CVIJANOVI\u0106EVA NA OSMOMARTOVSKOJ PROSLAVI SNSD-A PRIJEDOR: \u017dENE ODANE I POSVE\u0106ENE PARTIJI \u2013 FOTO\",\"datePublished\":\"2019-03-22T20:39:45+00:00\",\"dateModified\":\"2019-03-23T06:00:07+00:00\",\"mainEntityOfPage\":{\"@id\":\"https:\/\/www.prijedordanas.com\/?p=124155\"},\"wordCount\":377,\"publisher\":{\"@id\":\"https:\/\/www.prijedordanas.com\/#organization\"},\"keywords\":[\"Aktiv \u017eena SNSD Prijedor\",\"Milorad Dodik\",\"SNSD\",\"\u017deljka Cvijanovi\u0107\"],\"articleSection\":[\"Svakodnevno\"],\"inLanguage\":\"en-US\"},{\"@type\":\"WebPage\",\"@id\":\"https:\/\/www.prijedordanas.com\/?p=124155\",\"url\":\"https:\/\/www.prijedordanas.com\/?p=124155\",\"name\":\"DODIK I CVIJANOVI\u0106EVA NA OSMOMARTOVSKOJ PROSLAVI SNSD-A PRIJEDOR: \u017dENE ODANE I POSVE\u0106ENE PARTIJI \u2013 FOTO - PrijedorDanas.com - Prijedorski gradski portal\",\"isPartOf\":{\"@id\":\"https:\/\/www.prijedordanas.com\/#website\"},\"datePublished\":\"2019-03-22T20:39:45+00:00\",\"dateModified\":\"2019-03-23T06:00:07+00:00\",\"breadcrumb\":{\"@id\":\"https:\/\/www.prijedordanas.com\/?p=124155#breadcrumb\"},\"inLanguage\":\"en-US\",\"potentialAction\":[{\"@type\":\"ReadAction\",\"target\":[\"https:\/\/www.prijedordanas.com\/?p=124155\"]}]},{\"@type\":\"BreadcrumbList\",\"@id\":\"https:\/\/www.prijedordanas.com\/?p=124155#breadcrumb\",\"itemListElement\":[{\"@type\":\"ListItem\",\"position\":1,\"name\":\"Home\",\"item\":\"https:\/\/www.prijedordanas.com\/\"},{\"@type\":\"ListItem\",\"position\":2,\"name\":\"DODIK I CVIJANOVI\u0106EVA NA OSMOMARTOVSKOJ PROSLAVI SNSD-A PRIJEDOR: \u017dENE ODANE I POSVE\u0106ENE PARTIJI \u2013 FOTO\"}]},{\"@type\":\"WebSite\",\"@id\":\"https:\/\/www.prijedordanas.com\/#website\",\"url\":\"https:\/\/www.prijedordanas.com\/\",\"name\":\"PrijedorDanas.com - Prijedorski gradski portal\",\"description\":\"Portal o doga\u0111anjima u gradu Prijedoru\",\"publisher\":{\"@id\":\"https:\/\/www.prijedordanas.com\/#organization\"},\"potentialAction\":[{\"@type\":\"SearchAction\",\"target\":{\"@type\":\"EntryPoint\",\"urlTemplate\":\"https:\/\/www.prijedordanas.com\/?s={search_term_string}\"},\"query-input\":\"required name=search_term_string\"}],\"inLanguage\":\"en-US\"},{\"@type\":\"Organization\",\"@id\":\"https:\/\/www.prijedordanas.com\/#organization\",\"name\":\"PrijedorDanas.com\",\"url\":\"https:\/\/www.prijedordanas.com\/\",\"logo\":{\"@type\":\"ImageObject\",\"inLanguage\":\"en-US\",\"@id\":\"https:\/\/www.prijedordanas.com\/#\/schema\/logo\/image\/\",\"url\":\"http:\/\/www.prijedordanas.com\/wp-content\/uploads\/2021\/12\/logopng.png\",\"contentUrl\":\"http:\/\/www.prijedordanas.com\/wp-content\/uploads\/2021\/12\/logopng.png\",\"width\":1019,\"height\":776,\"caption\":\"PrijedorDanas.com\"},\"image\":{\"@id\":\"https:\/\/www.prijedordanas.com\/#\/schema\/logo\/image\/\"},\"sameAs\":[\"https:\/\/www.facebook.com\/PrijedorDanasCom\/\"]},{\"@type\":\"Person\",\"@id\":\"https:\/\/www.prijedordanas.com\/#\/schema\/person\/4e08ccf29b506ca916ff86d46bb700e6\",\"name\":\"admin\",\"image\":{\"@type\":\"ImageObject\",\"inLanguage\":\"en-US\",\"@id\":\"https:\/\/www.prijedordanas.com\/#\/schema\/person\/image\/\",\"url\":\"https:\/\/secure.gravatar.com\/avatar\/1d3fc949d550f0b53a5f0d51e06dfd79?s=96&d=mm&r=g\",\"contentUrl\":\"https:\/\/secure.gravatar.com\/avatar\/1d3fc949d550f0b53a5f0d51e06dfd79?s=96&d=mm&r=g\",\"caption\":\"admin\"},\"url\":\"https:\/\/www.prijedordanas.com\/?author=1\"}]}<\/script>\n<!-- \/ Yoast SEO plugin. -->","yoast_head_json":{"title":"DODIK I CVIJANOVI\u0106EVA NA OSMOMARTOVSKOJ PROSLAVI SNSD-A PRIJEDOR: \u017dENE ODANE I POSVE\u0106ENE PARTIJI \u2013 FOTO - PrijedorDanas.com - Prijedorski gradski portal","robots":{"index":"index","follow":"follow","max-snippet":"max-snippet:-1","max-image-preview":"max-image-preview:large","max-video-preview":"max-video-preview:-1"},"canonical":"https:\/\/www.prijedordanas.com\/?p=124155","og_locale":"en_US","og_type":"article","og_title":"DODIK I CVIJANOVI\u0106EVA NA OSMOMARTOVSKOJ PROSLAVI SNSD-A PRIJEDOR: \u017dENE ODANE I POSVE\u0106ENE PARTIJI \u2013 FOTO - PrijedorDanas.com - Prijedorski gradski portal","og_description":"U organizaciji Gradskog odbora Saveza nezavisnih socijaldemokrata Prijedor i Aktiva \u017eena ove organizacije u petak je u sve\u010danoj sali motela \u201cPeti neplan\u201d u Omarskoj kod Prijedora odr\u017eana velika osmomartovska proslava. [&hellip;]","og_url":"https:\/\/www.prijedordanas.com\/?p=124155","og_site_name":"PrijedorDanas.com - Prijedorski gradski portal","article_publisher":"https:\/\/www.facebook.com\/PrijedorDanasCom\/","article_published_time":"2019-03-22T20:39:45+00:00","article_modified_time":"2019-03-23T06:00:07+00:00","og_image":[{"url":"https:\/\/www.prijedordanas.com\/wp-content\/uploads\/2019\/03\/snsd-prijedor-proslava-zene-dodik-cvijanovic-1-300x217.jpg"}],"author":"admin","twitter_card":"summary_large_image","twitter_misc":{"Written by":"admin","Est. reading time":"2 minutes"},"schema":{"@context":"https:\/\/schema.org","@graph":[{"@type":"Article","@id":"https:\/\/www.prijedordanas.com\/?p=124155#article","isPartOf":{"@id":"https:\/\/www.prijedordanas.com\/?p=124155"},"author":{"name":"admin","@id":"https:\/\/www.prijedordanas.com\/#\/schema\/person\/4e08ccf29b506ca916ff86d46bb700e6"},"headline":"DODIK I CVIJANOVI\u0106EVA NA OSMOMARTOVSKOJ PROSLAVI SNSD-A PRIJEDOR: \u017dENE ODANE I POSVE\u0106ENE PARTIJI \u2013 FOTO","datePublished":"2019-03-22T20:39:45+00:00","dateModified":"2019-03-23T06:00:07+00:00","mainEntityOfPage":{"@id":"https:\/\/www.prijedordanas.com\/?p=124155"},"wordCount":377,"publisher":{"@id":"https:\/\/www.prijedordanas.com\/#organization"},"keywords":["Aktiv \u017eena SNSD Prijedor","Milorad Dodik","SNSD","\u017deljka Cvijanovi\u0107"],"articleSection":["Svakodnevno"],"inLanguage":"en-US"},{"@type":"WebPage","@id":"https:\/\/www.prijedordanas.com\/?p=124155","url":"https:\/\/www.prijedordanas.com\/?p=124155","name":"DODIK I CVIJANOVI\u0106EVA NA OSMOMARTOVSKOJ PROSLAVI SNSD-A PRIJEDOR: \u017dENE ODANE I POSVE\u0106ENE PARTIJI \u2013 FOTO - PrijedorDanas.com - Prijedorski gradski portal","isPartOf":{"@id":"https:\/\/www.prijedordanas.com\/#website"},"datePublished":"2019-03-22T20:39:45+00:00","dateModified":"2019-03-23T06:00:07+00:00","breadcrumb":{"@id":"https:\/\/www.prijedordanas.com\/?p=124155#breadcrumb"},"inLanguage":"en-US","potentialAction":[{"@type":"ReadAction","target":["https:\/\/www.prijedordanas.com\/?p=124155"]}]},{"@type":"BreadcrumbList","@id":"https:\/\/www.prijedordanas.com\/?p=124155#breadcrumb","itemListElement":[{"@type":"ListItem","position":1,"name":"Home","item":"https:\/\/www.prijedordanas.com\/"},{"@type":"ListItem","position":2,"name":"DODIK I CVIJANOVI\u0106EVA NA OSMOMARTOVSKOJ PROSLAVI SNSD-A PRIJEDOR: \u017dENE ODANE I POSVE\u0106ENE PARTIJI \u2013 FOTO"}]},{"@type":"WebSite","@id":"https:\/\/www.prijedordanas.com\/#website","url":"https:\/\/www.prijedordanas.com\/","name":"PrijedorDanas.com - Prijedorski gradski portal","description":"Portal o doga\u0111anjima u gradu Prijedoru","publisher":{"@id":"https:\/\/www.prijedordanas.com\/#organization"},"potentialAction":[{"@type":"SearchAction","target":{"@type":"EntryPoint","urlTemplate":"https:\/\/www.prijedordanas.com\/?s={search_term_string}"},"query-input":"required name=search_term_string"}],"inLanguage":"en-US"},{"@type":"Organization","@id":"https:\/\/www.prijedordanas.com\/#organization","name":"PrijedorDanas.com","url":"https:\/\/www.prijedordanas.com\/","logo":{"@type":"ImageObject","inLanguage":"en-US","@id":"https:\/\/www.prijedordanas.com\/#\/schema\/logo\/image\/","url":"http:\/\/www.prijedordanas.com\/wp-content\/uploads\/2021\/12\/logopng.png","contentUrl":"http:\/\/www.prijedordanas.com\/wp-content\/uploads\/2021\/12\/logopng.png","width":1019,"height":776,"caption":"PrijedorDanas.com"},"image":{"@id":"https:\/\/www.prijedordanas.com\/#\/schema\/logo\/image\/"},"sameAs":["https:\/\/www.facebook.com\/PrijedorDanasCom\/"]},{"@type":"Person","@id":"https:\/\/www.prijedordanas.com\/#\/schema\/person\/4e08ccf29b506ca916ff86d46bb700e6","name":"admin","image":{"@type":"ImageObject","inLanguage":"en-US","@id":"https:\/\/www.prijedordanas.com\/#\/schema\/person\/image\/","url":"https:\/\/secure.gravatar.com\/avatar\/1d3fc949d550f0b53a5f0d51e06dfd79?s=96&d=mm&r=g","contentUrl":"https:\/\/secure.gravatar.com\/avatar\/1d3fc949d550f0b53a5f0d51e06dfd79?s=96&d=mm&r=g","caption":"admin"},"url":"https:\/\/www.prijedordanas.com\/?author=1"}]}},"_links":{"self":[{"href":"https:\/\/www.prijedordanas.com\/index.php?rest_route=\/wp\/v2\/posts\/124155"}],"collection":[{"href":"https:\/\/www.prijedordanas.com\/index.php?rest_route=\/wp\/v2\/posts"}],"about":[{"href":"https:\/\/www.prijedordanas.com\/index.php?rest_route=\/wp\/v2\/types\/post"}],"author":[{"embeddable":true,"href":"https:\/\/www.prijedordanas.com\/index.php?rest_route=\/wp\/v2\/users\/1"}],"replies":[{"embeddable":true,"href":"https:\/\/www.prijedordanas.com\/index.php?rest_route=%2Fwp%2Fv2%2Fcomments&post=124155"}],"version-history":[{"count":3,"href":"https:\/\/www.prijedordanas.com\/index.php?rest_route=\/wp\/v2\/posts\/124155\/revisions"}],"predecessor-version":[{"id":124203,"href":"https:\/\/www.prijedordanas.com\/index.php?rest_route=\/wp\/v2\/posts\/124155\/revisions\/124203"}],"wp:attachment":[{"href":"https:\/\/www.prijedordanas.com\/index.php?rest_route=%2Fwp%2Fv2%2Fmedia&parent=124155"}],"wp:term":[{"taxonomy":"category","embeddable":true,"href":"https:\/\/www.prijedordanas.com\/index.php?rest_route=%2Fwp%2Fv2%2Fcategories&post=124155"},{"taxonomy":"post_tag","embeddable":true,"href":"https:\/\/www.prijedordanas.com\/index.php?rest_route=%2Fwp%2Fv2%2Ftags&post=124155"}],"curies":[{"name":"wp","href":"https:\/\/api.w.org\/{rel}","templated":true}]}}