{"id":124064,"date":"2019-03-21T19:10:35","date_gmt":"2019-03-21T18:10:35","guid":{"rendered":"https:\/\/www.prijedordanas.com\/?p=124064"},"modified":"2019-03-21T19:10:35","modified_gmt":"2019-03-21T18:10:35","slug":"volim-te-u-ovom-kaficu-kafa-se-placa-jednim-stihom-prijedorcani-pokazali-kreativnost-foto","status":"publish","type":"post","link":"https:\/\/www.prijedordanas.com\/?p=124064","title":{"rendered":"\u201cVOLIM TE\u201d: U OVOM KAFI\u0106U KAFA SE PLA\u0106A JEDNIM STIHOM, PRIJEDOR\u010cANI POKAZALI KREATIVNOST &#8211; FOTO"},"content":{"rendered":"<p><a href=\"https:\/\/www.prijedordanas.com\/wp-content\/uploads\/2019\/03\/kafe-preduzece-stihovi-za-kafu-1.jpg\"><img loading=\"lazy\" decoding=\"async\" src=\"https:\/\/www.prijedordanas.com\/wp-content\/uploads\/2019\/03\/kafe-preduzece-stihovi-za-kafu-1-300x222.jpg\" alt=\"\" width=\"300\" height=\"222\" class=\"alignleft size-medium wp-image-124066\" srcset=\"https:\/\/www.prijedordanas.com\/wp-content\/uploads\/2019\/03\/kafe-preduzece-stihovi-za-kafu-1-300x222.jpg 300w, https:\/\/www.prijedordanas.com\/wp-content\/uploads\/2019\/03\/kafe-preduzece-stihovi-za-kafu-1-100x74.jpg 100w, https:\/\/www.prijedordanas.com\/wp-content\/uploads\/2019\/03\/kafe-preduzece-stihovi-za-kafu-1.jpg 675w\" sizes=\"(max-width: 300px) 100vw, 300px\" \/><\/a>Povodom obilje\u017eavanja Me\u0111unarodnog dana poezije u prijedorskom kafi\u0107u \u201cPreduze\u0107e\u201d kafa se danas mogla platiti jednim stihom.<\/p>\n<p>Na svakom stolu nalaze se papiri\u0107i i drvene olovke za goste koji \u017eele da poka\u017eu svoju kreativnost.<\/p>\n<p>Vlasnik kafi\u0107a, Zoran Vu\u010dkovi\u0107 ka\u017ee da su gosti veoma kreativni.<\/p>\n<p>\u2013 Ovu akciju organizujemo tre\u0107u godinu zaredom i cilj je da se probudi ma\u0161ta kod na\u0161ih gostiju koji uz \u0161oljicu kafe lako pronalaze i pjesnike u sebi \u2013 ka\u017ee on. Dodaje da ovu akciju danas podr\u017eava 80 ugostiteljskih objekata u BiH, te da \u0107e firma \u201cJulius Majnl\u201d, kafe aparatom i poklonima, nagraditi tri najbolja stiha koja su danas ispisana.<\/p>\n<p><a href=\"https:\/\/www.prijedordanas.com\/wp-content\/uploads\/2019\/03\/kafe-preduzece-stihovi-za-kafu-2.jpg\"><img loading=\"lazy\" decoding=\"async\" src=\"https:\/\/www.prijedordanas.com\/wp-content\/uploads\/2019\/03\/kafe-preduzece-stihovi-za-kafu-2-300x199.jpg\" alt=\"\" width=\"300\" height=\"199\" class=\"alignleft size-medium wp-image-124067\" srcset=\"https:\/\/www.prijedordanas.com\/wp-content\/uploads\/2019\/03\/kafe-preduzece-stihovi-za-kafu-2-300x199.jpg 300w, https:\/\/www.prijedordanas.com\/wp-content\/uploads\/2019\/03\/kafe-preduzece-stihovi-za-kafu-2-100x66.jpg 100w, https:\/\/www.prijedordanas.com\/wp-content\/uploads\/2019\/03\/kafe-preduzece-stihovi-za-kafu-2-480x320.jpg 480w, https:\/\/www.prijedordanas.com\/wp-content\/uploads\/2019\/03\/kafe-preduzece-stihovi-za-kafu-2.jpg 600w\" sizes=\"(max-width: 300px) 100vw, 300px\" \/><\/a>Zoran pri\u010da da Prijedor\u010dani ostavljaju prelijepe stihove na papiru.<\/p>\n<p>Veliki broj njih inspirisan je temom prolje\u0107a koje spominju u svojim stihovima. Me\u0111utim, ljubav je ipak ono \u0161to najvi\u0161e pokre\u0107e Prijedor\u010dane na kreativnost.<\/p>\n<p>Tako je jedan gost na papiru napisao samo rije\u010di \u201cVolim te\u201d. Drugi je bio kreativniji uz stihove \u201cMoja porodica je ljubav koja raste, u njoj se svi poljubcima \u010daste\u201d. Zapisano je i \u201cNije sre\u0107a para puna vre\u0107a, ve\u0107 je sre\u0107a kafa u basti Preduze\u0107a\u201d.<\/p>\n<p>Ima i onih koji su se stihom zahvalili za dana\u0161nju kafu uz rije\u010di \u201cBa\u0161 je bila slatka ova va\u0161a besplatna kafa\u201d.<\/p>\n<p>EuroBlic-srpskainfo.com<\/p>\n<p><a href=\"https:\/\/www.prijedordanas.com\/wp-content\/uploads\/2019\/03\/kafe-preduzece-stihovi-za-kafu-3.jpg\"><img loading=\"lazy\" decoding=\"async\" src=\"https:\/\/www.prijedordanas.com\/wp-content\/uploads\/2019\/03\/kafe-preduzece-stihovi-za-kafu-3-300x199.jpg\" alt=\"\" width=\"300\" height=\"199\" class=\"alignleft size-medium wp-image-124068\" srcset=\"https:\/\/www.prijedordanas.com\/wp-content\/uploads\/2019\/03\/kafe-preduzece-stihovi-za-kafu-3-300x199.jpg 300w, https:\/\/www.prijedordanas.com\/wp-content\/uploads\/2019\/03\/kafe-preduzece-stihovi-za-kafu-3-100x66.jpg 100w, https:\/\/www.prijedordanas.com\/wp-content\/uploads\/2019\/03\/kafe-preduzece-stihovi-za-kafu-3-480x320.jpg 480w, https:\/\/www.prijedordanas.com\/wp-content\/uploads\/2019\/03\/kafe-preduzece-stihovi-za-kafu-3.jpg 600w\" sizes=\"(max-width: 300px) 100vw, 300px\" \/><\/a> <a href=\"https:\/\/www.prijedordanas.com\/wp-content\/uploads\/2019\/03\/kafe-preduzece-stihovi-za-kafu-4.jpg\"><img loading=\"lazy\" decoding=\"async\" src=\"https:\/\/www.prijedordanas.com\/wp-content\/uploads\/2019\/03\/kafe-preduzece-stihovi-za-kafu-4-300x199.jpg\" alt=\"\" width=\"300\" height=\"199\" class=\"alignleft size-medium wp-image-124069\" srcset=\"https:\/\/www.prijedordanas.com\/wp-content\/uploads\/2019\/03\/kafe-preduzece-stihovi-za-kafu-4-300x199.jpg 300w, https:\/\/www.prijedordanas.com\/wp-content\/uploads\/2019\/03\/kafe-preduzece-stihovi-za-kafu-4-100x66.jpg 100w, https:\/\/www.prijedordanas.com\/wp-content\/uploads\/2019\/03\/kafe-preduzece-stihovi-za-kafu-4-480x320.jpg 480w, https:\/\/www.prijedordanas.com\/wp-content\/uploads\/2019\/03\/kafe-preduzece-stihovi-za-kafu-4.jpg 600w\" sizes=\"(max-width: 300px) 100vw, 300px\" \/><\/a> <a href=\"https:\/\/www.prijedordanas.com\/wp-content\/uploads\/2019\/03\/kafe-preduzece-stihovi-za-kafu-5.jpg\"><img loading=\"lazy\" decoding=\"async\" src=\"https:\/\/www.prijedordanas.com\/wp-content\/uploads\/2019\/03\/kafe-preduzece-stihovi-za-kafu-5-300x199.jpg\" alt=\"\" width=\"300\" height=\"199\" class=\"alignleft size-medium wp-image-124070\" srcset=\"https:\/\/www.prijedordanas.com\/wp-content\/uploads\/2019\/03\/kafe-preduzece-stihovi-za-kafu-5-300x199.jpg 300w, https:\/\/www.prijedordanas.com\/wp-content\/uploads\/2019\/03\/kafe-preduzece-stihovi-za-kafu-5-100x66.jpg 100w, https:\/\/www.prijedordanas.com\/wp-content\/uploads\/2019\/03\/kafe-preduzece-stihovi-za-kafu-5-480x320.jpg 480w, https:\/\/www.prijedordanas.com\/wp-content\/uploads\/2019\/03\/kafe-preduzece-stihovi-za-kafu-5.jpg 600w\" sizes=\"(max-width: 300px) 100vw, 300px\" \/><\/a> <a href=\"https:\/\/www.prijedordanas.com\/wp-content\/uploads\/2019\/03\/kafe-preduzece-stihovi-za-kafu-6.jpg\"><img loading=\"lazy\" decoding=\"async\" src=\"https:\/\/www.prijedordanas.com\/wp-content\/uploads\/2019\/03\/kafe-preduzece-stihovi-za-kafu-6-300x199.jpg\" alt=\"\" width=\"300\" height=\"199\" class=\"alignleft size-medium wp-image-124071\" srcset=\"https:\/\/www.prijedordanas.com\/wp-content\/uploads\/2019\/03\/kafe-preduzece-stihovi-za-kafu-6-300x199.jpg 300w, https:\/\/www.prijedordanas.com\/wp-content\/uploads\/2019\/03\/kafe-preduzece-stihovi-za-kafu-6-100x66.jpg 100w, https:\/\/www.prijedordanas.com\/wp-content\/uploads\/2019\/03\/kafe-preduzece-stihovi-za-kafu-6-480x320.jpg 480w, https:\/\/www.prijedordanas.com\/wp-content\/uploads\/2019\/03\/kafe-preduzece-stihovi-za-kafu-6.jpg 600w\" sizes=\"(max-width: 300px) 100vw, 300px\" \/><\/a> <a href=\"https:\/\/www.prijedordanas.com\/wp-content\/uploads\/2019\/03\/kafe-preduzece-stihovi-za-kafu-7.jpg\"><img loading=\"lazy\" decoding=\"async\" src=\"https:\/\/www.prijedordanas.com\/wp-content\/uploads\/2019\/03\/kafe-preduzece-stihovi-za-kafu-7-300x222.jpg\" alt=\"\" width=\"300\" height=\"222\" class=\"alignleft size-medium wp-image-124072\" srcset=\"https:\/\/www.prijedordanas.com\/wp-content\/uploads\/2019\/03\/kafe-preduzece-stihovi-za-kafu-7-300x222.jpg 300w, https:\/\/www.prijedordanas.com\/wp-content\/uploads\/2019\/03\/kafe-preduzece-stihovi-za-kafu-7-100x74.jpg 100w, https:\/\/www.prijedordanas.com\/wp-content\/uploads\/2019\/03\/kafe-preduzece-stihovi-za-kafu-7.jpg 675w\" sizes=\"(max-width: 300px) 100vw, 300px\" \/><\/a><\/p>\n","protected":false},"excerpt":{"rendered":"<p>Povodom obilje\u017eavanja Me\u0111unarodnog dana poezije u prijedorskom kafi\u0107u \u201cPreduze\u0107e\u201d kafa se danas mogla platiti jednim stihom. Na svakom stolu nalaze se papiri\u0107i i drvene olovke za goste koji \u017eele da [&hellip;]<\/p>\n","protected":false},"author":1,"featured_media":0,"comment_status":"closed","ping_status":"open","sticky":false,"template":"","format":"standard","meta":{"_monsterinsights_skip_tracking":false,"_monsterinsights_sitenote_active":false,"_monsterinsights_sitenote_note":"","_monsterinsights_sitenote_category":0,"footnotes":""},"categories":[3],"tags":[9473,10772],"yoast_head":"<!-- This site is optimized with the Yoast SEO plugin v21.6 - https:\/\/yoast.com\/wordpress\/plugins\/seo\/ -->\n<title>\u201cVOLIM TE\u201d: U OVOM KAFI\u0106U KAFA SE PLA\u0106A JEDNIM STIHOM, PRIJEDOR\u010cANI POKAZALI KREATIVNOST - FOTO - PrijedorDanas.com - Prijedorski gradski portal<\/title>\n<meta name=\"robots\" content=\"index, follow, max-snippet:-1, max-image-preview:large, max-video-preview:-1\" \/>\n<link rel=\"canonical\" href=\"https:\/\/www.prijedordanas.com\/?p=124064\" \/>\n<meta property=\"og:locale\" content=\"en_US\" \/>\n<meta property=\"og:type\" content=\"article\" \/>\n<meta property=\"og:title\" content=\"\u201cVOLIM TE\u201d: U OVOM KAFI\u0106U KAFA SE PLA\u0106A JEDNIM STIHOM, PRIJEDOR\u010cANI POKAZALI KREATIVNOST - FOTO - PrijedorDanas.com - Prijedorski gradski portal\" \/>\n<meta property=\"og:description\" content=\"Povodom obilje\u017eavanja Me\u0111unarodnog dana poezije u prijedorskom kafi\u0107u \u201cPreduze\u0107e\u201d kafa se danas mogla platiti jednim stihom. Na svakom stolu nalaze se papiri\u0107i i drvene olovke za goste koji \u017eele da [&hellip;]\" \/>\n<meta property=\"og:url\" content=\"https:\/\/www.prijedordanas.com\/?p=124064\" \/>\n<meta property=\"og:site_name\" content=\"PrijedorDanas.com - Prijedorski gradski portal\" \/>\n<meta property=\"article:publisher\" content=\"https:\/\/www.facebook.com\/PrijedorDanasCom\/\" \/>\n<meta property=\"article:published_time\" content=\"2019-03-21T18:10:35+00:00\" \/>\n<meta property=\"og:image\" content=\"https:\/\/www.prijedordanas.com\/wp-content\/uploads\/2019\/03\/kafe-preduzece-stihovi-za-kafu-1-300x222.jpg\" \/>\n<meta name=\"author\" content=\"admin\" \/>\n<meta name=\"twitter:card\" content=\"summary_large_image\" \/>\n<meta name=\"twitter:label1\" content=\"Written by\" \/>\n\t<meta name=\"twitter:data1\" content=\"admin\" \/>\n\t<meta name=\"twitter:label2\" content=\"Est. reading time\" \/>\n\t<meta name=\"twitter:data2\" content=\"1 minute\" \/>\n<script type=\"application\/ld+json\" class=\"yoast-schema-graph\">{\"@context\":\"https:\/\/schema.org\",\"@graph\":[{\"@type\":\"Article\",\"@id\":\"https:\/\/www.prijedordanas.com\/?p=124064#article\",\"isPartOf\":{\"@id\":\"https:\/\/www.prijedordanas.com\/?p=124064\"},\"author\":{\"name\":\"admin\",\"@id\":\"https:\/\/www.prijedordanas.com\/#\/schema\/person\/4e08ccf29b506ca916ff86d46bb700e6\"},\"headline\":\"\u201cVOLIM TE\u201d: U OVOM KAFI\u0106U KAFA SE PLA\u0106A JEDNIM STIHOM, PRIJEDOR\u010cANI POKAZALI KREATIVNOST &#8211; FOTO\",\"datePublished\":\"2019-03-21T18:10:35+00:00\",\"dateModified\":\"2019-03-21T18:10:35+00:00\",\"mainEntityOfPage\":{\"@id\":\"https:\/\/www.prijedordanas.com\/?p=124064\"},\"wordCount\":245,\"publisher\":{\"@id\":\"https:\/\/www.prijedordanas.com\/#organization\"},\"keywords\":[\"kafa\",\"stih\"],\"articleSection\":[\"\u017divot\"],\"inLanguage\":\"en-US\"},{\"@type\":\"WebPage\",\"@id\":\"https:\/\/www.prijedordanas.com\/?p=124064\",\"url\":\"https:\/\/www.prijedordanas.com\/?p=124064\",\"name\":\"\u201cVOLIM TE\u201d: U OVOM KAFI\u0106U KAFA SE PLA\u0106A JEDNIM STIHOM, PRIJEDOR\u010cANI POKAZALI KREATIVNOST - FOTO - PrijedorDanas.com - Prijedorski gradski portal\",\"isPartOf\":{\"@id\":\"https:\/\/www.prijedordanas.com\/#website\"},\"datePublished\":\"2019-03-21T18:10:35+00:00\",\"dateModified\":\"2019-03-21T18:10:35+00:00\",\"breadcrumb\":{\"@id\":\"https:\/\/www.prijedordanas.com\/?p=124064#breadcrumb\"},\"inLanguage\":\"en-US\",\"potentialAction\":[{\"@type\":\"ReadAction\",\"target\":[\"https:\/\/www.prijedordanas.com\/?p=124064\"]}]},{\"@type\":\"BreadcrumbList\",\"@id\":\"https:\/\/www.prijedordanas.com\/?p=124064#breadcrumb\",\"itemListElement\":[{\"@type\":\"ListItem\",\"position\":1,\"name\":\"Home\",\"item\":\"https:\/\/www.prijedordanas.com\/\"},{\"@type\":\"ListItem\",\"position\":2,\"name\":\"\u201cVOLIM TE\u201d: U OVOM KAFI\u0106U KAFA SE PLA\u0106A JEDNIM STIHOM, PRIJEDOR\u010cANI POKAZALI KREATIVNOST &#8211; FOTO\"}]},{\"@type\":\"WebSite\",\"@id\":\"https:\/\/www.prijedordanas.com\/#website\",\"url\":\"https:\/\/www.prijedordanas.com\/\",\"name\":\"PrijedorDanas.com - Prijedorski gradski portal\",\"description\":\"Portal o doga\u0111anjima u gradu Prijedoru\",\"publisher\":{\"@id\":\"https:\/\/www.prijedordanas.com\/#organization\"},\"potentialAction\":[{\"@type\":\"SearchAction\",\"target\":{\"@type\":\"EntryPoint\",\"urlTemplate\":\"https:\/\/www.prijedordanas.com\/?s={search_term_string}\"},\"query-input\":\"required name=search_term_string\"}],\"inLanguage\":\"en-US\"},{\"@type\":\"Organization\",\"@id\":\"https:\/\/www.prijedordanas.com\/#organization\",\"name\":\"PrijedorDanas.com\",\"url\":\"https:\/\/www.prijedordanas.com\/\",\"logo\":{\"@type\":\"ImageObject\",\"inLanguage\":\"en-US\",\"@id\":\"https:\/\/www.prijedordanas.com\/#\/schema\/logo\/image\/\",\"url\":\"http:\/\/www.prijedordanas.com\/wp-content\/uploads\/2021\/12\/logopng.png\",\"contentUrl\":\"http:\/\/www.prijedordanas.com\/wp-content\/uploads\/2021\/12\/logopng.png\",\"width\":1019,\"height\":776,\"caption\":\"PrijedorDanas.com\"},\"image\":{\"@id\":\"https:\/\/www.prijedordanas.com\/#\/schema\/logo\/image\/\"},\"sameAs\":[\"https:\/\/www.facebook.com\/PrijedorDanasCom\/\"]},{\"@type\":\"Person\",\"@id\":\"https:\/\/www.prijedordanas.com\/#\/schema\/person\/4e08ccf29b506ca916ff86d46bb700e6\",\"name\":\"admin\",\"image\":{\"@type\":\"ImageObject\",\"inLanguage\":\"en-US\",\"@id\":\"https:\/\/www.prijedordanas.com\/#\/schema\/person\/image\/\",\"url\":\"https:\/\/secure.gravatar.com\/avatar\/1d3fc949d550f0b53a5f0d51e06dfd79?s=96&d=mm&r=g\",\"contentUrl\":\"https:\/\/secure.gravatar.com\/avatar\/1d3fc949d550f0b53a5f0d51e06dfd79?s=96&d=mm&r=g\",\"caption\":\"admin\"},\"url\":\"https:\/\/www.prijedordanas.com\/?author=1\"}]}<\/script>\n<!-- \/ Yoast SEO plugin. -->","yoast_head_json":{"title":"\u201cVOLIM TE\u201d: U OVOM KAFI\u0106U KAFA SE PLA\u0106A JEDNIM STIHOM, PRIJEDOR\u010cANI POKAZALI KREATIVNOST - FOTO - PrijedorDanas.com - Prijedorski gradski portal","robots":{"index":"index","follow":"follow","max-snippet":"max-snippet:-1","max-image-preview":"max-image-preview:large","max-video-preview":"max-video-preview:-1"},"canonical":"https:\/\/www.prijedordanas.com\/?p=124064","og_locale":"en_US","og_type":"article","og_title":"\u201cVOLIM TE\u201d: U OVOM KAFI\u0106U KAFA SE PLA\u0106A JEDNIM STIHOM, PRIJEDOR\u010cANI POKAZALI KREATIVNOST - FOTO - PrijedorDanas.com - Prijedorski gradski portal","og_description":"Povodom obilje\u017eavanja Me\u0111unarodnog dana poezije u prijedorskom kafi\u0107u \u201cPreduze\u0107e\u201d kafa se danas mogla platiti jednim stihom. Na svakom stolu nalaze se papiri\u0107i i drvene olovke za goste koji \u017eele da [&hellip;]","og_url":"https:\/\/www.prijedordanas.com\/?p=124064","og_site_name":"PrijedorDanas.com - Prijedorski gradski portal","article_publisher":"https:\/\/www.facebook.com\/PrijedorDanasCom\/","article_published_time":"2019-03-21T18:10:35+00:00","og_image":[{"url":"https:\/\/www.prijedordanas.com\/wp-content\/uploads\/2019\/03\/kafe-preduzece-stihovi-za-kafu-1-300x222.jpg"}],"author":"admin","twitter_card":"summary_large_image","twitter_misc":{"Written by":"admin","Est. reading time":"1 minute"},"schema":{"@context":"https:\/\/schema.org","@graph":[{"@type":"Article","@id":"https:\/\/www.prijedordanas.com\/?p=124064#article","isPartOf":{"@id":"https:\/\/www.prijedordanas.com\/?p=124064"},"author":{"name":"admin","@id":"https:\/\/www.prijedordanas.com\/#\/schema\/person\/4e08ccf29b506ca916ff86d46bb700e6"},"headline":"\u201cVOLIM TE\u201d: U OVOM KAFI\u0106U KAFA SE PLA\u0106A JEDNIM STIHOM, PRIJEDOR\u010cANI POKAZALI KREATIVNOST &#8211; FOTO","datePublished":"2019-03-21T18:10:35+00:00","dateModified":"2019-03-21T18:10:35+00:00","mainEntityOfPage":{"@id":"https:\/\/www.prijedordanas.com\/?p=124064"},"wordCount":245,"publisher":{"@id":"https:\/\/www.prijedordanas.com\/#organization"},"keywords":["kafa","stih"],"articleSection":["\u017divot"],"inLanguage":"en-US"},{"@type":"WebPage","@id":"https:\/\/www.prijedordanas.com\/?p=124064","url":"https:\/\/www.prijedordanas.com\/?p=124064","name":"\u201cVOLIM TE\u201d: U OVOM KAFI\u0106U KAFA SE PLA\u0106A JEDNIM STIHOM, PRIJEDOR\u010cANI POKAZALI KREATIVNOST - FOTO - PrijedorDanas.com - Prijedorski gradski portal","isPartOf":{"@id":"https:\/\/www.prijedordanas.com\/#website"},"datePublished":"2019-03-21T18:10:35+00:00","dateModified":"2019-03-21T18:10:35+00:00","breadcrumb":{"@id":"https:\/\/www.prijedordanas.com\/?p=124064#breadcrumb"},"inLanguage":"en-US","potentialAction":[{"@type":"ReadAction","target":["https:\/\/www.prijedordanas.com\/?p=124064"]}]},{"@type":"BreadcrumbList","@id":"https:\/\/www.prijedordanas.com\/?p=124064#breadcrumb","itemListElement":[{"@type":"ListItem","position":1,"name":"Home","item":"https:\/\/www.prijedordanas.com\/"},{"@type":"ListItem","position":2,"name":"\u201cVOLIM TE\u201d: U OVOM KAFI\u0106U KAFA SE PLA\u0106A JEDNIM STIHOM, PRIJEDOR\u010cANI POKAZALI KREATIVNOST &#8211; FOTO"}]},{"@type":"WebSite","@id":"https:\/\/www.prijedordanas.com\/#website","url":"https:\/\/www.prijedordanas.com\/","name":"PrijedorDanas.com - Prijedorski gradski portal","description":"Portal o doga\u0111anjima u gradu Prijedoru","publisher":{"@id":"https:\/\/www.prijedordanas.com\/#organization"},"potentialAction":[{"@type":"SearchAction","target":{"@type":"EntryPoint","urlTemplate":"https:\/\/www.prijedordanas.com\/?s={search_term_string}"},"query-input":"required name=search_term_string"}],"inLanguage":"en-US"},{"@type":"Organization","@id":"https:\/\/www.prijedordanas.com\/#organization","name":"PrijedorDanas.com","url":"https:\/\/www.prijedordanas.com\/","logo":{"@type":"ImageObject","inLanguage":"en-US","@id":"https:\/\/www.prijedordanas.com\/#\/schema\/logo\/image\/","url":"http:\/\/www.prijedordanas.com\/wp-content\/uploads\/2021\/12\/logopng.png","contentUrl":"http:\/\/www.prijedordanas.com\/wp-content\/uploads\/2021\/12\/logopng.png","width":1019,"height":776,"caption":"PrijedorDanas.com"},"image":{"@id":"https:\/\/www.prijedordanas.com\/#\/schema\/logo\/image\/"},"sameAs":["https:\/\/www.facebook.com\/PrijedorDanasCom\/"]},{"@type":"Person","@id":"https:\/\/www.prijedordanas.com\/#\/schema\/person\/4e08ccf29b506ca916ff86d46bb700e6","name":"admin","image":{"@type":"ImageObject","inLanguage":"en-US","@id":"https:\/\/www.prijedordanas.com\/#\/schema\/person\/image\/","url":"https:\/\/secure.gravatar.com\/avatar\/1d3fc949d550f0b53a5f0d51e06dfd79?s=96&d=mm&r=g","contentUrl":"https:\/\/secure.gravatar.com\/avatar\/1d3fc949d550f0b53a5f0d51e06dfd79?s=96&d=mm&r=g","caption":"admin"},"url":"https:\/\/www.prijedordanas.com\/?author=1"}]}},"_links":{"self":[{"href":"https:\/\/www.prijedordanas.com\/index.php?rest_route=\/wp\/v2\/posts\/124064"}],"collection":[{"href":"https:\/\/www.prijedordanas.com\/index.php?rest_route=\/wp\/v2\/posts"}],"about":[{"href":"https:\/\/www.prijedordanas.com\/index.php?rest_route=\/wp\/v2\/types\/post"}],"author":[{"embeddable":true,"href":"https:\/\/www.prijedordanas.com\/index.php?rest_route=\/wp\/v2\/users\/1"}],"replies":[{"embeddable":true,"href":"https:\/\/www.prijedordanas.com\/index.php?rest_route=%2Fwp%2Fv2%2Fcomments&post=124064"}],"version-history":[{"count":2,"href":"https:\/\/www.prijedordanas.com\/index.php?rest_route=\/wp\/v2\/posts\/124064\/revisions"}],"predecessor-version":[{"id":124073,"href":"https:\/\/www.prijedordanas.com\/index.php?rest_route=\/wp\/v2\/posts\/124064\/revisions\/124073"}],"wp:attachment":[{"href":"https:\/\/www.prijedordanas.com\/index.php?rest_route=%2Fwp%2Fv2%2Fmedia&parent=124064"}],"wp:term":[{"taxonomy":"category","embeddable":true,"href":"https:\/\/www.prijedordanas.com\/index.php?rest_route=%2Fwp%2Fv2%2Fcategories&post=124064"},{"taxonomy":"post_tag","embeddable":true,"href":"https:\/\/www.prijedordanas.com\/index.php?rest_route=%2Fwp%2Fv2%2Ftags&post=124064"}],"curies":[{"name":"wp","href":"https:\/\/api.w.org\/{rel}","templated":true}]}}