{"id":124036,"date":"2019-03-21T08:34:44","date_gmt":"2019-03-21T07:34:44","guid":{"rendered":"https:\/\/www.prijedordanas.com\/?p=124036"},"modified":"2019-03-21T08:42:26","modified_gmt":"2019-03-21T07:42:26","slug":"prijedor-dobio-sah-na-otvorenom-foto","status":"publish","type":"post","link":"https:\/\/www.prijedordanas.com\/?p=124036","title":{"rendered":"PRIJEDOR DOBIO \u0160AH NA OTVORENOM \u2013 FOTO"},"content":{"rendered":"<p><a href=\"https:\/\/www.prijedordanas.com\/wp-content\/uploads\/2019\/03\/sah-na-otvorenom-rudarski-fakultet-1.jpg\"><img loading=\"lazy\" decoding=\"async\" src=\"https:\/\/www.prijedordanas.com\/wp-content\/uploads\/2019\/03\/sah-na-otvorenom-rudarski-fakultet-1-300x217.jpg\" alt=\"\" width=\"300\" height=\"217\" class=\"alignleft size-medium wp-image-124038\" srcset=\"https:\/\/www.prijedordanas.com\/wp-content\/uploads\/2019\/03\/sah-na-otvorenom-rudarski-fakultet-1-300x217.jpg 300w, https:\/\/www.prijedordanas.com\/wp-content\/uploads\/2019\/03\/sah-na-otvorenom-rudarski-fakultet-1-100x72.jpg 100w, https:\/\/www.prijedordanas.com\/wp-content\/uploads\/2019\/03\/sah-na-otvorenom-rudarski-fakultet-1.jpg 690w\" sizes=\"(max-width: 300px) 100vw, 300px\" \/><\/a>Zahvaljuju\u0107i studentima Rudarskog fakultet i Visoke medicinske \u0161kole,Prijedor je dobio mjesto na kojem gra\u0111ani mogu da igraju \u0161ah na otvorenom.<\/p>\n<p>Predsjednik Saveza studenata Rudarskog fakulteta Sr\u0111an \u0160obot izjavio je na ceremoniji otvaranja ovog \u0161ahovskog &#8220;igrali\u0161ta&#8221; da su ideju na su do\u0161li nakon \u0161to su vidjeli da gradu nedostaje jedan \u0161ah na otvorenom, kakav imaju mnogi gradovi u okru\u017eenju. Kao neformalna grupa gra\u0111ana osmislili su projekat, koji je podr\u017eala Me\u0111unarodna organizacija za migracije (IOM) u okviru aktivnosti &#8221; Podr\u0161ka mladima u lokalnim zajednicama u BiH&#8221;.<\/p>\n<p>&#8220;Odlu\u010dili smo da, kao neformalna grupa, apliciramo za sredstva koja je davao IOM i da pokrenemo ovu pri\u010du, jer grad nema nijedan \u0161ah na otvorenom&#8221;, rekao je \u0160obot.<\/p>\n<p><a href=\"https:\/\/www.prijedordanas.com\/wp-content\/uploads\/2019\/03\/sah-na-otvorenom-rudarski-fakultet-2.jpg\"><img loading=\"lazy\" decoding=\"async\" src=\"https:\/\/www.prijedordanas.com\/wp-content\/uploads\/2019\/03\/sah-na-otvorenom-rudarski-fakultet-2-300x199.jpg\" alt=\"\" width=\"300\" height=\"199\" class=\"alignleft size-medium wp-image-124039\" srcset=\"https:\/\/www.prijedordanas.com\/wp-content\/uploads\/2019\/03\/sah-na-otvorenom-rudarski-fakultet-2-300x199.jpg 300w, https:\/\/www.prijedordanas.com\/wp-content\/uploads\/2019\/03\/sah-na-otvorenom-rudarski-fakultet-2-100x66.jpg 100w, https:\/\/www.prijedordanas.com\/wp-content\/uploads\/2019\/03\/sah-na-otvorenom-rudarski-fakultet-2-480x320.jpg 480w, https:\/\/www.prijedordanas.com\/wp-content\/uploads\/2019\/03\/sah-na-otvorenom-rudarski-fakultet-2.jpg 600w\" sizes=\"(max-width: 300px) 100vw, 300px\" \/><\/a>Prvi potez na ovoj \u0161ahovskoj tabli pod otvorenim nebom povukao je gradona\u010delnik Milenko \u0110akovi\u0107, koji je pohvalio inicijativu studenata. <\/p>\n<p>&#8220;Ovo je aktivnost gdje se udru\u017eila omladima Prjedora i Me\u0111unarodna organiyacija za migracije koja im je pomogla da se napravi ova \u0161ahovska garnitura na otvorenom. Ovo je vrlo interesantno, na lijepom je mjestu i vjerujem da \u0107e mnogi mladi, ali i penzioneri, ovdje igrati \u0161ah&#8221;, poru\u010dio je \u0110akovi\u0107. <\/p>\n<p>Dekan Rudarskog fakulteta, u \u010dijem se krugu nalazi ova tabla, Vladimir Malba\u0161i\u0107, rekao je da je ovo na\u010din da se ova ustanova dodatno uve\u017ee u dru\u0161tveni \u017eivot grada. Nakon zvani\u010dnog otvaranja uslijedio je \u0161ahovski turnir na kojem su snage odmjerili studenti. \u0160ah na otvorenm bi\u0107e dostupan svim gra\u0111anima svakog dana u period izme\u0111u 08.00 i 17.00 \u010dasova. <\/p>\n<p>www.prijedorgrad.org<\/p>\n<p><a href=\"https:\/\/www.prijedordanas.com\/wp-content\/uploads\/2019\/03\/sah-na-otvorenom-rudarski-fakultet-3.jpg\"><img loading=\"lazy\" decoding=\"async\" src=\"https:\/\/www.prijedordanas.com\/wp-content\/uploads\/2019\/03\/sah-na-otvorenom-rudarski-fakultet-3-300x199.jpg\" alt=\"\" width=\"300\" height=\"199\" class=\"alignleft size-medium wp-image-124040\" srcset=\"https:\/\/www.prijedordanas.com\/wp-content\/uploads\/2019\/03\/sah-na-otvorenom-rudarski-fakultet-3-300x199.jpg 300w, https:\/\/www.prijedordanas.com\/wp-content\/uploads\/2019\/03\/sah-na-otvorenom-rudarski-fakultet-3-100x66.jpg 100w, https:\/\/www.prijedordanas.com\/wp-content\/uploads\/2019\/03\/sah-na-otvorenom-rudarski-fakultet-3-480x320.jpg 480w, https:\/\/www.prijedordanas.com\/wp-content\/uploads\/2019\/03\/sah-na-otvorenom-rudarski-fakultet-3.jpg 600w\" sizes=\"(max-width: 300px) 100vw, 300px\" \/><\/a> <a href=\"https:\/\/www.prijedordanas.com\/wp-content\/uploads\/2019\/03\/sah-na-otvorenom-rudarski-fakultet-4.jpg\"><img loading=\"lazy\" decoding=\"async\" src=\"https:\/\/www.prijedordanas.com\/wp-content\/uploads\/2019\/03\/sah-na-otvorenom-rudarski-fakultet-4-300x199.jpg\" alt=\"\" width=\"300\" height=\"199\" class=\"alignleft size-medium wp-image-124041\" srcset=\"https:\/\/www.prijedordanas.com\/wp-content\/uploads\/2019\/03\/sah-na-otvorenom-rudarski-fakultet-4-300x199.jpg 300w, https:\/\/www.prijedordanas.com\/wp-content\/uploads\/2019\/03\/sah-na-otvorenom-rudarski-fakultet-4-100x66.jpg 100w, https:\/\/www.prijedordanas.com\/wp-content\/uploads\/2019\/03\/sah-na-otvorenom-rudarski-fakultet-4-480x320.jpg 480w, https:\/\/www.prijedordanas.com\/wp-content\/uploads\/2019\/03\/sah-na-otvorenom-rudarski-fakultet-4.jpg 600w\" sizes=\"(max-width: 300px) 100vw, 300px\" \/><\/a> <a href=\"https:\/\/www.prijedordanas.com\/wp-content\/uploads\/2019\/03\/sah-na-otvorenom-rudarski-fakultet-5.jpg\"><img loading=\"lazy\" decoding=\"async\" src=\"https:\/\/www.prijedordanas.com\/wp-content\/uploads\/2019\/03\/sah-na-otvorenom-rudarski-fakultet-5-300x199.jpg\" alt=\"\" width=\"300\" height=\"199\" class=\"alignleft size-medium wp-image-124042\" srcset=\"https:\/\/www.prijedordanas.com\/wp-content\/uploads\/2019\/03\/sah-na-otvorenom-rudarski-fakultet-5-300x199.jpg 300w, https:\/\/www.prijedordanas.com\/wp-content\/uploads\/2019\/03\/sah-na-otvorenom-rudarski-fakultet-5-100x66.jpg 100w, https:\/\/www.prijedordanas.com\/wp-content\/uploads\/2019\/03\/sah-na-otvorenom-rudarski-fakultet-5-480x320.jpg 480w, https:\/\/www.prijedordanas.com\/wp-content\/uploads\/2019\/03\/sah-na-otvorenom-rudarski-fakultet-5.jpg 600w\" sizes=\"(max-width: 300px) 100vw, 300px\" \/><\/a><\/p>\n","protected":false},"excerpt":{"rendered":"<p>Zahvaljuju\u0107i studentima Rudarskog fakultet i Visoke medicinske \u0161kole,Prijedor je dobio mjesto na kojem gra\u0111ani mogu da igraju \u0161ah na otvorenom. Predsjednik Saveza studenata Rudarskog fakulteta Sr\u0111an \u0160obot izjavio je na [&hellip;]<\/p>\n","protected":false},"author":1,"featured_media":0,"comment_status":"closed","ping_status":"open","sticky":false,"template":"","format":"standard","meta":{"_monsterinsights_skip_tracking":false,"_monsterinsights_sitenote_active":false,"_monsterinsights_sitenote_note":"","_monsterinsights_sitenote_category":0,"footnotes":""},"categories":[4],"tags":[2474],"yoast_head":"<!-- This site is optimized with the Yoast SEO plugin v21.6 - https:\/\/yoast.com\/wordpress\/plugins\/seo\/ -->\n<title>PRIJEDOR DOBIO \u0160AH NA OTVORENOM \u2013 FOTO - PrijedorDanas.com - Prijedorski gradski portal<\/title>\n<meta name=\"robots\" content=\"index, follow, max-snippet:-1, max-image-preview:large, max-video-preview:-1\" \/>\n<link rel=\"canonical\" href=\"https:\/\/www.prijedordanas.com\/?p=124036\" \/>\n<meta property=\"og:locale\" content=\"en_US\" \/>\n<meta property=\"og:type\" content=\"article\" \/>\n<meta property=\"og:title\" content=\"PRIJEDOR DOBIO \u0160AH NA OTVORENOM \u2013 FOTO - PrijedorDanas.com - Prijedorski gradski portal\" \/>\n<meta property=\"og:description\" content=\"Zahvaljuju\u0107i studentima Rudarskog fakultet i Visoke medicinske \u0161kole,Prijedor je dobio mjesto na kojem gra\u0111ani mogu da igraju \u0161ah na otvorenom. Predsjednik Saveza studenata Rudarskog fakulteta Sr\u0111an \u0160obot izjavio je na [&hellip;]\" \/>\n<meta property=\"og:url\" content=\"https:\/\/www.prijedordanas.com\/?p=124036\" \/>\n<meta property=\"og:site_name\" content=\"PrijedorDanas.com - Prijedorski gradski portal\" \/>\n<meta property=\"article:publisher\" content=\"https:\/\/www.facebook.com\/PrijedorDanasCom\/\" \/>\n<meta property=\"article:published_time\" content=\"2019-03-21T07:34:44+00:00\" \/>\n<meta property=\"article:modified_time\" content=\"2019-03-21T07:42:26+00:00\" \/>\n<meta property=\"og:image\" content=\"https:\/\/www.prijedordanas.com\/wp-content\/uploads\/2019\/03\/sah-na-otvorenom-rudarski-fakultet-1-300x217.jpg\" \/>\n<meta name=\"author\" content=\"admin\" \/>\n<meta name=\"twitter:card\" content=\"summary_large_image\" \/>\n<meta name=\"twitter:label1\" content=\"Written by\" \/>\n\t<meta name=\"twitter:data1\" content=\"admin\" \/>\n\t<meta name=\"twitter:label2\" content=\"Est. reading time\" \/>\n\t<meta name=\"twitter:data2\" content=\"1 minute\" \/>\n<script type=\"application\/ld+json\" class=\"yoast-schema-graph\">{\"@context\":\"https:\/\/schema.org\",\"@graph\":[{\"@type\":\"Article\",\"@id\":\"https:\/\/www.prijedordanas.com\/?p=124036#article\",\"isPartOf\":{\"@id\":\"https:\/\/www.prijedordanas.com\/?p=124036\"},\"author\":{\"name\":\"admin\",\"@id\":\"https:\/\/www.prijedordanas.com\/#\/schema\/person\/4e08ccf29b506ca916ff86d46bb700e6\"},\"headline\":\"PRIJEDOR DOBIO \u0160AH NA OTVORENOM \u2013 FOTO\",\"datePublished\":\"2019-03-21T07:34:44+00:00\",\"dateModified\":\"2019-03-21T07:42:26+00:00\",\"mainEntityOfPage\":{\"@id\":\"https:\/\/www.prijedordanas.com\/?p=124036\"},\"wordCount\":267,\"publisher\":{\"@id\":\"https:\/\/www.prijedordanas.com\/#organization\"},\"keywords\":[\"\u0161ah\"],\"articleSection\":[\"Dru\u0161tvo\"],\"inLanguage\":\"en-US\"},{\"@type\":\"WebPage\",\"@id\":\"https:\/\/www.prijedordanas.com\/?p=124036\",\"url\":\"https:\/\/www.prijedordanas.com\/?p=124036\",\"name\":\"PRIJEDOR DOBIO \u0160AH NA OTVORENOM \u2013 FOTO - PrijedorDanas.com - Prijedorski gradski portal\",\"isPartOf\":{\"@id\":\"https:\/\/www.prijedordanas.com\/#website\"},\"datePublished\":\"2019-03-21T07:34:44+00:00\",\"dateModified\":\"2019-03-21T07:42:26+00:00\",\"breadcrumb\":{\"@id\":\"https:\/\/www.prijedordanas.com\/?p=124036#breadcrumb\"},\"inLanguage\":\"en-US\",\"potentialAction\":[{\"@type\":\"ReadAction\",\"target\":[\"https:\/\/www.prijedordanas.com\/?p=124036\"]}]},{\"@type\":\"BreadcrumbList\",\"@id\":\"https:\/\/www.prijedordanas.com\/?p=124036#breadcrumb\",\"itemListElement\":[{\"@type\":\"ListItem\",\"position\":1,\"name\":\"Home\",\"item\":\"https:\/\/www.prijedordanas.com\/\"},{\"@type\":\"ListItem\",\"position\":2,\"name\":\"PRIJEDOR DOBIO \u0160AH NA OTVORENOM \u2013 FOTO\"}]},{\"@type\":\"WebSite\",\"@id\":\"https:\/\/www.prijedordanas.com\/#website\",\"url\":\"https:\/\/www.prijedordanas.com\/\",\"name\":\"PrijedorDanas.com - Prijedorski gradski portal\",\"description\":\"Portal o doga\u0111anjima u gradu Prijedoru\",\"publisher\":{\"@id\":\"https:\/\/www.prijedordanas.com\/#organization\"},\"potentialAction\":[{\"@type\":\"SearchAction\",\"target\":{\"@type\":\"EntryPoint\",\"urlTemplate\":\"https:\/\/www.prijedordanas.com\/?s={search_term_string}\"},\"query-input\":\"required name=search_term_string\"}],\"inLanguage\":\"en-US\"},{\"@type\":\"Organization\",\"@id\":\"https:\/\/www.prijedordanas.com\/#organization\",\"name\":\"PrijedorDanas.com\",\"url\":\"https:\/\/www.prijedordanas.com\/\",\"logo\":{\"@type\":\"ImageObject\",\"inLanguage\":\"en-US\",\"@id\":\"https:\/\/www.prijedordanas.com\/#\/schema\/logo\/image\/\",\"url\":\"http:\/\/www.prijedordanas.com\/wp-content\/uploads\/2021\/12\/logopng.png\",\"contentUrl\":\"http:\/\/www.prijedordanas.com\/wp-content\/uploads\/2021\/12\/logopng.png\",\"width\":1019,\"height\":776,\"caption\":\"PrijedorDanas.com\"},\"image\":{\"@id\":\"https:\/\/www.prijedordanas.com\/#\/schema\/logo\/image\/\"},\"sameAs\":[\"https:\/\/www.facebook.com\/PrijedorDanasCom\/\"]},{\"@type\":\"Person\",\"@id\":\"https:\/\/www.prijedordanas.com\/#\/schema\/person\/4e08ccf29b506ca916ff86d46bb700e6\",\"name\":\"admin\",\"image\":{\"@type\":\"ImageObject\",\"inLanguage\":\"en-US\",\"@id\":\"https:\/\/www.prijedordanas.com\/#\/schema\/person\/image\/\",\"url\":\"https:\/\/secure.gravatar.com\/avatar\/1d3fc949d550f0b53a5f0d51e06dfd79?s=96&d=mm&r=g\",\"contentUrl\":\"https:\/\/secure.gravatar.com\/avatar\/1d3fc949d550f0b53a5f0d51e06dfd79?s=96&d=mm&r=g\",\"caption\":\"admin\"},\"url\":\"https:\/\/www.prijedordanas.com\/?author=1\"}]}<\/script>\n<!-- \/ Yoast SEO plugin. -->","yoast_head_json":{"title":"PRIJEDOR DOBIO \u0160AH NA OTVORENOM \u2013 FOTO - PrijedorDanas.com - Prijedorski gradski portal","robots":{"index":"index","follow":"follow","max-snippet":"max-snippet:-1","max-image-preview":"max-image-preview:large","max-video-preview":"max-video-preview:-1"},"canonical":"https:\/\/www.prijedordanas.com\/?p=124036","og_locale":"en_US","og_type":"article","og_title":"PRIJEDOR DOBIO \u0160AH NA OTVORENOM \u2013 FOTO - PrijedorDanas.com - Prijedorski gradski portal","og_description":"Zahvaljuju\u0107i studentima Rudarskog fakultet i Visoke medicinske \u0161kole,Prijedor je dobio mjesto na kojem gra\u0111ani mogu da igraju \u0161ah na otvorenom. Predsjednik Saveza studenata Rudarskog fakulteta Sr\u0111an \u0160obot izjavio je na [&hellip;]","og_url":"https:\/\/www.prijedordanas.com\/?p=124036","og_site_name":"PrijedorDanas.com - Prijedorski gradski portal","article_publisher":"https:\/\/www.facebook.com\/PrijedorDanasCom\/","article_published_time":"2019-03-21T07:34:44+00:00","article_modified_time":"2019-03-21T07:42:26+00:00","og_image":[{"url":"https:\/\/www.prijedordanas.com\/wp-content\/uploads\/2019\/03\/sah-na-otvorenom-rudarski-fakultet-1-300x217.jpg"}],"author":"admin","twitter_card":"summary_large_image","twitter_misc":{"Written by":"admin","Est. reading time":"1 minute"},"schema":{"@context":"https:\/\/schema.org","@graph":[{"@type":"Article","@id":"https:\/\/www.prijedordanas.com\/?p=124036#article","isPartOf":{"@id":"https:\/\/www.prijedordanas.com\/?p=124036"},"author":{"name":"admin","@id":"https:\/\/www.prijedordanas.com\/#\/schema\/person\/4e08ccf29b506ca916ff86d46bb700e6"},"headline":"PRIJEDOR DOBIO \u0160AH NA OTVORENOM \u2013 FOTO","datePublished":"2019-03-21T07:34:44+00:00","dateModified":"2019-03-21T07:42:26+00:00","mainEntityOfPage":{"@id":"https:\/\/www.prijedordanas.com\/?p=124036"},"wordCount":267,"publisher":{"@id":"https:\/\/www.prijedordanas.com\/#organization"},"keywords":["\u0161ah"],"articleSection":["Dru\u0161tvo"],"inLanguage":"en-US"},{"@type":"WebPage","@id":"https:\/\/www.prijedordanas.com\/?p=124036","url":"https:\/\/www.prijedordanas.com\/?p=124036","name":"PRIJEDOR DOBIO \u0160AH NA OTVORENOM \u2013 FOTO - PrijedorDanas.com - Prijedorski gradski portal","isPartOf":{"@id":"https:\/\/www.prijedordanas.com\/#website"},"datePublished":"2019-03-21T07:34:44+00:00","dateModified":"2019-03-21T07:42:26+00:00","breadcrumb":{"@id":"https:\/\/www.prijedordanas.com\/?p=124036#breadcrumb"},"inLanguage":"en-US","potentialAction":[{"@type":"ReadAction","target":["https:\/\/www.prijedordanas.com\/?p=124036"]}]},{"@type":"BreadcrumbList","@id":"https:\/\/www.prijedordanas.com\/?p=124036#breadcrumb","itemListElement":[{"@type":"ListItem","position":1,"name":"Home","item":"https:\/\/www.prijedordanas.com\/"},{"@type":"ListItem","position":2,"name":"PRIJEDOR DOBIO \u0160AH NA OTVORENOM \u2013 FOTO"}]},{"@type":"WebSite","@id":"https:\/\/www.prijedordanas.com\/#website","url":"https:\/\/www.prijedordanas.com\/","name":"PrijedorDanas.com - Prijedorski gradski portal","description":"Portal o doga\u0111anjima u gradu Prijedoru","publisher":{"@id":"https:\/\/www.prijedordanas.com\/#organization"},"potentialAction":[{"@type":"SearchAction","target":{"@type":"EntryPoint","urlTemplate":"https:\/\/www.prijedordanas.com\/?s={search_term_string}"},"query-input":"required name=search_term_string"}],"inLanguage":"en-US"},{"@type":"Organization","@id":"https:\/\/www.prijedordanas.com\/#organization","name":"PrijedorDanas.com","url":"https:\/\/www.prijedordanas.com\/","logo":{"@type":"ImageObject","inLanguage":"en-US","@id":"https:\/\/www.prijedordanas.com\/#\/schema\/logo\/image\/","url":"http:\/\/www.prijedordanas.com\/wp-content\/uploads\/2021\/12\/logopng.png","contentUrl":"http:\/\/www.prijedordanas.com\/wp-content\/uploads\/2021\/12\/logopng.png","width":1019,"height":776,"caption":"PrijedorDanas.com"},"image":{"@id":"https:\/\/www.prijedordanas.com\/#\/schema\/logo\/image\/"},"sameAs":["https:\/\/www.facebook.com\/PrijedorDanasCom\/"]},{"@type":"Person","@id":"https:\/\/www.prijedordanas.com\/#\/schema\/person\/4e08ccf29b506ca916ff86d46bb700e6","name":"admin","image":{"@type":"ImageObject","inLanguage":"en-US","@id":"https:\/\/www.prijedordanas.com\/#\/schema\/person\/image\/","url":"https:\/\/secure.gravatar.com\/avatar\/1d3fc949d550f0b53a5f0d51e06dfd79?s=96&d=mm&r=g","contentUrl":"https:\/\/secure.gravatar.com\/avatar\/1d3fc949d550f0b53a5f0d51e06dfd79?s=96&d=mm&r=g","caption":"admin"},"url":"https:\/\/www.prijedordanas.com\/?author=1"}]}},"_links":{"self":[{"href":"https:\/\/www.prijedordanas.com\/index.php?rest_route=\/wp\/v2\/posts\/124036"}],"collection":[{"href":"https:\/\/www.prijedordanas.com\/index.php?rest_route=\/wp\/v2\/posts"}],"about":[{"href":"https:\/\/www.prijedordanas.com\/index.php?rest_route=\/wp\/v2\/types\/post"}],"author":[{"embeddable":true,"href":"https:\/\/www.prijedordanas.com\/index.php?rest_route=\/wp\/v2\/users\/1"}],"replies":[{"embeddable":true,"href":"https:\/\/www.prijedordanas.com\/index.php?rest_route=%2Fwp%2Fv2%2Fcomments&post=124036"}],"version-history":[{"count":3,"href":"https:\/\/www.prijedordanas.com\/index.php?rest_route=\/wp\/v2\/posts\/124036\/revisions"}],"predecessor-version":[{"id":124044,"href":"https:\/\/www.prijedordanas.com\/index.php?rest_route=\/wp\/v2\/posts\/124036\/revisions\/124044"}],"wp:attachment":[{"href":"https:\/\/www.prijedordanas.com\/index.php?rest_route=%2Fwp%2Fv2%2Fmedia&parent=124036"}],"wp:term":[{"taxonomy":"category","embeddable":true,"href":"https:\/\/www.prijedordanas.com\/index.php?rest_route=%2Fwp%2Fv2%2Fcategories&post=124036"},{"taxonomy":"post_tag","embeddable":true,"href":"https:\/\/www.prijedordanas.com\/index.php?rest_route=%2Fwp%2Fv2%2Ftags&post=124036"}],"curies":[{"name":"wp","href":"https:\/\/api.w.org\/{rel}","templated":true}]}}