{"id":123917,"date":"2019-03-19T18:24:54","date_gmt":"2019-03-19T17:24:54","guid":{"rendered":"https:\/\/www.prijedordanas.com\/?p=123917"},"modified":"2019-03-19T18:24:54","modified_gmt":"2019-03-19T17:24:54","slug":"focus-intervju-jelena-govedarica-urednik-tv-lice-top-model","status":"publish","type":"post","link":"https:\/\/www.prijedordanas.com\/?p=123917","title":{"rendered":"FOCUS INTERVJU: JELENA GOVEDARICA, UREDNIK, TV LICE, TOP MODEL"},"content":{"rendered":"<p><a href=\"https:\/\/www.prijedordanas.com\/wp-content\/uploads\/2019\/03\/focus-jelena-govedarica.jpg\"><img loading=\"lazy\" decoding=\"async\" src=\"https:\/\/www.prijedordanas.com\/wp-content\/uploads\/2019\/03\/focus-jelena-govedarica-300x222.jpg\" alt=\"\" width=\"300\" height=\"222\" class=\"alignleft size-medium wp-image-123918\" srcset=\"https:\/\/www.prijedordanas.com\/wp-content\/uploads\/2019\/03\/focus-jelena-govedarica-300x222.jpg 300w, https:\/\/www.prijedordanas.com\/wp-content\/uploads\/2019\/03\/focus-jelena-govedarica-100x74.jpg 100w, https:\/\/www.prijedordanas.com\/wp-content\/uploads\/2019\/03\/focus-jelena-govedarica.jpg 676w\" sizes=\"(max-width: 300px) 100vw, 300px\" \/><\/a>Prijedor\u010danka Jelena Govedarica je urednik, tv lice i top model. Jelena je \u017eena koja je u\u0161la u 100 najlep\u0161ih Evropljanki, po predlozima modnih stru\u010dnjaka.<\/p>\n<p>Pesma koja Vas je navela da kupite prvu plo\u010du\/kasetu\/CD<\/p>\n<p>Kao dete volela sam da slu\u0161am Draganu Mirkovi\u0107. Kad je iza\u0161la kaseta \u201eOpojni su zumbuli\u201d morala se kupiti, \u010dak iz Beograda nam je poslata. Uz tu pesmu sestra i ja smo radile plesne koreografije, pa smo premotavaju\u0107i i zapetljale kasetu, tako da je neslavno zavr\u0161ila.<\/p>\n<p>Opi\u0161ite posao koji volite i koji vas defini\u0161e kao li\u010dnost<\/p>\n<p>Jednom re\u010dju SCENA! Modno \u2013 scenske performanse koje radim, voditeljski posao, posao modela i manekena, gluma\u010dki pozori\u0161ni deo, tv pojavljivanja, sve to mene \u010dini potpunom li\u010dno\u0161\u0107u. Jedna sam od onih koja \u017eivi sceni a ne ona mene i sretna sam zbog toga! \u017divela scenaaaa!!!<\/p>\n<p>Molimo Vas da navedete nekoliko uspe\u0161nih ljudi koji su uticali na Va\u0161u karijeru u smislu primera za uspeh<\/p>\n<p>\u2013 Isidora Bjelica koja svojom elokventno\u0161\u0107u, \u0161irinom stavova, harizmom, nadprose\u010dnom inteligencijom ostavlja bez daha i daje jasne smernice kako kora\u010dati putevima uspeha ali i \u017eivota. Borbe sa samima sobom koje dobijemo su na\u0161e najve\u0107e bitke!<br \/>\n\u2013 Lepa Brena koja je koriste\u0107i svoj talenat , svoj lik i delo pretvorila u istorijsku epohu koja se prosto zove Lepa Brena i ta\u010dka!<br \/>\n\u2013 Suzana Man\u010di\u0107 koja je u kontinuitetu prisutna i kad nije aktuelna ona je popularna, neverovatno!<br \/>\n\u2013 Sa\u0161a Popovi\u0107 \u010dovek koji je izumitelj svega \u0161to radi i koji je postavio standarde! Vredan pomena i pa\u017enje!<br \/>\n\u2013 Vesna Zmijanac koja ima neuporedivu emociju dok peva! \u010cudo od \u017eene!<\/p>\n<p>Da li Vas je uspe\u0161nost u Va\u0161em poslu promenila?<\/p>\n<p>Samo u smislu da sam postala jo\u0161 svesnija svojih kapaciteta i koliko je posve\u0107enost bitnija od talenta! Hrabrost, istrajnost ali i dobra mera ukusa u interpretaciji kako sebe tako i drugih je ne\u0161to \u0161to sam nadogradila, pa su mi te osobine postale najbolje drugarice i hvala im!<\/p>\n<p>Navedite va\u0161ih top 5 izvo\u0111a\u010da<\/p>\n<p>\u2013 Vesna Zmijanac<br \/>\n\u2013 Dragana Mirkovi\u0107<br \/>\n\u2013 Ana Bekuta<br \/>\n\u2013 Halid Be\u0161li\u0107<br \/>\n\u2013 Milica Pavlovi\u0107<\/p>\n<p>Da li Vam slobodno vreme omogu\u0107ava da se posvetite nekim dru\u0161tveno korisnim aktivnostima?<\/p>\n<p>Da. Radim projekte neformalnog obrazovanja mladih, gde razvijamo talente koje mladi mogu da pretvore u vlastiti posao i sa decom sa posebnim potrebama. Inkluzija u praksi a ne samo na papiru, rekla bih.<\/p>\n<p>\u0160ta u Srbiji u oblasti Va\u0161eg interesovanja treba promeniti kako bi odr\u017eali korak sa svetom?<\/p>\n<p>Treba uvesti inovaciju u na\u010dine prezentovanja mode. Moda je umetnost, \u017eiva je. Treba je tako i predstaviti, jer to garantuje upe\u010datljivost i prime\u0107enost kolekcija trajno, a ne samo kolekcijski.<\/p>\n<p>Va\u0161 osvrt na budu\u0107a de\u0161avanja u muzici i kulturi u Srbiji<\/p>\n<p>Sigurna sam da \u0107e biti pomaka jer je Zvezdama Granda, Pinkovim Zvezdicama, MAC manifestacijom uveden jedan novi pravac gradjenja karijera ali i isticanja i nagradjivanja istih. Imamo koncerte koji su sjajni performansi. Na\u0161a kultura je sadr\u017eajna samo \u0161to je mnogi ne prate pa su u zabludi. Imamo predstave koje su za svetske scene, tako da sve u svemu dosta smo mi visoko na toj lestvici. Ljudima fali upu\u0107enosti! Prijedor recimo ima niz manifestacija tokom godine pa eto za svakoga po ne\u0161to!<\/p>\n<p>Poruka mladim generacijama, po\u010detnicima u poslu, u vezi sa Va\u0161im iskustvom<\/p>\n<p>Borite se! Radite! Radite! Radite! Ispunjavajte svoja, a ne o\u010dekivanja drugih i rezultati su zagarantovani. Nek vam imperativ bude unutra\u0161nji mir i zadovoljenost vlastitih kriterijuma.<\/p>\n<p>Va\u0161a poruka slu\u0161aocima FOCUS Radija i posetiocima na\u0161eg portala<\/p>\n<p>Iz svakog intervjua, pesme, uzmite za sebe \u0161to vam odgovara i iz \u010dega \u0107ete ne\u0161to nau\u010diti! Po\u0161tujte svakoga ko \u017eeli da vam da poduku jer problem u \u017eivotu nije problem nego situacija s kojom se treba izboriti.<\/p>\n<p>www.focus-radio.com<\/p>\n","protected":false},"excerpt":{"rendered":"<p>Prijedor\u010danka Jelena Govedarica je urednik, tv lice i top model. Jelena je \u017eena koja je u\u0161la u 100 najlep\u0161ih Evropljanki, po predlozima modnih stru\u010dnjaka. Pesma koja Vas je navela da [&hellip;]<\/p>\n","protected":false},"author":1,"featured_media":0,"comment_status":"closed","ping_status":"open","sticky":false,"template":"","format":"standard","meta":{"_monsterinsights_skip_tracking":false,"_monsterinsights_sitenote_active":false,"_monsterinsights_sitenote_note":"","_monsterinsights_sitenote_category":0,"footnotes":""},"categories":[3],"tags":[831],"yoast_head":"<!-- This site is optimized with the Yoast SEO plugin v21.6 - https:\/\/yoast.com\/wordpress\/plugins\/seo\/ -->\n<title>FOCUS INTERVJU: JELENA GOVEDARICA, UREDNIK, TV LICE, TOP MODEL - PrijedorDanas.com - Prijedorski gradski portal<\/title>\n<meta name=\"robots\" content=\"index, follow, max-snippet:-1, max-image-preview:large, max-video-preview:-1\" \/>\n<link rel=\"canonical\" href=\"https:\/\/www.prijedordanas.com\/?p=123917\" \/>\n<meta property=\"og:locale\" content=\"en_US\" \/>\n<meta property=\"og:type\" content=\"article\" \/>\n<meta property=\"og:title\" content=\"FOCUS INTERVJU: JELENA GOVEDARICA, UREDNIK, TV LICE, TOP MODEL - PrijedorDanas.com - Prijedorski gradski portal\" \/>\n<meta property=\"og:description\" content=\"Prijedor\u010danka Jelena Govedarica je urednik, tv lice i top model. Jelena je \u017eena koja je u\u0161la u 100 najlep\u0161ih Evropljanki, po predlozima modnih stru\u010dnjaka. Pesma koja Vas je navela da [&hellip;]\" \/>\n<meta property=\"og:url\" content=\"https:\/\/www.prijedordanas.com\/?p=123917\" \/>\n<meta property=\"og:site_name\" content=\"PrijedorDanas.com - Prijedorski gradski portal\" \/>\n<meta property=\"article:publisher\" content=\"https:\/\/www.facebook.com\/PrijedorDanasCom\/\" \/>\n<meta property=\"article:published_time\" content=\"2019-03-19T17:24:54+00:00\" \/>\n<meta property=\"og:image\" content=\"https:\/\/www.prijedordanas.com\/wp-content\/uploads\/2019\/03\/focus-jelena-govedarica-300x222.jpg\" \/>\n<meta name=\"author\" content=\"admin\" \/>\n<meta name=\"twitter:card\" content=\"summary_large_image\" \/>\n<meta name=\"twitter:label1\" content=\"Written by\" \/>\n\t<meta name=\"twitter:data1\" content=\"admin\" \/>\n\t<meta name=\"twitter:label2\" content=\"Est. reading time\" \/>\n\t<meta name=\"twitter:data2\" content=\"3 minutes\" \/>\n<script type=\"application\/ld+json\" class=\"yoast-schema-graph\">{\"@context\":\"https:\/\/schema.org\",\"@graph\":[{\"@type\":\"Article\",\"@id\":\"https:\/\/www.prijedordanas.com\/?p=123917#article\",\"isPartOf\":{\"@id\":\"https:\/\/www.prijedordanas.com\/?p=123917\"},\"author\":{\"name\":\"admin\",\"@id\":\"https:\/\/www.prijedordanas.com\/#\/schema\/person\/4e08ccf29b506ca916ff86d46bb700e6\"},\"headline\":\"FOCUS INTERVJU: JELENA GOVEDARICA, UREDNIK, TV LICE, TOP MODEL\",\"datePublished\":\"2019-03-19T17:24:54+00:00\",\"dateModified\":\"2019-03-19T17:24:54+00:00\",\"mainEntityOfPage\":{\"@id\":\"https:\/\/www.prijedordanas.com\/?p=123917\"},\"wordCount\":657,\"publisher\":{\"@id\":\"https:\/\/www.prijedordanas.com\/#organization\"},\"keywords\":[\"Jelena Govedarica\"],\"articleSection\":[\"\u017divot\"],\"inLanguage\":\"en-US\"},{\"@type\":\"WebPage\",\"@id\":\"https:\/\/www.prijedordanas.com\/?p=123917\",\"url\":\"https:\/\/www.prijedordanas.com\/?p=123917\",\"name\":\"FOCUS INTERVJU: JELENA GOVEDARICA, UREDNIK, TV LICE, TOP MODEL - PrijedorDanas.com - Prijedorski gradski portal\",\"isPartOf\":{\"@id\":\"https:\/\/www.prijedordanas.com\/#website\"},\"datePublished\":\"2019-03-19T17:24:54+00:00\",\"dateModified\":\"2019-03-19T17:24:54+00:00\",\"breadcrumb\":{\"@id\":\"https:\/\/www.prijedordanas.com\/?p=123917#breadcrumb\"},\"inLanguage\":\"en-US\",\"potentialAction\":[{\"@type\":\"ReadAction\",\"target\":[\"https:\/\/www.prijedordanas.com\/?p=123917\"]}]},{\"@type\":\"BreadcrumbList\",\"@id\":\"https:\/\/www.prijedordanas.com\/?p=123917#breadcrumb\",\"itemListElement\":[{\"@type\":\"ListItem\",\"position\":1,\"name\":\"Home\",\"item\":\"https:\/\/www.prijedordanas.com\/\"},{\"@type\":\"ListItem\",\"position\":2,\"name\":\"FOCUS INTERVJU: JELENA GOVEDARICA, UREDNIK, TV LICE, TOP MODEL\"}]},{\"@type\":\"WebSite\",\"@id\":\"https:\/\/www.prijedordanas.com\/#website\",\"url\":\"https:\/\/www.prijedordanas.com\/\",\"name\":\"PrijedorDanas.com - Prijedorski gradski portal\",\"description\":\"Portal o doga\u0111anjima u gradu Prijedoru\",\"publisher\":{\"@id\":\"https:\/\/www.prijedordanas.com\/#organization\"},\"potentialAction\":[{\"@type\":\"SearchAction\",\"target\":{\"@type\":\"EntryPoint\",\"urlTemplate\":\"https:\/\/www.prijedordanas.com\/?s={search_term_string}\"},\"query-input\":\"required name=search_term_string\"}],\"inLanguage\":\"en-US\"},{\"@type\":\"Organization\",\"@id\":\"https:\/\/www.prijedordanas.com\/#organization\",\"name\":\"PrijedorDanas.com\",\"url\":\"https:\/\/www.prijedordanas.com\/\",\"logo\":{\"@type\":\"ImageObject\",\"inLanguage\":\"en-US\",\"@id\":\"https:\/\/www.prijedordanas.com\/#\/schema\/logo\/image\/\",\"url\":\"http:\/\/www.prijedordanas.com\/wp-content\/uploads\/2021\/12\/logopng.png\",\"contentUrl\":\"http:\/\/www.prijedordanas.com\/wp-content\/uploads\/2021\/12\/logopng.png\",\"width\":1019,\"height\":776,\"caption\":\"PrijedorDanas.com\"},\"image\":{\"@id\":\"https:\/\/www.prijedordanas.com\/#\/schema\/logo\/image\/\"},\"sameAs\":[\"https:\/\/www.facebook.com\/PrijedorDanasCom\/\"]},{\"@type\":\"Person\",\"@id\":\"https:\/\/www.prijedordanas.com\/#\/schema\/person\/4e08ccf29b506ca916ff86d46bb700e6\",\"name\":\"admin\",\"image\":{\"@type\":\"ImageObject\",\"inLanguage\":\"en-US\",\"@id\":\"https:\/\/www.prijedordanas.com\/#\/schema\/person\/image\/\",\"url\":\"https:\/\/secure.gravatar.com\/avatar\/1d3fc949d550f0b53a5f0d51e06dfd79?s=96&d=mm&r=g\",\"contentUrl\":\"https:\/\/secure.gravatar.com\/avatar\/1d3fc949d550f0b53a5f0d51e06dfd79?s=96&d=mm&r=g\",\"caption\":\"admin\"},\"url\":\"https:\/\/www.prijedordanas.com\/?author=1\"}]}<\/script>\n<!-- \/ Yoast SEO plugin. -->","yoast_head_json":{"title":"FOCUS INTERVJU: JELENA GOVEDARICA, UREDNIK, TV LICE, TOP MODEL - PrijedorDanas.com - Prijedorski gradski portal","robots":{"index":"index","follow":"follow","max-snippet":"max-snippet:-1","max-image-preview":"max-image-preview:large","max-video-preview":"max-video-preview:-1"},"canonical":"https:\/\/www.prijedordanas.com\/?p=123917","og_locale":"en_US","og_type":"article","og_title":"FOCUS INTERVJU: JELENA GOVEDARICA, UREDNIK, TV LICE, TOP MODEL - PrijedorDanas.com - Prijedorski gradski portal","og_description":"Prijedor\u010danka Jelena Govedarica je urednik, tv lice i top model. Jelena je \u017eena koja je u\u0161la u 100 najlep\u0161ih Evropljanki, po predlozima modnih stru\u010dnjaka. Pesma koja Vas je navela da [&hellip;]","og_url":"https:\/\/www.prijedordanas.com\/?p=123917","og_site_name":"PrijedorDanas.com - Prijedorski gradski portal","article_publisher":"https:\/\/www.facebook.com\/PrijedorDanasCom\/","article_published_time":"2019-03-19T17:24:54+00:00","og_image":[{"url":"https:\/\/www.prijedordanas.com\/wp-content\/uploads\/2019\/03\/focus-jelena-govedarica-300x222.jpg"}],"author":"admin","twitter_card":"summary_large_image","twitter_misc":{"Written by":"admin","Est. reading time":"3 minutes"},"schema":{"@context":"https:\/\/schema.org","@graph":[{"@type":"Article","@id":"https:\/\/www.prijedordanas.com\/?p=123917#article","isPartOf":{"@id":"https:\/\/www.prijedordanas.com\/?p=123917"},"author":{"name":"admin","@id":"https:\/\/www.prijedordanas.com\/#\/schema\/person\/4e08ccf29b506ca916ff86d46bb700e6"},"headline":"FOCUS INTERVJU: JELENA GOVEDARICA, UREDNIK, TV LICE, TOP MODEL","datePublished":"2019-03-19T17:24:54+00:00","dateModified":"2019-03-19T17:24:54+00:00","mainEntityOfPage":{"@id":"https:\/\/www.prijedordanas.com\/?p=123917"},"wordCount":657,"publisher":{"@id":"https:\/\/www.prijedordanas.com\/#organization"},"keywords":["Jelena Govedarica"],"articleSection":["\u017divot"],"inLanguage":"en-US"},{"@type":"WebPage","@id":"https:\/\/www.prijedordanas.com\/?p=123917","url":"https:\/\/www.prijedordanas.com\/?p=123917","name":"FOCUS INTERVJU: JELENA GOVEDARICA, UREDNIK, TV LICE, TOP MODEL - PrijedorDanas.com - Prijedorski gradski portal","isPartOf":{"@id":"https:\/\/www.prijedordanas.com\/#website"},"datePublished":"2019-03-19T17:24:54+00:00","dateModified":"2019-03-19T17:24:54+00:00","breadcrumb":{"@id":"https:\/\/www.prijedordanas.com\/?p=123917#breadcrumb"},"inLanguage":"en-US","potentialAction":[{"@type":"ReadAction","target":["https:\/\/www.prijedordanas.com\/?p=123917"]}]},{"@type":"BreadcrumbList","@id":"https:\/\/www.prijedordanas.com\/?p=123917#breadcrumb","itemListElement":[{"@type":"ListItem","position":1,"name":"Home","item":"https:\/\/www.prijedordanas.com\/"},{"@type":"ListItem","position":2,"name":"FOCUS INTERVJU: JELENA GOVEDARICA, UREDNIK, TV LICE, TOP MODEL"}]},{"@type":"WebSite","@id":"https:\/\/www.prijedordanas.com\/#website","url":"https:\/\/www.prijedordanas.com\/","name":"PrijedorDanas.com - Prijedorski gradski portal","description":"Portal o doga\u0111anjima u gradu Prijedoru","publisher":{"@id":"https:\/\/www.prijedordanas.com\/#organization"},"potentialAction":[{"@type":"SearchAction","target":{"@type":"EntryPoint","urlTemplate":"https:\/\/www.prijedordanas.com\/?s={search_term_string}"},"query-input":"required name=search_term_string"}],"inLanguage":"en-US"},{"@type":"Organization","@id":"https:\/\/www.prijedordanas.com\/#organization","name":"PrijedorDanas.com","url":"https:\/\/www.prijedordanas.com\/","logo":{"@type":"ImageObject","inLanguage":"en-US","@id":"https:\/\/www.prijedordanas.com\/#\/schema\/logo\/image\/","url":"http:\/\/www.prijedordanas.com\/wp-content\/uploads\/2021\/12\/logopng.png","contentUrl":"http:\/\/www.prijedordanas.com\/wp-content\/uploads\/2021\/12\/logopng.png","width":1019,"height":776,"caption":"PrijedorDanas.com"},"image":{"@id":"https:\/\/www.prijedordanas.com\/#\/schema\/logo\/image\/"},"sameAs":["https:\/\/www.facebook.com\/PrijedorDanasCom\/"]},{"@type":"Person","@id":"https:\/\/www.prijedordanas.com\/#\/schema\/person\/4e08ccf29b506ca916ff86d46bb700e6","name":"admin","image":{"@type":"ImageObject","inLanguage":"en-US","@id":"https:\/\/www.prijedordanas.com\/#\/schema\/person\/image\/","url":"https:\/\/secure.gravatar.com\/avatar\/1d3fc949d550f0b53a5f0d51e06dfd79?s=96&d=mm&r=g","contentUrl":"https:\/\/secure.gravatar.com\/avatar\/1d3fc949d550f0b53a5f0d51e06dfd79?s=96&d=mm&r=g","caption":"admin"},"url":"https:\/\/www.prijedordanas.com\/?author=1"}]}},"_links":{"self":[{"href":"https:\/\/www.prijedordanas.com\/index.php?rest_route=\/wp\/v2\/posts\/123917"}],"collection":[{"href":"https:\/\/www.prijedordanas.com\/index.php?rest_route=\/wp\/v2\/posts"}],"about":[{"href":"https:\/\/www.prijedordanas.com\/index.php?rest_route=\/wp\/v2\/types\/post"}],"author":[{"embeddable":true,"href":"https:\/\/www.prijedordanas.com\/index.php?rest_route=\/wp\/v2\/users\/1"}],"replies":[{"embeddable":true,"href":"https:\/\/www.prijedordanas.com\/index.php?rest_route=%2Fwp%2Fv2%2Fcomments&post=123917"}],"version-history":[{"count":1,"href":"https:\/\/www.prijedordanas.com\/index.php?rest_route=\/wp\/v2\/posts\/123917\/revisions"}],"predecessor-version":[{"id":123919,"href":"https:\/\/www.prijedordanas.com\/index.php?rest_route=\/wp\/v2\/posts\/123917\/revisions\/123919"}],"wp:attachment":[{"href":"https:\/\/www.prijedordanas.com\/index.php?rest_route=%2Fwp%2Fv2%2Fmedia&parent=123917"}],"wp:term":[{"taxonomy":"category","embeddable":true,"href":"https:\/\/www.prijedordanas.com\/index.php?rest_route=%2Fwp%2Fv2%2Fcategories&post=123917"},{"taxonomy":"post_tag","embeddable":true,"href":"https:\/\/www.prijedordanas.com\/index.php?rest_route=%2Fwp%2Fv2%2Ftags&post=123917"}],"curies":[{"name":"wp","href":"https:\/\/api.w.org\/{rel}","templated":true}]}}