{"id":123726,"date":"2019-03-16T09:20:40","date_gmt":"2019-03-16T08:20:40","guid":{"rendered":"https:\/\/www.prijedordanas.com\/?p=123726"},"modified":"2019-03-16T09:20:40","modified_gmt":"2019-03-16T08:20:40","slug":"david-je-roden-ovakav-i-ne-voli-da-se-slika-ali-je-morao-za-maturu-kada-je-vidio-fotografije-pobjesnio-je-i-bacio-ih-suznih-ociju","status":"publish","type":"post","link":"https:\/\/www.prijedordanas.com\/?p=123726","title":{"rendered":"DAVID JE RO\u0110EN OVAKAV I NE VOLI DA SE SLIKA, ALI JE MORAO ZA MATURU: KADA JE VIDIO FOTOGRAFIJE, POBJESNIO JE I BACIO IH SUZNIH O\u010cIJU"},"content":{"rendered":"<p><a href=\"https:\/\/www.prijedordanas.com\/wp-content\/uploads\/2019\/03\/telegraf-david-oziljak-1.jpg\"><img loading=\"lazy\" decoding=\"async\" class=\"alignleft size-medium wp-image-123727\" src=\"https:\/\/www.prijedordanas.com\/wp-content\/uploads\/2019\/03\/telegraf-david-oziljak-1-300x234.jpg\" alt=\"\" width=\"300\" height=\"234\" srcset=\"https:\/\/www.prijedordanas.com\/wp-content\/uploads\/2019\/03\/telegraf-david-oziljak-1-300x234.jpg 300w, https:\/\/www.prijedordanas.com\/wp-content\/uploads\/2019\/03\/telegraf-david-oziljak-1-100x78.jpg 100w, https:\/\/www.prijedordanas.com\/wp-content\/uploads\/2019\/03\/telegraf-david-oziljak-1.jpg 640w\" sizes=\"(max-width: 300px) 100vw, 300px\" \/><\/a>Velika je to borba, a iz li\u010dnog iskustva tvrdim da je na Balkanu poprili\u010dno te\u0161ko biti druga\u010diji<\/p>\n<p>David je predivan de\u010dak iz okoline Prijedora u Bosni i Hercegovini. Uskoro puni 14 godina, sprema se za malu maturu, ma\u0161ta o budu\u0107nosti i kuje velike planove. Ovaj tinejd\u017eer je isti, ba\u0161 kao i svi njegovi vr\u0161njaci, za one koji gledaju du\u0161om i srcem. Za one, ne\u0161to ograni\u010denijih pogleda i shvatanja, David ima o\u017eiljak ispod nosa i nepravilan oblik usne.<\/p>\n<p>Ro\u0111en je sa rascepom usne i nepca, \u0161to zahteva veliki broj hirur\u0161kih zahvata i operacija, posete logopedu, zubaru&#8230; Put do re\u0161enja problema nije nimalo lak, traje godinama, najmanje do punoletstva, a ovo je, samo naizgled, estetski problem. Sve je drugo vi\u0161e, samo ne estetski. Ta estetika i perfekcija kojoj u dana\u0161nje vreme svi beskona\u010dno te\u017ee, najmanji je problem svakoj osobi koja se rodi sa rascepom.<\/p>\n<p><a href=\"https:\/\/www.prijedordanas.com\/wp-content\/uploads\/2019\/03\/telegraf-david-oziljak-2.jpg\"><img loading=\"lazy\" decoding=\"async\" class=\"alignleft size-medium wp-image-123728\" src=\"https:\/\/www.prijedordanas.com\/wp-content\/uploads\/2019\/03\/telegraf-david-oziljak-2-195x300.jpg\" alt=\"\" width=\"195\" height=\"300\" srcset=\"https:\/\/www.prijedordanas.com\/wp-content\/uploads\/2019\/03\/telegraf-david-oziljak-2-195x300.jpg 195w, https:\/\/www.prijedordanas.com\/wp-content\/uploads\/2019\/03\/telegraf-david-oziljak-2-65x100.jpg 65w, https:\/\/www.prijedordanas.com\/wp-content\/uploads\/2019\/03\/telegraf-david-oziljak-2.jpg 390w\" sizes=\"(max-width: 195px) 100vw, 195px\" \/><\/a>Naravno, na brdovitom Balkanu, u 21. veku, u vreme urbanih, gradskih faca, biznismena, raznih stru\u010dnjaka, manekena, lepotana, prelepih i prezgodnih ljudi, najve\u0107i problem je \u0161to je neko druga\u010diji. Zanimljivo je \u0161to su ti ljudi, koji cene samo fizi\u010dke atribute, svi do jednog savr\u0161eni i besprekorni&#8230; Kada bismo se \u0161alili. No, to nije tema vredna pomena.<\/p>\n<p>\u010cinjenica je, a to malo ko \u017eeli da shvati, \u0161to deca imaju problem sa svojim rascepom. Tokom odrastanja i sazrevanja oni prihvate sebe i izbore se sa svime, ali dok su mali, ali i u osnovnoj \u0161koli, a naro\u010dito tokom puberteta, misle da je njihov problem najstra\u0161niji, da svi vide samo te o\u017eiljke, a niko kakvi su ljudi&#8230; Velika je to borba, a iz li\u010dnog iskustva tvrdim da je na Balkanu poprili\u010dno te\u0161ko biti druga\u010diji.<\/p>\n<p>Zato razumem Davida. Razumem i da ne voli da se fotografi\u0161e. Znam zbog \u010dega ne voli i ne treba ga terati na to. Ipak, mali\u0161an je \u017eeleo da se fotografi\u0161e sa drugarima povodom male mature.<\/p>\n<p>U \u0161kolu je do\u0161ao fotograf, deca su pozirala jedno po jedno. David je bio nasmejan i vedar tog dana. Rekli su, slike \u0107e sti\u0107i brzo.<\/p>\n<p>Kada su dobili fotografije, David nije mogao da veruje \u0161ta vidi. Oti\u0161ao je poti\u0161ten ku\u0107i, ispri\u010dao majci \u0161ta se desilo, a ona je ovu pri\u010du objavila u jednoj grupi na Fejsbuku.<\/p>\n<p><a href=\"https:\/\/www.prijedordanas.com\/wp-content\/uploads\/2019\/03\/telegraf-david-oziljak-3.jpg\"><img loading=\"lazy\" decoding=\"async\" class=\"alignleft size-medium wp-image-123729\" src=\"https:\/\/www.prijedordanas.com\/wp-content\/uploads\/2019\/03\/telegraf-david-oziljak-3-194x300.jpg\" alt=\"\" width=\"194\" height=\"300\" srcset=\"https:\/\/www.prijedordanas.com\/wp-content\/uploads\/2019\/03\/telegraf-david-oziljak-3-194x300.jpg 194w, https:\/\/www.prijedordanas.com\/wp-content\/uploads\/2019\/03\/telegraf-david-oziljak-3-65x100.jpg 65w, https:\/\/www.prijedordanas.com\/wp-content\/uploads\/2019\/03\/telegraf-david-oziljak-3.jpg 388w\" sizes=\"(max-width: 194px) 100vw, 194px\" \/><\/a>Njen post prenosimo u celosti:<\/p>\n<p>&#8220;Moj sin David je maturant. Kao i svi maturanti, i\u0161ao je na slikanje. Me\u0111utim, fotograf je bez pitanja obrisao sve Davidove o\u017eiljke i prepravio usnu. Za nas je bio toliki \u0161ok kad smo ugledali sliku. David je bio toliko razo\u010daran i ljut. I ja tako\u0111e. Kako neko ima pravo da samo tako prepravi ne\u010diji lik? Ispada, da smo mi umesto svih ovih 10 operacija samo trebali da odemo kod fotografa da ga on &#8220;sredi&#8221;. Do\u017eiveli smo ovo kao veliku uvredu. Kada smo tra\u017eili sliku bez prepravke, bio je zbunjen. Kao &#8220;pa on je to odradio profesionalno&#8221; U\u017eas!!<\/p>\n<p>Po\u0161to je tako &#8220;profesionalan&#8221; obrisao original, morao je da do\u0111e ponovo u \u0161kolu samo da bi slikao Davida ponovo. David, vidno razo\u010daran fotografovim ru\u017enim stavom, skoro je zaplakao kad se ponovo slikao.<\/p>\n<p>Ispod mo\u017eete da vidite obe slike, pa bih volela da mi napi\u0161ete koja vam se vi\u0161e svi\u0111a, tj. na kojoj David izgleda kao ponosno dete sa svim onim \u0161to on jeste? Kako biste vi vi\u0161e voleli da va\u0161e dijete izgleda kao maturant?&#8221; &#8211; napisala je Davidova majka Nada.<\/p>\n<p>Kako je mali\u0161an ispri\u010dao majci, posle ponovljenog slikanja, kada je izvesni fotograf do\u0161ao ponovo u \u0161kolu, pitao je Davida &#8220;U \u010demu je problem?&#8221;<\/p>\n<p>Dete nije moglo da shvati takav stav, a dovoljno mu je bilo te\u0161ko \u0161to uop\u0161te mora da se slika, pa jo\u0161 ponovo.<\/p>\n<p>Na ponovljenom slikanju jasno se vidi tuga u o\u010dima deteta.<\/p>\n<p>Prema re\u010dima majke, David je bio razo\u010daran i ljut.<\/p>\n<p>&#8211; Skoro kao da mu se ceo svet sru\u0161io. Stalno je ponavljao da ne \u017eeli da ima tu sliku, da \u017eeli svoje o\u017eiljke. Ja sam bila van sebe, \u0161to zbog cele situacije, \u0161to zbog svega \u0161to smo pro\u0161li da bismo bili tu gde smo danas, fotograf kao da je pljunuo na sve to. Hteo je sliku bez foto\u0161opa, a kada smo mu rekli da je obrisana, bio je jako razo\u010daran &#8211; govori majka Nada za Telegraf.rs.<\/p>\n<p>Davida je jako zabolelo \u0161to je neko odlu\u010dio da ga prepravi, jer ispada kao da on nije normalan pa ga treba popraviti.<\/p>\n<p>&#8211; Njemu je na kraju to slikanje ispalo jako mu\u010dno i stresno. On sad ne voli ni drugu sliku jer ga podse\u0107a na sve to. Odlu\u010dila sam da ga odvedem kod drugog fotografa da napravi neke ba\u0161 liepe slike, da David vidi koliko je lep &#8211; zaklju\u010dila je majka.<\/p>\n<p>Iako je problem brzo re\u0161en, u ovoj situaciji malo ko se zapitao kako je detetu, njegovoj majci i porodici?<\/p>\n<p>Rascepi ne ostavljaju samo vidljive o\u017eiljke na licu, ostavljaju velike i duboke o\u017eiljke na du\u0161i i svako ko na bilo koji na\u010din odreaguje neprimereno i bahato, poput pomenutog fotografa, nesvesno ili svesno, para po tim ranama koje nikada do kraja ne zacele.<\/p>\n<p>Radom na sebi i ostvarenjem li\u010dnih ciljeva, svako od nas, druga\u010dijih, sti\u010de samopouzdanje, zadovoljstvo i sre\u0107u i zaboravlja na te o\u017eiljke. Ipak, ovakvi slu\u010dajevi uvek ih na\u010dnu iznova. Zato, svakome kome nije jasno \u0161ta je problem \u0161to je fotograf &#8220;sredio&#8221; fotografiju, imam da poru\u010dim slede\u0107e: Nikada ne sudite o nekome na osnovu fizi\u010dkog izgleda, njegovih postupaka i mi\u0161ljenja, na\u010dina \u017eivota koji nikako ne uti\u010du na vas. Ne znate \u0161ta je neka osoba pro\u0161la, sa \u010dim se bori i kakve o\u017eiljke ima na du\u0161i. Razmislite o tome pre nego \u0161to pomislite slede\u0107i put da osudite nekoga zbog bilo \u010dega ili olako donesete zaklju\u010dak.<\/p>\n<p>Telegraf.rs<\/p>\n","protected":false},"excerpt":{"rendered":"<p>Velika je to borba, a iz li\u010dnog iskustva tvrdim da je na Balkanu poprili\u010dno te\u0161ko biti druga\u010diji David je predivan de\u010dak iz okoline Prijedora u Bosni i Hercegovini. Uskoro puni [&hellip;]<\/p>\n","protected":false},"author":1,"featured_media":0,"comment_status":"closed","ping_status":"open","sticky":false,"template":"","format":"standard","meta":{"_monsterinsights_skip_tracking":false,"_monsterinsights_sitenote_active":false,"_monsterinsights_sitenote_note":"","_monsterinsights_sitenote_category":0,"footnotes":""},"categories":[3],"tags":[10767],"yoast_head":"<!-- This site is optimized with the Yoast SEO plugin v21.6 - https:\/\/yoast.com\/wordpress\/plugins\/seo\/ -->\n<title>DAVID JE RO\u0110EN OVAKAV I NE VOLI DA SE SLIKA, ALI JE MORAO ZA MATURU: KADA JE VIDIO FOTOGRAFIJE, POBJESNIO JE I BACIO IH SUZNIH O\u010cIJU - PrijedorDanas.com - Prijedorski gradski portal<\/title>\n<meta name=\"robots\" content=\"index, follow, max-snippet:-1, max-image-preview:large, max-video-preview:-1\" \/>\n<link rel=\"canonical\" href=\"https:\/\/www.prijedordanas.com\/?p=123726\" \/>\n<meta property=\"og:locale\" content=\"en_US\" \/>\n<meta property=\"og:type\" content=\"article\" \/>\n<meta property=\"og:title\" content=\"DAVID JE RO\u0110EN OVAKAV I NE VOLI DA SE SLIKA, ALI JE MORAO ZA MATURU: KADA JE VIDIO FOTOGRAFIJE, POBJESNIO JE I BACIO IH SUZNIH O\u010cIJU - PrijedorDanas.com - Prijedorski gradski portal\" \/>\n<meta property=\"og:description\" content=\"Velika je to borba, a iz li\u010dnog iskustva tvrdim da je na Balkanu poprili\u010dno te\u0161ko biti druga\u010diji David je predivan de\u010dak iz okoline Prijedora u Bosni i Hercegovini. Uskoro puni [&hellip;]\" \/>\n<meta property=\"og:url\" content=\"https:\/\/www.prijedordanas.com\/?p=123726\" \/>\n<meta property=\"og:site_name\" content=\"PrijedorDanas.com - Prijedorski gradski portal\" \/>\n<meta property=\"article:publisher\" content=\"https:\/\/www.facebook.com\/PrijedorDanasCom\/\" \/>\n<meta property=\"article:published_time\" content=\"2019-03-16T08:20:40+00:00\" \/>\n<meta property=\"og:image\" content=\"https:\/\/www.prijedordanas.com\/wp-content\/uploads\/2019\/03\/telegraf-david-oziljak-1-300x234.jpg\" \/>\n<meta name=\"author\" content=\"admin\" \/>\n<meta name=\"twitter:card\" content=\"summary_large_image\" \/>\n<meta name=\"twitter:label1\" content=\"Written by\" \/>\n\t<meta name=\"twitter:data1\" content=\"admin\" \/>\n\t<meta name=\"twitter:label2\" content=\"Est. reading time\" \/>\n\t<meta name=\"twitter:data2\" content=\"5 minutes\" \/>\n<script type=\"application\/ld+json\" class=\"yoast-schema-graph\">{\"@context\":\"https:\/\/schema.org\",\"@graph\":[{\"@type\":\"Article\",\"@id\":\"https:\/\/www.prijedordanas.com\/?p=123726#article\",\"isPartOf\":{\"@id\":\"https:\/\/www.prijedordanas.com\/?p=123726\"},\"author\":{\"name\":\"admin\",\"@id\":\"https:\/\/www.prijedordanas.com\/#\/schema\/person\/4e08ccf29b506ca916ff86d46bb700e6\"},\"headline\":\"DAVID JE RO\u0110EN OVAKAV I NE VOLI DA SE SLIKA, ALI JE MORAO ZA MATURU: KADA JE VIDIO FOTOGRAFIJE, POBJESNIO JE I BACIO IH SUZNIH O\u010cIJU\",\"datePublished\":\"2019-03-16T08:20:40+00:00\",\"dateModified\":\"2019-03-16T08:20:40+00:00\",\"mainEntityOfPage\":{\"@id\":\"https:\/\/www.prijedordanas.com\/?p=123726\"},\"wordCount\":1049,\"publisher\":{\"@id\":\"https:\/\/www.prijedordanas.com\/#organization\"},\"keywords\":[\"maturant\"],\"articleSection\":[\"\u017divot\"],\"inLanguage\":\"en-US\"},{\"@type\":\"WebPage\",\"@id\":\"https:\/\/www.prijedordanas.com\/?p=123726\",\"url\":\"https:\/\/www.prijedordanas.com\/?p=123726\",\"name\":\"DAVID JE RO\u0110EN OVAKAV I NE VOLI DA SE SLIKA, ALI JE MORAO ZA MATURU: KADA JE VIDIO FOTOGRAFIJE, POBJESNIO JE I BACIO IH SUZNIH O\u010cIJU - PrijedorDanas.com - Prijedorski gradski portal\",\"isPartOf\":{\"@id\":\"https:\/\/www.prijedordanas.com\/#website\"},\"datePublished\":\"2019-03-16T08:20:40+00:00\",\"dateModified\":\"2019-03-16T08:20:40+00:00\",\"breadcrumb\":{\"@id\":\"https:\/\/www.prijedordanas.com\/?p=123726#breadcrumb\"},\"inLanguage\":\"en-US\",\"potentialAction\":[{\"@type\":\"ReadAction\",\"target\":[\"https:\/\/www.prijedordanas.com\/?p=123726\"]}]},{\"@type\":\"BreadcrumbList\",\"@id\":\"https:\/\/www.prijedordanas.com\/?p=123726#breadcrumb\",\"itemListElement\":[{\"@type\":\"ListItem\",\"position\":1,\"name\":\"Home\",\"item\":\"https:\/\/www.prijedordanas.com\/\"},{\"@type\":\"ListItem\",\"position\":2,\"name\":\"DAVID JE RO\u0110EN OVAKAV I NE VOLI DA SE SLIKA, ALI JE MORAO ZA MATURU: KADA JE VIDIO FOTOGRAFIJE, POBJESNIO JE I BACIO IH SUZNIH O\u010cIJU\"}]},{\"@type\":\"WebSite\",\"@id\":\"https:\/\/www.prijedordanas.com\/#website\",\"url\":\"https:\/\/www.prijedordanas.com\/\",\"name\":\"PrijedorDanas.com - Prijedorski gradski portal\",\"description\":\"Portal o doga\u0111anjima u gradu Prijedoru\",\"publisher\":{\"@id\":\"https:\/\/www.prijedordanas.com\/#organization\"},\"potentialAction\":[{\"@type\":\"SearchAction\",\"target\":{\"@type\":\"EntryPoint\",\"urlTemplate\":\"https:\/\/www.prijedordanas.com\/?s={search_term_string}\"},\"query-input\":\"required name=search_term_string\"}],\"inLanguage\":\"en-US\"},{\"@type\":\"Organization\",\"@id\":\"https:\/\/www.prijedordanas.com\/#organization\",\"name\":\"PrijedorDanas.com\",\"url\":\"https:\/\/www.prijedordanas.com\/\",\"logo\":{\"@type\":\"ImageObject\",\"inLanguage\":\"en-US\",\"@id\":\"https:\/\/www.prijedordanas.com\/#\/schema\/logo\/image\/\",\"url\":\"http:\/\/www.prijedordanas.com\/wp-content\/uploads\/2021\/12\/logopng.png\",\"contentUrl\":\"http:\/\/www.prijedordanas.com\/wp-content\/uploads\/2021\/12\/logopng.png\",\"width\":1019,\"height\":776,\"caption\":\"PrijedorDanas.com\"},\"image\":{\"@id\":\"https:\/\/www.prijedordanas.com\/#\/schema\/logo\/image\/\"},\"sameAs\":[\"https:\/\/www.facebook.com\/PrijedorDanasCom\/\"]},{\"@type\":\"Person\",\"@id\":\"https:\/\/www.prijedordanas.com\/#\/schema\/person\/4e08ccf29b506ca916ff86d46bb700e6\",\"name\":\"admin\",\"image\":{\"@type\":\"ImageObject\",\"inLanguage\":\"en-US\",\"@id\":\"https:\/\/www.prijedordanas.com\/#\/schema\/person\/image\/\",\"url\":\"https:\/\/secure.gravatar.com\/avatar\/1d3fc949d550f0b53a5f0d51e06dfd79?s=96&d=mm&r=g\",\"contentUrl\":\"https:\/\/secure.gravatar.com\/avatar\/1d3fc949d550f0b53a5f0d51e06dfd79?s=96&d=mm&r=g\",\"caption\":\"admin\"},\"url\":\"https:\/\/www.prijedordanas.com\/?author=1\"}]}<\/script>\n<!-- \/ Yoast SEO plugin. -->","yoast_head_json":{"title":"DAVID JE RO\u0110EN OVAKAV I NE VOLI DA SE SLIKA, ALI JE MORAO ZA MATURU: KADA JE VIDIO FOTOGRAFIJE, POBJESNIO JE I BACIO IH SUZNIH O\u010cIJU - PrijedorDanas.com - Prijedorski gradski portal","robots":{"index":"index","follow":"follow","max-snippet":"max-snippet:-1","max-image-preview":"max-image-preview:large","max-video-preview":"max-video-preview:-1"},"canonical":"https:\/\/www.prijedordanas.com\/?p=123726","og_locale":"en_US","og_type":"article","og_title":"DAVID JE RO\u0110EN OVAKAV I NE VOLI DA SE SLIKA, ALI JE MORAO ZA MATURU: KADA JE VIDIO FOTOGRAFIJE, POBJESNIO JE I BACIO IH SUZNIH O\u010cIJU - PrijedorDanas.com - Prijedorski gradski portal","og_description":"Velika je to borba, a iz li\u010dnog iskustva tvrdim da je na Balkanu poprili\u010dno te\u0161ko biti druga\u010diji David je predivan de\u010dak iz okoline Prijedora u Bosni i Hercegovini. Uskoro puni [&hellip;]","og_url":"https:\/\/www.prijedordanas.com\/?p=123726","og_site_name":"PrijedorDanas.com - Prijedorski gradski portal","article_publisher":"https:\/\/www.facebook.com\/PrijedorDanasCom\/","article_published_time":"2019-03-16T08:20:40+00:00","og_image":[{"url":"https:\/\/www.prijedordanas.com\/wp-content\/uploads\/2019\/03\/telegraf-david-oziljak-1-300x234.jpg"}],"author":"admin","twitter_card":"summary_large_image","twitter_misc":{"Written by":"admin","Est. reading time":"5 minutes"},"schema":{"@context":"https:\/\/schema.org","@graph":[{"@type":"Article","@id":"https:\/\/www.prijedordanas.com\/?p=123726#article","isPartOf":{"@id":"https:\/\/www.prijedordanas.com\/?p=123726"},"author":{"name":"admin","@id":"https:\/\/www.prijedordanas.com\/#\/schema\/person\/4e08ccf29b506ca916ff86d46bb700e6"},"headline":"DAVID JE RO\u0110EN OVAKAV I NE VOLI DA SE SLIKA, ALI JE MORAO ZA MATURU: KADA JE VIDIO FOTOGRAFIJE, POBJESNIO JE I BACIO IH SUZNIH O\u010cIJU","datePublished":"2019-03-16T08:20:40+00:00","dateModified":"2019-03-16T08:20:40+00:00","mainEntityOfPage":{"@id":"https:\/\/www.prijedordanas.com\/?p=123726"},"wordCount":1049,"publisher":{"@id":"https:\/\/www.prijedordanas.com\/#organization"},"keywords":["maturant"],"articleSection":["\u017divot"],"inLanguage":"en-US"},{"@type":"WebPage","@id":"https:\/\/www.prijedordanas.com\/?p=123726","url":"https:\/\/www.prijedordanas.com\/?p=123726","name":"DAVID JE RO\u0110EN OVAKAV I NE VOLI DA SE SLIKA, ALI JE MORAO ZA MATURU: KADA JE VIDIO FOTOGRAFIJE, POBJESNIO JE I BACIO IH SUZNIH O\u010cIJU - PrijedorDanas.com - Prijedorski gradski portal","isPartOf":{"@id":"https:\/\/www.prijedordanas.com\/#website"},"datePublished":"2019-03-16T08:20:40+00:00","dateModified":"2019-03-16T08:20:40+00:00","breadcrumb":{"@id":"https:\/\/www.prijedordanas.com\/?p=123726#breadcrumb"},"inLanguage":"en-US","potentialAction":[{"@type":"ReadAction","target":["https:\/\/www.prijedordanas.com\/?p=123726"]}]},{"@type":"BreadcrumbList","@id":"https:\/\/www.prijedordanas.com\/?p=123726#breadcrumb","itemListElement":[{"@type":"ListItem","position":1,"name":"Home","item":"https:\/\/www.prijedordanas.com\/"},{"@type":"ListItem","position":2,"name":"DAVID JE RO\u0110EN OVAKAV I NE VOLI DA SE SLIKA, ALI JE MORAO ZA MATURU: KADA JE VIDIO FOTOGRAFIJE, POBJESNIO JE I BACIO IH SUZNIH O\u010cIJU"}]},{"@type":"WebSite","@id":"https:\/\/www.prijedordanas.com\/#website","url":"https:\/\/www.prijedordanas.com\/","name":"PrijedorDanas.com - Prijedorski gradski portal","description":"Portal o doga\u0111anjima u gradu Prijedoru","publisher":{"@id":"https:\/\/www.prijedordanas.com\/#organization"},"potentialAction":[{"@type":"SearchAction","target":{"@type":"EntryPoint","urlTemplate":"https:\/\/www.prijedordanas.com\/?s={search_term_string}"},"query-input":"required name=search_term_string"}],"inLanguage":"en-US"},{"@type":"Organization","@id":"https:\/\/www.prijedordanas.com\/#organization","name":"PrijedorDanas.com","url":"https:\/\/www.prijedordanas.com\/","logo":{"@type":"ImageObject","inLanguage":"en-US","@id":"https:\/\/www.prijedordanas.com\/#\/schema\/logo\/image\/","url":"http:\/\/www.prijedordanas.com\/wp-content\/uploads\/2021\/12\/logopng.png","contentUrl":"http:\/\/www.prijedordanas.com\/wp-content\/uploads\/2021\/12\/logopng.png","width":1019,"height":776,"caption":"PrijedorDanas.com"},"image":{"@id":"https:\/\/www.prijedordanas.com\/#\/schema\/logo\/image\/"},"sameAs":["https:\/\/www.facebook.com\/PrijedorDanasCom\/"]},{"@type":"Person","@id":"https:\/\/www.prijedordanas.com\/#\/schema\/person\/4e08ccf29b506ca916ff86d46bb700e6","name":"admin","image":{"@type":"ImageObject","inLanguage":"en-US","@id":"https:\/\/www.prijedordanas.com\/#\/schema\/person\/image\/","url":"https:\/\/secure.gravatar.com\/avatar\/1d3fc949d550f0b53a5f0d51e06dfd79?s=96&d=mm&r=g","contentUrl":"https:\/\/secure.gravatar.com\/avatar\/1d3fc949d550f0b53a5f0d51e06dfd79?s=96&d=mm&r=g","caption":"admin"},"url":"https:\/\/www.prijedordanas.com\/?author=1"}]}},"_links":{"self":[{"href":"https:\/\/www.prijedordanas.com\/index.php?rest_route=\/wp\/v2\/posts\/123726"}],"collection":[{"href":"https:\/\/www.prijedordanas.com\/index.php?rest_route=\/wp\/v2\/posts"}],"about":[{"href":"https:\/\/www.prijedordanas.com\/index.php?rest_route=\/wp\/v2\/types\/post"}],"author":[{"embeddable":true,"href":"https:\/\/www.prijedordanas.com\/index.php?rest_route=\/wp\/v2\/users\/1"}],"replies":[{"embeddable":true,"href":"https:\/\/www.prijedordanas.com\/index.php?rest_route=%2Fwp%2Fv2%2Fcomments&post=123726"}],"version-history":[{"count":1,"href":"https:\/\/www.prijedordanas.com\/index.php?rest_route=\/wp\/v2\/posts\/123726\/revisions"}],"predecessor-version":[{"id":123730,"href":"https:\/\/www.prijedordanas.com\/index.php?rest_route=\/wp\/v2\/posts\/123726\/revisions\/123730"}],"wp:attachment":[{"href":"https:\/\/www.prijedordanas.com\/index.php?rest_route=%2Fwp%2Fv2%2Fmedia&parent=123726"}],"wp:term":[{"taxonomy":"category","embeddable":true,"href":"https:\/\/www.prijedordanas.com\/index.php?rest_route=%2Fwp%2Fv2%2Fcategories&post=123726"},{"taxonomy":"post_tag","embeddable":true,"href":"https:\/\/www.prijedordanas.com\/index.php?rest_route=%2Fwp%2Fv2%2Ftags&post=123726"}],"curies":[{"name":"wp","href":"https:\/\/api.w.org\/{rel}","templated":true}]}}