{"id":12372,"date":"2014-12-14T15:35:57","date_gmt":"2014-12-14T14:35:57","guid":{"rendered":"https:\/\/www.prijedordanas.com\/?p=12372"},"modified":"2014-12-14T15:35:57","modified_gmt":"2014-12-14T14:35:57","slug":"atmosfera-i-takmicari-prve-cvarcijade-ulaze-u-istoriju-foto-i-video","status":"publish","type":"post","link":"https:\/\/www.prijedordanas.com\/?p=12372","title":{"rendered":"ATMOSFERA I TAKMI\u010cARI PRVE \u201e\u010cVAR\u010cIJADE\u201c ULAZE U ISTORIJU \u2013 FOTO I VIDEO"},"content":{"rendered":"<p><a href=\"https:\/\/www.prijedordanas.com\/wp-content\/uploads\/2014\/12\/cvarcijada-atmosfera-i-takmicari-1.jpg\"><img loading=\"lazy\" decoding=\"async\" class=\"alignleft size-medium wp-image-12373\" src=\"https:\/\/www.prijedordanas.com\/wp-content\/uploads\/2014\/12\/cvarcijada-atmosfera-i-takmicari-1-300x198.jpg\" alt=\"cvarcijada-atmosfera i takmicari (1)\" width=\"300\" height=\"198\" srcset=\"https:\/\/www.prijedordanas.com\/wp-content\/uploads\/2014\/12\/cvarcijada-atmosfera-i-takmicari-1-300x198.jpg 300w, https:\/\/www.prijedordanas.com\/wp-content\/uploads\/2014\/12\/cvarcijada-atmosfera-i-takmicari-1-624x413.jpg 624w, https:\/\/www.prijedordanas.com\/wp-content\/uploads\/2014\/12\/cvarcijada-atmosfera-i-takmicari-1.jpg 800w\" sizes=\"(max-width: 300px) 100vw, 300px\" \/><\/a>Iza nas je Prvo svjetsko prvenstvo u brzom jedenju \u010dvaraka, popularna \u201e\u010cvar\u010dijada\u201c. Obi\u010dno se pamte pobjednici a ostali padaju u zaborav.<\/p>\n<p>Nadamo se da \u0107e atmosfera i svi u\u010desnici ovog presti\u017enog takmi\u010denja ostati upisani u istorijskim knjigama, ili barem na Wikipediji.<\/p>\n<p>Evo i svih onih koji su se prijavili: Rus, \u010cagalj, Gogi, Kupre\u0161ki predator, Grga, Mirso, Emir, Dragan, \u010ca\u0111o, Prica, Gane, Bigzi(odustao od u\u010de\u0161\u0107a kako bi bio u stru\u010dnom \u0161tabu favorita Rusa), \u017divko, Ka\u010davenda, Elvir i Trkulja.<\/p>\n<p>Kao \u0161to ve\u0107 znate Mirso, Emir i Grga su osvojili prva tri mjesta, a utje\u0161ne nagrade su pripale Rusu i Ganetu.<\/p>\n<p>Sve pohvale idu i doma\u0107inu Ne\u0111i koji je za svoj pregala\u010dki rad nagra\u0111en u petak uve\u010de pa je postao ponosni nosilac titula \u201eapsolutni gospodar holesterola\u201c i jedini jaha\u010d \u201esvinjokalipse\u201c.<\/p>\n<p><a href=\"https:\/\/www.prijedordanas.com\/wp-content\/uploads\/2014\/12\/cvarcijada-atmosfera-i-takmicari-2.jpg\"><img loading=\"lazy\" decoding=\"async\" class=\"alignleft size-medium wp-image-12374\" src=\"https:\/\/www.prijedordanas.com\/wp-content\/uploads\/2014\/12\/cvarcijada-atmosfera-i-takmicari-2-300x198.jpg\" alt=\"cvarcijada-atmosfera i takmicari (2)\" width=\"300\" height=\"198\" srcset=\"https:\/\/www.prijedordanas.com\/wp-content\/uploads\/2014\/12\/cvarcijada-atmosfera-i-takmicari-2-300x198.jpg 300w, https:\/\/www.prijedordanas.com\/wp-content\/uploads\/2014\/12\/cvarcijada-atmosfera-i-takmicari-2-624x413.jpg 624w, https:\/\/www.prijedordanas.com\/wp-content\/uploads\/2014\/12\/cvarcijada-atmosfera-i-takmicari-2.jpg 800w\" sizes=\"(max-width: 300px) 100vw, 300px\" \/><\/a>Treba na kraju naglasiti i sjajnu atmosferu u kr\u010dmi \u201eKod Ne\u0111e Debelog\u201c kojoj je doprinijelo i oko 200 posjetilaca. Kako je kafana \u201epodnijela\u201c toliki broj je posebna pri\u010da.<\/p>\n<p>Sve je podsje\u0107alo na neki antologijski rok koncert, smjenjivali su se hitovi \u010diji su autori AC DC, Nirvana, Guns N Roses, Motorhead, Black Sabath, a od onih doma\u0107ih dominirali su Zabranjeno Pu\u0161enje i Riblja \u010corba.<\/p>\n<p>Pohvale idu i za ozvu\u010denje koje je \u201eizdr\u017ealo\u201c sve napore.<\/p>\n<p>Na kraju jo\u0161 jedan detalj koji je obilje\u017eio \u201e\u010cvar\u010dijadu\u201c. U momentu sve\u010danog otvaranja letjele su \u201ekonfete\u201c i papiri\u0107i, pa se na trenutak moglo pomisliti da se nalazimo na derbiju Boka Juniors- River Plata.<\/p>\n<p>Tekst i foto \u2013 Aleksandar Drakuli\u0107 \u2013 www.prijedordanas.com<\/p>\n<p>Vezane vijesti<\/p>\n<p>MIRSO MRKALJ IZ BI\u0160\u0106ANA POSTAO PRVI SVJETSKI PRVAK U BRZOM JEDENJU \u010cVARAKA \u2013 FOTO<br \/>\n<a href=\"https:\/\/www.prijedordanas.com\/?p=12281\" target=\"_blank\">https:\/\/www.prijedordanas.com\/?p=12281<\/a><\/p>\n<p>POBJEDNIK \u201e\u010cVAR\u010cIJADE\u201c: PRESUDILI SU MOJ APETIT I \u017dELUDAC-NIKO MI NE ZAMJERA \u0160TO JEDEM \u010cVARKE \u2013 FOTO<br \/>\n<a href=\"https:\/\/www.prijedordanas.com\/?p=12327\" target=\"_blank\">https:\/\/www.prijedordanas.com\/?p=12327<\/a><\/p>\n<p><a href=\"https:\/\/www.prijedordanas.com\/wp-content\/uploads\/2014\/12\/cvarcijada-atmosfera-i-takmicari-3.jpg\"><img loading=\"lazy\" decoding=\"async\" class=\"alignleft size-medium wp-image-12375\" src=\"https:\/\/www.prijedordanas.com\/wp-content\/uploads\/2014\/12\/cvarcijada-atmosfera-i-takmicari-3-300x198.jpg\" alt=\"cvarcijada-atmosfera i takmicari (3)\" width=\"300\" height=\"198\" srcset=\"https:\/\/www.prijedordanas.com\/wp-content\/uploads\/2014\/12\/cvarcijada-atmosfera-i-takmicari-3-300x198.jpg 300w, https:\/\/www.prijedordanas.com\/wp-content\/uploads\/2014\/12\/cvarcijada-atmosfera-i-takmicari-3-624x413.jpg 624w, https:\/\/www.prijedordanas.com\/wp-content\/uploads\/2014\/12\/cvarcijada-atmosfera-i-takmicari-3.jpg 800w\" sizes=\"(max-width: 300px) 100vw, 300px\" \/><\/a> <a href=\"https:\/\/www.prijedordanas.com\/wp-content\/uploads\/2014\/12\/cvarcijada-atmosfera-i-takmicari-4.jpg\"><img loading=\"lazy\" decoding=\"async\" class=\"alignleft size-medium wp-image-12376\" src=\"https:\/\/www.prijedordanas.com\/wp-content\/uploads\/2014\/12\/cvarcijada-atmosfera-i-takmicari-4-300x198.jpg\" alt=\"cvarcijada-atmosfera i takmicari (4)\" width=\"300\" height=\"198\" srcset=\"https:\/\/www.prijedordanas.com\/wp-content\/uploads\/2014\/12\/cvarcijada-atmosfera-i-takmicari-4-300x198.jpg 300w, https:\/\/www.prijedordanas.com\/wp-content\/uploads\/2014\/12\/cvarcijada-atmosfera-i-takmicari-4-624x413.jpg 624w, https:\/\/www.prijedordanas.com\/wp-content\/uploads\/2014\/12\/cvarcijada-atmosfera-i-takmicari-4.jpg 800w\" sizes=\"(max-width: 300px) 100vw, 300px\" \/><\/a> <a href=\"https:\/\/www.prijedordanas.com\/wp-content\/uploads\/2014\/12\/cvarcijada-rezultati-11.jpg\"><img loading=\"lazy\" decoding=\"async\" class=\"alignleft size-medium wp-image-12279\" src=\"https:\/\/www.prijedordanas.com\/wp-content\/uploads\/2014\/12\/cvarcijada-rezultati-11-300x198.jpg\" alt=\"cvarcijada-rezultati (11)\" width=\"300\" height=\"198\" srcset=\"https:\/\/www.prijedordanas.com\/wp-content\/uploads\/2014\/12\/cvarcijada-rezultati-11-300x198.jpg 300w, https:\/\/www.prijedordanas.com\/wp-content\/uploads\/2014\/12\/cvarcijada-rezultati-11-624x413.jpg 624w, https:\/\/www.prijedordanas.com\/wp-content\/uploads\/2014\/12\/cvarcijada-rezultati-11.jpg 800w\" sizes=\"(max-width: 300px) 100vw, 300px\" \/><\/a><\/p>\n<p><iframe loading=\"lazy\" width=\"500\" height=\"281\" src=\"http:\/\/www.youtube.com\/embed\/atYpYQjFkw8?feature=oembed\" frameborder=\"0\" allowfullscreen><\/iframe><\/p>\n","protected":false},"excerpt":{"rendered":"<p>Iza nas je Prvo svjetsko prvenstvo u brzom jedenju \u010dvaraka, popularna \u201e\u010cvar\u010dijada\u201c. Obi\u010dno se pamte pobjednici a ostali padaju u zaborav. Nadamo se da \u0107e atmosfera i svi u\u010desnici ovog [&hellip;]<\/p>\n","protected":false},"author":1,"featured_media":0,"comment_status":"closed","ping_status":"open","sticky":false,"template":"","format":"standard","meta":{"_monsterinsights_skip_tracking":false,"_monsterinsights_sitenote_active":false,"_monsterinsights_sitenote_note":"","_monsterinsights_sitenote_category":0,"footnotes":""},"categories":[4],"tags":[2761],"yoast_head":"<!-- This site is optimized with the Yoast SEO plugin v21.6 - https:\/\/yoast.com\/wordpress\/plugins\/seo\/ -->\n<title>ATMOSFERA I TAKMI\u010cARI PRVE \u201e\u010cVAR\u010cIJADE\u201c ULAZE U ISTORIJU \u2013 FOTO I VIDEO - PrijedorDanas.com - Prijedorski gradski portal<\/title>\n<meta name=\"robots\" content=\"index, follow, max-snippet:-1, max-image-preview:large, max-video-preview:-1\" \/>\n<link rel=\"canonical\" href=\"https:\/\/www.prijedordanas.com\/?p=12372\" \/>\n<meta property=\"og:locale\" content=\"en_US\" \/>\n<meta property=\"og:type\" content=\"article\" \/>\n<meta property=\"og:title\" content=\"ATMOSFERA I TAKMI\u010cARI PRVE \u201e\u010cVAR\u010cIJADE\u201c ULAZE U ISTORIJU \u2013 FOTO I VIDEO - PrijedorDanas.com - Prijedorski gradski portal\" \/>\n<meta property=\"og:description\" content=\"Iza nas je Prvo svjetsko prvenstvo u brzom jedenju \u010dvaraka, popularna \u201e\u010cvar\u010dijada\u201c. Obi\u010dno se pamte pobjednici a ostali padaju u zaborav. Nadamo se da \u0107e atmosfera i svi u\u010desnici ovog [&hellip;]\" \/>\n<meta property=\"og:url\" content=\"https:\/\/www.prijedordanas.com\/?p=12372\" \/>\n<meta property=\"og:site_name\" content=\"PrijedorDanas.com - Prijedorski gradski portal\" \/>\n<meta property=\"article:publisher\" content=\"https:\/\/www.facebook.com\/PrijedorDanasCom\/\" \/>\n<meta property=\"article:published_time\" content=\"2014-12-14T14:35:57+00:00\" \/>\n<meta property=\"og:image\" content=\"https:\/\/www.prijedordanas.com\/wp-content\/uploads\/2014\/12\/cvarcijada-atmosfera-i-takmicari-1-300x198.jpg\" \/>\n<meta name=\"author\" content=\"admin\" \/>\n<meta name=\"twitter:card\" content=\"summary_large_image\" \/>\n<meta name=\"twitter:label1\" content=\"Written by\" \/>\n\t<meta name=\"twitter:data1\" content=\"admin\" \/>\n\t<meta name=\"twitter:label2\" content=\"Est. reading time\" \/>\n\t<meta name=\"twitter:data2\" content=\"2 minutes\" \/>\n<script type=\"application\/ld+json\" class=\"yoast-schema-graph\">{\"@context\":\"https:\/\/schema.org\",\"@graph\":[{\"@type\":\"Article\",\"@id\":\"https:\/\/www.prijedordanas.com\/?p=12372#article\",\"isPartOf\":{\"@id\":\"https:\/\/www.prijedordanas.com\/?p=12372\"},\"author\":{\"name\":\"admin\",\"@id\":\"https:\/\/www.prijedordanas.com\/#\/schema\/person\/4e08ccf29b506ca916ff86d46bb700e6\"},\"headline\":\"ATMOSFERA I TAKMI\u010cARI PRVE \u201e\u010cVAR\u010cIJADE\u201c ULAZE U ISTORIJU \u2013 FOTO I VIDEO\",\"datePublished\":\"2014-12-14T14:35:57+00:00\",\"dateModified\":\"2014-12-14T14:35:57+00:00\",\"mainEntityOfPage\":{\"@id\":\"https:\/\/www.prijedordanas.com\/?p=12372\"},\"wordCount\":329,\"publisher\":{\"@id\":\"https:\/\/www.prijedordanas.com\/#organization\"},\"keywords\":[\"\u010cvar\u010dijada\"],\"articleSection\":[\"Dru\u0161tvo\"],\"inLanguage\":\"en-US\"},{\"@type\":\"WebPage\",\"@id\":\"https:\/\/www.prijedordanas.com\/?p=12372\",\"url\":\"https:\/\/www.prijedordanas.com\/?p=12372\",\"name\":\"ATMOSFERA I TAKMI\u010cARI PRVE \u201e\u010cVAR\u010cIJADE\u201c ULAZE U ISTORIJU \u2013 FOTO I VIDEO - PrijedorDanas.com - Prijedorski gradski portal\",\"isPartOf\":{\"@id\":\"https:\/\/www.prijedordanas.com\/#website\"},\"datePublished\":\"2014-12-14T14:35:57+00:00\",\"dateModified\":\"2014-12-14T14:35:57+00:00\",\"breadcrumb\":{\"@id\":\"https:\/\/www.prijedordanas.com\/?p=12372#breadcrumb\"},\"inLanguage\":\"en-US\",\"potentialAction\":[{\"@type\":\"ReadAction\",\"target\":[\"https:\/\/www.prijedordanas.com\/?p=12372\"]}]},{\"@type\":\"BreadcrumbList\",\"@id\":\"https:\/\/www.prijedordanas.com\/?p=12372#breadcrumb\",\"itemListElement\":[{\"@type\":\"ListItem\",\"position\":1,\"name\":\"Home\",\"item\":\"https:\/\/www.prijedordanas.com\/\"},{\"@type\":\"ListItem\",\"position\":2,\"name\":\"ATMOSFERA I TAKMI\u010cARI PRVE \u201e\u010cVAR\u010cIJADE\u201c ULAZE U ISTORIJU \u2013 FOTO I VIDEO\"}]},{\"@type\":\"WebSite\",\"@id\":\"https:\/\/www.prijedordanas.com\/#website\",\"url\":\"https:\/\/www.prijedordanas.com\/\",\"name\":\"PrijedorDanas.com - Prijedorski gradski portal\",\"description\":\"Portal o doga\u0111anjima u gradu Prijedoru\",\"publisher\":{\"@id\":\"https:\/\/www.prijedordanas.com\/#organization\"},\"potentialAction\":[{\"@type\":\"SearchAction\",\"target\":{\"@type\":\"EntryPoint\",\"urlTemplate\":\"https:\/\/www.prijedordanas.com\/?s={search_term_string}\"},\"query-input\":\"required name=search_term_string\"}],\"inLanguage\":\"en-US\"},{\"@type\":\"Organization\",\"@id\":\"https:\/\/www.prijedordanas.com\/#organization\",\"name\":\"PrijedorDanas.com\",\"url\":\"https:\/\/www.prijedordanas.com\/\",\"logo\":{\"@type\":\"ImageObject\",\"inLanguage\":\"en-US\",\"@id\":\"https:\/\/www.prijedordanas.com\/#\/schema\/logo\/image\/\",\"url\":\"http:\/\/www.prijedordanas.com\/wp-content\/uploads\/2021\/12\/logopng.png\",\"contentUrl\":\"http:\/\/www.prijedordanas.com\/wp-content\/uploads\/2021\/12\/logopng.png\",\"width\":1019,\"height\":776,\"caption\":\"PrijedorDanas.com\"},\"image\":{\"@id\":\"https:\/\/www.prijedordanas.com\/#\/schema\/logo\/image\/\"},\"sameAs\":[\"https:\/\/www.facebook.com\/PrijedorDanasCom\/\"]},{\"@type\":\"Person\",\"@id\":\"https:\/\/www.prijedordanas.com\/#\/schema\/person\/4e08ccf29b506ca916ff86d46bb700e6\",\"name\":\"admin\",\"image\":{\"@type\":\"ImageObject\",\"inLanguage\":\"en-US\",\"@id\":\"https:\/\/www.prijedordanas.com\/#\/schema\/person\/image\/\",\"url\":\"https:\/\/secure.gravatar.com\/avatar\/1d3fc949d550f0b53a5f0d51e06dfd79?s=96&d=mm&r=g\",\"contentUrl\":\"https:\/\/secure.gravatar.com\/avatar\/1d3fc949d550f0b53a5f0d51e06dfd79?s=96&d=mm&r=g\",\"caption\":\"admin\"},\"url\":\"https:\/\/www.prijedordanas.com\/?author=1\"}]}<\/script>\n<!-- \/ Yoast SEO plugin. -->","yoast_head_json":{"title":"ATMOSFERA I TAKMI\u010cARI PRVE \u201e\u010cVAR\u010cIJADE\u201c ULAZE U ISTORIJU \u2013 FOTO I VIDEO - PrijedorDanas.com - Prijedorski gradski portal","robots":{"index":"index","follow":"follow","max-snippet":"max-snippet:-1","max-image-preview":"max-image-preview:large","max-video-preview":"max-video-preview:-1"},"canonical":"https:\/\/www.prijedordanas.com\/?p=12372","og_locale":"en_US","og_type":"article","og_title":"ATMOSFERA I TAKMI\u010cARI PRVE \u201e\u010cVAR\u010cIJADE\u201c ULAZE U ISTORIJU \u2013 FOTO I VIDEO - PrijedorDanas.com - Prijedorski gradski portal","og_description":"Iza nas je Prvo svjetsko prvenstvo u brzom jedenju \u010dvaraka, popularna \u201e\u010cvar\u010dijada\u201c. Obi\u010dno se pamte pobjednici a ostali padaju u zaborav. Nadamo se da \u0107e atmosfera i svi u\u010desnici ovog [&hellip;]","og_url":"https:\/\/www.prijedordanas.com\/?p=12372","og_site_name":"PrijedorDanas.com - Prijedorski gradski portal","article_publisher":"https:\/\/www.facebook.com\/PrijedorDanasCom\/","article_published_time":"2014-12-14T14:35:57+00:00","og_image":[{"url":"https:\/\/www.prijedordanas.com\/wp-content\/uploads\/2014\/12\/cvarcijada-atmosfera-i-takmicari-1-300x198.jpg"}],"author":"admin","twitter_card":"summary_large_image","twitter_misc":{"Written by":"admin","Est. reading time":"2 minutes"},"schema":{"@context":"https:\/\/schema.org","@graph":[{"@type":"Article","@id":"https:\/\/www.prijedordanas.com\/?p=12372#article","isPartOf":{"@id":"https:\/\/www.prijedordanas.com\/?p=12372"},"author":{"name":"admin","@id":"https:\/\/www.prijedordanas.com\/#\/schema\/person\/4e08ccf29b506ca916ff86d46bb700e6"},"headline":"ATMOSFERA I TAKMI\u010cARI PRVE \u201e\u010cVAR\u010cIJADE\u201c ULAZE U ISTORIJU \u2013 FOTO I VIDEO","datePublished":"2014-12-14T14:35:57+00:00","dateModified":"2014-12-14T14:35:57+00:00","mainEntityOfPage":{"@id":"https:\/\/www.prijedordanas.com\/?p=12372"},"wordCount":329,"publisher":{"@id":"https:\/\/www.prijedordanas.com\/#organization"},"keywords":["\u010cvar\u010dijada"],"articleSection":["Dru\u0161tvo"],"inLanguage":"en-US"},{"@type":"WebPage","@id":"https:\/\/www.prijedordanas.com\/?p=12372","url":"https:\/\/www.prijedordanas.com\/?p=12372","name":"ATMOSFERA I TAKMI\u010cARI PRVE \u201e\u010cVAR\u010cIJADE\u201c ULAZE U ISTORIJU \u2013 FOTO I VIDEO - PrijedorDanas.com - Prijedorski gradski portal","isPartOf":{"@id":"https:\/\/www.prijedordanas.com\/#website"},"datePublished":"2014-12-14T14:35:57+00:00","dateModified":"2014-12-14T14:35:57+00:00","breadcrumb":{"@id":"https:\/\/www.prijedordanas.com\/?p=12372#breadcrumb"},"inLanguage":"en-US","potentialAction":[{"@type":"ReadAction","target":["https:\/\/www.prijedordanas.com\/?p=12372"]}]},{"@type":"BreadcrumbList","@id":"https:\/\/www.prijedordanas.com\/?p=12372#breadcrumb","itemListElement":[{"@type":"ListItem","position":1,"name":"Home","item":"https:\/\/www.prijedordanas.com\/"},{"@type":"ListItem","position":2,"name":"ATMOSFERA I TAKMI\u010cARI PRVE \u201e\u010cVAR\u010cIJADE\u201c ULAZE U ISTORIJU \u2013 FOTO I VIDEO"}]},{"@type":"WebSite","@id":"https:\/\/www.prijedordanas.com\/#website","url":"https:\/\/www.prijedordanas.com\/","name":"PrijedorDanas.com - Prijedorski gradski portal","description":"Portal o doga\u0111anjima u gradu Prijedoru","publisher":{"@id":"https:\/\/www.prijedordanas.com\/#organization"},"potentialAction":[{"@type":"SearchAction","target":{"@type":"EntryPoint","urlTemplate":"https:\/\/www.prijedordanas.com\/?s={search_term_string}"},"query-input":"required name=search_term_string"}],"inLanguage":"en-US"},{"@type":"Organization","@id":"https:\/\/www.prijedordanas.com\/#organization","name":"PrijedorDanas.com","url":"https:\/\/www.prijedordanas.com\/","logo":{"@type":"ImageObject","inLanguage":"en-US","@id":"https:\/\/www.prijedordanas.com\/#\/schema\/logo\/image\/","url":"http:\/\/www.prijedordanas.com\/wp-content\/uploads\/2021\/12\/logopng.png","contentUrl":"http:\/\/www.prijedordanas.com\/wp-content\/uploads\/2021\/12\/logopng.png","width":1019,"height":776,"caption":"PrijedorDanas.com"},"image":{"@id":"https:\/\/www.prijedordanas.com\/#\/schema\/logo\/image\/"},"sameAs":["https:\/\/www.facebook.com\/PrijedorDanasCom\/"]},{"@type":"Person","@id":"https:\/\/www.prijedordanas.com\/#\/schema\/person\/4e08ccf29b506ca916ff86d46bb700e6","name":"admin","image":{"@type":"ImageObject","inLanguage":"en-US","@id":"https:\/\/www.prijedordanas.com\/#\/schema\/person\/image\/","url":"https:\/\/secure.gravatar.com\/avatar\/1d3fc949d550f0b53a5f0d51e06dfd79?s=96&d=mm&r=g","contentUrl":"https:\/\/secure.gravatar.com\/avatar\/1d3fc949d550f0b53a5f0d51e06dfd79?s=96&d=mm&r=g","caption":"admin"},"url":"https:\/\/www.prijedordanas.com\/?author=1"}]}},"_links":{"self":[{"href":"https:\/\/www.prijedordanas.com\/index.php?rest_route=\/wp\/v2\/posts\/12372"}],"collection":[{"href":"https:\/\/www.prijedordanas.com\/index.php?rest_route=\/wp\/v2\/posts"}],"about":[{"href":"https:\/\/www.prijedordanas.com\/index.php?rest_route=\/wp\/v2\/types\/post"}],"author":[{"embeddable":true,"href":"https:\/\/www.prijedordanas.com\/index.php?rest_route=\/wp\/v2\/users\/1"}],"replies":[{"embeddable":true,"href":"https:\/\/www.prijedordanas.com\/index.php?rest_route=%2Fwp%2Fv2%2Fcomments&post=12372"}],"version-history":[{"count":1,"href":"https:\/\/www.prijedordanas.com\/index.php?rest_route=\/wp\/v2\/posts\/12372\/revisions"}],"predecessor-version":[{"id":12377,"href":"https:\/\/www.prijedordanas.com\/index.php?rest_route=\/wp\/v2\/posts\/12372\/revisions\/12377"}],"wp:attachment":[{"href":"https:\/\/www.prijedordanas.com\/index.php?rest_route=%2Fwp%2Fv2%2Fmedia&parent=12372"}],"wp:term":[{"taxonomy":"category","embeddable":true,"href":"https:\/\/www.prijedordanas.com\/index.php?rest_route=%2Fwp%2Fv2%2Fcategories&post=12372"},{"taxonomy":"post_tag","embeddable":true,"href":"https:\/\/www.prijedordanas.com\/index.php?rest_route=%2Fwp%2Fv2%2Ftags&post=12372"}],"curies":[{"name":"wp","href":"https:\/\/api.w.org\/{rel}","templated":true}]}}