{"id":123700,"date":"2019-03-15T19:18:08","date_gmt":"2019-03-15T18:18:08","guid":{"rendered":"https:\/\/www.prijedordanas.com\/?p=123700"},"modified":"2019-03-15T19:18:08","modified_gmt":"2019-03-15T18:18:08","slug":"saopstenje-clanova-komisije-za-unutarstranacke-izbore-mi-smo-ugledni-clanovi-sds-a-a-ne-vandali","status":"publish","type":"post","link":"https:\/\/www.prijedordanas.com\/?p=123700","title":{"rendered":"SAOP\u0160TENJE \u010cLANOVA KOMISIJE ZA UNUTARSTRANA\u010cKE IZBORE: MI SMO UGLEDNI \u010cLANOVI SDS-A, A NE VANDALI"},"content":{"rendered":"<p><a href=\"https:\/\/www.prijedordanas.com\/wp-content\/uploads\/2019\/03\/sds-prijedor-sastanak-6mart-1.jpg\"><img loading=\"lazy\" decoding=\"async\" class=\"alignleft size-medium wp-image-123126\" src=\"https:\/\/www.prijedordanas.com\/wp-content\/uploads\/2019\/03\/sds-prijedor-sastanak-6mart-1-300x217.jpg\" alt=\"\" width=\"300\" height=\"217\" srcset=\"https:\/\/www.prijedordanas.com\/wp-content\/uploads\/2019\/03\/sds-prijedor-sastanak-6mart-1-300x217.jpg 300w, https:\/\/www.prijedordanas.com\/wp-content\/uploads\/2019\/03\/sds-prijedor-sastanak-6mart-1-100x72.jpg 100w, https:\/\/www.prijedordanas.com\/wp-content\/uploads\/2019\/03\/sds-prijedor-sastanak-6mart-1.jpg 690w\" sizes=\"(max-width: 300px) 100vw, 300px\" \/><\/a>Na adresu internet portala <a href=\"https:\/\/www.prijedordanas.com\" target=\"_blank\" rel=\"noopener noreferrer\">www.prijedordanas.com<\/a> stiglo je saop\u0161tenje \u010dlanova Srpske demokratske stranke Prijedor, odnosno \u010dlanova Komisije koja je zadu\u017eena za unutarstrana\u010dke izbore a koja je izabrana na vanrednoj skup\u0161tini SDS-a Prijedor sredinom januara ove godine.<\/p>\n<p>Na ovoj sjednici smijenjen je Milan Tubin, predsjednik Gradskog odbora stranke i imenova Komisija koja \u0107e provesti izbore.<\/p>\n<p>Saop\u0161tenje vam prenosimo u cjelosti.<\/p>\n<p>Po\u0161tovani gra\u0111ani i \u010dlanovi Srpske Demokratske Stranke Grada Prijedora,<\/p>\n<p>Ovim putem \u017eelimo da demantujemo sva sino\u0107na doga\u0111anja kojim su ugledni \u010dlanovi Srpske Demokratske Stranke nazvani vandalima.<\/p>\n<p>Na sastanku koji je odr\u017ean 14.03.2019. u prostorijama stranke nije do\u0161lo do fizi\u010dkog nasrtanja \u201evandala\u201c kako je to navedeno na zvani\u010dnoj Facebook stranici SDS Prijedor. Ljudi koji su prozvani su dugogodi\u0161nji, iskreni \u010dlanovi stranke, i na njih je nasrnuo biv\u0161i predsjednik GO PD SDS Milan Tubin, guraju\u0107i ih i nazivaju\u0107i pogrdnim imenima. Ali udaraca nije bilo! Bilo je kome\u0161anja \u0161to je i policija konstatovala svojim zapisnikom jer nisu podnesene prekr\u0161ajne prijave za naru\u0161avanje javnog reda i mira.<\/p>\n<p>Milan Tubin poku\u0161ava po svaku cijenu da se \u0161to du\u017ee odr\u017ei u prostorijama stranke koje je uzurpirao kao li\u010dno vlasni\u0161tvo i ne dozvoljavaju\u0107i da se koriste za sastanke kako kluba odbornika tako ni izabranoj komisiji koja treba da odr\u017ei unutarstrana\u010dke izbore.<\/p>\n<p>Naime, ovakvo pona\u0161anja narodnog poslanika \u2013 biv\u0161eg predsjednika GO SDS je razlog njegova smjena na vanrednoj skup\u0161tini u skladu sa statutom stranke.<\/p>\n<p>Vanredna skup\u0161tina je osnovala komisiju od 29 \u010dlanova. Svi \u010dlanovi komisije koji su izabrani da sprovedu unutar strana\u010dke izbore su ili osniva\u010di Srpske demokratske stranke ili uva\u017eeni \u010dlanovi koji su preko petnaest godina \u010dlanovi stranke.<\/p>\n<p>Razlog smjene trenutnog rukovodstva stranke je izrazito slab izborni rezultat kako na izborima mjesnih savjeta tako i lokalnih izbora. Kao glavni krivac za lo\u0161 izborni rezultat je biv\u0161i predsjednik GO Milan Tubin.<\/p>\n<p>Istinskim \u010dlanovima stranke je interes da se stranka oporavi, konsoliduje i pripremi za naredne izbore u svrhu pobolj\u0161anja izbornog rezultata u Gradu Prijedoru.<\/p>\n<p>Ovo su posljednji vapaji jednog o\u010dajnika!<\/p>\n<p>U Prijedoru, 15.03.2019. godine<\/p>\n<p>\u010clanovi komisije koja je zadu\u017eena za unutarstrana\u010dke izbore<\/p>\n","protected":false},"excerpt":{"rendered":"<p>Na adresu internet portala www.prijedordanas.com stiglo je saop\u0161tenje \u010dlanova Srpske demokratske stranke Prijedor, odnosno \u010dlanova Komisije koja je zadu\u017eena za unutarstrana\u010dke izbore a koja je izabrana na vanrednoj skup\u0161tini SDS-a [&hellip;]<\/p>\n","protected":false},"author":1,"featured_media":0,"comment_status":"closed","ping_status":"open","sticky":false,"template":"","format":"standard","meta":{"_monsterinsights_skip_tracking":false,"_monsterinsights_sitenote_active":false,"_monsterinsights_sitenote_note":"","_monsterinsights_sitenote_category":0,"footnotes":""},"categories":[8],"tags":[233],"yoast_head":"<!-- This site is optimized with the Yoast SEO plugin v21.6 - https:\/\/yoast.com\/wordpress\/plugins\/seo\/ -->\n<title>SAOP\u0160TENJE \u010cLANOVA KOMISIJE ZA UNUTARSTRANA\u010cKE IZBORE: MI SMO UGLEDNI \u010cLANOVI SDS-A, A NE VANDALI - PrijedorDanas.com - Prijedorski gradski portal<\/title>\n<meta name=\"robots\" content=\"index, follow, max-snippet:-1, max-image-preview:large, max-video-preview:-1\" \/>\n<link rel=\"canonical\" href=\"https:\/\/www.prijedordanas.com\/?p=123700\" \/>\n<meta property=\"og:locale\" content=\"en_US\" \/>\n<meta property=\"og:type\" content=\"article\" \/>\n<meta property=\"og:title\" content=\"SAOP\u0160TENJE \u010cLANOVA KOMISIJE ZA UNUTARSTRANA\u010cKE IZBORE: MI SMO UGLEDNI \u010cLANOVI SDS-A, A NE VANDALI - PrijedorDanas.com - Prijedorski gradski portal\" \/>\n<meta property=\"og:description\" content=\"Na adresu internet portala www.prijedordanas.com stiglo je saop\u0161tenje \u010dlanova Srpske demokratske stranke Prijedor, odnosno \u010dlanova Komisije koja je zadu\u017eena za unutarstrana\u010dke izbore a koja je izabrana na vanrednoj skup\u0161tini SDS-a [&hellip;]\" \/>\n<meta property=\"og:url\" content=\"https:\/\/www.prijedordanas.com\/?p=123700\" \/>\n<meta property=\"og:site_name\" content=\"PrijedorDanas.com - Prijedorski gradski portal\" \/>\n<meta property=\"article:publisher\" content=\"https:\/\/www.facebook.com\/PrijedorDanasCom\/\" \/>\n<meta property=\"article:published_time\" content=\"2019-03-15T18:18:08+00:00\" \/>\n<meta property=\"og:image\" content=\"https:\/\/www.prijedordanas.com\/wp-content\/uploads\/2019\/03\/sds-prijedor-sastanak-6mart-1-300x217.jpg\" \/>\n<meta name=\"author\" content=\"admin\" \/>\n<meta name=\"twitter:card\" content=\"summary_large_image\" \/>\n<meta name=\"twitter:label1\" content=\"Written by\" \/>\n\t<meta name=\"twitter:data1\" content=\"admin\" \/>\n\t<meta name=\"twitter:label2\" content=\"Est. reading time\" \/>\n\t<meta name=\"twitter:data2\" content=\"2 minutes\" \/>\n<script type=\"application\/ld+json\" class=\"yoast-schema-graph\">{\"@context\":\"https:\/\/schema.org\",\"@graph\":[{\"@type\":\"Article\",\"@id\":\"https:\/\/www.prijedordanas.com\/?p=123700#article\",\"isPartOf\":{\"@id\":\"https:\/\/www.prijedordanas.com\/?p=123700\"},\"author\":{\"name\":\"admin\",\"@id\":\"https:\/\/www.prijedordanas.com\/#\/schema\/person\/4e08ccf29b506ca916ff86d46bb700e6\"},\"headline\":\"SAOP\u0160TENJE \u010cLANOVA KOMISIJE ZA UNUTARSTRANA\u010cKE IZBORE: MI SMO UGLEDNI \u010cLANOVI SDS-A, A NE VANDALI\",\"datePublished\":\"2019-03-15T18:18:08+00:00\",\"dateModified\":\"2019-03-15T18:18:08+00:00\",\"mainEntityOfPage\":{\"@id\":\"https:\/\/www.prijedordanas.com\/?p=123700\"},\"wordCount\":386,\"publisher\":{\"@id\":\"https:\/\/www.prijedordanas.com\/#organization\"},\"keywords\":[\"SDS Prijedor\"],\"articleSection\":[\"Svakodnevno\"],\"inLanguage\":\"en-US\"},{\"@type\":\"WebPage\",\"@id\":\"https:\/\/www.prijedordanas.com\/?p=123700\",\"url\":\"https:\/\/www.prijedordanas.com\/?p=123700\",\"name\":\"SAOP\u0160TENJE \u010cLANOVA KOMISIJE ZA UNUTARSTRANA\u010cKE IZBORE: MI SMO UGLEDNI \u010cLANOVI SDS-A, A NE VANDALI - PrijedorDanas.com - Prijedorski gradski portal\",\"isPartOf\":{\"@id\":\"https:\/\/www.prijedordanas.com\/#website\"},\"datePublished\":\"2019-03-15T18:18:08+00:00\",\"dateModified\":\"2019-03-15T18:18:08+00:00\",\"breadcrumb\":{\"@id\":\"https:\/\/www.prijedordanas.com\/?p=123700#breadcrumb\"},\"inLanguage\":\"en-US\",\"potentialAction\":[{\"@type\":\"ReadAction\",\"target\":[\"https:\/\/www.prijedordanas.com\/?p=123700\"]}]},{\"@type\":\"BreadcrumbList\",\"@id\":\"https:\/\/www.prijedordanas.com\/?p=123700#breadcrumb\",\"itemListElement\":[{\"@type\":\"ListItem\",\"position\":1,\"name\":\"Home\",\"item\":\"https:\/\/www.prijedordanas.com\/\"},{\"@type\":\"ListItem\",\"position\":2,\"name\":\"SAOP\u0160TENJE \u010cLANOVA KOMISIJE ZA UNUTARSTRANA\u010cKE IZBORE: MI SMO UGLEDNI \u010cLANOVI SDS-A, A NE VANDALI\"}]},{\"@type\":\"WebSite\",\"@id\":\"https:\/\/www.prijedordanas.com\/#website\",\"url\":\"https:\/\/www.prijedordanas.com\/\",\"name\":\"PrijedorDanas.com - Prijedorski gradski portal\",\"description\":\"Portal o doga\u0111anjima u gradu Prijedoru\",\"publisher\":{\"@id\":\"https:\/\/www.prijedordanas.com\/#organization\"},\"potentialAction\":[{\"@type\":\"SearchAction\",\"target\":{\"@type\":\"EntryPoint\",\"urlTemplate\":\"https:\/\/www.prijedordanas.com\/?s={search_term_string}\"},\"query-input\":\"required name=search_term_string\"}],\"inLanguage\":\"en-US\"},{\"@type\":\"Organization\",\"@id\":\"https:\/\/www.prijedordanas.com\/#organization\",\"name\":\"PrijedorDanas.com\",\"url\":\"https:\/\/www.prijedordanas.com\/\",\"logo\":{\"@type\":\"ImageObject\",\"inLanguage\":\"en-US\",\"@id\":\"https:\/\/www.prijedordanas.com\/#\/schema\/logo\/image\/\",\"url\":\"http:\/\/www.prijedordanas.com\/wp-content\/uploads\/2021\/12\/logopng.png\",\"contentUrl\":\"http:\/\/www.prijedordanas.com\/wp-content\/uploads\/2021\/12\/logopng.png\",\"width\":1019,\"height\":776,\"caption\":\"PrijedorDanas.com\"},\"image\":{\"@id\":\"https:\/\/www.prijedordanas.com\/#\/schema\/logo\/image\/\"},\"sameAs\":[\"https:\/\/www.facebook.com\/PrijedorDanasCom\/\"]},{\"@type\":\"Person\",\"@id\":\"https:\/\/www.prijedordanas.com\/#\/schema\/person\/4e08ccf29b506ca916ff86d46bb700e6\",\"name\":\"admin\",\"image\":{\"@type\":\"ImageObject\",\"inLanguage\":\"en-US\",\"@id\":\"https:\/\/www.prijedordanas.com\/#\/schema\/person\/image\/\",\"url\":\"https:\/\/secure.gravatar.com\/avatar\/1d3fc949d550f0b53a5f0d51e06dfd79?s=96&d=mm&r=g\",\"contentUrl\":\"https:\/\/secure.gravatar.com\/avatar\/1d3fc949d550f0b53a5f0d51e06dfd79?s=96&d=mm&r=g\",\"caption\":\"admin\"},\"url\":\"https:\/\/www.prijedordanas.com\/?author=1\"}]}<\/script>\n<!-- \/ Yoast SEO plugin. -->","yoast_head_json":{"title":"SAOP\u0160TENJE \u010cLANOVA KOMISIJE ZA UNUTARSTRANA\u010cKE IZBORE: MI SMO UGLEDNI \u010cLANOVI SDS-A, A NE VANDALI - PrijedorDanas.com - Prijedorski gradski portal","robots":{"index":"index","follow":"follow","max-snippet":"max-snippet:-1","max-image-preview":"max-image-preview:large","max-video-preview":"max-video-preview:-1"},"canonical":"https:\/\/www.prijedordanas.com\/?p=123700","og_locale":"en_US","og_type":"article","og_title":"SAOP\u0160TENJE \u010cLANOVA KOMISIJE ZA UNUTARSTRANA\u010cKE IZBORE: MI SMO UGLEDNI \u010cLANOVI SDS-A, A NE VANDALI - PrijedorDanas.com - Prijedorski gradski portal","og_description":"Na adresu internet portala www.prijedordanas.com stiglo je saop\u0161tenje \u010dlanova Srpske demokratske stranke Prijedor, odnosno \u010dlanova Komisije koja je zadu\u017eena za unutarstrana\u010dke izbore a koja je izabrana na vanrednoj skup\u0161tini SDS-a [&hellip;]","og_url":"https:\/\/www.prijedordanas.com\/?p=123700","og_site_name":"PrijedorDanas.com - Prijedorski gradski portal","article_publisher":"https:\/\/www.facebook.com\/PrijedorDanasCom\/","article_published_time":"2019-03-15T18:18:08+00:00","og_image":[{"url":"https:\/\/www.prijedordanas.com\/wp-content\/uploads\/2019\/03\/sds-prijedor-sastanak-6mart-1-300x217.jpg"}],"author":"admin","twitter_card":"summary_large_image","twitter_misc":{"Written by":"admin","Est. reading time":"2 minutes"},"schema":{"@context":"https:\/\/schema.org","@graph":[{"@type":"Article","@id":"https:\/\/www.prijedordanas.com\/?p=123700#article","isPartOf":{"@id":"https:\/\/www.prijedordanas.com\/?p=123700"},"author":{"name":"admin","@id":"https:\/\/www.prijedordanas.com\/#\/schema\/person\/4e08ccf29b506ca916ff86d46bb700e6"},"headline":"SAOP\u0160TENJE \u010cLANOVA KOMISIJE ZA UNUTARSTRANA\u010cKE IZBORE: MI SMO UGLEDNI \u010cLANOVI SDS-A, A NE VANDALI","datePublished":"2019-03-15T18:18:08+00:00","dateModified":"2019-03-15T18:18:08+00:00","mainEntityOfPage":{"@id":"https:\/\/www.prijedordanas.com\/?p=123700"},"wordCount":386,"publisher":{"@id":"https:\/\/www.prijedordanas.com\/#organization"},"keywords":["SDS Prijedor"],"articleSection":["Svakodnevno"],"inLanguage":"en-US"},{"@type":"WebPage","@id":"https:\/\/www.prijedordanas.com\/?p=123700","url":"https:\/\/www.prijedordanas.com\/?p=123700","name":"SAOP\u0160TENJE \u010cLANOVA KOMISIJE ZA UNUTARSTRANA\u010cKE IZBORE: MI SMO UGLEDNI \u010cLANOVI SDS-A, A NE VANDALI - PrijedorDanas.com - Prijedorski gradski portal","isPartOf":{"@id":"https:\/\/www.prijedordanas.com\/#website"},"datePublished":"2019-03-15T18:18:08+00:00","dateModified":"2019-03-15T18:18:08+00:00","breadcrumb":{"@id":"https:\/\/www.prijedordanas.com\/?p=123700#breadcrumb"},"inLanguage":"en-US","potentialAction":[{"@type":"ReadAction","target":["https:\/\/www.prijedordanas.com\/?p=123700"]}]},{"@type":"BreadcrumbList","@id":"https:\/\/www.prijedordanas.com\/?p=123700#breadcrumb","itemListElement":[{"@type":"ListItem","position":1,"name":"Home","item":"https:\/\/www.prijedordanas.com\/"},{"@type":"ListItem","position":2,"name":"SAOP\u0160TENJE \u010cLANOVA KOMISIJE ZA UNUTARSTRANA\u010cKE IZBORE: MI SMO UGLEDNI \u010cLANOVI SDS-A, A NE VANDALI"}]},{"@type":"WebSite","@id":"https:\/\/www.prijedordanas.com\/#website","url":"https:\/\/www.prijedordanas.com\/","name":"PrijedorDanas.com - Prijedorski gradski portal","description":"Portal o doga\u0111anjima u gradu Prijedoru","publisher":{"@id":"https:\/\/www.prijedordanas.com\/#organization"},"potentialAction":[{"@type":"SearchAction","target":{"@type":"EntryPoint","urlTemplate":"https:\/\/www.prijedordanas.com\/?s={search_term_string}"},"query-input":"required name=search_term_string"}],"inLanguage":"en-US"},{"@type":"Organization","@id":"https:\/\/www.prijedordanas.com\/#organization","name":"PrijedorDanas.com","url":"https:\/\/www.prijedordanas.com\/","logo":{"@type":"ImageObject","inLanguage":"en-US","@id":"https:\/\/www.prijedordanas.com\/#\/schema\/logo\/image\/","url":"http:\/\/www.prijedordanas.com\/wp-content\/uploads\/2021\/12\/logopng.png","contentUrl":"http:\/\/www.prijedordanas.com\/wp-content\/uploads\/2021\/12\/logopng.png","width":1019,"height":776,"caption":"PrijedorDanas.com"},"image":{"@id":"https:\/\/www.prijedordanas.com\/#\/schema\/logo\/image\/"},"sameAs":["https:\/\/www.facebook.com\/PrijedorDanasCom\/"]},{"@type":"Person","@id":"https:\/\/www.prijedordanas.com\/#\/schema\/person\/4e08ccf29b506ca916ff86d46bb700e6","name":"admin","image":{"@type":"ImageObject","inLanguage":"en-US","@id":"https:\/\/www.prijedordanas.com\/#\/schema\/person\/image\/","url":"https:\/\/secure.gravatar.com\/avatar\/1d3fc949d550f0b53a5f0d51e06dfd79?s=96&d=mm&r=g","contentUrl":"https:\/\/secure.gravatar.com\/avatar\/1d3fc949d550f0b53a5f0d51e06dfd79?s=96&d=mm&r=g","caption":"admin"},"url":"https:\/\/www.prijedordanas.com\/?author=1"}]}},"_links":{"self":[{"href":"https:\/\/www.prijedordanas.com\/index.php?rest_route=\/wp\/v2\/posts\/123700"}],"collection":[{"href":"https:\/\/www.prijedordanas.com\/index.php?rest_route=\/wp\/v2\/posts"}],"about":[{"href":"https:\/\/www.prijedordanas.com\/index.php?rest_route=\/wp\/v2\/types\/post"}],"author":[{"embeddable":true,"href":"https:\/\/www.prijedordanas.com\/index.php?rest_route=\/wp\/v2\/users\/1"}],"replies":[{"embeddable":true,"href":"https:\/\/www.prijedordanas.com\/index.php?rest_route=%2Fwp%2Fv2%2Fcomments&post=123700"}],"version-history":[{"count":1,"href":"https:\/\/www.prijedordanas.com\/index.php?rest_route=\/wp\/v2\/posts\/123700\/revisions"}],"predecessor-version":[{"id":123701,"href":"https:\/\/www.prijedordanas.com\/index.php?rest_route=\/wp\/v2\/posts\/123700\/revisions\/123701"}],"wp:attachment":[{"href":"https:\/\/www.prijedordanas.com\/index.php?rest_route=%2Fwp%2Fv2%2Fmedia&parent=123700"}],"wp:term":[{"taxonomy":"category","embeddable":true,"href":"https:\/\/www.prijedordanas.com\/index.php?rest_route=%2Fwp%2Fv2%2Fcategories&post=123700"},{"taxonomy":"post_tag","embeddable":true,"href":"https:\/\/www.prijedordanas.com\/index.php?rest_route=%2Fwp%2Fv2%2Ftags&post=123700"}],"curies":[{"name":"wp","href":"https:\/\/api.w.org\/{rel}","templated":true}]}}