{"id":123492,"date":"2019-03-12T13:48:24","date_gmt":"2019-03-12T12:48:24","guid":{"rendered":"https:\/\/www.prijedordanas.com\/?p=123492"},"modified":"2019-03-12T13:48:24","modified_gmt":"2019-03-12T12:48:24","slug":"sokantan-snimak-prijedorcanin-prezivio-torturu-zbog-zastave-nikad-se-nisam-osjecao-tako-ponizeno-video","status":"publish","type":"post","link":"https:\/\/www.prijedordanas.com\/?p=123492","title":{"rendered":"\u0160OKANTAN SNIMAK \u2013 PRIJEDOR\u010cANIN PRE\u017dIVIO TORTURU ZBOG ZASTAVE: \u201cNIKAD SE NISAM OSJE\u0106AO TAKO PONI\u017dENO\u201d \u2013 VIDEO"},"content":{"rendered":"<p><a href=\"https:\/\/www.prijedordanas.com\/wp-content\/uploads\/2019\/03\/blic-tortura-zbog-zastave-1.jpg\"><img loading=\"lazy\" decoding=\"async\" src=\"https:\/\/www.prijedordanas.com\/wp-content\/uploads\/2019\/03\/blic-tortura-zbog-zastave-1-300x217.jpg\" alt=\"\" width=\"300\" height=\"217\" class=\"alignleft size-medium wp-image-123493\" srcset=\"https:\/\/www.prijedordanas.com\/wp-content\/uploads\/2019\/03\/blic-tortura-zbog-zastave-1-300x217.jpg 300w, https:\/\/www.prijedordanas.com\/wp-content\/uploads\/2019\/03\/blic-tortura-zbog-zastave-1-100x72.jpg 100w, https:\/\/www.prijedordanas.com\/wp-content\/uploads\/2019\/03\/blic-tortura-zbog-zastave-1.jpg 690w\" sizes=\"(max-width: 300px) 100vw, 300px\" \/><\/a>Prijedorska policija traga za Renatom Marjanovi\u0107em iz tog grada zbog toga \u0161to je ju\u010de maltretirao i vrije\u0111ao sugra\u0111anina Azrina Hod\u017ei\u0107a, potvr\u0111eno je za Srpskainfo.<\/p>\n<p>Marjanovi\u0107 je ju\u010de na svom Fejsbuk profilu objavio snimak na kojem se vidi kako tjera Hod\u017ei\u0107a da odlijepi naljepnicu sa grbom zastave BiH s prikolice.<\/p>\n<p>Zatim jadnog \u010dovjeka tjera da pogleda u kameru i ka\u017ee: \u201eIzvinite, Srbi u Prijedoru, \u0161to sam lijepio zastavu BiH na prikolicu. Ne\u0107u nikad vi\u0161e i po\u0161tujem Republiku Srpsku i Milorada Dodika\u201c.<\/p>\n<p>Isprepadani \u010dovjek ponavlja za njim ove rije\u010di, dok nekim alatom grebe grb zastave s prikolice.<\/p>\n<p>U Policijskoj upravi Prijedor potvrdili su za Srpskainfo da im je ovaj slu\u010daj prijavljen i da tragaju za Marjanovi\u0107em.<\/p>\n<p>Prema na\u0161im saznanjima, tu\u017eila\u0161tvo \u0107e ga teretiti da je po\u010dinio krivi\u010dno djelo \u201cjavno izazivanje i podsticanje na mr\u017enju\u201d.<\/p>\n<p>Azrin Hod\u017ei\u0107 pojasnio je za Srpskainfo \u0161ta se sve de\u0161avalo ju\u010de u Prijedoru.<\/p>\n<p>\u2013 Imao sam nekog materijala i do\u0161ao sam na otpad da to prodam. Dok sam istovarao vidio sam tog momka kako gleda prema meni i ne\u0161to pokazuje prstom. Zatim mi je pri\u0161ao i rekao da ga \u0161alje \u201egrupa iz Banjaluke i Mr\u0111a\u201c i da moram skinuti grb zastave s prikolice \u2013 ka\u017ee Hod\u017ei\u0107.<\/p>\n<p>Dodaje da je prvo mislio da se taj momak \u0161ali, jer ga nikada ranije nije vidio. Me\u0111utim, Renato ga je, ka\u017ee, tada udario par puta i uhvatio za vrat.<\/p>\n<p>\u2013 Govorio mi je da kada Dodik ne mo\u017ee imati zastavu Republike Srpske u kabinetu, da je ne mogu ni ja imati na prikolici. U jednom trenutku sam ga uhvatio oko struka i tada sam osjetio da ima pi\u0161tolj za pojasom. Tada sam se jo\u0161 vi\u0161e prepao i \u0161ta \u0107u\u2026 morao sam slu\u0161ati \u0161ta mi govori. On je uzeo telefon i sve snimao. Svi mogu vidjeti kroz \u0161ta sam pro\u0161ao \u2013 isti\u010de Hod\u017ei\u0107.<\/p>\n<p>Dodao je da se dugo nije osje\u0107ao upla\u0161enije, te da je poni\u017een od strane Marjanovi\u0107a.<\/p>\n<p>Ka\u017ee da da je Marjanovi\u0107 oti\u0161ao kada je skinuta zastava, a da se on zatim uputio u policiju i prijavio \u0161ta se sve desilo.<\/p>\n<p>\u2013 \u010cuo sam da je to problemati\u010dan mladi\u0107 koji je sklon nasilni\u010dkom pona\u0161anju. Ne znam \u010dim sam ovo zaslu\u017eio \u2013 ispri\u010dao je Hod\u017ei\u0107 za Srpskainfo.<\/p>\n<p>EuroBlic-srpskainfo.com<\/p>\n<div id=\"fb-root\"><\/div>\n<p><script async=\"1\" defer=\"1\" crossorigin=\"anonymous\" src=\"https:\/\/connect.facebook.net\/bs_BA\/sdk.js#xfbml=1&amp;version=v3.2\"><\/script><\/p>\n<div class=\"fb-video\" data-href=\"https:\/\/www.facebook.com\/renato.marjanovic.3\/videos\/2368642073369316\/\" data-width=\"500\">\n<blockquote cite=\"https:\/\/www.facebook.com\/renato.marjanovic.3\/videos\/2368642073369316\/\" class=\"fb-xfbml-parse-ignore\"><p><a href=\"https:\/\/www.facebook.com\/renato.marjanovic.3\/videos\/2368642073369316\/\"><\/a><\/p>\n<p>Posted by <a href=\"https:\/\/www.facebook.com\/renato.marjanovic.3\">Renato Marjanovic<\/a> on Ponedjeljak, 11. March 2019.<\/p><\/blockquote>\n<\/div>\n","protected":false},"excerpt":{"rendered":"<p>Prijedorska policija traga za Renatom Marjanovi\u0107em iz tog grada zbog toga \u0161to je ju\u010de maltretirao i vrije\u0111ao sugra\u0111anina Azrina Hod\u017ei\u0107a, potvr\u0111eno je za Srpskainfo. Marjanovi\u0107 je ju\u010de na svom Fejsbuk [&hellip;]<\/p>\n","protected":false},"author":1,"featured_media":0,"comment_status":"closed","ping_status":"open","sticky":false,"template":"","format":"standard","meta":{"_monsterinsights_skip_tracking":false,"_monsterinsights_sitenote_active":false,"_monsterinsights_sitenote_note":"","_monsterinsights_sitenote_category":0,"footnotes":""},"categories":[5],"tags":[],"yoast_head":"<!-- This site is optimized with the Yoast SEO plugin v21.6 - https:\/\/yoast.com\/wordpress\/plugins\/seo\/ -->\n<title>\u0160OKANTAN SNIMAK \u2013 PRIJEDOR\u010cANIN PRE\u017dIVIO TORTURU ZBOG ZASTAVE: \u201cNIKAD SE NISAM OSJE\u0106AO TAKO PONI\u017dENO\u201d \u2013 VIDEO - PrijedorDanas.com - Prijedorski gradski portal<\/title>\n<meta name=\"robots\" content=\"index, follow, max-snippet:-1, max-image-preview:large, max-video-preview:-1\" \/>\n<link rel=\"canonical\" href=\"https:\/\/www.prijedordanas.com\/?p=123492\" \/>\n<meta property=\"og:locale\" content=\"en_US\" \/>\n<meta property=\"og:type\" content=\"article\" \/>\n<meta property=\"og:title\" content=\"\u0160OKANTAN SNIMAK \u2013 PRIJEDOR\u010cANIN PRE\u017dIVIO TORTURU ZBOG ZASTAVE: \u201cNIKAD SE NISAM OSJE\u0106AO TAKO PONI\u017dENO\u201d \u2013 VIDEO - PrijedorDanas.com - Prijedorski gradski portal\" \/>\n<meta property=\"og:description\" content=\"Prijedorska policija traga za Renatom Marjanovi\u0107em iz tog grada zbog toga \u0161to je ju\u010de maltretirao i vrije\u0111ao sugra\u0111anina Azrina Hod\u017ei\u0107a, potvr\u0111eno je za Srpskainfo. Marjanovi\u0107 je ju\u010de na svom Fejsbuk [&hellip;]\" \/>\n<meta property=\"og:url\" content=\"https:\/\/www.prijedordanas.com\/?p=123492\" \/>\n<meta property=\"og:site_name\" content=\"PrijedorDanas.com - Prijedorski gradski portal\" \/>\n<meta property=\"article:publisher\" content=\"https:\/\/www.facebook.com\/PrijedorDanasCom\/\" \/>\n<meta property=\"article:published_time\" content=\"2019-03-12T12:48:24+00:00\" \/>\n<meta property=\"og:image\" content=\"https:\/\/www.prijedordanas.com\/wp-content\/uploads\/2019\/03\/blic-tortura-zbog-zastave-1-300x217.jpg\" \/>\n<meta name=\"author\" content=\"admin\" \/>\n<meta name=\"twitter:card\" content=\"summary_large_image\" \/>\n<meta name=\"twitter:label1\" content=\"Written by\" \/>\n\t<meta name=\"twitter:data1\" content=\"admin\" \/>\n\t<meta name=\"twitter:label2\" content=\"Est. reading time\" \/>\n\t<meta name=\"twitter:data2\" content=\"2 minutes\" \/>\n<script type=\"application\/ld+json\" class=\"yoast-schema-graph\">{\"@context\":\"https:\/\/schema.org\",\"@graph\":[{\"@type\":\"Article\",\"@id\":\"https:\/\/www.prijedordanas.com\/?p=123492#article\",\"isPartOf\":{\"@id\":\"https:\/\/www.prijedordanas.com\/?p=123492\"},\"author\":{\"name\":\"admin\",\"@id\":\"https:\/\/www.prijedordanas.com\/#\/schema\/person\/4e08ccf29b506ca916ff86d46bb700e6\"},\"headline\":\"\u0160OKANTAN SNIMAK \u2013 PRIJEDOR\u010cANIN PRE\u017dIVIO TORTURU ZBOG ZASTAVE: \u201cNIKAD SE NISAM OSJE\u0106AO TAKO PONI\u017dENO\u201d \u2013 VIDEO\",\"datePublished\":\"2019-03-12T12:48:24+00:00\",\"dateModified\":\"2019-03-12T12:48:24+00:00\",\"mainEntityOfPage\":{\"@id\":\"https:\/\/www.prijedordanas.com\/?p=123492\"},\"wordCount\":438,\"publisher\":{\"@id\":\"https:\/\/www.prijedordanas.com\/#organization\"},\"articleSection\":[\"Hronika\"],\"inLanguage\":\"en-US\"},{\"@type\":\"WebPage\",\"@id\":\"https:\/\/www.prijedordanas.com\/?p=123492\",\"url\":\"https:\/\/www.prijedordanas.com\/?p=123492\",\"name\":\"\u0160OKANTAN SNIMAK \u2013 PRIJEDOR\u010cANIN PRE\u017dIVIO TORTURU ZBOG ZASTAVE: \u201cNIKAD SE NISAM OSJE\u0106AO TAKO PONI\u017dENO\u201d \u2013 VIDEO - PrijedorDanas.com - Prijedorski gradski portal\",\"isPartOf\":{\"@id\":\"https:\/\/www.prijedordanas.com\/#website\"},\"datePublished\":\"2019-03-12T12:48:24+00:00\",\"dateModified\":\"2019-03-12T12:48:24+00:00\",\"breadcrumb\":{\"@id\":\"https:\/\/www.prijedordanas.com\/?p=123492#breadcrumb\"},\"inLanguage\":\"en-US\",\"potentialAction\":[{\"@type\":\"ReadAction\",\"target\":[\"https:\/\/www.prijedordanas.com\/?p=123492\"]}]},{\"@type\":\"BreadcrumbList\",\"@id\":\"https:\/\/www.prijedordanas.com\/?p=123492#breadcrumb\",\"itemListElement\":[{\"@type\":\"ListItem\",\"position\":1,\"name\":\"Home\",\"item\":\"https:\/\/www.prijedordanas.com\/\"},{\"@type\":\"ListItem\",\"position\":2,\"name\":\"\u0160OKANTAN SNIMAK \u2013 PRIJEDOR\u010cANIN PRE\u017dIVIO TORTURU ZBOG ZASTAVE: \u201cNIKAD SE NISAM OSJE\u0106AO TAKO PONI\u017dENO\u201d \u2013 VIDEO\"}]},{\"@type\":\"WebSite\",\"@id\":\"https:\/\/www.prijedordanas.com\/#website\",\"url\":\"https:\/\/www.prijedordanas.com\/\",\"name\":\"PrijedorDanas.com - Prijedorski gradski portal\",\"description\":\"Portal o doga\u0111anjima u gradu Prijedoru\",\"publisher\":{\"@id\":\"https:\/\/www.prijedordanas.com\/#organization\"},\"potentialAction\":[{\"@type\":\"SearchAction\",\"target\":{\"@type\":\"EntryPoint\",\"urlTemplate\":\"https:\/\/www.prijedordanas.com\/?s={search_term_string}\"},\"query-input\":\"required name=search_term_string\"}],\"inLanguage\":\"en-US\"},{\"@type\":\"Organization\",\"@id\":\"https:\/\/www.prijedordanas.com\/#organization\",\"name\":\"PrijedorDanas.com\",\"url\":\"https:\/\/www.prijedordanas.com\/\",\"logo\":{\"@type\":\"ImageObject\",\"inLanguage\":\"en-US\",\"@id\":\"https:\/\/www.prijedordanas.com\/#\/schema\/logo\/image\/\",\"url\":\"http:\/\/www.prijedordanas.com\/wp-content\/uploads\/2021\/12\/logopng.png\",\"contentUrl\":\"http:\/\/www.prijedordanas.com\/wp-content\/uploads\/2021\/12\/logopng.png\",\"width\":1019,\"height\":776,\"caption\":\"PrijedorDanas.com\"},\"image\":{\"@id\":\"https:\/\/www.prijedordanas.com\/#\/schema\/logo\/image\/\"},\"sameAs\":[\"https:\/\/www.facebook.com\/PrijedorDanasCom\/\"]},{\"@type\":\"Person\",\"@id\":\"https:\/\/www.prijedordanas.com\/#\/schema\/person\/4e08ccf29b506ca916ff86d46bb700e6\",\"name\":\"admin\",\"image\":{\"@type\":\"ImageObject\",\"inLanguage\":\"en-US\",\"@id\":\"https:\/\/www.prijedordanas.com\/#\/schema\/person\/image\/\",\"url\":\"https:\/\/secure.gravatar.com\/avatar\/1d3fc949d550f0b53a5f0d51e06dfd79?s=96&d=mm&r=g\",\"contentUrl\":\"https:\/\/secure.gravatar.com\/avatar\/1d3fc949d550f0b53a5f0d51e06dfd79?s=96&d=mm&r=g\",\"caption\":\"admin\"},\"url\":\"https:\/\/www.prijedordanas.com\/?author=1\"}]}<\/script>\n<!-- \/ Yoast SEO plugin. -->","yoast_head_json":{"title":"\u0160OKANTAN SNIMAK \u2013 PRIJEDOR\u010cANIN PRE\u017dIVIO TORTURU ZBOG ZASTAVE: \u201cNIKAD SE NISAM OSJE\u0106AO TAKO PONI\u017dENO\u201d \u2013 VIDEO - PrijedorDanas.com - Prijedorski gradski portal","robots":{"index":"index","follow":"follow","max-snippet":"max-snippet:-1","max-image-preview":"max-image-preview:large","max-video-preview":"max-video-preview:-1"},"canonical":"https:\/\/www.prijedordanas.com\/?p=123492","og_locale":"en_US","og_type":"article","og_title":"\u0160OKANTAN SNIMAK \u2013 PRIJEDOR\u010cANIN PRE\u017dIVIO TORTURU ZBOG ZASTAVE: \u201cNIKAD SE NISAM OSJE\u0106AO TAKO PONI\u017dENO\u201d \u2013 VIDEO - PrijedorDanas.com - Prijedorski gradski portal","og_description":"Prijedorska policija traga za Renatom Marjanovi\u0107em iz tog grada zbog toga \u0161to je ju\u010de maltretirao i vrije\u0111ao sugra\u0111anina Azrina Hod\u017ei\u0107a, potvr\u0111eno je za Srpskainfo. Marjanovi\u0107 je ju\u010de na svom Fejsbuk [&hellip;]","og_url":"https:\/\/www.prijedordanas.com\/?p=123492","og_site_name":"PrijedorDanas.com - Prijedorski gradski portal","article_publisher":"https:\/\/www.facebook.com\/PrijedorDanasCom\/","article_published_time":"2019-03-12T12:48:24+00:00","og_image":[{"url":"https:\/\/www.prijedordanas.com\/wp-content\/uploads\/2019\/03\/blic-tortura-zbog-zastave-1-300x217.jpg"}],"author":"admin","twitter_card":"summary_large_image","twitter_misc":{"Written by":"admin","Est. reading time":"2 minutes"},"schema":{"@context":"https:\/\/schema.org","@graph":[{"@type":"Article","@id":"https:\/\/www.prijedordanas.com\/?p=123492#article","isPartOf":{"@id":"https:\/\/www.prijedordanas.com\/?p=123492"},"author":{"name":"admin","@id":"https:\/\/www.prijedordanas.com\/#\/schema\/person\/4e08ccf29b506ca916ff86d46bb700e6"},"headline":"\u0160OKANTAN SNIMAK \u2013 PRIJEDOR\u010cANIN PRE\u017dIVIO TORTURU ZBOG ZASTAVE: \u201cNIKAD SE NISAM OSJE\u0106AO TAKO PONI\u017dENO\u201d \u2013 VIDEO","datePublished":"2019-03-12T12:48:24+00:00","dateModified":"2019-03-12T12:48:24+00:00","mainEntityOfPage":{"@id":"https:\/\/www.prijedordanas.com\/?p=123492"},"wordCount":438,"publisher":{"@id":"https:\/\/www.prijedordanas.com\/#organization"},"articleSection":["Hronika"],"inLanguage":"en-US"},{"@type":"WebPage","@id":"https:\/\/www.prijedordanas.com\/?p=123492","url":"https:\/\/www.prijedordanas.com\/?p=123492","name":"\u0160OKANTAN SNIMAK \u2013 PRIJEDOR\u010cANIN PRE\u017dIVIO TORTURU ZBOG ZASTAVE: \u201cNIKAD SE NISAM OSJE\u0106AO TAKO PONI\u017dENO\u201d \u2013 VIDEO - PrijedorDanas.com - Prijedorski gradski portal","isPartOf":{"@id":"https:\/\/www.prijedordanas.com\/#website"},"datePublished":"2019-03-12T12:48:24+00:00","dateModified":"2019-03-12T12:48:24+00:00","breadcrumb":{"@id":"https:\/\/www.prijedordanas.com\/?p=123492#breadcrumb"},"inLanguage":"en-US","potentialAction":[{"@type":"ReadAction","target":["https:\/\/www.prijedordanas.com\/?p=123492"]}]},{"@type":"BreadcrumbList","@id":"https:\/\/www.prijedordanas.com\/?p=123492#breadcrumb","itemListElement":[{"@type":"ListItem","position":1,"name":"Home","item":"https:\/\/www.prijedordanas.com\/"},{"@type":"ListItem","position":2,"name":"\u0160OKANTAN SNIMAK \u2013 PRIJEDOR\u010cANIN PRE\u017dIVIO TORTURU ZBOG ZASTAVE: \u201cNIKAD SE NISAM OSJE\u0106AO TAKO PONI\u017dENO\u201d \u2013 VIDEO"}]},{"@type":"WebSite","@id":"https:\/\/www.prijedordanas.com\/#website","url":"https:\/\/www.prijedordanas.com\/","name":"PrijedorDanas.com - Prijedorski gradski portal","description":"Portal o doga\u0111anjima u gradu Prijedoru","publisher":{"@id":"https:\/\/www.prijedordanas.com\/#organization"},"potentialAction":[{"@type":"SearchAction","target":{"@type":"EntryPoint","urlTemplate":"https:\/\/www.prijedordanas.com\/?s={search_term_string}"},"query-input":"required name=search_term_string"}],"inLanguage":"en-US"},{"@type":"Organization","@id":"https:\/\/www.prijedordanas.com\/#organization","name":"PrijedorDanas.com","url":"https:\/\/www.prijedordanas.com\/","logo":{"@type":"ImageObject","inLanguage":"en-US","@id":"https:\/\/www.prijedordanas.com\/#\/schema\/logo\/image\/","url":"http:\/\/www.prijedordanas.com\/wp-content\/uploads\/2021\/12\/logopng.png","contentUrl":"http:\/\/www.prijedordanas.com\/wp-content\/uploads\/2021\/12\/logopng.png","width":1019,"height":776,"caption":"PrijedorDanas.com"},"image":{"@id":"https:\/\/www.prijedordanas.com\/#\/schema\/logo\/image\/"},"sameAs":["https:\/\/www.facebook.com\/PrijedorDanasCom\/"]},{"@type":"Person","@id":"https:\/\/www.prijedordanas.com\/#\/schema\/person\/4e08ccf29b506ca916ff86d46bb700e6","name":"admin","image":{"@type":"ImageObject","inLanguage":"en-US","@id":"https:\/\/www.prijedordanas.com\/#\/schema\/person\/image\/","url":"https:\/\/secure.gravatar.com\/avatar\/1d3fc949d550f0b53a5f0d51e06dfd79?s=96&d=mm&r=g","contentUrl":"https:\/\/secure.gravatar.com\/avatar\/1d3fc949d550f0b53a5f0d51e06dfd79?s=96&d=mm&r=g","caption":"admin"},"url":"https:\/\/www.prijedordanas.com\/?author=1"}]}},"_links":{"self":[{"href":"https:\/\/www.prijedordanas.com\/index.php?rest_route=\/wp\/v2\/posts\/123492"}],"collection":[{"href":"https:\/\/www.prijedordanas.com\/index.php?rest_route=\/wp\/v2\/posts"}],"about":[{"href":"https:\/\/www.prijedordanas.com\/index.php?rest_route=\/wp\/v2\/types\/post"}],"author":[{"embeddable":true,"href":"https:\/\/www.prijedordanas.com\/index.php?rest_route=\/wp\/v2\/users\/1"}],"replies":[{"embeddable":true,"href":"https:\/\/www.prijedordanas.com\/index.php?rest_route=%2Fwp%2Fv2%2Fcomments&post=123492"}],"version-history":[{"count":1,"href":"https:\/\/www.prijedordanas.com\/index.php?rest_route=\/wp\/v2\/posts\/123492\/revisions"}],"predecessor-version":[{"id":123494,"href":"https:\/\/www.prijedordanas.com\/index.php?rest_route=\/wp\/v2\/posts\/123492\/revisions\/123494"}],"wp:attachment":[{"href":"https:\/\/www.prijedordanas.com\/index.php?rest_route=%2Fwp%2Fv2%2Fmedia&parent=123492"}],"wp:term":[{"taxonomy":"category","embeddable":true,"href":"https:\/\/www.prijedordanas.com\/index.php?rest_route=%2Fwp%2Fv2%2Fcategories&post=123492"},{"taxonomy":"post_tag","embeddable":true,"href":"https:\/\/www.prijedordanas.com\/index.php?rest_route=%2Fwp%2Fv2%2Ftags&post=123492"}],"curies":[{"name":"wp","href":"https:\/\/api.w.org\/{rel}","templated":true}]}}