{"id":123465,"date":"2019-03-15T08:54:49","date_gmt":"2019-03-15T07:54:49","guid":{"rendered":"https:\/\/www.prijedordanas.com\/?p=123465"},"modified":"2019-03-15T08:54:49","modified_gmt":"2019-03-15T07:54:49","slug":"sudenje-jurisic-presuda-za-zlocine-u-prijedoru-8-aprila","status":"publish","type":"post","link":"https:\/\/www.prijedordanas.com\/?p=123465","title":{"rendered":"SU\u0110ENJE JURI\u0160I\u0106: PRESUDA ZA ZLO\u010cINE U PRIJEDORU 8. APRILA"},"content":{"rendered":"<p><a href=\"https:\/\/www.prijedordanas.com\/wp-content\/uploads\/2018\/03\/sud-bih-2018.jpg\"><img loading=\"lazy\" decoding=\"async\" src=\"https:\/\/www.prijedordanas.com\/wp-content\/uploads\/2018\/03\/sud-bih-2018-300x225.jpg\" alt=\"\" width=\"300\" height=\"225\" class=\"alignleft size-medium wp-image-101905\" srcset=\"https:\/\/www.prijedordanas.com\/wp-content\/uploads\/2018\/03\/sud-bih-2018-300x225.jpg 300w, https:\/\/www.prijedordanas.com\/wp-content\/uploads\/2018\/03\/sud-bih-2018-100x75.jpg 100w, https:\/\/www.prijedordanas.com\/wp-content\/uploads\/2018\/03\/sud-bih-2018-640x480.jpg 640w, https:\/\/www.prijedordanas.com\/wp-content\/uploads\/2018\/03\/sud-bih-2018.jpg 667w\" sizes=\"(max-width: 300px) 100vw, 300px\" \/><\/a>Dr\u017eavni sud \u0107e 8. aprila izre\u0107i presudu Mi\u0107i Juri\u0161i\u0107u za zlo\u010dine protiv \u010dovje\u010dnosti po\u010dinjene na podru\u010dju Prijedora 1992. godine.<\/p>\n<p>Odbrana je u zavr\u0161noj rije\u010di zatra\u017eila osloba\u0111anje Juri\u0161i\u0107a odgovornosti po osam ta\u010daka optu\u017enice koja ga tereti za u\u010de\u0161\u0107e u progonu nesrpskog civilnog stanovni\u0161tva ubistvima, mu\u010denjima, nezakonitim li\u0161avanjem slobode, sprovo\u0111enjem u logore i drugim ne\u010dovje\u010dnim djelima.<\/p>\n<p>\u201cPredla\u017eem da Sud donese odluku kojom ga osloba\u0111a svih ta\u010daka optu\u017enice\u201d, kazao je Juri\u0161i\u0107ev advokat Svetozar Davidovi\u0107.<\/p>\n<p>Tu\u017eila\u0161tvo BiH tereti Juri\u0161i\u0107a, biv\u0161eg pripadnika rezervnog sastava milicije Tukovi pri Stanici javne bezbjednosti (SJB) Prijedor, da je 1992. u\u010destvovao u progonu nesrpskog civilnog stanovni\u0161tva i to ubistvima, mu\u010denjima, nezakonitim li\u0161avanjem slobode, sprovo\u0111enjem u logore i drugim ne\u010dovje\u010dnim djelima. S Juri\u0161i\u0107em je bio optu\u017een i Dragomir Tintor, koji je u me\u0111uvremenu preminuo.<\/p>\n<p>Na prethodnom ro\u010di\u0161tu, 25. februara ove godine, Tu\u017eila\u0161tvo je u zavr\u0161noj rije\u010di zatra\u017eio da Juri\u0161i\u0107 bude progla\u0161en krivim po svim ta\u010dkama optu\u017enice te da se kazni po zakonu.<\/p>\n<p>Davidovi\u0107 je rekao da, nakon sprovo\u0111enja svih dokaza, nema nijednog dokaza da je Juri\u0161i\u0107 u periodu od maja do septembra 1992. bio u\u010desnik \u0161irokog i sistemati\u010dnog napada vojske i policije Republike Srpske protiv civilnog nesrpskog stanovni\u0161tva na podru\u010dju op\u0161tine Prijedor.<\/p>\n<p>\u201cNema dokaza da je znao za napad i da njegove radnje predstavljaju dio napada. Analiza konstrukcija optu\u017enice ne ispunjava standard van razumne sumnje\u201d, kazao je Davidovi\u0107.<\/p>\n<p>On je naglasio i da nema dokaza da je Juri\u0161i\u0107 imao bilo kakve veze s organima vlasti.<\/p>\n<p>\u201cBio je pripadnik rezervnog sastava policije, bio je samo voza\u010d, njegovo obrazovanje bilo je na niskom nivou\u201d, rekao je Davidovi\u0107.<\/p>\n<p>Govore\u0107i o iskazima u vezi s ta\u010dkama optu\u017enice koje Juri\u0161i\u0107a terete za ubistva, Davidovi\u0107 je tako\u0111er naveo da nema dokaza da je Juri\u0161i\u0107 to uradio.<\/p>\n<p>\u201cNema dokaza da je u\u010destvovao u bilo kojoj nezakonitoj radnji koja se ti\u010de vjerske i nacionalne pripadnosti. Op\u0161te je poznato da policijski slu\u017ebenici mogu privoditi bilo koje lice po naredbi nadre\u0111enih, pa onda nema odgovornosti optu\u017eenog. Tu\u017eila\u0161tvo nije dokazivalo da je postupao nezakonito\u201d, kazao je Davidovi\u0107.<\/p>\n<p>Nakon izno\u0161enja zavr\u0161ne rije\u010di njegovog advokata, optu\u017eeni Juri\u0161i\u0107 se obratio Sudskom vije\u0107u i uplakanim glasom rekao da nije kriv.<\/p>\n<p>Presuda \u0107e biti izre\u010dena 8. aprila.<\/p>\n<p>BIRN<\/p>\n","protected":false},"excerpt":{"rendered":"<p>Dr\u017eavni sud \u0107e 8. aprila izre\u0107i presudu Mi\u0107i Juri\u0161i\u0107u za zlo\u010dine protiv \u010dovje\u010dnosti po\u010dinjene na podru\u010dju Prijedora 1992. godine. Odbrana je u zavr\u0161noj rije\u010di zatra\u017eila osloba\u0111anje Juri\u0161i\u0107a odgovornosti po osam [&hellip;]<\/p>\n","protected":false},"author":1,"featured_media":0,"comment_status":"closed","ping_status":"open","sticky":false,"template":"","format":"standard","meta":{"_monsterinsights_skip_tracking":false,"_monsterinsights_sitenote_active":false,"_monsterinsights_sitenote_note":"","_monsterinsights_sitenote_category":0,"footnotes":""},"categories":[5],"tags":[531],"yoast_head":"<!-- This site is optimized with the Yoast SEO plugin v21.6 - https:\/\/yoast.com\/wordpress\/plugins\/seo\/ -->\n<title>SU\u0110ENJE JURI\u0160I\u0106: PRESUDA ZA ZLO\u010cINE U PRIJEDORU 8. APRILA - PrijedorDanas.com - Prijedorski gradski portal<\/title>\n<meta name=\"robots\" content=\"index, follow, max-snippet:-1, max-image-preview:large, max-video-preview:-1\" \/>\n<link rel=\"canonical\" href=\"https:\/\/www.prijedordanas.com\/?p=123465\" \/>\n<meta property=\"og:locale\" content=\"en_US\" \/>\n<meta property=\"og:type\" content=\"article\" \/>\n<meta property=\"og:title\" content=\"SU\u0110ENJE JURI\u0160I\u0106: PRESUDA ZA ZLO\u010cINE U PRIJEDORU 8. APRILA - PrijedorDanas.com - Prijedorski gradski portal\" \/>\n<meta property=\"og:description\" content=\"Dr\u017eavni sud \u0107e 8. aprila izre\u0107i presudu Mi\u0107i Juri\u0161i\u0107u za zlo\u010dine protiv \u010dovje\u010dnosti po\u010dinjene na podru\u010dju Prijedora 1992. godine. Odbrana je u zavr\u0161noj rije\u010di zatra\u017eila osloba\u0111anje Juri\u0161i\u0107a odgovornosti po osam [&hellip;]\" \/>\n<meta property=\"og:url\" content=\"https:\/\/www.prijedordanas.com\/?p=123465\" \/>\n<meta property=\"og:site_name\" content=\"PrijedorDanas.com - Prijedorski gradski portal\" \/>\n<meta property=\"article:publisher\" content=\"https:\/\/www.facebook.com\/PrijedorDanasCom\/\" \/>\n<meta property=\"article:published_time\" content=\"2019-03-15T07:54:49+00:00\" \/>\n<meta property=\"og:image\" content=\"https:\/\/www.prijedordanas.com\/wp-content\/uploads\/2018\/03\/sud-bih-2018-300x225.jpg\" \/>\n<meta name=\"author\" content=\"admin\" \/>\n<meta name=\"twitter:card\" content=\"summary_large_image\" \/>\n<meta name=\"twitter:label1\" content=\"Written by\" \/>\n\t<meta name=\"twitter:data1\" content=\"admin\" \/>\n\t<meta name=\"twitter:label2\" content=\"Est. reading time\" \/>\n\t<meta name=\"twitter:data2\" content=\"2 minutes\" \/>\n<script type=\"application\/ld+json\" class=\"yoast-schema-graph\">{\"@context\":\"https:\/\/schema.org\",\"@graph\":[{\"@type\":\"Article\",\"@id\":\"https:\/\/www.prijedordanas.com\/?p=123465#article\",\"isPartOf\":{\"@id\":\"https:\/\/www.prijedordanas.com\/?p=123465\"},\"author\":{\"name\":\"admin\",\"@id\":\"https:\/\/www.prijedordanas.com\/#\/schema\/person\/4e08ccf29b506ca916ff86d46bb700e6\"},\"headline\":\"SU\u0110ENJE JURI\u0160I\u0106: PRESUDA ZA ZLO\u010cINE U PRIJEDORU 8. APRILA\",\"datePublished\":\"2019-03-15T07:54:49+00:00\",\"dateModified\":\"2019-03-15T07:54:49+00:00\",\"mainEntityOfPage\":{\"@id\":\"https:\/\/www.prijedordanas.com\/?p=123465\"},\"wordCount\":445,\"publisher\":{\"@id\":\"https:\/\/www.prijedordanas.com\/#organization\"},\"keywords\":[\"Sud BiH\"],\"articleSection\":[\"Hronika\"],\"inLanguage\":\"en-US\"},{\"@type\":\"WebPage\",\"@id\":\"https:\/\/www.prijedordanas.com\/?p=123465\",\"url\":\"https:\/\/www.prijedordanas.com\/?p=123465\",\"name\":\"SU\u0110ENJE JURI\u0160I\u0106: PRESUDA ZA ZLO\u010cINE U PRIJEDORU 8. APRILA - PrijedorDanas.com - Prijedorski gradski portal\",\"isPartOf\":{\"@id\":\"https:\/\/www.prijedordanas.com\/#website\"},\"datePublished\":\"2019-03-15T07:54:49+00:00\",\"dateModified\":\"2019-03-15T07:54:49+00:00\",\"breadcrumb\":{\"@id\":\"https:\/\/www.prijedordanas.com\/?p=123465#breadcrumb\"},\"inLanguage\":\"en-US\",\"potentialAction\":[{\"@type\":\"ReadAction\",\"target\":[\"https:\/\/www.prijedordanas.com\/?p=123465\"]}]},{\"@type\":\"BreadcrumbList\",\"@id\":\"https:\/\/www.prijedordanas.com\/?p=123465#breadcrumb\",\"itemListElement\":[{\"@type\":\"ListItem\",\"position\":1,\"name\":\"Home\",\"item\":\"https:\/\/www.prijedordanas.com\/\"},{\"@type\":\"ListItem\",\"position\":2,\"name\":\"SU\u0110ENJE JURI\u0160I\u0106: PRESUDA ZA ZLO\u010cINE U PRIJEDORU 8. APRILA\"}]},{\"@type\":\"WebSite\",\"@id\":\"https:\/\/www.prijedordanas.com\/#website\",\"url\":\"https:\/\/www.prijedordanas.com\/\",\"name\":\"PrijedorDanas.com - Prijedorski gradski portal\",\"description\":\"Portal o doga\u0111anjima u gradu Prijedoru\",\"publisher\":{\"@id\":\"https:\/\/www.prijedordanas.com\/#organization\"},\"potentialAction\":[{\"@type\":\"SearchAction\",\"target\":{\"@type\":\"EntryPoint\",\"urlTemplate\":\"https:\/\/www.prijedordanas.com\/?s={search_term_string}\"},\"query-input\":\"required name=search_term_string\"}],\"inLanguage\":\"en-US\"},{\"@type\":\"Organization\",\"@id\":\"https:\/\/www.prijedordanas.com\/#organization\",\"name\":\"PrijedorDanas.com\",\"url\":\"https:\/\/www.prijedordanas.com\/\",\"logo\":{\"@type\":\"ImageObject\",\"inLanguage\":\"en-US\",\"@id\":\"https:\/\/www.prijedordanas.com\/#\/schema\/logo\/image\/\",\"url\":\"http:\/\/www.prijedordanas.com\/wp-content\/uploads\/2021\/12\/logopng.png\",\"contentUrl\":\"http:\/\/www.prijedordanas.com\/wp-content\/uploads\/2021\/12\/logopng.png\",\"width\":1019,\"height\":776,\"caption\":\"PrijedorDanas.com\"},\"image\":{\"@id\":\"https:\/\/www.prijedordanas.com\/#\/schema\/logo\/image\/\"},\"sameAs\":[\"https:\/\/www.facebook.com\/PrijedorDanasCom\/\"]},{\"@type\":\"Person\",\"@id\":\"https:\/\/www.prijedordanas.com\/#\/schema\/person\/4e08ccf29b506ca916ff86d46bb700e6\",\"name\":\"admin\",\"image\":{\"@type\":\"ImageObject\",\"inLanguage\":\"en-US\",\"@id\":\"https:\/\/www.prijedordanas.com\/#\/schema\/person\/image\/\",\"url\":\"https:\/\/secure.gravatar.com\/avatar\/1d3fc949d550f0b53a5f0d51e06dfd79?s=96&d=mm&r=g\",\"contentUrl\":\"https:\/\/secure.gravatar.com\/avatar\/1d3fc949d550f0b53a5f0d51e06dfd79?s=96&d=mm&r=g\",\"caption\":\"admin\"},\"url\":\"https:\/\/www.prijedordanas.com\/?author=1\"}]}<\/script>\n<!-- \/ Yoast SEO plugin. -->","yoast_head_json":{"title":"SU\u0110ENJE JURI\u0160I\u0106: PRESUDA ZA ZLO\u010cINE U PRIJEDORU 8. APRILA - PrijedorDanas.com - Prijedorski gradski portal","robots":{"index":"index","follow":"follow","max-snippet":"max-snippet:-1","max-image-preview":"max-image-preview:large","max-video-preview":"max-video-preview:-1"},"canonical":"https:\/\/www.prijedordanas.com\/?p=123465","og_locale":"en_US","og_type":"article","og_title":"SU\u0110ENJE JURI\u0160I\u0106: PRESUDA ZA ZLO\u010cINE U PRIJEDORU 8. APRILA - PrijedorDanas.com - Prijedorski gradski portal","og_description":"Dr\u017eavni sud \u0107e 8. aprila izre\u0107i presudu Mi\u0107i Juri\u0161i\u0107u za zlo\u010dine protiv \u010dovje\u010dnosti po\u010dinjene na podru\u010dju Prijedora 1992. godine. Odbrana je u zavr\u0161noj rije\u010di zatra\u017eila osloba\u0111anje Juri\u0161i\u0107a odgovornosti po osam [&hellip;]","og_url":"https:\/\/www.prijedordanas.com\/?p=123465","og_site_name":"PrijedorDanas.com - Prijedorski gradski portal","article_publisher":"https:\/\/www.facebook.com\/PrijedorDanasCom\/","article_published_time":"2019-03-15T07:54:49+00:00","og_image":[{"url":"https:\/\/www.prijedordanas.com\/wp-content\/uploads\/2018\/03\/sud-bih-2018-300x225.jpg"}],"author":"admin","twitter_card":"summary_large_image","twitter_misc":{"Written by":"admin","Est. reading time":"2 minutes"},"schema":{"@context":"https:\/\/schema.org","@graph":[{"@type":"Article","@id":"https:\/\/www.prijedordanas.com\/?p=123465#article","isPartOf":{"@id":"https:\/\/www.prijedordanas.com\/?p=123465"},"author":{"name":"admin","@id":"https:\/\/www.prijedordanas.com\/#\/schema\/person\/4e08ccf29b506ca916ff86d46bb700e6"},"headline":"SU\u0110ENJE JURI\u0160I\u0106: PRESUDA ZA ZLO\u010cINE U PRIJEDORU 8. APRILA","datePublished":"2019-03-15T07:54:49+00:00","dateModified":"2019-03-15T07:54:49+00:00","mainEntityOfPage":{"@id":"https:\/\/www.prijedordanas.com\/?p=123465"},"wordCount":445,"publisher":{"@id":"https:\/\/www.prijedordanas.com\/#organization"},"keywords":["Sud BiH"],"articleSection":["Hronika"],"inLanguage":"en-US"},{"@type":"WebPage","@id":"https:\/\/www.prijedordanas.com\/?p=123465","url":"https:\/\/www.prijedordanas.com\/?p=123465","name":"SU\u0110ENJE JURI\u0160I\u0106: PRESUDA ZA ZLO\u010cINE U PRIJEDORU 8. APRILA - PrijedorDanas.com - Prijedorski gradski portal","isPartOf":{"@id":"https:\/\/www.prijedordanas.com\/#website"},"datePublished":"2019-03-15T07:54:49+00:00","dateModified":"2019-03-15T07:54:49+00:00","breadcrumb":{"@id":"https:\/\/www.prijedordanas.com\/?p=123465#breadcrumb"},"inLanguage":"en-US","potentialAction":[{"@type":"ReadAction","target":["https:\/\/www.prijedordanas.com\/?p=123465"]}]},{"@type":"BreadcrumbList","@id":"https:\/\/www.prijedordanas.com\/?p=123465#breadcrumb","itemListElement":[{"@type":"ListItem","position":1,"name":"Home","item":"https:\/\/www.prijedordanas.com\/"},{"@type":"ListItem","position":2,"name":"SU\u0110ENJE JURI\u0160I\u0106: PRESUDA ZA ZLO\u010cINE U PRIJEDORU 8. APRILA"}]},{"@type":"WebSite","@id":"https:\/\/www.prijedordanas.com\/#website","url":"https:\/\/www.prijedordanas.com\/","name":"PrijedorDanas.com - Prijedorski gradski portal","description":"Portal o doga\u0111anjima u gradu Prijedoru","publisher":{"@id":"https:\/\/www.prijedordanas.com\/#organization"},"potentialAction":[{"@type":"SearchAction","target":{"@type":"EntryPoint","urlTemplate":"https:\/\/www.prijedordanas.com\/?s={search_term_string}"},"query-input":"required name=search_term_string"}],"inLanguage":"en-US"},{"@type":"Organization","@id":"https:\/\/www.prijedordanas.com\/#organization","name":"PrijedorDanas.com","url":"https:\/\/www.prijedordanas.com\/","logo":{"@type":"ImageObject","inLanguage":"en-US","@id":"https:\/\/www.prijedordanas.com\/#\/schema\/logo\/image\/","url":"http:\/\/www.prijedordanas.com\/wp-content\/uploads\/2021\/12\/logopng.png","contentUrl":"http:\/\/www.prijedordanas.com\/wp-content\/uploads\/2021\/12\/logopng.png","width":1019,"height":776,"caption":"PrijedorDanas.com"},"image":{"@id":"https:\/\/www.prijedordanas.com\/#\/schema\/logo\/image\/"},"sameAs":["https:\/\/www.facebook.com\/PrijedorDanasCom\/"]},{"@type":"Person","@id":"https:\/\/www.prijedordanas.com\/#\/schema\/person\/4e08ccf29b506ca916ff86d46bb700e6","name":"admin","image":{"@type":"ImageObject","inLanguage":"en-US","@id":"https:\/\/www.prijedordanas.com\/#\/schema\/person\/image\/","url":"https:\/\/secure.gravatar.com\/avatar\/1d3fc949d550f0b53a5f0d51e06dfd79?s=96&d=mm&r=g","contentUrl":"https:\/\/secure.gravatar.com\/avatar\/1d3fc949d550f0b53a5f0d51e06dfd79?s=96&d=mm&r=g","caption":"admin"},"url":"https:\/\/www.prijedordanas.com\/?author=1"}]}},"_links":{"self":[{"href":"https:\/\/www.prijedordanas.com\/index.php?rest_route=\/wp\/v2\/posts\/123465"}],"collection":[{"href":"https:\/\/www.prijedordanas.com\/index.php?rest_route=\/wp\/v2\/posts"}],"about":[{"href":"https:\/\/www.prijedordanas.com\/index.php?rest_route=\/wp\/v2\/types\/post"}],"author":[{"embeddable":true,"href":"https:\/\/www.prijedordanas.com\/index.php?rest_route=\/wp\/v2\/users\/1"}],"replies":[{"embeddable":true,"href":"https:\/\/www.prijedordanas.com\/index.php?rest_route=%2Fwp%2Fv2%2Fcomments&post=123465"}],"version-history":[{"count":1,"href":"https:\/\/www.prijedordanas.com\/index.php?rest_route=\/wp\/v2\/posts\/123465\/revisions"}],"predecessor-version":[{"id":123466,"href":"https:\/\/www.prijedordanas.com\/index.php?rest_route=\/wp\/v2\/posts\/123465\/revisions\/123466"}],"wp:attachment":[{"href":"https:\/\/www.prijedordanas.com\/index.php?rest_route=%2Fwp%2Fv2%2Fmedia&parent=123465"}],"wp:term":[{"taxonomy":"category","embeddable":true,"href":"https:\/\/www.prijedordanas.com\/index.php?rest_route=%2Fwp%2Fv2%2Fcategories&post=123465"},{"taxonomy":"post_tag","embeddable":true,"href":"https:\/\/www.prijedordanas.com\/index.php?rest_route=%2Fwp%2Fv2%2Ftags&post=123465"}],"curies":[{"name":"wp","href":"https:\/\/api.w.org\/{rel}","templated":true}]}}