{"id":123246,"date":"2019-03-08T18:23:23","date_gmt":"2019-03-08T17:23:23","guid":{"rendered":"https:\/\/www.prijedordanas.com\/?p=123246"},"modified":"2019-03-08T18:29:54","modified_gmt":"2019-03-08T17:29:54","slug":"nastavlja-se-saga-u-ribnjaku-sanicani-tuca-radnika-i-direktora-obustavlja-se-izlov-ribe","status":"publish","type":"post","link":"https:\/\/www.prijedordanas.com\/?p=123246","title":{"rendered":"NASTAVLJA SE SAGA U RIBNJAKU \u201eSANI\u010cANI\u201c: TU\u010cA RADNIKA I DIREKTORA, OBUSTAVLJA SE IZLOV RIBE"},"content":{"rendered":"<p><a href=\"https:\/\/www.prijedordanas.com\/wp-content\/uploads\/2019\/03\/ribnjak-sanicani-by-igor-motl.jpg\"><img loading=\"lazy\" decoding=\"async\" src=\"https:\/\/www.prijedordanas.com\/wp-content\/uploads\/2019\/03\/ribnjak-sanicani-by-igor-motl-300x217.jpg\" alt=\"\" width=\"300\" height=\"217\" class=\"alignleft size-medium wp-image-123247\" srcset=\"https:\/\/www.prijedordanas.com\/wp-content\/uploads\/2019\/03\/ribnjak-sanicani-by-igor-motl-300x217.jpg 300w, https:\/\/www.prijedordanas.com\/wp-content\/uploads\/2019\/03\/ribnjak-sanicani-by-igor-motl-100x72.jpg 100w, https:\/\/www.prijedordanas.com\/wp-content\/uploads\/2019\/03\/ribnjak-sanicani-by-igor-motl.jpg 690w\" sizes=\"(max-width: 300px) 100vw, 300px\" \/><\/a>Radnici ribnjaka \u201eSani\u010dani\u201c iz Prijedora obustavili su izlov ribe zbog neupla\u0107enih poreza i doprinosa.<\/p>\n<p>Na ovaj potez radnike je podstakao doga\u0111aj od ponedjeljka, kada je jedan radnika \u201eSani\u010dana\u201c fizi\u010dki napao biv\u0161eg direktora, Radu Ratkovca, koji je brat vlasnika ribnjaka Radojice Ratkovca.<\/p>\n<p>Radnici za \u201eEuroBlic\u201c pri\u010daju da je jedan od radnika do\u0161ao da tra\u017ei od direktora Radeta novac koji je ulagao u preduze\u0107e.<\/p>\n<p>-Taj radnik je ulo\u017eio svojih 15.000 KM u hladnja\u010de i popravke, jer mu je bilo obe\u0107ano da \u0107e biti ispla\u0107en. Do\u0161ao je u ponedjeljak kod Radeta da tra\u017ei pare, a on mu je rekao da mu je vlasnik Radojica poru\u010dio da ga tu\u017ei, nakon \u010dega je izbio fizi\u010dki obra\u010dun izme\u0111u njih- pri\u010da radnik, koji ne \u017eeli da mu pominjemo ime.<\/p>\n<p>Nezvani\u010dno saznajemo, da je policiji prijavljen ovaj slu\u010daj i da su izlazili na mjesto doga\u0111aja.<\/p>\n<p>Radnik pri\u010da da je odmah drugi dan Radojica smijenio Radeta sa mjesta direktora, a tu funkciju povjerio dugogodi\u0161njem radniku Dragoslavu Dragi\u0107u.<\/p>\n<p>-Radnik koji se tukao dobio je otkaz, a po\u0161to su dva radnika bili svjedoci doga\u0111aja, uprava im je uru\u010dila rje\u0161enja o godi\u0161njim odmorima, a sude\u0107i prema ranijim iskustvima, nakon toga dobi\u0107e i otkaz. Mi radnici jednoglasno smo pristali da nas svih 19 otpusti, ako otpusti njih dvoje &#8211; pri\u010da radnik.<\/p>\n<p>Navodi da radnici od ju\u010de rade sve ostale poslove, ali ne \u017eele da izlovljavaju ribu i da sada \u010dekaju odluku uprave na taj njihov potez.<\/p>\n<p>&#8211; Odlu\u010dili smo da \u0107emo nastaviti izlov tek kada nam uplate zaostale obaveze jer ribe ima jo\u0161 u tri-\u010detiri jezera. Ako svu ribu izlove i odvezu je za Prnjavor, ovdje ne\u0107e biti posla i osta\u0107emo bez upla\u0107enih poreza i doprinosa- ka\u017ee on i dodaje da se jezera ribnjaka ne poribljavaju.<\/p>\n<p>Predsjednik sindikata u ribnjaku \u201eSani\u010dani\u201c, Aleksandar Tomi\u0107, nije odgovarao na na\u0161e pozive.<\/p>\n<p>Novi direktor \u201eSani\u010dana\u201c Dragi\u0107 Dragoslav poru\u010dio nam je da ne\u0107e davati izjave jer je tek dan ranije imenovan za direktora.<\/p>\n<p>Vlasnik ribnjaka \u201eSani\u010dani\u201c Radojica Ratkovac izjavio je da tvrdnje radnika o neupla\u0107enim obavezama nisu ta\u010dne.<\/p>\n<p>-To su izmi\u0161ljene pri\u010de, ljudi rade svoj posao. Sve se pla\u0107a preko ra\u010duna i radi u skladu sa zakonom. Ribnjak \u201eSani\u010dani\u201c nije firma od ju\u010de, ve\u0107 od prije 100 godina. Niko ne\u0107e biti o\u0161te\u0107en, ima imovine dovoljno da se sve isplati- ka\u017ee Ratkovac i demantuje da je bilo tu\u010de u firmi.<\/p>\n<p>Najavljuje da \u0107e ribnjak \u201eSani\u010dani\u201c biti vode\u0107i u ribarstvu na podru\u010dju Srpske, te da \u0107e uskoro dobiti i novi ribarski restoran.<\/p>\n<p>Iz Poreske uprave RS rekli su za \u201eEuroBlic\u201c u decembru da je zbog neizmirenih obaveza u iznosu od 120.208 KM, blokiran ra\u010dun ribnjaka \u201eSani\u010dani\u201c, te da je na njegovu imovinu upisana hipoteka.<\/p>\n<p>Policijska uprava Prijedor je prije godinu dana, podnijela izve\u0161taj protiv biv\u0161ih direktora \u201eSani\u010dana\u201c Radeta Ratkovca i Pavla Vurune iz Gradi\u0161ke zbog sumnje da su krivi\u010dnim djelima pri\u010dinili \u0161tetu ve\u0107u od 760.000 maraka. Izme\u0111u ostalog, nisu upla\u0107ivali poreze i doprinose i povrijedili su prava radnika.<\/p>\n<p>Radnici pitaju gde je ulo\u017een taj novac<\/p>\n<p>Prema podacima IRB-a, Akcionarsko dru\u0161tvo \u201eSani\u010dani\u201c je u aprilu 2018. podiglo kredit za poljoprivredu u iznosu od 1.800.000 KM. Radnici se pitaju gde je ulo\u017een taj novac.<\/p>\n<p>-Vlasnik Ratkovac je dotjerao modernu ma\u0161inu iz Prnjavora i o\u0161i\u0161ao \u017eivicu od kada nas je preuzeo, ali sada kada odete gore ni\u0161ta se ne vidi, to je \u0161uma. Nama treba riba i hrana za nju, a \u0161ta \u0107e nam \u0161i\u0161anje \u017eivica- poru\u010duju radnici.<\/p>\n<p>EuroBlic-srpskainfo.com<br \/>\nFoto &#8211; Igor Motl<\/p>\n","protected":false},"excerpt":{"rendered":"<p>Radnici ribnjaka \u201eSani\u010dani\u201c iz Prijedora obustavili su izlov ribe zbog neupla\u0107enih poreza i doprinosa. Na ovaj potez radnike je podstakao doga\u0111aj od ponedjeljka, kada je jedan radnika \u201eSani\u010dana\u201c fizi\u010dki napao [&hellip;]<\/p>\n","protected":false},"author":1,"featured_media":0,"comment_status":"closed","ping_status":"open","sticky":false,"template":"","format":"standard","meta":{"_monsterinsights_skip_tracking":false,"_monsterinsights_sitenote_active":false,"_monsterinsights_sitenote_note":"","_monsterinsights_sitenote_category":0,"footnotes":""},"categories":[4],"tags":[9471],"yoast_head":"<!-- This site is optimized with the Yoast SEO plugin v21.6 - https:\/\/yoast.com\/wordpress\/plugins\/seo\/ -->\n<title>NASTAVLJA SE SAGA U RIBNJAKU \u201eSANI\u010cANI\u201c: TU\u010cA RADNIKA I DIREKTORA, OBUSTAVLJA SE IZLOV RIBE - PrijedorDanas.com - Prijedorski gradski portal<\/title>\n<meta name=\"robots\" content=\"index, follow, max-snippet:-1, max-image-preview:large, max-video-preview:-1\" \/>\n<link rel=\"canonical\" href=\"https:\/\/www.prijedordanas.com\/?p=123246\" \/>\n<meta property=\"og:locale\" content=\"en_US\" \/>\n<meta property=\"og:type\" content=\"article\" \/>\n<meta property=\"og:title\" content=\"NASTAVLJA SE SAGA U RIBNJAKU \u201eSANI\u010cANI\u201c: TU\u010cA RADNIKA I DIREKTORA, OBUSTAVLJA SE IZLOV RIBE - PrijedorDanas.com - Prijedorski gradski portal\" \/>\n<meta property=\"og:description\" content=\"Radnici ribnjaka \u201eSani\u010dani\u201c iz Prijedora obustavili su izlov ribe zbog neupla\u0107enih poreza i doprinosa. Na ovaj potez radnike je podstakao doga\u0111aj od ponedjeljka, kada je jedan radnika \u201eSani\u010dana\u201c fizi\u010dki napao [&hellip;]\" \/>\n<meta property=\"og:url\" content=\"https:\/\/www.prijedordanas.com\/?p=123246\" \/>\n<meta property=\"og:site_name\" content=\"PrijedorDanas.com - Prijedorski gradski portal\" \/>\n<meta property=\"article:publisher\" content=\"https:\/\/www.facebook.com\/PrijedorDanasCom\/\" \/>\n<meta property=\"article:published_time\" content=\"2019-03-08T17:23:23+00:00\" \/>\n<meta property=\"article:modified_time\" content=\"2019-03-08T17:29:54+00:00\" \/>\n<meta property=\"og:image\" content=\"https:\/\/www.prijedordanas.com\/wp-content\/uploads\/2019\/03\/ribnjak-sanicani-by-igor-motl-300x217.jpg\" \/>\n<meta name=\"author\" content=\"admin\" \/>\n<meta name=\"twitter:card\" content=\"summary_large_image\" \/>\n<meta name=\"twitter:label1\" content=\"Written by\" \/>\n\t<meta name=\"twitter:data1\" content=\"admin\" \/>\n\t<meta name=\"twitter:label2\" content=\"Est. reading time\" \/>\n\t<meta name=\"twitter:data2\" content=\"3 minutes\" \/>\n<script type=\"application\/ld+json\" class=\"yoast-schema-graph\">{\"@context\":\"https:\/\/schema.org\",\"@graph\":[{\"@type\":\"Article\",\"@id\":\"https:\/\/www.prijedordanas.com\/?p=123246#article\",\"isPartOf\":{\"@id\":\"https:\/\/www.prijedordanas.com\/?p=123246\"},\"author\":{\"name\":\"admin\",\"@id\":\"https:\/\/www.prijedordanas.com\/#\/schema\/person\/4e08ccf29b506ca916ff86d46bb700e6\"},\"headline\":\"NASTAVLJA SE SAGA U RIBNJAKU \u201eSANI\u010cANI\u201c: TU\u010cA RADNIKA I DIREKTORA, OBUSTAVLJA SE IZLOV RIBE\",\"datePublished\":\"2019-03-08T17:23:23+00:00\",\"dateModified\":\"2019-03-08T17:29:54+00:00\",\"mainEntityOfPage\":{\"@id\":\"https:\/\/www.prijedordanas.com\/?p=123246\"},\"wordCount\":656,\"publisher\":{\"@id\":\"https:\/\/www.prijedordanas.com\/#organization\"},\"keywords\":[\"ribnjak Sani\u010dani\"],\"articleSection\":[\"Dru\u0161tvo\"],\"inLanguage\":\"en-US\"},{\"@type\":\"WebPage\",\"@id\":\"https:\/\/www.prijedordanas.com\/?p=123246\",\"url\":\"https:\/\/www.prijedordanas.com\/?p=123246\",\"name\":\"NASTAVLJA SE SAGA U RIBNJAKU \u201eSANI\u010cANI\u201c: TU\u010cA RADNIKA I DIREKTORA, OBUSTAVLJA SE IZLOV RIBE - PrijedorDanas.com - Prijedorski gradski portal\",\"isPartOf\":{\"@id\":\"https:\/\/www.prijedordanas.com\/#website\"},\"datePublished\":\"2019-03-08T17:23:23+00:00\",\"dateModified\":\"2019-03-08T17:29:54+00:00\",\"breadcrumb\":{\"@id\":\"https:\/\/www.prijedordanas.com\/?p=123246#breadcrumb\"},\"inLanguage\":\"en-US\",\"potentialAction\":[{\"@type\":\"ReadAction\",\"target\":[\"https:\/\/www.prijedordanas.com\/?p=123246\"]}]},{\"@type\":\"BreadcrumbList\",\"@id\":\"https:\/\/www.prijedordanas.com\/?p=123246#breadcrumb\",\"itemListElement\":[{\"@type\":\"ListItem\",\"position\":1,\"name\":\"Home\",\"item\":\"https:\/\/www.prijedordanas.com\/\"},{\"@type\":\"ListItem\",\"position\":2,\"name\":\"NASTAVLJA SE SAGA U RIBNJAKU \u201eSANI\u010cANI\u201c: TU\u010cA RADNIKA I DIREKTORA, OBUSTAVLJA SE IZLOV RIBE\"}]},{\"@type\":\"WebSite\",\"@id\":\"https:\/\/www.prijedordanas.com\/#website\",\"url\":\"https:\/\/www.prijedordanas.com\/\",\"name\":\"PrijedorDanas.com - Prijedorski gradski portal\",\"description\":\"Portal o doga\u0111anjima u gradu Prijedoru\",\"publisher\":{\"@id\":\"https:\/\/www.prijedordanas.com\/#organization\"},\"potentialAction\":[{\"@type\":\"SearchAction\",\"target\":{\"@type\":\"EntryPoint\",\"urlTemplate\":\"https:\/\/www.prijedordanas.com\/?s={search_term_string}\"},\"query-input\":\"required name=search_term_string\"}],\"inLanguage\":\"en-US\"},{\"@type\":\"Organization\",\"@id\":\"https:\/\/www.prijedordanas.com\/#organization\",\"name\":\"PrijedorDanas.com\",\"url\":\"https:\/\/www.prijedordanas.com\/\",\"logo\":{\"@type\":\"ImageObject\",\"inLanguage\":\"en-US\",\"@id\":\"https:\/\/www.prijedordanas.com\/#\/schema\/logo\/image\/\",\"url\":\"http:\/\/www.prijedordanas.com\/wp-content\/uploads\/2021\/12\/logopng.png\",\"contentUrl\":\"http:\/\/www.prijedordanas.com\/wp-content\/uploads\/2021\/12\/logopng.png\",\"width\":1019,\"height\":776,\"caption\":\"PrijedorDanas.com\"},\"image\":{\"@id\":\"https:\/\/www.prijedordanas.com\/#\/schema\/logo\/image\/\"},\"sameAs\":[\"https:\/\/www.facebook.com\/PrijedorDanasCom\/\"]},{\"@type\":\"Person\",\"@id\":\"https:\/\/www.prijedordanas.com\/#\/schema\/person\/4e08ccf29b506ca916ff86d46bb700e6\",\"name\":\"admin\",\"image\":{\"@type\":\"ImageObject\",\"inLanguage\":\"en-US\",\"@id\":\"https:\/\/www.prijedordanas.com\/#\/schema\/person\/image\/\",\"url\":\"https:\/\/secure.gravatar.com\/avatar\/1d3fc949d550f0b53a5f0d51e06dfd79?s=96&d=mm&r=g\",\"contentUrl\":\"https:\/\/secure.gravatar.com\/avatar\/1d3fc949d550f0b53a5f0d51e06dfd79?s=96&d=mm&r=g\",\"caption\":\"admin\"},\"url\":\"https:\/\/www.prijedordanas.com\/?author=1\"}]}<\/script>\n<!-- \/ Yoast SEO plugin. -->","yoast_head_json":{"title":"NASTAVLJA SE SAGA U RIBNJAKU \u201eSANI\u010cANI\u201c: TU\u010cA RADNIKA I DIREKTORA, OBUSTAVLJA SE IZLOV RIBE - PrijedorDanas.com - Prijedorski gradski portal","robots":{"index":"index","follow":"follow","max-snippet":"max-snippet:-1","max-image-preview":"max-image-preview:large","max-video-preview":"max-video-preview:-1"},"canonical":"https:\/\/www.prijedordanas.com\/?p=123246","og_locale":"en_US","og_type":"article","og_title":"NASTAVLJA SE SAGA U RIBNJAKU \u201eSANI\u010cANI\u201c: TU\u010cA RADNIKA I DIREKTORA, OBUSTAVLJA SE IZLOV RIBE - PrijedorDanas.com - Prijedorski gradski portal","og_description":"Radnici ribnjaka \u201eSani\u010dani\u201c iz Prijedora obustavili su izlov ribe zbog neupla\u0107enih poreza i doprinosa. Na ovaj potez radnike je podstakao doga\u0111aj od ponedjeljka, kada je jedan radnika \u201eSani\u010dana\u201c fizi\u010dki napao [&hellip;]","og_url":"https:\/\/www.prijedordanas.com\/?p=123246","og_site_name":"PrijedorDanas.com - Prijedorski gradski portal","article_publisher":"https:\/\/www.facebook.com\/PrijedorDanasCom\/","article_published_time":"2019-03-08T17:23:23+00:00","article_modified_time":"2019-03-08T17:29:54+00:00","og_image":[{"url":"https:\/\/www.prijedordanas.com\/wp-content\/uploads\/2019\/03\/ribnjak-sanicani-by-igor-motl-300x217.jpg"}],"author":"admin","twitter_card":"summary_large_image","twitter_misc":{"Written by":"admin","Est. reading time":"3 minutes"},"schema":{"@context":"https:\/\/schema.org","@graph":[{"@type":"Article","@id":"https:\/\/www.prijedordanas.com\/?p=123246#article","isPartOf":{"@id":"https:\/\/www.prijedordanas.com\/?p=123246"},"author":{"name":"admin","@id":"https:\/\/www.prijedordanas.com\/#\/schema\/person\/4e08ccf29b506ca916ff86d46bb700e6"},"headline":"NASTAVLJA SE SAGA U RIBNJAKU \u201eSANI\u010cANI\u201c: TU\u010cA RADNIKA I DIREKTORA, OBUSTAVLJA SE IZLOV RIBE","datePublished":"2019-03-08T17:23:23+00:00","dateModified":"2019-03-08T17:29:54+00:00","mainEntityOfPage":{"@id":"https:\/\/www.prijedordanas.com\/?p=123246"},"wordCount":656,"publisher":{"@id":"https:\/\/www.prijedordanas.com\/#organization"},"keywords":["ribnjak Sani\u010dani"],"articleSection":["Dru\u0161tvo"],"inLanguage":"en-US"},{"@type":"WebPage","@id":"https:\/\/www.prijedordanas.com\/?p=123246","url":"https:\/\/www.prijedordanas.com\/?p=123246","name":"NASTAVLJA SE SAGA U RIBNJAKU \u201eSANI\u010cANI\u201c: TU\u010cA RADNIKA I DIREKTORA, OBUSTAVLJA SE IZLOV RIBE - PrijedorDanas.com - Prijedorski gradski portal","isPartOf":{"@id":"https:\/\/www.prijedordanas.com\/#website"},"datePublished":"2019-03-08T17:23:23+00:00","dateModified":"2019-03-08T17:29:54+00:00","breadcrumb":{"@id":"https:\/\/www.prijedordanas.com\/?p=123246#breadcrumb"},"inLanguage":"en-US","potentialAction":[{"@type":"ReadAction","target":["https:\/\/www.prijedordanas.com\/?p=123246"]}]},{"@type":"BreadcrumbList","@id":"https:\/\/www.prijedordanas.com\/?p=123246#breadcrumb","itemListElement":[{"@type":"ListItem","position":1,"name":"Home","item":"https:\/\/www.prijedordanas.com\/"},{"@type":"ListItem","position":2,"name":"NASTAVLJA SE SAGA U RIBNJAKU \u201eSANI\u010cANI\u201c: TU\u010cA RADNIKA I DIREKTORA, OBUSTAVLJA SE IZLOV RIBE"}]},{"@type":"WebSite","@id":"https:\/\/www.prijedordanas.com\/#website","url":"https:\/\/www.prijedordanas.com\/","name":"PrijedorDanas.com - Prijedorski gradski portal","description":"Portal o doga\u0111anjima u gradu Prijedoru","publisher":{"@id":"https:\/\/www.prijedordanas.com\/#organization"},"potentialAction":[{"@type":"SearchAction","target":{"@type":"EntryPoint","urlTemplate":"https:\/\/www.prijedordanas.com\/?s={search_term_string}"},"query-input":"required name=search_term_string"}],"inLanguage":"en-US"},{"@type":"Organization","@id":"https:\/\/www.prijedordanas.com\/#organization","name":"PrijedorDanas.com","url":"https:\/\/www.prijedordanas.com\/","logo":{"@type":"ImageObject","inLanguage":"en-US","@id":"https:\/\/www.prijedordanas.com\/#\/schema\/logo\/image\/","url":"http:\/\/www.prijedordanas.com\/wp-content\/uploads\/2021\/12\/logopng.png","contentUrl":"http:\/\/www.prijedordanas.com\/wp-content\/uploads\/2021\/12\/logopng.png","width":1019,"height":776,"caption":"PrijedorDanas.com"},"image":{"@id":"https:\/\/www.prijedordanas.com\/#\/schema\/logo\/image\/"},"sameAs":["https:\/\/www.facebook.com\/PrijedorDanasCom\/"]},{"@type":"Person","@id":"https:\/\/www.prijedordanas.com\/#\/schema\/person\/4e08ccf29b506ca916ff86d46bb700e6","name":"admin","image":{"@type":"ImageObject","inLanguage":"en-US","@id":"https:\/\/www.prijedordanas.com\/#\/schema\/person\/image\/","url":"https:\/\/secure.gravatar.com\/avatar\/1d3fc949d550f0b53a5f0d51e06dfd79?s=96&d=mm&r=g","contentUrl":"https:\/\/secure.gravatar.com\/avatar\/1d3fc949d550f0b53a5f0d51e06dfd79?s=96&d=mm&r=g","caption":"admin"},"url":"https:\/\/www.prijedordanas.com\/?author=1"}]}},"_links":{"self":[{"href":"https:\/\/www.prijedordanas.com\/index.php?rest_route=\/wp\/v2\/posts\/123246"}],"collection":[{"href":"https:\/\/www.prijedordanas.com\/index.php?rest_route=\/wp\/v2\/posts"}],"about":[{"href":"https:\/\/www.prijedordanas.com\/index.php?rest_route=\/wp\/v2\/types\/post"}],"author":[{"embeddable":true,"href":"https:\/\/www.prijedordanas.com\/index.php?rest_route=\/wp\/v2\/users\/1"}],"replies":[{"embeddable":true,"href":"https:\/\/www.prijedordanas.com\/index.php?rest_route=%2Fwp%2Fv2%2Fcomments&post=123246"}],"version-history":[{"count":3,"href":"https:\/\/www.prijedordanas.com\/index.php?rest_route=\/wp\/v2\/posts\/123246\/revisions"}],"predecessor-version":[{"id":123250,"href":"https:\/\/www.prijedordanas.com\/index.php?rest_route=\/wp\/v2\/posts\/123246\/revisions\/123250"}],"wp:attachment":[{"href":"https:\/\/www.prijedordanas.com\/index.php?rest_route=%2Fwp%2Fv2%2Fmedia&parent=123246"}],"wp:term":[{"taxonomy":"category","embeddable":true,"href":"https:\/\/www.prijedordanas.com\/index.php?rest_route=%2Fwp%2Fv2%2Fcategories&post=123246"},{"taxonomy":"post_tag","embeddable":true,"href":"https:\/\/www.prijedordanas.com\/index.php?rest_route=%2Fwp%2Fv2%2Ftags&post=123246"}],"curies":[{"name":"wp","href":"https:\/\/api.w.org\/{rel}","templated":true}]}}