{"id":122992,"date":"2019-03-04T23:17:39","date_gmt":"2019-03-04T22:17:39","guid":{"rendered":"https:\/\/www.prijedordanas.com\/?p=122992"},"modified":"2019-03-04T23:53:10","modified_gmt":"2019-03-04T22:53:10","slug":"prijedor-otvorena-sala-za-ekstremne-sportove-foto","status":"publish","type":"post","link":"https:\/\/www.prijedordanas.com\/?p=122992","title":{"rendered":"PRIJEDOR: OTVORENA SALA ZA EKSTREMNE SPORTOVE \u2013 FOTO"},"content":{"rendered":"<p><a href=\"https:\/\/www.prijedordanas.com\/wp-content\/uploads\/2019\/03\/sala-za-extremne-sportove-prijedor-otvaranje-1.jpg\"><img loading=\"lazy\" decoding=\"async\" class=\"alignleft size-medium wp-image-122993\" src=\"https:\/\/www.prijedordanas.com\/wp-content\/uploads\/2019\/03\/sala-za-extremne-sportove-prijedor-otvaranje-1-300x217.jpg\" alt=\"\" width=\"300\" height=\"217\" srcset=\"https:\/\/www.prijedordanas.com\/wp-content\/uploads\/2019\/03\/sala-za-extremne-sportove-prijedor-otvaranje-1-300x217.jpg 300w, https:\/\/www.prijedordanas.com\/wp-content\/uploads\/2019\/03\/sala-za-extremne-sportove-prijedor-otvaranje-1-100x72.jpg 100w, https:\/\/www.prijedordanas.com\/wp-content\/uploads\/2019\/03\/sala-za-extremne-sportove-prijedor-otvaranje-1.jpg 690w\" sizes=\"(max-width: 300px) 100vw, 300px\" \/><\/a>U Prijedoru je danas otvorena sala za ekstremne sportove.<\/p>\n<p>Ova sala je projekat koji je inicirao Klub ekstremnih sportova \u201cAlbatros\u201c Prijedor a zajedni\u010dka je investicija Grad Prijedora, IOM-a i USAID-a, a pomo\u0107 je stigla od pojedinih donatora i privatnih firmi koje su pomogle izgradnju, ure\u0111enje i opremanje sale.<\/p>\n<p>Salu je otvorio gradona\u010delnik Milenko \u0110akovi\u0107.<\/p>\n<p>-Prostor je namijenjen za mlade ljude. Oni su kreirali projekte i definisali \u0161ta \u017eele da se uradi u Prijedoru, a mi jedan po jedan projekat izvodimo zajedno &#8211; rekao je \u0110akovi\u0107.<\/p>\n<p><a href=\"https:\/\/www.prijedordanas.com\/wp-content\/uploads\/2019\/03\/sala-za-extremne-sportove-prijedor-otvaranje-2.jpg\"><img loading=\"lazy\" decoding=\"async\" class=\"alignleft size-medium wp-image-122994\" src=\"https:\/\/www.prijedordanas.com\/wp-content\/uploads\/2019\/03\/sala-za-extremne-sportove-prijedor-otvaranje-2-300x217.jpg\" alt=\"\" width=\"300\" height=\"217\" srcset=\"https:\/\/www.prijedordanas.com\/wp-content\/uploads\/2019\/03\/sala-za-extremne-sportove-prijedor-otvaranje-2-300x217.jpg 300w, https:\/\/www.prijedordanas.com\/wp-content\/uploads\/2019\/03\/sala-za-extremne-sportove-prijedor-otvaranje-2-100x72.jpg 100w, https:\/\/www.prijedordanas.com\/wp-content\/uploads\/2019\/03\/sala-za-extremne-sportove-prijedor-otvaranje-2.jpg 690w\" sizes=\"(max-width: 300px) 100vw, 300px\" \/><\/a>Ovo je prva sala ovakvog karaktera koja postoji na podru\u010dju Krajine, ali i cijele Republike Srpske i Bosne i Hercegovine.<\/p>\n<p>Nalazi se u prostoru nekada\u0161nje kasarne, danas Poslovnog inkubatora, u naselju Veliko Palan\u010di\u0161te.<\/p>\n<p>-Prijedor ve\u0107 ima nekoliko grupa mladih ljudi kojima je ovakva sala bila potrebna. Ovo je ambiciozna i atraktivna ideja jer popularnost ekstremnih sportova raste \u0161irom svijeta. \u017delja nam je da mladi ljudi, naro\u010dito u onim godinama kada se formiraju stavovi od 12. do 30. godine negdje imaju priliku da svoju energiju izraze na pozitivan i lijep na\u010din, da se upoznaju, dru\u017ee. \u017delja nam je da ekstremni sportovi kao novi, moderni vid anga\u017emana mladih za\u017eive u Prijedoru \u2013 rekao je Mirza \u0110elmo, predstavnik IOM-a BiH.<\/p>\n<p>Grad Prijedor je Klubu ekstremnih sportova \u201cAlbatros\u201c ovaj prostor dao na kori\u0161tenje i upravljanje na period od pet godina.<\/p>\n<p>-U sali se mogu izvoditi gimnastika, penjanje, streetworkout, parkur i brejkdens, uz mogu\u0107nost pro\u0161irivanja i dolaska novih sportova. \u201cAlbatros\u201d ima 20-ak \u010dlanova baziranih na planinarenje, a za mjesec-dva mo\u017eemo govoriti o brojkama, koliko ljudi posje\u0107uje salu, da li je projekat opravdan, ide li u dobrom smjeru i za \u010dim je najve\u0107a potra\u017enja &#8211; rekao je Dra\u0161ko An\u0111eli\u0107, prvi \u010dovjek \u201cAlbatrosa\u201d i koordinator projekta.<\/p>\n<p>Cilj ovog projekta je razvoj ekstremnih sportova u gradu Prijedoru, kroz obezbje\u0111ivanie i opremanie zatvorenog prostora za obavljanie sportskih aktivnosti kao i informisanje i edukacija mladih o sportu i zdravom na\u010dinu \u017eivota.<\/p>\n<p>Ako je suditi po atmosferi koja je vladala na otvaranju i broju onih koji su htjeli da se probaju na umjetnim stijenama, sala \u0107e biti pun pogodak.<\/p>\n<p>Pokazne vje\u017ebe na vje\u0161ta\u010dkim stijenama izveli su \u010dlanovi \u201eAlbatrosa\u201d i gosti iz Banja Luke, mlade gimnasti\u010darke \u201eLidera\u201c pokazale su svoje znanje kao i prijedorski brejkdenseri te na\u0161i sugra\u0111ani koji se bave streetworkoutom.<\/p>\n<p>Tekst i foto \u2013 Aleksandar Drakuli\u0107 \u2013 <a href=\"https:\/\/www.prijedordanas.com\" target=\"_blank\" rel=\"noopener noreferrer\">www.prijedordanas.com<\/a><\/p>\n<p><a href=\"https:\/\/www.prijedordanas.com\/wp-content\/uploads\/2019\/03\/sala-za-extremne-sportove-prijedor-otvaranje-3.jpg\"><img loading=\"lazy\" decoding=\"async\" src=\"https:\/\/www.prijedordanas.com\/wp-content\/uploads\/2019\/03\/sala-za-extremne-sportove-prijedor-otvaranje-3-300x217.jpg\" alt=\"\" width=\"300\" height=\"217\" class=\"alignleft size-medium wp-image-122995\" srcset=\"https:\/\/www.prijedordanas.com\/wp-content\/uploads\/2019\/03\/sala-za-extremne-sportove-prijedor-otvaranje-3-300x217.jpg 300w, https:\/\/www.prijedordanas.com\/wp-content\/uploads\/2019\/03\/sala-za-extremne-sportove-prijedor-otvaranje-3-100x72.jpg 100w, https:\/\/www.prijedordanas.com\/wp-content\/uploads\/2019\/03\/sala-za-extremne-sportove-prijedor-otvaranje-3.jpg 690w\" sizes=\"(max-width: 300px) 100vw, 300px\" \/><\/a> <a href=\"https:\/\/www.prijedordanas.com\/wp-content\/uploads\/2019\/03\/sala-za-extremne-sportove-prijedor-otvaranje-4.jpg\"><img loading=\"lazy\" decoding=\"async\" src=\"https:\/\/www.prijedordanas.com\/wp-content\/uploads\/2019\/03\/sala-za-extremne-sportove-prijedor-otvaranje-4-300x217.jpg\" alt=\"\" width=\"300\" height=\"217\" class=\"alignleft size-medium wp-image-122996\" srcset=\"https:\/\/www.prijedordanas.com\/wp-content\/uploads\/2019\/03\/sala-za-extremne-sportove-prijedor-otvaranje-4-300x217.jpg 300w, https:\/\/www.prijedordanas.com\/wp-content\/uploads\/2019\/03\/sala-za-extremne-sportove-prijedor-otvaranje-4-100x72.jpg 100w, https:\/\/www.prijedordanas.com\/wp-content\/uploads\/2019\/03\/sala-za-extremne-sportove-prijedor-otvaranje-4.jpg 690w\" sizes=\"(max-width: 300px) 100vw, 300px\" \/><\/a> <a href=\"https:\/\/www.prijedordanas.com\/wp-content\/uploads\/2019\/03\/sala-za-extremne-sportove-prijedor-otvaranje-5.jpg\"><img loading=\"lazy\" decoding=\"async\" src=\"https:\/\/www.prijedordanas.com\/wp-content\/uploads\/2019\/03\/sala-za-extremne-sportove-prijedor-otvaranje-5-300x199.jpg\" alt=\"\" width=\"300\" height=\"199\" class=\"alignleft size-medium wp-image-122997\" srcset=\"https:\/\/www.prijedordanas.com\/wp-content\/uploads\/2019\/03\/sala-za-extremne-sportove-prijedor-otvaranje-5-300x199.jpg 300w, https:\/\/www.prijedordanas.com\/wp-content\/uploads\/2019\/03\/sala-za-extremne-sportove-prijedor-otvaranje-5-100x66.jpg 100w, https:\/\/www.prijedordanas.com\/wp-content\/uploads\/2019\/03\/sala-za-extremne-sportove-prijedor-otvaranje-5-480x320.jpg 480w, https:\/\/www.prijedordanas.com\/wp-content\/uploads\/2019\/03\/sala-za-extremne-sportove-prijedor-otvaranje-5.jpg 600w\" sizes=\"(max-width: 300px) 100vw, 300px\" \/><\/a>  <a href=\"https:\/\/www.prijedordanas.com\/wp-content\/uploads\/2019\/03\/sala-za-extremne-sportove-prijedor-otvaranje-6.jpg\"><img loading=\"lazy\" decoding=\"async\" src=\"https:\/\/www.prijedordanas.com\/wp-content\/uploads\/2019\/03\/sala-za-extremne-sportove-prijedor-otvaranje-6-300x199.jpg\" alt=\"\" width=\"300\" height=\"199\" class=\"alignleft size-medium wp-image-122998\" srcset=\"https:\/\/www.prijedordanas.com\/wp-content\/uploads\/2019\/03\/sala-za-extremne-sportove-prijedor-otvaranje-6-300x199.jpg 300w, https:\/\/www.prijedordanas.com\/wp-content\/uploads\/2019\/03\/sala-za-extremne-sportove-prijedor-otvaranje-6-100x66.jpg 100w, https:\/\/www.prijedordanas.com\/wp-content\/uploads\/2019\/03\/sala-za-extremne-sportove-prijedor-otvaranje-6-480x320.jpg 480w, https:\/\/www.prijedordanas.com\/wp-content\/uploads\/2019\/03\/sala-za-extremne-sportove-prijedor-otvaranje-6.jpg 600w\" sizes=\"(max-width: 300px) 100vw, 300px\" \/><\/a> <a href=\"https:\/\/www.prijedordanas.com\/wp-content\/uploads\/2019\/03\/sala-za-extremne-sportove-prijedor-otvaranje-7.jpg\"><img loading=\"lazy\" decoding=\"async\" src=\"https:\/\/www.prijedordanas.com\/wp-content\/uploads\/2019\/03\/sala-za-extremne-sportove-prijedor-otvaranje-7-300x199.jpg\" alt=\"\" width=\"300\" height=\"199\" class=\"alignleft size-medium wp-image-122999\" srcset=\"https:\/\/www.prijedordanas.com\/wp-content\/uploads\/2019\/03\/sala-za-extremne-sportove-prijedor-otvaranje-7-300x199.jpg 300w, https:\/\/www.prijedordanas.com\/wp-content\/uploads\/2019\/03\/sala-za-extremne-sportove-prijedor-otvaranje-7-100x66.jpg 100w, https:\/\/www.prijedordanas.com\/wp-content\/uploads\/2019\/03\/sala-za-extremne-sportove-prijedor-otvaranje-7-480x320.jpg 480w, https:\/\/www.prijedordanas.com\/wp-content\/uploads\/2019\/03\/sala-za-extremne-sportove-prijedor-otvaranje-7.jpg 600w\" sizes=\"(max-width: 300px) 100vw, 300px\" \/><\/a> <a href=\"https:\/\/www.prijedordanas.com\/wp-content\/uploads\/2019\/03\/sala-za-extremne-sportove-prijedor-otvaranje-8.jpg\"><img loading=\"lazy\" decoding=\"async\" src=\"https:\/\/www.prijedordanas.com\/wp-content\/uploads\/2019\/03\/sala-za-extremne-sportove-prijedor-otvaranje-8-300x199.jpg\" alt=\"\" width=\"300\" height=\"199\" class=\"alignleft size-medium wp-image-123000\" srcset=\"https:\/\/www.prijedordanas.com\/wp-content\/uploads\/2019\/03\/sala-za-extremne-sportove-prijedor-otvaranje-8-300x199.jpg 300w, https:\/\/www.prijedordanas.com\/wp-content\/uploads\/2019\/03\/sala-za-extremne-sportove-prijedor-otvaranje-8-100x66.jpg 100w, https:\/\/www.prijedordanas.com\/wp-content\/uploads\/2019\/03\/sala-za-extremne-sportove-prijedor-otvaranje-8-480x320.jpg 480w, https:\/\/www.prijedordanas.com\/wp-content\/uploads\/2019\/03\/sala-za-extremne-sportove-prijedor-otvaranje-8.jpg 600w\" sizes=\"(max-width: 300px) 100vw, 300px\" \/><\/a> <a href=\"https:\/\/www.prijedordanas.com\/wp-content\/uploads\/2019\/03\/sala-za-extremne-sportove-prijedor-otvaranje-9.jpg\"><img loading=\"lazy\" decoding=\"async\" src=\"https:\/\/www.prijedordanas.com\/wp-content\/uploads\/2019\/03\/sala-za-extremne-sportove-prijedor-otvaranje-9-300x199.jpg\" alt=\"\" width=\"300\" height=\"199\" class=\"alignleft size-medium wp-image-123001\" srcset=\"https:\/\/www.prijedordanas.com\/wp-content\/uploads\/2019\/03\/sala-za-extremne-sportove-prijedor-otvaranje-9-300x199.jpg 300w, https:\/\/www.prijedordanas.com\/wp-content\/uploads\/2019\/03\/sala-za-extremne-sportove-prijedor-otvaranje-9-100x66.jpg 100w, https:\/\/www.prijedordanas.com\/wp-content\/uploads\/2019\/03\/sala-za-extremne-sportove-prijedor-otvaranje-9-480x320.jpg 480w, https:\/\/www.prijedordanas.com\/wp-content\/uploads\/2019\/03\/sala-za-extremne-sportove-prijedor-otvaranje-9.jpg 600w\" sizes=\"(max-width: 300px) 100vw, 300px\" \/><\/a> <a href=\"https:\/\/www.prijedordanas.com\/wp-content\/uploads\/2019\/03\/sala-za-extremne-sportove-prijedor-otvaranje-10.jpg\"><img loading=\"lazy\" decoding=\"async\" src=\"https:\/\/www.prijedordanas.com\/wp-content\/uploads\/2019\/03\/sala-za-extremne-sportove-prijedor-otvaranje-10-300x199.jpg\" alt=\"\" width=\"300\" height=\"199\" class=\"alignleft size-medium wp-image-123002\" srcset=\"https:\/\/www.prijedordanas.com\/wp-content\/uploads\/2019\/03\/sala-za-extremne-sportove-prijedor-otvaranje-10-300x199.jpg 300w, https:\/\/www.prijedordanas.com\/wp-content\/uploads\/2019\/03\/sala-za-extremne-sportove-prijedor-otvaranje-10-100x66.jpg 100w, https:\/\/www.prijedordanas.com\/wp-content\/uploads\/2019\/03\/sala-za-extremne-sportove-prijedor-otvaranje-10-480x320.jpg 480w, https:\/\/www.prijedordanas.com\/wp-content\/uploads\/2019\/03\/sala-za-extremne-sportove-prijedor-otvaranje-10.jpg 600w\" sizes=\"(max-width: 300px) 100vw, 300px\" \/><\/a> <a href=\"https:\/\/www.prijedordanas.com\/wp-content\/uploads\/2019\/03\/sala-za-extremne-sportove-prijedor-otvaranje-11.jpg\"><img loading=\"lazy\" decoding=\"async\" src=\"https:\/\/www.prijedordanas.com\/wp-content\/uploads\/2019\/03\/sala-za-extremne-sportove-prijedor-otvaranje-11-300x199.jpg\" alt=\"\" width=\"300\" height=\"199\" class=\"alignleft size-medium wp-image-123003\" srcset=\"https:\/\/www.prijedordanas.com\/wp-content\/uploads\/2019\/03\/sala-za-extremne-sportove-prijedor-otvaranje-11-300x199.jpg 300w, https:\/\/www.prijedordanas.com\/wp-content\/uploads\/2019\/03\/sala-za-extremne-sportove-prijedor-otvaranje-11-100x66.jpg 100w, https:\/\/www.prijedordanas.com\/wp-content\/uploads\/2019\/03\/sala-za-extremne-sportove-prijedor-otvaranje-11-480x320.jpg 480w, https:\/\/www.prijedordanas.com\/wp-content\/uploads\/2019\/03\/sala-za-extremne-sportove-prijedor-otvaranje-11.jpg 600w\" sizes=\"(max-width: 300px) 100vw, 300px\" \/><\/a> <a href=\"https:\/\/www.prijedordanas.com\/wp-content\/uploads\/2019\/03\/sala-za-extremne-sportove-prijedor-otvaranje-12.jpg\"><img loading=\"lazy\" decoding=\"async\" src=\"https:\/\/www.prijedordanas.com\/wp-content\/uploads\/2019\/03\/sala-za-extremne-sportove-prijedor-otvaranje-12-300x199.jpg\" alt=\"\" width=\"300\" height=\"199\" class=\"alignleft size-medium wp-image-123004\" srcset=\"https:\/\/www.prijedordanas.com\/wp-content\/uploads\/2019\/03\/sala-za-extremne-sportove-prijedor-otvaranje-12-300x199.jpg 300w, https:\/\/www.prijedordanas.com\/wp-content\/uploads\/2019\/03\/sala-za-extremne-sportove-prijedor-otvaranje-12-100x66.jpg 100w, https:\/\/www.prijedordanas.com\/wp-content\/uploads\/2019\/03\/sala-za-extremne-sportove-prijedor-otvaranje-12-480x320.jpg 480w, https:\/\/www.prijedordanas.com\/wp-content\/uploads\/2019\/03\/sala-za-extremne-sportove-prijedor-otvaranje-12.jpg 600w\" sizes=\"(max-width: 300px) 100vw, 300px\" \/><\/a> <a href=\"https:\/\/www.prijedordanas.com\/wp-content\/uploads\/2019\/03\/sala-za-extremne-sportove-prijedor-otvaranje-13.jpg\"><img loading=\"lazy\" decoding=\"async\" src=\"https:\/\/www.prijedordanas.com\/wp-content\/uploads\/2019\/03\/sala-za-extremne-sportove-prijedor-otvaranje-13-300x199.jpg\" alt=\"\" width=\"300\" height=\"199\" class=\"alignleft size-medium wp-image-123005\" srcset=\"https:\/\/www.prijedordanas.com\/wp-content\/uploads\/2019\/03\/sala-za-extremne-sportove-prijedor-otvaranje-13-300x199.jpg 300w, https:\/\/www.prijedordanas.com\/wp-content\/uploads\/2019\/03\/sala-za-extremne-sportove-prijedor-otvaranje-13-100x66.jpg 100w, https:\/\/www.prijedordanas.com\/wp-content\/uploads\/2019\/03\/sala-za-extremne-sportove-prijedor-otvaranje-13-480x320.jpg 480w, https:\/\/www.prijedordanas.com\/wp-content\/uploads\/2019\/03\/sala-za-extremne-sportove-prijedor-otvaranje-13.jpg 600w\" sizes=\"(max-width: 300px) 100vw, 300px\" \/><\/a> <a href=\"https:\/\/www.prijedordanas.com\/wp-content\/uploads\/2019\/03\/sala-za-extremne-sportove-prijedor-otvaranje-14.jpg\"><img loading=\"lazy\" decoding=\"async\" src=\"https:\/\/www.prijedordanas.com\/wp-content\/uploads\/2019\/03\/sala-za-extremne-sportove-prijedor-otvaranje-14-300x199.jpg\" alt=\"\" width=\"300\" height=\"199\" class=\"alignleft size-medium wp-image-123006\" srcset=\"https:\/\/www.prijedordanas.com\/wp-content\/uploads\/2019\/03\/sala-za-extremne-sportove-prijedor-otvaranje-14-300x199.jpg 300w, https:\/\/www.prijedordanas.com\/wp-content\/uploads\/2019\/03\/sala-za-extremne-sportove-prijedor-otvaranje-14-100x66.jpg 100w, https:\/\/www.prijedordanas.com\/wp-content\/uploads\/2019\/03\/sala-za-extremne-sportove-prijedor-otvaranje-14-480x320.jpg 480w, https:\/\/www.prijedordanas.com\/wp-content\/uploads\/2019\/03\/sala-za-extremne-sportove-prijedor-otvaranje-14.jpg 600w\" sizes=\"(max-width: 300px) 100vw, 300px\" \/><\/a> <a href=\"https:\/\/www.prijedordanas.com\/wp-content\/uploads\/2019\/03\/sala-za-extremne-sportove-prijedor-otvaranje-15.jpg\"><img loading=\"lazy\" decoding=\"async\" src=\"https:\/\/www.prijedordanas.com\/wp-content\/uploads\/2019\/03\/sala-za-extremne-sportove-prijedor-otvaranje-15-300x199.jpg\" alt=\"\" width=\"300\" height=\"199\" class=\"alignleft size-medium wp-image-123007\" srcset=\"https:\/\/www.prijedordanas.com\/wp-content\/uploads\/2019\/03\/sala-za-extremne-sportove-prijedor-otvaranje-15-300x199.jpg 300w, https:\/\/www.prijedordanas.com\/wp-content\/uploads\/2019\/03\/sala-za-extremne-sportove-prijedor-otvaranje-15-100x66.jpg 100w, https:\/\/www.prijedordanas.com\/wp-content\/uploads\/2019\/03\/sala-za-extremne-sportove-prijedor-otvaranje-15-480x320.jpg 480w, https:\/\/www.prijedordanas.com\/wp-content\/uploads\/2019\/03\/sala-za-extremne-sportove-prijedor-otvaranje-15.jpg 600w\" sizes=\"(max-width: 300px) 100vw, 300px\" \/><\/a> <a href=\"https:\/\/www.prijedordanas.com\/wp-content\/uploads\/2019\/03\/sala-za-extremne-sportove-prijedor-otvaranje-16.jpg\"><img loading=\"lazy\" decoding=\"async\" src=\"https:\/\/www.prijedordanas.com\/wp-content\/uploads\/2019\/03\/sala-za-extremne-sportove-prijedor-otvaranje-16-300x199.jpg\" alt=\"\" width=\"300\" height=\"199\" class=\"alignleft size-medium wp-image-123008\" srcset=\"https:\/\/www.prijedordanas.com\/wp-content\/uploads\/2019\/03\/sala-za-extremne-sportove-prijedor-otvaranje-16-300x199.jpg 300w, https:\/\/www.prijedordanas.com\/wp-content\/uploads\/2019\/03\/sala-za-extremne-sportove-prijedor-otvaranje-16-100x66.jpg 100w, https:\/\/www.prijedordanas.com\/wp-content\/uploads\/2019\/03\/sala-za-extremne-sportove-prijedor-otvaranje-16-480x320.jpg 480w, https:\/\/www.prijedordanas.com\/wp-content\/uploads\/2019\/03\/sala-za-extremne-sportove-prijedor-otvaranje-16.jpg 600w\" sizes=\"(max-width: 300px) 100vw, 300px\" \/><\/a> <a href=\"https:\/\/www.prijedordanas.com\/wp-content\/uploads\/2019\/03\/sala-za-extremne-sportove-prijedor-otvaranje-17.jpg\"><img loading=\"lazy\" decoding=\"async\" src=\"https:\/\/www.prijedordanas.com\/wp-content\/uploads\/2019\/03\/sala-za-extremne-sportove-prijedor-otvaranje-17-300x199.jpg\" alt=\"\" width=\"300\" height=\"199\" class=\"alignleft size-medium wp-image-123009\" srcset=\"https:\/\/www.prijedordanas.com\/wp-content\/uploads\/2019\/03\/sala-za-extremne-sportove-prijedor-otvaranje-17-300x199.jpg 300w, https:\/\/www.prijedordanas.com\/wp-content\/uploads\/2019\/03\/sala-za-extremne-sportove-prijedor-otvaranje-17-100x66.jpg 100w, https:\/\/www.prijedordanas.com\/wp-content\/uploads\/2019\/03\/sala-za-extremne-sportove-prijedor-otvaranje-17-480x320.jpg 480w, https:\/\/www.prijedordanas.com\/wp-content\/uploads\/2019\/03\/sala-za-extremne-sportove-prijedor-otvaranje-17.jpg 600w\" sizes=\"(max-width: 300px) 100vw, 300px\" \/><\/a> <a href=\"https:\/\/www.prijedordanas.com\/wp-content\/uploads\/2019\/03\/sala-za-extremne-sportove-prijedor-otvaranje-18.jpg\"><img loading=\"lazy\" decoding=\"async\" src=\"https:\/\/www.prijedordanas.com\/wp-content\/uploads\/2019\/03\/sala-za-extremne-sportove-prijedor-otvaranje-18-300x199.jpg\" alt=\"\" width=\"300\" height=\"199\" class=\"alignleft size-medium wp-image-123010\" srcset=\"https:\/\/www.prijedordanas.com\/wp-content\/uploads\/2019\/03\/sala-za-extremne-sportove-prijedor-otvaranje-18-300x199.jpg 300w, https:\/\/www.prijedordanas.com\/wp-content\/uploads\/2019\/03\/sala-za-extremne-sportove-prijedor-otvaranje-18-100x66.jpg 100w, https:\/\/www.prijedordanas.com\/wp-content\/uploads\/2019\/03\/sala-za-extremne-sportove-prijedor-otvaranje-18-480x320.jpg 480w, https:\/\/www.prijedordanas.com\/wp-content\/uploads\/2019\/03\/sala-za-extremne-sportove-prijedor-otvaranje-18.jpg 600w\" sizes=\"(max-width: 300px) 100vw, 300px\" \/><\/a><\/p>\n","protected":false},"excerpt":{"rendered":"<p>U Prijedoru je danas otvorena sala za ekstremne sportove. Ova sala je projekat koji je inicirao Klub ekstremnih sportova \u201cAlbatros\u201c Prijedor a zajedni\u010dka je investicija Grad Prijedora, IOM-a i USAID-a, [&hellip;]<\/p>\n","protected":false},"author":1,"featured_media":0,"comment_status":"closed","ping_status":"open","sticky":false,"template":"","format":"standard","meta":{"_monsterinsights_skip_tracking":false,"_monsterinsights_sitenote_active":false,"_monsterinsights_sitenote_note":"","_monsterinsights_sitenote_category":0,"footnotes":""},"categories":[4,7518],"tags":[10753,6620,10750],"yoast_head":"<!-- This site is optimized with the Yoast SEO plugin v21.6 - https:\/\/yoast.com\/wordpress\/plugins\/seo\/ -->\n<title>PRIJEDOR: OTVORENA SALA ZA EKSTREMNE SPORTOVE \u2013 FOTO - PrijedorDanas.com - Prijedorski gradski portal<\/title>\n<meta name=\"robots\" content=\"index, follow, max-snippet:-1, max-image-preview:large, max-video-preview:-1\" \/>\n<link rel=\"canonical\" href=\"https:\/\/www.prijedordanas.com\/?p=122992\" \/>\n<meta property=\"og:locale\" content=\"en_US\" \/>\n<meta property=\"og:type\" content=\"article\" \/>\n<meta property=\"og:title\" content=\"PRIJEDOR: OTVORENA SALA ZA EKSTREMNE SPORTOVE \u2013 FOTO - PrijedorDanas.com - Prijedorski gradski portal\" \/>\n<meta property=\"og:description\" content=\"U Prijedoru je danas otvorena sala za ekstremne sportove. Ova sala je projekat koji je inicirao Klub ekstremnih sportova \u201cAlbatros\u201c Prijedor a zajedni\u010dka je investicija Grad Prijedora, IOM-a i USAID-a, [&hellip;]\" \/>\n<meta property=\"og:url\" content=\"https:\/\/www.prijedordanas.com\/?p=122992\" \/>\n<meta property=\"og:site_name\" content=\"PrijedorDanas.com - Prijedorski gradski portal\" \/>\n<meta property=\"article:publisher\" content=\"https:\/\/www.facebook.com\/PrijedorDanasCom\/\" \/>\n<meta property=\"article:published_time\" content=\"2019-03-04T22:17:39+00:00\" \/>\n<meta property=\"article:modified_time\" content=\"2019-03-04T22:53:10+00:00\" \/>\n<meta property=\"og:image\" content=\"https:\/\/www.prijedordanas.com\/wp-content\/uploads\/2019\/03\/sala-za-extremne-sportove-prijedor-otvaranje-1-300x217.jpg\" \/>\n<meta name=\"author\" content=\"admin\" \/>\n<meta name=\"twitter:card\" content=\"summary_large_image\" \/>\n<meta name=\"twitter:label1\" content=\"Written by\" \/>\n\t<meta name=\"twitter:data1\" content=\"admin\" \/>\n\t<meta name=\"twitter:label2\" content=\"Est. reading time\" \/>\n\t<meta name=\"twitter:data2\" content=\"2 minutes\" \/>\n<script type=\"application\/ld+json\" class=\"yoast-schema-graph\">{\"@context\":\"https:\/\/schema.org\",\"@graph\":[{\"@type\":\"Article\",\"@id\":\"https:\/\/www.prijedordanas.com\/?p=122992#article\",\"isPartOf\":{\"@id\":\"https:\/\/www.prijedordanas.com\/?p=122992\"},\"author\":{\"name\":\"admin\",\"@id\":\"https:\/\/www.prijedordanas.com\/#\/schema\/person\/4e08ccf29b506ca916ff86d46bb700e6\"},\"headline\":\"PRIJEDOR: OTVORENA SALA ZA EKSTREMNE SPORTOVE \u2013 FOTO\",\"datePublished\":\"2019-03-04T22:17:39+00:00\",\"dateModified\":\"2019-03-04T22:53:10+00:00\",\"mainEntityOfPage\":{\"@id\":\"https:\/\/www.prijedordanas.com\/?p=122992\"},\"wordCount\":416,\"publisher\":{\"@id\":\"https:\/\/www.prijedordanas.com\/#organization\"},\"keywords\":[\"IOM\",\"Klub ekstremnih sportova \\\"Albatros\\\"\",\"sala za ekstremne sportove\"],\"articleSection\":[\"Dru\u0161tvo\",\"Mladi\"],\"inLanguage\":\"en-US\"},{\"@type\":\"WebPage\",\"@id\":\"https:\/\/www.prijedordanas.com\/?p=122992\",\"url\":\"https:\/\/www.prijedordanas.com\/?p=122992\",\"name\":\"PRIJEDOR: OTVORENA SALA ZA EKSTREMNE SPORTOVE \u2013 FOTO - PrijedorDanas.com - Prijedorski gradski portal\",\"isPartOf\":{\"@id\":\"https:\/\/www.prijedordanas.com\/#website\"},\"datePublished\":\"2019-03-04T22:17:39+00:00\",\"dateModified\":\"2019-03-04T22:53:10+00:00\",\"breadcrumb\":{\"@id\":\"https:\/\/www.prijedordanas.com\/?p=122992#breadcrumb\"},\"inLanguage\":\"en-US\",\"potentialAction\":[{\"@type\":\"ReadAction\",\"target\":[\"https:\/\/www.prijedordanas.com\/?p=122992\"]}]},{\"@type\":\"BreadcrumbList\",\"@id\":\"https:\/\/www.prijedordanas.com\/?p=122992#breadcrumb\",\"itemListElement\":[{\"@type\":\"ListItem\",\"position\":1,\"name\":\"Home\",\"item\":\"https:\/\/www.prijedordanas.com\/\"},{\"@type\":\"ListItem\",\"position\":2,\"name\":\"PRIJEDOR: OTVORENA SALA ZA EKSTREMNE SPORTOVE \u2013 FOTO\"}]},{\"@type\":\"WebSite\",\"@id\":\"https:\/\/www.prijedordanas.com\/#website\",\"url\":\"https:\/\/www.prijedordanas.com\/\",\"name\":\"PrijedorDanas.com - Prijedorski gradski portal\",\"description\":\"Portal o doga\u0111anjima u gradu Prijedoru\",\"publisher\":{\"@id\":\"https:\/\/www.prijedordanas.com\/#organization\"},\"potentialAction\":[{\"@type\":\"SearchAction\",\"target\":{\"@type\":\"EntryPoint\",\"urlTemplate\":\"https:\/\/www.prijedordanas.com\/?s={search_term_string}\"},\"query-input\":\"required name=search_term_string\"}],\"inLanguage\":\"en-US\"},{\"@type\":\"Organization\",\"@id\":\"https:\/\/www.prijedordanas.com\/#organization\",\"name\":\"PrijedorDanas.com\",\"url\":\"https:\/\/www.prijedordanas.com\/\",\"logo\":{\"@type\":\"ImageObject\",\"inLanguage\":\"en-US\",\"@id\":\"https:\/\/www.prijedordanas.com\/#\/schema\/logo\/image\/\",\"url\":\"http:\/\/www.prijedordanas.com\/wp-content\/uploads\/2021\/12\/logopng.png\",\"contentUrl\":\"http:\/\/www.prijedordanas.com\/wp-content\/uploads\/2021\/12\/logopng.png\",\"width\":1019,\"height\":776,\"caption\":\"PrijedorDanas.com\"},\"image\":{\"@id\":\"https:\/\/www.prijedordanas.com\/#\/schema\/logo\/image\/\"},\"sameAs\":[\"https:\/\/www.facebook.com\/PrijedorDanasCom\/\"]},{\"@type\":\"Person\",\"@id\":\"https:\/\/www.prijedordanas.com\/#\/schema\/person\/4e08ccf29b506ca916ff86d46bb700e6\",\"name\":\"admin\",\"image\":{\"@type\":\"ImageObject\",\"inLanguage\":\"en-US\",\"@id\":\"https:\/\/www.prijedordanas.com\/#\/schema\/person\/image\/\",\"url\":\"https:\/\/secure.gravatar.com\/avatar\/1d3fc949d550f0b53a5f0d51e06dfd79?s=96&d=mm&r=g\",\"contentUrl\":\"https:\/\/secure.gravatar.com\/avatar\/1d3fc949d550f0b53a5f0d51e06dfd79?s=96&d=mm&r=g\",\"caption\":\"admin\"},\"url\":\"https:\/\/www.prijedordanas.com\/?author=1\"}]}<\/script>\n<!-- \/ Yoast SEO plugin. -->","yoast_head_json":{"title":"PRIJEDOR: OTVORENA SALA ZA EKSTREMNE SPORTOVE \u2013 FOTO - PrijedorDanas.com - Prijedorski gradski portal","robots":{"index":"index","follow":"follow","max-snippet":"max-snippet:-1","max-image-preview":"max-image-preview:large","max-video-preview":"max-video-preview:-1"},"canonical":"https:\/\/www.prijedordanas.com\/?p=122992","og_locale":"en_US","og_type":"article","og_title":"PRIJEDOR: OTVORENA SALA ZA EKSTREMNE SPORTOVE \u2013 FOTO - PrijedorDanas.com - Prijedorski gradski portal","og_description":"U Prijedoru je danas otvorena sala za ekstremne sportove. Ova sala je projekat koji je inicirao Klub ekstremnih sportova \u201cAlbatros\u201c Prijedor a zajedni\u010dka je investicija Grad Prijedora, IOM-a i USAID-a, [&hellip;]","og_url":"https:\/\/www.prijedordanas.com\/?p=122992","og_site_name":"PrijedorDanas.com - Prijedorski gradski portal","article_publisher":"https:\/\/www.facebook.com\/PrijedorDanasCom\/","article_published_time":"2019-03-04T22:17:39+00:00","article_modified_time":"2019-03-04T22:53:10+00:00","og_image":[{"url":"https:\/\/www.prijedordanas.com\/wp-content\/uploads\/2019\/03\/sala-za-extremne-sportove-prijedor-otvaranje-1-300x217.jpg"}],"author":"admin","twitter_card":"summary_large_image","twitter_misc":{"Written by":"admin","Est. reading time":"2 minutes"},"schema":{"@context":"https:\/\/schema.org","@graph":[{"@type":"Article","@id":"https:\/\/www.prijedordanas.com\/?p=122992#article","isPartOf":{"@id":"https:\/\/www.prijedordanas.com\/?p=122992"},"author":{"name":"admin","@id":"https:\/\/www.prijedordanas.com\/#\/schema\/person\/4e08ccf29b506ca916ff86d46bb700e6"},"headline":"PRIJEDOR: OTVORENA SALA ZA EKSTREMNE SPORTOVE \u2013 FOTO","datePublished":"2019-03-04T22:17:39+00:00","dateModified":"2019-03-04T22:53:10+00:00","mainEntityOfPage":{"@id":"https:\/\/www.prijedordanas.com\/?p=122992"},"wordCount":416,"publisher":{"@id":"https:\/\/www.prijedordanas.com\/#organization"},"keywords":["IOM","Klub ekstremnih sportova \"Albatros\"","sala za ekstremne sportove"],"articleSection":["Dru\u0161tvo","Mladi"],"inLanguage":"en-US"},{"@type":"WebPage","@id":"https:\/\/www.prijedordanas.com\/?p=122992","url":"https:\/\/www.prijedordanas.com\/?p=122992","name":"PRIJEDOR: OTVORENA SALA ZA EKSTREMNE SPORTOVE \u2013 FOTO - PrijedorDanas.com - Prijedorski gradski portal","isPartOf":{"@id":"https:\/\/www.prijedordanas.com\/#website"},"datePublished":"2019-03-04T22:17:39+00:00","dateModified":"2019-03-04T22:53:10+00:00","breadcrumb":{"@id":"https:\/\/www.prijedordanas.com\/?p=122992#breadcrumb"},"inLanguage":"en-US","potentialAction":[{"@type":"ReadAction","target":["https:\/\/www.prijedordanas.com\/?p=122992"]}]},{"@type":"BreadcrumbList","@id":"https:\/\/www.prijedordanas.com\/?p=122992#breadcrumb","itemListElement":[{"@type":"ListItem","position":1,"name":"Home","item":"https:\/\/www.prijedordanas.com\/"},{"@type":"ListItem","position":2,"name":"PRIJEDOR: OTVORENA SALA ZA EKSTREMNE SPORTOVE \u2013 FOTO"}]},{"@type":"WebSite","@id":"https:\/\/www.prijedordanas.com\/#website","url":"https:\/\/www.prijedordanas.com\/","name":"PrijedorDanas.com - Prijedorski gradski portal","description":"Portal o doga\u0111anjima u gradu Prijedoru","publisher":{"@id":"https:\/\/www.prijedordanas.com\/#organization"},"potentialAction":[{"@type":"SearchAction","target":{"@type":"EntryPoint","urlTemplate":"https:\/\/www.prijedordanas.com\/?s={search_term_string}"},"query-input":"required name=search_term_string"}],"inLanguage":"en-US"},{"@type":"Organization","@id":"https:\/\/www.prijedordanas.com\/#organization","name":"PrijedorDanas.com","url":"https:\/\/www.prijedordanas.com\/","logo":{"@type":"ImageObject","inLanguage":"en-US","@id":"https:\/\/www.prijedordanas.com\/#\/schema\/logo\/image\/","url":"http:\/\/www.prijedordanas.com\/wp-content\/uploads\/2021\/12\/logopng.png","contentUrl":"http:\/\/www.prijedordanas.com\/wp-content\/uploads\/2021\/12\/logopng.png","width":1019,"height":776,"caption":"PrijedorDanas.com"},"image":{"@id":"https:\/\/www.prijedordanas.com\/#\/schema\/logo\/image\/"},"sameAs":["https:\/\/www.facebook.com\/PrijedorDanasCom\/"]},{"@type":"Person","@id":"https:\/\/www.prijedordanas.com\/#\/schema\/person\/4e08ccf29b506ca916ff86d46bb700e6","name":"admin","image":{"@type":"ImageObject","inLanguage":"en-US","@id":"https:\/\/www.prijedordanas.com\/#\/schema\/person\/image\/","url":"https:\/\/secure.gravatar.com\/avatar\/1d3fc949d550f0b53a5f0d51e06dfd79?s=96&d=mm&r=g","contentUrl":"https:\/\/secure.gravatar.com\/avatar\/1d3fc949d550f0b53a5f0d51e06dfd79?s=96&d=mm&r=g","caption":"admin"},"url":"https:\/\/www.prijedordanas.com\/?author=1"}]}},"_links":{"self":[{"href":"https:\/\/www.prijedordanas.com\/index.php?rest_route=\/wp\/v2\/posts\/122992"}],"collection":[{"href":"https:\/\/www.prijedordanas.com\/index.php?rest_route=\/wp\/v2\/posts"}],"about":[{"href":"https:\/\/www.prijedordanas.com\/index.php?rest_route=\/wp\/v2\/types\/post"}],"author":[{"embeddable":true,"href":"https:\/\/www.prijedordanas.com\/index.php?rest_route=\/wp\/v2\/users\/1"}],"replies":[{"embeddable":true,"href":"https:\/\/www.prijedordanas.com\/index.php?rest_route=%2Fwp%2Fv2%2Fcomments&post=122992"}],"version-history":[{"count":2,"href":"https:\/\/www.prijedordanas.com\/index.php?rest_route=\/wp\/v2\/posts\/122992\/revisions"}],"predecessor-version":[{"id":123012,"href":"https:\/\/www.prijedordanas.com\/index.php?rest_route=\/wp\/v2\/posts\/122992\/revisions\/123012"}],"wp:attachment":[{"href":"https:\/\/www.prijedordanas.com\/index.php?rest_route=%2Fwp%2Fv2%2Fmedia&parent=122992"}],"wp:term":[{"taxonomy":"category","embeddable":true,"href":"https:\/\/www.prijedordanas.com\/index.php?rest_route=%2Fwp%2Fv2%2Fcategories&post=122992"},{"taxonomy":"post_tag","embeddable":true,"href":"https:\/\/www.prijedordanas.com\/index.php?rest_route=%2Fwp%2Fv2%2Ftags&post=122992"}],"curies":[{"name":"wp","href":"https:\/\/api.w.org\/{rel}","templated":true}]}}