{"id":122904,"date":"2019-03-03T16:39:44","date_gmt":"2019-03-03T15:39:44","guid":{"rendered":"https:\/\/www.prijedordanas.com\/?p=122904"},"modified":"2019-03-04T22:36:40","modified_gmt":"2019-03-04T21:36:40","slug":"prijedor-u-ponedjeljak-otvaranje-sale-za-ekstremne-sportove-foto","status":"publish","type":"post","link":"https:\/\/www.prijedordanas.com\/?p=122904","title":{"rendered":"PRIJEDOR: U PONEDJELJAK OTVARANJE SALE ZA EKSTREMNE SPORTOVE \u2013 FOTO"},"content":{"rendered":"<p><a href=\"https:\/\/www.prijedordanas.com\/wp-content\/uploads\/2019\/03\/sala-za-ekstremne-sportove-prijedor-najava-otvaranja-1.jpg\"><img loading=\"lazy\" decoding=\"async\" class=\"alignleft size-medium wp-image-122905\" src=\"https:\/\/www.prijedordanas.com\/wp-content\/uploads\/2019\/03\/sala-za-ekstremne-sportove-prijedor-najava-otvaranja-1-300x217.jpg\" alt=\"\" width=\"300\" height=\"217\" srcset=\"https:\/\/www.prijedordanas.com\/wp-content\/uploads\/2019\/03\/sala-za-ekstremne-sportove-prijedor-najava-otvaranja-1-300x217.jpg 300w, https:\/\/www.prijedordanas.com\/wp-content\/uploads\/2019\/03\/sala-za-ekstremne-sportove-prijedor-najava-otvaranja-1-100x72.jpg 100w, https:\/\/www.prijedordanas.com\/wp-content\/uploads\/2019\/03\/sala-za-ekstremne-sportove-prijedor-najava-otvaranja-1.jpg 690w\" sizes=\"(max-width: 300px) 100vw, 300px\" \/><\/a>U Prijedoru \u0107e u ponedjeljak, 4.marta, biti otvorena sala za ekstremne sportove.<\/p>\n<p>Ovo je prva sala ovakvog karaktera koja postoji na podru\u010dju Krajine, ali i cijele Republike Srpske i Bosne i Hercegovine.<\/p>\n<p>Nalazi se u prostoru nekada\u0161nje kasarne, danas Poslovnog inkubatora, u naselju Veliko Palan\u010di\u0161te.<\/p>\n<p>Objekat je posljednjih nekoliko mjeseci pripremao i rekonstruisao Klub ekstremnih sportova \u201cAlbatros Prijedor\u201d.<\/p>\n<p>-Za kori\u0161tenje i rekonstrukciju sale dobili smo dozvolu od Grada Prijedora, ali i potpisali ugovor sa Gradona\u010delnikom za dodjelu prostorija za period od 5 godina. Projekat je podr\u017ean od strane BHRI programa u Bosni i Hercegovini, a uspjeli smo zainteresovati i druge donatore iz na\u0161eg grada, koji su nam u skladu sa svojim mogu\u0107nostima pomogli, daju\u0107i nam materijalna ili finansijska sredstva za zav\u0161avanje dodatnih aktivnosti ure\u0111enja sale \u2013 rekao je Dra\u0161ko An\u0111eli\u0107, prvi \u010dovjek \u201cAlbatrosa\u201d.<\/p>\n<p><a href=\"https:\/\/www.prijedordanas.com\/wp-content\/uploads\/2019\/03\/sala-za-ekstremne-sportove-prijedor-najava-otvaranja-4.jpg\"><img loading=\"lazy\" decoding=\"async\" src=\"https:\/\/www.prijedordanas.com\/wp-content\/uploads\/2019\/03\/sala-za-ekstremne-sportove-prijedor-najava-otvaranja-4-300x169.jpg\" alt=\"\" width=\"300\" height=\"169\" class=\"alignleft size-medium wp-image-122906\" srcset=\"https:\/\/www.prijedordanas.com\/wp-content\/uploads\/2019\/03\/sala-za-ekstremne-sportove-prijedor-najava-otvaranja-4-300x169.jpg 300w, https:\/\/www.prijedordanas.com\/wp-content\/uploads\/2019\/03\/sala-za-ekstremne-sportove-prijedor-najava-otvaranja-4-100x56.jpg 100w, https:\/\/www.prijedordanas.com\/wp-content\/uploads\/2019\/03\/sala-za-ekstremne-sportove-prijedor-najava-otvaranja-4.jpg 600w\" sizes=\"(max-width: 300px) 100vw, 300px\" \/><\/a>On je dodao da je cilj ovog projekta razvoj ekstremnih sportova u gradu Prijedoru, kroz obezbje\u0111ivanie i opremanje zatvorenog prostora za obavljanje sportskih aktivnosti kao i informisanje i edukacija mladih o sportu i zdravom na\u010dinu \u017eivota.<\/p>\n<p>-Smatramo da smo realizacijom ovog projekta doprinijeli i turisti\u010dkoj ponudi Prijedora, a sala \u0107e biti u slu\u017ebi mladih i drugih gra\u0111ana Prijedora, ali i stanovnika gradova i op\u0161tina iz regije \u2013 istakao je An\u0111eli\u0107.<\/p>\n<p>Svoje prisustvo sve\u010danom otavranju sale za ekstremne sportove najavio je gradona\u010delnik Prijedora Milenko \u0110akovi\u0107 kao i predstavnici donatora.<\/p>\n<p>Pokazne vje\u017ebe na vje\u0161ta\u010dkim stijenama izvodi\u0107e \u010dlanovi Kluba ekstremnih sportova \u201eAlbatros Prijedor\u201d i gosti iz Banja Luke.<\/p>\n<p>Priredio \u2013 Aleksandar Drakuli\u0107 \u2013 <a href=\"https:\/\/www.prijedordanas.com\" target=\"_blank\" rel=\"noopener noreferrer\">www.prijedordanas.com<\/a><\/p>\n<p><a href=\"https:\/\/www.prijedordanas.com\/wp-content\/uploads\/2019\/03\/sala-za-ekstremne-sportove-prijedor-najava-otvaranja-2.jpg\"><img loading=\"lazy\" decoding=\"async\" src=\"https:\/\/www.prijedordanas.com\/wp-content\/uploads\/2019\/03\/sala-za-ekstremne-sportove-prijedor-najava-otvaranja-2-169x300.jpg\" alt=\"\" width=\"169\" height=\"300\" class=\"alignleft size-medium wp-image-122907\" srcset=\"https:\/\/www.prijedordanas.com\/wp-content\/uploads\/2019\/03\/sala-za-ekstremne-sportove-prijedor-najava-otvaranja-2-169x300.jpg 169w, https:\/\/www.prijedordanas.com\/wp-content\/uploads\/2019\/03\/sala-za-ekstremne-sportove-prijedor-najava-otvaranja-2-56x100.jpg 56w, https:\/\/www.prijedordanas.com\/wp-content\/uploads\/2019\/03\/sala-za-ekstremne-sportove-prijedor-najava-otvaranja-2.jpg 338w\" sizes=\"(max-width: 169px) 100vw, 169px\" \/><\/a> <a href=\"https:\/\/www.prijedordanas.com\/wp-content\/uploads\/2019\/03\/sala-za-ekstremne-sportove-prijedor-najava-otvaranja-3.jpg\"><img loading=\"lazy\" decoding=\"async\" src=\"https:\/\/www.prijedordanas.com\/wp-content\/uploads\/2019\/03\/sala-za-ekstremne-sportove-prijedor-najava-otvaranja-3-169x300.jpg\" alt=\"\" width=\"169\" height=\"300\" class=\"alignleft size-medium wp-image-122908\" srcset=\"https:\/\/www.prijedordanas.com\/wp-content\/uploads\/2019\/03\/sala-za-ekstremne-sportove-prijedor-najava-otvaranja-3-169x300.jpg 169w, https:\/\/www.prijedordanas.com\/wp-content\/uploads\/2019\/03\/sala-za-ekstremne-sportove-prijedor-najava-otvaranja-3-56x100.jpg 56w, https:\/\/www.prijedordanas.com\/wp-content\/uploads\/2019\/03\/sala-za-ekstremne-sportove-prijedor-najava-otvaranja-3.jpg 338w\" sizes=\"(max-width: 169px) 100vw, 169px\" \/><\/a> <a href=\"https:\/\/www.prijedordanas.com\/wp-content\/uploads\/2019\/03\/sala-za-ekstremne-sportove-prijedor-najava-otvaranja-5.jpg\"><img loading=\"lazy\" decoding=\"async\" src=\"https:\/\/www.prijedordanas.com\/wp-content\/uploads\/2019\/03\/sala-za-ekstremne-sportove-prijedor-najava-otvaranja-5-300x169.jpg\" alt=\"\" width=\"300\" height=\"169\" class=\"alignleft size-medium wp-image-122909\" srcset=\"https:\/\/www.prijedordanas.com\/wp-content\/uploads\/2019\/03\/sala-za-ekstremne-sportove-prijedor-najava-otvaranja-5-300x169.jpg 300w, https:\/\/www.prijedordanas.com\/wp-content\/uploads\/2019\/03\/sala-za-ekstremne-sportove-prijedor-najava-otvaranja-5-100x56.jpg 100w, https:\/\/www.prijedordanas.com\/wp-content\/uploads\/2019\/03\/sala-za-ekstremne-sportove-prijedor-najava-otvaranja-5.jpg 600w\" sizes=\"(max-width: 300px) 100vw, 300px\" \/><\/a><\/p>\n","protected":false},"excerpt":{"rendered":"<p>U Prijedoru \u0107e u ponedjeljak, 4.marta, biti otvorena sala za ekstremne sportove. Ovo je prva sala ovakvog karaktera koja postoji na podru\u010dju Krajine, ali i cijele Republike Srpske i Bosne [&hellip;]<\/p>\n","protected":false},"author":1,"featured_media":0,"comment_status":"closed","ping_status":"open","sticky":false,"template":"","format":"standard","meta":{"_monsterinsights_skip_tracking":false,"_monsterinsights_sitenote_active":false,"_monsterinsights_sitenote_note":"","_monsterinsights_sitenote_category":0,"footnotes":""},"categories":[4,7518],"tags":[6620,10750],"yoast_head":"<!-- This site is optimized with the Yoast SEO plugin v21.6 - https:\/\/yoast.com\/wordpress\/plugins\/seo\/ -->\n<title>PRIJEDOR: U PONEDJELJAK OTVARANJE SALE ZA EKSTREMNE SPORTOVE \u2013 FOTO - PrijedorDanas.com - Prijedorski gradski portal<\/title>\n<meta name=\"robots\" content=\"index, follow, max-snippet:-1, max-image-preview:large, max-video-preview:-1\" \/>\n<link rel=\"canonical\" href=\"https:\/\/www.prijedordanas.com\/?p=122904\" \/>\n<meta property=\"og:locale\" content=\"en_US\" \/>\n<meta property=\"og:type\" content=\"article\" \/>\n<meta property=\"og:title\" content=\"PRIJEDOR: U PONEDJELJAK OTVARANJE SALE ZA EKSTREMNE SPORTOVE \u2013 FOTO - PrijedorDanas.com - Prijedorski gradski portal\" \/>\n<meta property=\"og:description\" content=\"U Prijedoru \u0107e u ponedjeljak, 4.marta, biti otvorena sala za ekstremne sportove. Ovo je prva sala ovakvog karaktera koja postoji na podru\u010dju Krajine, ali i cijele Republike Srpske i Bosne [&hellip;]\" \/>\n<meta property=\"og:url\" content=\"https:\/\/www.prijedordanas.com\/?p=122904\" \/>\n<meta property=\"og:site_name\" content=\"PrijedorDanas.com - Prijedorski gradski portal\" \/>\n<meta property=\"article:publisher\" content=\"https:\/\/www.facebook.com\/PrijedorDanasCom\/\" \/>\n<meta property=\"article:published_time\" content=\"2019-03-03T15:39:44+00:00\" \/>\n<meta property=\"article:modified_time\" content=\"2019-03-04T21:36:40+00:00\" \/>\n<meta property=\"og:image\" content=\"https:\/\/www.prijedordanas.com\/wp-content\/uploads\/2019\/03\/sala-za-ekstremne-sportove-prijedor-najava-otvaranja-1-300x217.jpg\" \/>\n<meta name=\"author\" content=\"admin\" \/>\n<meta name=\"twitter:card\" content=\"summary_large_image\" \/>\n<meta name=\"twitter:label1\" content=\"Written by\" \/>\n\t<meta name=\"twitter:data1\" content=\"admin\" \/>\n\t<meta name=\"twitter:label2\" content=\"Est. reading time\" \/>\n\t<meta name=\"twitter:data2\" content=\"1 minute\" \/>\n<script type=\"application\/ld+json\" class=\"yoast-schema-graph\">{\"@context\":\"https:\/\/schema.org\",\"@graph\":[{\"@type\":\"Article\",\"@id\":\"https:\/\/www.prijedordanas.com\/?p=122904#article\",\"isPartOf\":{\"@id\":\"https:\/\/www.prijedordanas.com\/?p=122904\"},\"author\":{\"name\":\"admin\",\"@id\":\"https:\/\/www.prijedordanas.com\/#\/schema\/person\/4e08ccf29b506ca916ff86d46bb700e6\"},\"headline\":\"PRIJEDOR: U PONEDJELJAK OTVARANJE SALE ZA EKSTREMNE SPORTOVE \u2013 FOTO\",\"datePublished\":\"2019-03-03T15:39:44+00:00\",\"dateModified\":\"2019-03-04T21:36:40+00:00\",\"mainEntityOfPage\":{\"@id\":\"https:\/\/www.prijedordanas.com\/?p=122904\"},\"wordCount\":277,\"publisher\":{\"@id\":\"https:\/\/www.prijedordanas.com\/#organization\"},\"keywords\":[\"Klub ekstremnih sportova \\\"Albatros\\\"\",\"sala za ekstremne sportove\"],\"articleSection\":[\"Dru\u0161tvo\",\"Mladi\"],\"inLanguage\":\"en-US\"},{\"@type\":\"WebPage\",\"@id\":\"https:\/\/www.prijedordanas.com\/?p=122904\",\"url\":\"https:\/\/www.prijedordanas.com\/?p=122904\",\"name\":\"PRIJEDOR: U PONEDJELJAK OTVARANJE SALE ZA EKSTREMNE SPORTOVE \u2013 FOTO - PrijedorDanas.com - Prijedorski gradski portal\",\"isPartOf\":{\"@id\":\"https:\/\/www.prijedordanas.com\/#website\"},\"datePublished\":\"2019-03-03T15:39:44+00:00\",\"dateModified\":\"2019-03-04T21:36:40+00:00\",\"breadcrumb\":{\"@id\":\"https:\/\/www.prijedordanas.com\/?p=122904#breadcrumb\"},\"inLanguage\":\"en-US\",\"potentialAction\":[{\"@type\":\"ReadAction\",\"target\":[\"https:\/\/www.prijedordanas.com\/?p=122904\"]}]},{\"@type\":\"BreadcrumbList\",\"@id\":\"https:\/\/www.prijedordanas.com\/?p=122904#breadcrumb\",\"itemListElement\":[{\"@type\":\"ListItem\",\"position\":1,\"name\":\"Home\",\"item\":\"https:\/\/www.prijedordanas.com\/\"},{\"@type\":\"ListItem\",\"position\":2,\"name\":\"PRIJEDOR: U PONEDJELJAK OTVARANJE SALE ZA EKSTREMNE SPORTOVE \u2013 FOTO\"}]},{\"@type\":\"WebSite\",\"@id\":\"https:\/\/www.prijedordanas.com\/#website\",\"url\":\"https:\/\/www.prijedordanas.com\/\",\"name\":\"PrijedorDanas.com - Prijedorski gradski portal\",\"description\":\"Portal o doga\u0111anjima u gradu Prijedoru\",\"publisher\":{\"@id\":\"https:\/\/www.prijedordanas.com\/#organization\"},\"potentialAction\":[{\"@type\":\"SearchAction\",\"target\":{\"@type\":\"EntryPoint\",\"urlTemplate\":\"https:\/\/www.prijedordanas.com\/?s={search_term_string}\"},\"query-input\":\"required name=search_term_string\"}],\"inLanguage\":\"en-US\"},{\"@type\":\"Organization\",\"@id\":\"https:\/\/www.prijedordanas.com\/#organization\",\"name\":\"PrijedorDanas.com\",\"url\":\"https:\/\/www.prijedordanas.com\/\",\"logo\":{\"@type\":\"ImageObject\",\"inLanguage\":\"en-US\",\"@id\":\"https:\/\/www.prijedordanas.com\/#\/schema\/logo\/image\/\",\"url\":\"http:\/\/www.prijedordanas.com\/wp-content\/uploads\/2021\/12\/logopng.png\",\"contentUrl\":\"http:\/\/www.prijedordanas.com\/wp-content\/uploads\/2021\/12\/logopng.png\",\"width\":1019,\"height\":776,\"caption\":\"PrijedorDanas.com\"},\"image\":{\"@id\":\"https:\/\/www.prijedordanas.com\/#\/schema\/logo\/image\/\"},\"sameAs\":[\"https:\/\/www.facebook.com\/PrijedorDanasCom\/\"]},{\"@type\":\"Person\",\"@id\":\"https:\/\/www.prijedordanas.com\/#\/schema\/person\/4e08ccf29b506ca916ff86d46bb700e6\",\"name\":\"admin\",\"image\":{\"@type\":\"ImageObject\",\"inLanguage\":\"en-US\",\"@id\":\"https:\/\/www.prijedordanas.com\/#\/schema\/person\/image\/\",\"url\":\"https:\/\/secure.gravatar.com\/avatar\/1d3fc949d550f0b53a5f0d51e06dfd79?s=96&d=mm&r=g\",\"contentUrl\":\"https:\/\/secure.gravatar.com\/avatar\/1d3fc949d550f0b53a5f0d51e06dfd79?s=96&d=mm&r=g\",\"caption\":\"admin\"},\"url\":\"https:\/\/www.prijedordanas.com\/?author=1\"}]}<\/script>\n<!-- \/ Yoast SEO plugin. -->","yoast_head_json":{"title":"PRIJEDOR: U PONEDJELJAK OTVARANJE SALE ZA EKSTREMNE SPORTOVE \u2013 FOTO - PrijedorDanas.com - Prijedorski gradski portal","robots":{"index":"index","follow":"follow","max-snippet":"max-snippet:-1","max-image-preview":"max-image-preview:large","max-video-preview":"max-video-preview:-1"},"canonical":"https:\/\/www.prijedordanas.com\/?p=122904","og_locale":"en_US","og_type":"article","og_title":"PRIJEDOR: U PONEDJELJAK OTVARANJE SALE ZA EKSTREMNE SPORTOVE \u2013 FOTO - PrijedorDanas.com - Prijedorski gradski portal","og_description":"U Prijedoru \u0107e u ponedjeljak, 4.marta, biti otvorena sala za ekstremne sportove. Ovo je prva sala ovakvog karaktera koja postoji na podru\u010dju Krajine, ali i cijele Republike Srpske i Bosne [&hellip;]","og_url":"https:\/\/www.prijedordanas.com\/?p=122904","og_site_name":"PrijedorDanas.com - Prijedorski gradski portal","article_publisher":"https:\/\/www.facebook.com\/PrijedorDanasCom\/","article_published_time":"2019-03-03T15:39:44+00:00","article_modified_time":"2019-03-04T21:36:40+00:00","og_image":[{"url":"https:\/\/www.prijedordanas.com\/wp-content\/uploads\/2019\/03\/sala-za-ekstremne-sportove-prijedor-najava-otvaranja-1-300x217.jpg"}],"author":"admin","twitter_card":"summary_large_image","twitter_misc":{"Written by":"admin","Est. reading time":"1 minute"},"schema":{"@context":"https:\/\/schema.org","@graph":[{"@type":"Article","@id":"https:\/\/www.prijedordanas.com\/?p=122904#article","isPartOf":{"@id":"https:\/\/www.prijedordanas.com\/?p=122904"},"author":{"name":"admin","@id":"https:\/\/www.prijedordanas.com\/#\/schema\/person\/4e08ccf29b506ca916ff86d46bb700e6"},"headline":"PRIJEDOR: U PONEDJELJAK OTVARANJE SALE ZA EKSTREMNE SPORTOVE \u2013 FOTO","datePublished":"2019-03-03T15:39:44+00:00","dateModified":"2019-03-04T21:36:40+00:00","mainEntityOfPage":{"@id":"https:\/\/www.prijedordanas.com\/?p=122904"},"wordCount":277,"publisher":{"@id":"https:\/\/www.prijedordanas.com\/#organization"},"keywords":["Klub ekstremnih sportova \"Albatros\"","sala za ekstremne sportove"],"articleSection":["Dru\u0161tvo","Mladi"],"inLanguage":"en-US"},{"@type":"WebPage","@id":"https:\/\/www.prijedordanas.com\/?p=122904","url":"https:\/\/www.prijedordanas.com\/?p=122904","name":"PRIJEDOR: U PONEDJELJAK OTVARANJE SALE ZA EKSTREMNE SPORTOVE \u2013 FOTO - PrijedorDanas.com - Prijedorski gradski portal","isPartOf":{"@id":"https:\/\/www.prijedordanas.com\/#website"},"datePublished":"2019-03-03T15:39:44+00:00","dateModified":"2019-03-04T21:36:40+00:00","breadcrumb":{"@id":"https:\/\/www.prijedordanas.com\/?p=122904#breadcrumb"},"inLanguage":"en-US","potentialAction":[{"@type":"ReadAction","target":["https:\/\/www.prijedordanas.com\/?p=122904"]}]},{"@type":"BreadcrumbList","@id":"https:\/\/www.prijedordanas.com\/?p=122904#breadcrumb","itemListElement":[{"@type":"ListItem","position":1,"name":"Home","item":"https:\/\/www.prijedordanas.com\/"},{"@type":"ListItem","position":2,"name":"PRIJEDOR: U PONEDJELJAK OTVARANJE SALE ZA EKSTREMNE SPORTOVE \u2013 FOTO"}]},{"@type":"WebSite","@id":"https:\/\/www.prijedordanas.com\/#website","url":"https:\/\/www.prijedordanas.com\/","name":"PrijedorDanas.com - Prijedorski gradski portal","description":"Portal o doga\u0111anjima u gradu Prijedoru","publisher":{"@id":"https:\/\/www.prijedordanas.com\/#organization"},"potentialAction":[{"@type":"SearchAction","target":{"@type":"EntryPoint","urlTemplate":"https:\/\/www.prijedordanas.com\/?s={search_term_string}"},"query-input":"required name=search_term_string"}],"inLanguage":"en-US"},{"@type":"Organization","@id":"https:\/\/www.prijedordanas.com\/#organization","name":"PrijedorDanas.com","url":"https:\/\/www.prijedordanas.com\/","logo":{"@type":"ImageObject","inLanguage":"en-US","@id":"https:\/\/www.prijedordanas.com\/#\/schema\/logo\/image\/","url":"http:\/\/www.prijedordanas.com\/wp-content\/uploads\/2021\/12\/logopng.png","contentUrl":"http:\/\/www.prijedordanas.com\/wp-content\/uploads\/2021\/12\/logopng.png","width":1019,"height":776,"caption":"PrijedorDanas.com"},"image":{"@id":"https:\/\/www.prijedordanas.com\/#\/schema\/logo\/image\/"},"sameAs":["https:\/\/www.facebook.com\/PrijedorDanasCom\/"]},{"@type":"Person","@id":"https:\/\/www.prijedordanas.com\/#\/schema\/person\/4e08ccf29b506ca916ff86d46bb700e6","name":"admin","image":{"@type":"ImageObject","inLanguage":"en-US","@id":"https:\/\/www.prijedordanas.com\/#\/schema\/person\/image\/","url":"https:\/\/secure.gravatar.com\/avatar\/1d3fc949d550f0b53a5f0d51e06dfd79?s=96&d=mm&r=g","contentUrl":"https:\/\/secure.gravatar.com\/avatar\/1d3fc949d550f0b53a5f0d51e06dfd79?s=96&d=mm&r=g","caption":"admin"},"url":"https:\/\/www.prijedordanas.com\/?author=1"}]}},"_links":{"self":[{"href":"https:\/\/www.prijedordanas.com\/index.php?rest_route=\/wp\/v2\/posts\/122904"}],"collection":[{"href":"https:\/\/www.prijedordanas.com\/index.php?rest_route=\/wp\/v2\/posts"}],"about":[{"href":"https:\/\/www.prijedordanas.com\/index.php?rest_route=\/wp\/v2\/types\/post"}],"author":[{"embeddable":true,"href":"https:\/\/www.prijedordanas.com\/index.php?rest_route=\/wp\/v2\/users\/1"}],"replies":[{"embeddable":true,"href":"https:\/\/www.prijedordanas.com\/index.php?rest_route=%2Fwp%2Fv2%2Fcomments&post=122904"}],"version-history":[{"count":3,"href":"https:\/\/www.prijedordanas.com\/index.php?rest_route=\/wp\/v2\/posts\/122904\/revisions"}],"predecessor-version":[{"id":122991,"href":"https:\/\/www.prijedordanas.com\/index.php?rest_route=\/wp\/v2\/posts\/122904\/revisions\/122991"}],"wp:attachment":[{"href":"https:\/\/www.prijedordanas.com\/index.php?rest_route=%2Fwp%2Fv2%2Fmedia&parent=122904"}],"wp:term":[{"taxonomy":"category","embeddable":true,"href":"https:\/\/www.prijedordanas.com\/index.php?rest_route=%2Fwp%2Fv2%2Fcategories&post=122904"},{"taxonomy":"post_tag","embeddable":true,"href":"https:\/\/www.prijedordanas.com\/index.php?rest_route=%2Fwp%2Fv2%2Ftags&post=122904"}],"curies":[{"name":"wp","href":"https:\/\/api.w.org\/{rel}","templated":true}]}}