{"id":122698,"date":"2019-02-28T16:37:32","date_gmt":"2019-02-28T15:37:32","guid":{"rendered":"https:\/\/www.prijedordanas.com\/?p=122698"},"modified":"2019-02-28T16:37:32","modified_gmt":"2019-02-28T15:37:32","slug":"kalcedonija-uskoro-otvara-pogon-u-prijedoru-i-oko-1-500-radnih-mjesta","status":"publish","type":"post","link":"https:\/\/www.prijedordanas.com\/?p=122698","title":{"rendered":"\u201cKALCEDONIJA\u201d USKORO OTVARA POGON U PRIJEDORU I OKO 1.500 RADNIH MJESTA"},"content":{"rendered":"<p><a href=\"https:\/\/www.prijedordanas.com\/wp-content\/uploads\/2019\/02\/kalcedonija-prijedor-primopredaja-objekta.jpg\"><img loading=\"lazy\" decoding=\"async\" src=\"https:\/\/www.prijedordanas.com\/wp-content\/uploads\/2019\/02\/kalcedonija-prijedor-primopredaja-objekta-300x225.jpg\" alt=\"\" width=\"300\" height=\"225\" class=\"alignleft size-medium wp-image-122703\" srcset=\"https:\/\/www.prijedordanas.com\/wp-content\/uploads\/2019\/02\/kalcedonija-prijedor-primopredaja-objekta-300x225.jpg 300w, https:\/\/www.prijedordanas.com\/wp-content\/uploads\/2019\/02\/kalcedonija-prijedor-primopredaja-objekta-100x75.jpg 100w, https:\/\/www.prijedordanas.com\/wp-content\/uploads\/2019\/02\/kalcedonija-prijedor-primopredaja-objekta-640x480.jpg 640w, https:\/\/www.prijedordanas.com\/wp-content\/uploads\/2019\/02\/kalcedonija-prijedor-primopredaja-objekta.jpg 667w\" sizes=\"(max-width: 300px) 100vw, 300px\" \/><\/a>U Gradskoj upravi Prijedor danas je izvr\u0161ena primopredaja objekta nekada\u0161njeg &#8220;Tropika&#8221; u Brezi\u010danima, izme\u0111u ovog doma\u0107eg trgova\u010dkog lanca i italijanske &#8220;Kalcedonije&#8221;.<\/p>\n<p>Ovo tekstilno preduze\u0107e otkupilo je pomenuti objekat za svoju k\u0107erku firmu &#8220;Bitres&#8221;.<\/p>\n<p>Gradona\u010delnik Milenko \u0110akovi\u0107 je izrazio zadovoljstvo ovim \u010dinom, kojim su, kako je naglasio, stvoreni uslovi da italijanska &#8220;Kalcedonija&#8221; krene sa poslovanjem u Prijedoru.<\/p>\n<p>&#8220;Italijanska firma otkupila je ovaj prostor i najavila njegovu skoru rekonstrukciju u trening centar uz jednu proizvodnu liniju za \u0161ivenje i pletenje&#8221;, potvrdio je \u0110akovi\u0107.<\/p>\n<p><a href=\"https:\/\/www.prijedordanas.com\/wp-content\/uploads\/2019\/02\/prijedorgradorg-kalcedonija-primopredaja-objekta-1.jpg\"><img loading=\"lazy\" decoding=\"async\" class=\"alignleft size-medium wp-image-122700\" src=\"https:\/\/www.prijedordanas.com\/wp-content\/uploads\/2019\/02\/prijedorgradorg-kalcedonija-primopredaja-objekta-1-300x225.jpg\" alt=\"\" width=\"300\" height=\"225\" srcset=\"https:\/\/www.prijedordanas.com\/wp-content\/uploads\/2019\/02\/prijedorgradorg-kalcedonija-primopredaja-objekta-1-300x225.jpg 300w, https:\/\/www.prijedordanas.com\/wp-content\/uploads\/2019\/02\/prijedorgradorg-kalcedonija-primopredaja-objekta-1-100x75.jpg 100w, https:\/\/www.prijedordanas.com\/wp-content\/uploads\/2019\/02\/prijedorgradorg-kalcedonija-primopredaja-objekta-1.jpg 600w\" sizes=\"(max-width: 300px) 100vw, 300px\" \/><\/a>On je istakao da su, pored toga, rije\u0161eni svi imovinsko-pravni odnosi kad je u pitanju zemlji\u0161te na Aerodromskom naselju, gdje treba da se gradi proizvodna nova hala za &#8220;Kalcedoniju&#8221;.<\/p>\n<p>&#8220;Dokumentacija u Italiji je zavr\u0161ena. \u010ceka se da se aktivira u na\u0161em gradu. Po\u010detak radova o\u010dekuje se u maju ili junu ove godine. Nakon ove faze, mi \u0107emo potpisati ugovor o otkupu zemlji\u0161ta za izgradnju hale na Aerodromskom naselju&#8221; poru\u010dio je \u0110akovi\u0107.<\/p>\n<p>Predstavnik &#8220;Kalcedonije&#8221; Fran\u010desko Rufoli rekao je da je ovim \u010dinom postavljen kamen-temeljac cijelog projekta u Prijedoru.<\/p>\n<p><a href=\"https:\/\/www.prijedordanas.com\/wp-content\/uploads\/2019\/02\/prijedorgradorg-kalcedonija-primopredaja-objekta-2.jpg\"><img loading=\"lazy\" decoding=\"async\" src=\"https:\/\/www.prijedordanas.com\/wp-content\/uploads\/2019\/02\/prijedorgradorg-kalcedonija-primopredaja-objekta-2-300x225.jpg\" alt=\"\" width=\"300\" height=\"225\" class=\"alignleft size-medium wp-image-122701\" srcset=\"https:\/\/www.prijedordanas.com\/wp-content\/uploads\/2019\/02\/prijedorgradorg-kalcedonija-primopredaja-objekta-2-300x225.jpg 300w, https:\/\/www.prijedordanas.com\/wp-content\/uploads\/2019\/02\/prijedorgradorg-kalcedonija-primopredaja-objekta-2-100x75.jpg 100w, https:\/\/www.prijedordanas.com\/wp-content\/uploads\/2019\/02\/prijedorgradorg-kalcedonija-primopredaja-objekta-2.jpg 600w\" sizes=\"(max-width: 300px) 100vw, 300px\" \/><\/a>&#8220;Zahvaljujem se gradona\u010delniku i Gradskoj upravi, jer su u svakom trenutku bili tu za nas, kako bi nam pomogli u rje\u0161avanju svih birokratskih i tehni\u010dkih pitanja&#8221;, rekao je Rufoli.<\/p>\n<p>Pogon u objektu &#8220;Tropika&#8221; kao trening centar za previh \u0161ezdesetak ranika trebalo bi da krene najkasnije u prvoj polovini aprila, najavio je Rufoli dodaju\u0107i da \u0107e sa zavr\u0161etkom proizvodne hale na aerodrskom naselju u prvoj fazi &#8220;Kalcedonija&#8221; zaposliti oko 700 radnika, a da se nakon toga mo\u017ee o\u010dekivati posao i do 1.500 ljudi.<\/p>\n<p>Marin \u010cur\u010di\u0107, predstavnik &#8220;Tropika&#8221;, zahvalio se gradona\u010delniku, jer je uspostavio kontakt izme\u0111u ove dvije kompanije. On je najavio da &#8220;Tropik&#8221;, koji ve\u0107 zapo\u0161ljava 150 radnika u gradu na Sani, planira \u0161irenje svog lanca u Prijedoru, \u0161to \u0107e zna\u010diti i nova radna mjesta.<\/p>\n<p>www.prijedorgrad.org<\/p>\n<p><a href=\"https:\/\/www.prijedordanas.com\/wp-content\/uploads\/2019\/02\/prijedorgradorg-kalcedonija-primopredaja-objekta-3.jpg\"><img loading=\"lazy\" decoding=\"async\" src=\"https:\/\/www.prijedordanas.com\/wp-content\/uploads\/2019\/02\/prijedorgradorg-kalcedonija-primopredaja-objekta-3-300x225.jpg\" alt=\"\" width=\"300\" height=\"225\" class=\"alignleft size-medium wp-image-122702\" srcset=\"https:\/\/www.prijedordanas.com\/wp-content\/uploads\/2019\/02\/prijedorgradorg-kalcedonija-primopredaja-objekta-3-300x225.jpg 300w, https:\/\/www.prijedordanas.com\/wp-content\/uploads\/2019\/02\/prijedorgradorg-kalcedonija-primopredaja-objekta-3-100x75.jpg 100w, https:\/\/www.prijedordanas.com\/wp-content\/uploads\/2019\/02\/prijedorgradorg-kalcedonija-primopredaja-objekta-3.jpg 600w\" sizes=\"(max-width: 300px) 100vw, 300px\" \/><\/a><\/p>\n","protected":false},"excerpt":{"rendered":"<p>U Gradskoj upravi Prijedor danas je izvr\u0161ena primopredaja objekta nekada\u0161njeg &#8220;Tropika&#8221; u Brezi\u010danima, izme\u0111u ovog doma\u0107eg trgova\u010dkog lanca i italijanske &#8220;Kalcedonije&#8221;. Ovo tekstilno preduze\u0107e otkupilo je pomenuti objekat za svoju [&hellip;]<\/p>\n","protected":false},"author":1,"featured_media":0,"comment_status":"closed","ping_status":"open","sticky":false,"template":"","format":"standard","meta":{"_monsterinsights_skip_tracking":false,"_monsterinsights_sitenote_active":false,"_monsterinsights_sitenote_note":"","_monsterinsights_sitenote_category":0,"footnotes":""},"categories":[4],"tags":[2159,827],"yoast_head":"<!-- This site is optimized with the Yoast SEO plugin v21.6 - https:\/\/yoast.com\/wordpress\/plugins\/seo\/ -->\n<title>\u201cKALCEDONIJA\u201d USKORO OTVARA POGON U PRIJEDORU I OKO 1.500 RADNIH MJESTA - PrijedorDanas.com - Prijedorski gradski portal<\/title>\n<meta name=\"robots\" content=\"index, follow, max-snippet:-1, max-image-preview:large, max-video-preview:-1\" \/>\n<link rel=\"canonical\" href=\"https:\/\/www.prijedordanas.com\/?p=122698\" \/>\n<meta property=\"og:locale\" content=\"en_US\" \/>\n<meta property=\"og:type\" content=\"article\" \/>\n<meta property=\"og:title\" content=\"\u201cKALCEDONIJA\u201d USKORO OTVARA POGON U PRIJEDORU I OKO 1.500 RADNIH MJESTA - PrijedorDanas.com - Prijedorski gradski portal\" \/>\n<meta property=\"og:description\" content=\"U Gradskoj upravi Prijedor danas je izvr\u0161ena primopredaja objekta nekada\u0161njeg &#8220;Tropika&#8221; u Brezi\u010danima, izme\u0111u ovog doma\u0107eg trgova\u010dkog lanca i italijanske &#8220;Kalcedonije&#8221;. Ovo tekstilno preduze\u0107e otkupilo je pomenuti objekat za svoju [&hellip;]\" \/>\n<meta property=\"og:url\" content=\"https:\/\/www.prijedordanas.com\/?p=122698\" \/>\n<meta property=\"og:site_name\" content=\"PrijedorDanas.com - Prijedorski gradski portal\" \/>\n<meta property=\"article:publisher\" content=\"https:\/\/www.facebook.com\/PrijedorDanasCom\/\" \/>\n<meta property=\"article:published_time\" content=\"2019-02-28T15:37:32+00:00\" \/>\n<meta property=\"og:image\" content=\"https:\/\/www.prijedordanas.com\/wp-content\/uploads\/2019\/02\/kalcedonija-prijedor-primopredaja-objekta-300x225.jpg\" \/>\n<meta name=\"author\" content=\"admin\" \/>\n<meta name=\"twitter:card\" content=\"summary_large_image\" \/>\n<meta name=\"twitter:label1\" content=\"Written by\" \/>\n\t<meta name=\"twitter:data1\" content=\"admin\" \/>\n\t<meta name=\"twitter:label2\" content=\"Est. reading time\" \/>\n\t<meta name=\"twitter:data2\" content=\"2 minutes\" \/>\n<script type=\"application\/ld+json\" class=\"yoast-schema-graph\">{\"@context\":\"https:\/\/schema.org\",\"@graph\":[{\"@type\":\"Article\",\"@id\":\"https:\/\/www.prijedordanas.com\/?p=122698#article\",\"isPartOf\":{\"@id\":\"https:\/\/www.prijedordanas.com\/?p=122698\"},\"author\":{\"name\":\"admin\",\"@id\":\"https:\/\/www.prijedordanas.com\/#\/schema\/person\/4e08ccf29b506ca916ff86d46bb700e6\"},\"headline\":\"\u201cKALCEDONIJA\u201d USKORO OTVARA POGON U PRIJEDORU I OKO 1.500 RADNIH MJESTA\",\"datePublished\":\"2019-02-28T15:37:32+00:00\",\"dateModified\":\"2019-02-28T15:37:32+00:00\",\"mainEntityOfPage\":{\"@id\":\"https:\/\/www.prijedordanas.com\/?p=122698\"},\"wordCount\":332,\"publisher\":{\"@id\":\"https:\/\/www.prijedordanas.com\/#organization\"},\"keywords\":[\"radnici\",\"zapo\u0161ljavanje\"],\"articleSection\":[\"Dru\u0161tvo\"],\"inLanguage\":\"en-US\"},{\"@type\":\"WebPage\",\"@id\":\"https:\/\/www.prijedordanas.com\/?p=122698\",\"url\":\"https:\/\/www.prijedordanas.com\/?p=122698\",\"name\":\"\u201cKALCEDONIJA\u201d USKORO OTVARA POGON U PRIJEDORU I OKO 1.500 RADNIH MJESTA - PrijedorDanas.com - Prijedorski gradski portal\",\"isPartOf\":{\"@id\":\"https:\/\/www.prijedordanas.com\/#website\"},\"datePublished\":\"2019-02-28T15:37:32+00:00\",\"dateModified\":\"2019-02-28T15:37:32+00:00\",\"breadcrumb\":{\"@id\":\"https:\/\/www.prijedordanas.com\/?p=122698#breadcrumb\"},\"inLanguage\":\"en-US\",\"potentialAction\":[{\"@type\":\"ReadAction\",\"target\":[\"https:\/\/www.prijedordanas.com\/?p=122698\"]}]},{\"@type\":\"BreadcrumbList\",\"@id\":\"https:\/\/www.prijedordanas.com\/?p=122698#breadcrumb\",\"itemListElement\":[{\"@type\":\"ListItem\",\"position\":1,\"name\":\"Home\",\"item\":\"https:\/\/www.prijedordanas.com\/\"},{\"@type\":\"ListItem\",\"position\":2,\"name\":\"\u201cKALCEDONIJA\u201d USKORO OTVARA POGON U PRIJEDORU I OKO 1.500 RADNIH MJESTA\"}]},{\"@type\":\"WebSite\",\"@id\":\"https:\/\/www.prijedordanas.com\/#website\",\"url\":\"https:\/\/www.prijedordanas.com\/\",\"name\":\"PrijedorDanas.com - Prijedorski gradski portal\",\"description\":\"Portal o doga\u0111anjima u gradu Prijedoru\",\"publisher\":{\"@id\":\"https:\/\/www.prijedordanas.com\/#organization\"},\"potentialAction\":[{\"@type\":\"SearchAction\",\"target\":{\"@type\":\"EntryPoint\",\"urlTemplate\":\"https:\/\/www.prijedordanas.com\/?s={search_term_string}\"},\"query-input\":\"required name=search_term_string\"}],\"inLanguage\":\"en-US\"},{\"@type\":\"Organization\",\"@id\":\"https:\/\/www.prijedordanas.com\/#organization\",\"name\":\"PrijedorDanas.com\",\"url\":\"https:\/\/www.prijedordanas.com\/\",\"logo\":{\"@type\":\"ImageObject\",\"inLanguage\":\"en-US\",\"@id\":\"https:\/\/www.prijedordanas.com\/#\/schema\/logo\/image\/\",\"url\":\"http:\/\/www.prijedordanas.com\/wp-content\/uploads\/2021\/12\/logopng.png\",\"contentUrl\":\"http:\/\/www.prijedordanas.com\/wp-content\/uploads\/2021\/12\/logopng.png\",\"width\":1019,\"height\":776,\"caption\":\"PrijedorDanas.com\"},\"image\":{\"@id\":\"https:\/\/www.prijedordanas.com\/#\/schema\/logo\/image\/\"},\"sameAs\":[\"https:\/\/www.facebook.com\/PrijedorDanasCom\/\"]},{\"@type\":\"Person\",\"@id\":\"https:\/\/www.prijedordanas.com\/#\/schema\/person\/4e08ccf29b506ca916ff86d46bb700e6\",\"name\":\"admin\",\"image\":{\"@type\":\"ImageObject\",\"inLanguage\":\"en-US\",\"@id\":\"https:\/\/www.prijedordanas.com\/#\/schema\/person\/image\/\",\"url\":\"https:\/\/secure.gravatar.com\/avatar\/1d3fc949d550f0b53a5f0d51e06dfd79?s=96&d=mm&r=g\",\"contentUrl\":\"https:\/\/secure.gravatar.com\/avatar\/1d3fc949d550f0b53a5f0d51e06dfd79?s=96&d=mm&r=g\",\"caption\":\"admin\"},\"url\":\"https:\/\/www.prijedordanas.com\/?author=1\"}]}<\/script>\n<!-- \/ Yoast SEO plugin. -->","yoast_head_json":{"title":"\u201cKALCEDONIJA\u201d USKORO OTVARA POGON U PRIJEDORU I OKO 1.500 RADNIH MJESTA - PrijedorDanas.com - Prijedorski gradski portal","robots":{"index":"index","follow":"follow","max-snippet":"max-snippet:-1","max-image-preview":"max-image-preview:large","max-video-preview":"max-video-preview:-1"},"canonical":"https:\/\/www.prijedordanas.com\/?p=122698","og_locale":"en_US","og_type":"article","og_title":"\u201cKALCEDONIJA\u201d USKORO OTVARA POGON U PRIJEDORU I OKO 1.500 RADNIH MJESTA - PrijedorDanas.com - Prijedorski gradski portal","og_description":"U Gradskoj upravi Prijedor danas je izvr\u0161ena primopredaja objekta nekada\u0161njeg &#8220;Tropika&#8221; u Brezi\u010danima, izme\u0111u ovog doma\u0107eg trgova\u010dkog lanca i italijanske &#8220;Kalcedonije&#8221;. Ovo tekstilno preduze\u0107e otkupilo je pomenuti objekat za svoju [&hellip;]","og_url":"https:\/\/www.prijedordanas.com\/?p=122698","og_site_name":"PrijedorDanas.com - Prijedorski gradski portal","article_publisher":"https:\/\/www.facebook.com\/PrijedorDanasCom\/","article_published_time":"2019-02-28T15:37:32+00:00","og_image":[{"url":"https:\/\/www.prijedordanas.com\/wp-content\/uploads\/2019\/02\/kalcedonija-prijedor-primopredaja-objekta-300x225.jpg"}],"author":"admin","twitter_card":"summary_large_image","twitter_misc":{"Written by":"admin","Est. reading time":"2 minutes"},"schema":{"@context":"https:\/\/schema.org","@graph":[{"@type":"Article","@id":"https:\/\/www.prijedordanas.com\/?p=122698#article","isPartOf":{"@id":"https:\/\/www.prijedordanas.com\/?p=122698"},"author":{"name":"admin","@id":"https:\/\/www.prijedordanas.com\/#\/schema\/person\/4e08ccf29b506ca916ff86d46bb700e6"},"headline":"\u201cKALCEDONIJA\u201d USKORO OTVARA POGON U PRIJEDORU I OKO 1.500 RADNIH MJESTA","datePublished":"2019-02-28T15:37:32+00:00","dateModified":"2019-02-28T15:37:32+00:00","mainEntityOfPage":{"@id":"https:\/\/www.prijedordanas.com\/?p=122698"},"wordCount":332,"publisher":{"@id":"https:\/\/www.prijedordanas.com\/#organization"},"keywords":["radnici","zapo\u0161ljavanje"],"articleSection":["Dru\u0161tvo"],"inLanguage":"en-US"},{"@type":"WebPage","@id":"https:\/\/www.prijedordanas.com\/?p=122698","url":"https:\/\/www.prijedordanas.com\/?p=122698","name":"\u201cKALCEDONIJA\u201d USKORO OTVARA POGON U PRIJEDORU I OKO 1.500 RADNIH MJESTA - PrijedorDanas.com - Prijedorski gradski portal","isPartOf":{"@id":"https:\/\/www.prijedordanas.com\/#website"},"datePublished":"2019-02-28T15:37:32+00:00","dateModified":"2019-02-28T15:37:32+00:00","breadcrumb":{"@id":"https:\/\/www.prijedordanas.com\/?p=122698#breadcrumb"},"inLanguage":"en-US","potentialAction":[{"@type":"ReadAction","target":["https:\/\/www.prijedordanas.com\/?p=122698"]}]},{"@type":"BreadcrumbList","@id":"https:\/\/www.prijedordanas.com\/?p=122698#breadcrumb","itemListElement":[{"@type":"ListItem","position":1,"name":"Home","item":"https:\/\/www.prijedordanas.com\/"},{"@type":"ListItem","position":2,"name":"\u201cKALCEDONIJA\u201d USKORO OTVARA POGON U PRIJEDORU I OKO 1.500 RADNIH MJESTA"}]},{"@type":"WebSite","@id":"https:\/\/www.prijedordanas.com\/#website","url":"https:\/\/www.prijedordanas.com\/","name":"PrijedorDanas.com - Prijedorski gradski portal","description":"Portal o doga\u0111anjima u gradu Prijedoru","publisher":{"@id":"https:\/\/www.prijedordanas.com\/#organization"},"potentialAction":[{"@type":"SearchAction","target":{"@type":"EntryPoint","urlTemplate":"https:\/\/www.prijedordanas.com\/?s={search_term_string}"},"query-input":"required name=search_term_string"}],"inLanguage":"en-US"},{"@type":"Organization","@id":"https:\/\/www.prijedordanas.com\/#organization","name":"PrijedorDanas.com","url":"https:\/\/www.prijedordanas.com\/","logo":{"@type":"ImageObject","inLanguage":"en-US","@id":"https:\/\/www.prijedordanas.com\/#\/schema\/logo\/image\/","url":"http:\/\/www.prijedordanas.com\/wp-content\/uploads\/2021\/12\/logopng.png","contentUrl":"http:\/\/www.prijedordanas.com\/wp-content\/uploads\/2021\/12\/logopng.png","width":1019,"height":776,"caption":"PrijedorDanas.com"},"image":{"@id":"https:\/\/www.prijedordanas.com\/#\/schema\/logo\/image\/"},"sameAs":["https:\/\/www.facebook.com\/PrijedorDanasCom\/"]},{"@type":"Person","@id":"https:\/\/www.prijedordanas.com\/#\/schema\/person\/4e08ccf29b506ca916ff86d46bb700e6","name":"admin","image":{"@type":"ImageObject","inLanguage":"en-US","@id":"https:\/\/www.prijedordanas.com\/#\/schema\/person\/image\/","url":"https:\/\/secure.gravatar.com\/avatar\/1d3fc949d550f0b53a5f0d51e06dfd79?s=96&d=mm&r=g","contentUrl":"https:\/\/secure.gravatar.com\/avatar\/1d3fc949d550f0b53a5f0d51e06dfd79?s=96&d=mm&r=g","caption":"admin"},"url":"https:\/\/www.prijedordanas.com\/?author=1"}]}},"_links":{"self":[{"href":"https:\/\/www.prijedordanas.com\/index.php?rest_route=\/wp\/v2\/posts\/122698"}],"collection":[{"href":"https:\/\/www.prijedordanas.com\/index.php?rest_route=\/wp\/v2\/posts"}],"about":[{"href":"https:\/\/www.prijedordanas.com\/index.php?rest_route=\/wp\/v2\/types\/post"}],"author":[{"embeddable":true,"href":"https:\/\/www.prijedordanas.com\/index.php?rest_route=\/wp\/v2\/users\/1"}],"replies":[{"embeddable":true,"href":"https:\/\/www.prijedordanas.com\/index.php?rest_route=%2Fwp%2Fv2%2Fcomments&post=122698"}],"version-history":[{"count":1,"href":"https:\/\/www.prijedordanas.com\/index.php?rest_route=\/wp\/v2\/posts\/122698\/revisions"}],"predecessor-version":[{"id":122704,"href":"https:\/\/www.prijedordanas.com\/index.php?rest_route=\/wp\/v2\/posts\/122698\/revisions\/122704"}],"wp:attachment":[{"href":"https:\/\/www.prijedordanas.com\/index.php?rest_route=%2Fwp%2Fv2%2Fmedia&parent=122698"}],"wp:term":[{"taxonomy":"category","embeddable":true,"href":"https:\/\/www.prijedordanas.com\/index.php?rest_route=%2Fwp%2Fv2%2Fcategories&post=122698"},{"taxonomy":"post_tag","embeddable":true,"href":"https:\/\/www.prijedordanas.com\/index.php?rest_route=%2Fwp%2Fv2%2Ftags&post=122698"}],"curies":[{"name":"wp","href":"https:\/\/api.w.org\/{rel}","templated":true}]}}