{"id":122679,"date":"2019-02-28T09:27:04","date_gmt":"2019-02-28T08:27:04","guid":{"rendered":"https:\/\/www.prijedordanas.com\/?p=122679"},"modified":"2019-02-28T09:27:04","modified_gmt":"2019-02-28T08:27:04","slug":"projekti-zaposljavanja-u-prijedoru-nedostatak-majstora-a-mnogo-radnika-bez-kvalifikacija","status":"publish","type":"post","link":"https:\/\/www.prijedordanas.com\/?p=122679","title":{"rendered":"PROJEKTI ZAPO\u0160LJAVANJA U PRIJEDORU: NEDOSTATAK MAJSTORA, A MNOGO RADNIKA BEZ  KVALIFIKACIJA"},"content":{"rendered":"<p><a href=\"https:\/\/www.prijedordanas.com\/wp-content\/uploads\/2019\/02\/blic-prijedor-glavna-ulica.jpg\"><img loading=\"lazy\" decoding=\"async\" src=\"https:\/\/www.prijedordanas.com\/wp-content\/uploads\/2019\/02\/blic-prijedor-glavna-ulica-300x231.jpg\" alt=\"\" width=\"300\" height=\"231\" class=\"alignleft size-medium wp-image-122680\" srcset=\"https:\/\/www.prijedordanas.com\/wp-content\/uploads\/2019\/02\/blic-prijedor-glavna-ulica-300x231.jpg 300w, https:\/\/www.prijedordanas.com\/wp-content\/uploads\/2019\/02\/blic-prijedor-glavna-ulica-100x77.jpg 100w, https:\/\/www.prijedordanas.com\/wp-content\/uploads\/2019\/02\/blic-prijedor-glavna-ulica.jpg 650w\" sizes=\"(max-width: 300px) 100vw, 300px\" \/><\/a>Kroz \u0161est projekata, koji su iz bud\u017eeta grada Prijedora finansirani sa vi\u0161e od 2.210.000 KM, u proteklih 10 godina priliku za posao dobio je 881 radnik.<\/p>\n<p>Ovi podaci prikazani su u Informaciji o realizaciji Programa kori\u0161\u0107enja sredstava za podsticaj u preduzetni\u0161tvu, malim i srednjim preduze\u0107ima u 2018. godini, koju su odbornici Skup\u0161tine grada Prijedora bez rasprave usvojili na posljednjem zasjedanju.<\/p>\n<p>Me\u0111utim, nigdje u ovoj informaciji nije navedeno koliko radnika je ostalo na radnim mjestima za koja su dodjeljivani podsticaji u pro\u0161lim godinama. Uslov za dobijanje podsticaja, koji u pojedinim slu\u010dajevima iznose i 5.000 KM, jeste registrovati djelatnost i zadr\u017eati radnika godinu dana. \u0160ta se de\u0161avalo nakon tih godinu dana, odnosno da li su poslodavci samo uzeli novac i otpustili radnike, a neki i gasili proizvodnju za koju su dobili podsticaj, ni nakon 10 godina u gradskoj upravi nisu analizirali.<\/p>\n<p>Na\u010delnik Odjeljenja za privredu i poljoprivredu grada Prijedora Rade Rosi\u0107 pred odbornicima je pro\u010ditao da su realizovani brojni programi. On je naveo da su to podsticaji poslodavcima za zapo\u0161ljavanje mladih visokoobrazovanih kadrova, poslodavcima za zapo\u0161ljavanje novih radnika, za samozapo\u0161ljavanje, podr\u0161ka \u017eenskom preduzetni\u0161tvu, podr\u0161ka uvo\u0111enju standarda kvaliteta i podsticajna sredstava za zapo\u0161ljavanje kroz ja\u010danje konkuretnosti malih i srednjih preduze\u0107a.<\/p>\n<p><a href=\"https:\/\/www.prijedordanas.com\/wp-content\/uploads\/2017\/09\/rade-rosic.jpg\"><img loading=\"lazy\" decoding=\"async\" src=\"https:\/\/www.prijedordanas.com\/wp-content\/uploads\/2017\/09\/rade-rosic-300x250.jpg\" alt=\"\" width=\"300\" height=\"250\" class=\"alignleft size-medium wp-image-89840\" srcset=\"https:\/\/www.prijedordanas.com\/wp-content\/uploads\/2017\/09\/rade-rosic-300x250.jpg 300w, https:\/\/www.prijedordanas.com\/wp-content\/uploads\/2017\/09\/rade-rosic-100x83.jpg 100w, https:\/\/www.prijedordanas.com\/wp-content\/uploads\/2017\/09\/rade-rosic.jpg 600w\" sizes=\"(max-width: 300px) 100vw, 300px\" \/><\/a>\u2013 Opravdanost realizovanih projekata se ogleda u smanjenju broja nezaposlenih, pove\u0107anju zaposlenosti, razvijanju javno-privatnog partnerstva gradske uprave i poslovnih subjekata, te realizaciji projekata za koje je predvi\u0111eno godi\u0161nje bud\u017eetsko finansiranje \u2013 objasnio je Rosi\u0107.<\/p>\n<p>Dodao je da to ukazuje na pozitivan stav gradske uprave s ciljem registracije novih poslovnih subjekata i zapo\u0161ljavanja novih radnika.<\/p>\n<p>Me\u0111utim, privrednici s kojima smo razgovarali smatraju da to nije dovoljno. Jedan od preduzetnika, koji zbog straha za posao ne \u017eeli da mu otkrivamo ime, za Srpskainfo pri\u010da da su problemi privrednika brojni.<\/p>\n<p>\u2013 Ne\u0161kolovani kadrovi, nedostatak iskusnih radnika, majstora, nedostatak adekvatnih poslovnih prostora, lo\u0161a putna infrastruktura, nedostatak volje za napretkom, suluda papirologija, nameti, bespotrebne procedure i izvoz robe problemi su sa kojima se svaki privrednik bori. Pomo\u0107 samog grada je na minimalnom nivou kad se gleda sa privredne strane \u2013 pri\u010da on.<\/p>\n<p>Dodaje da se svake godine uvode inovacije u cilju pomo\u0107i privredi, ali da se malo gleda stvarni efekat svega toga.<\/p>\n<p>\u2013 Radi se na razvijanju poslovnih zona, a pogledajte \u0161ta okru\u017euje te poslovne zone. Kako predstaviti i objasniti brojne ru\u0161evine koje naru\u0161avaju ugled, ali i sam izgled grada? Kako objasniti nedostatak kanalizacije, poplave u centru grada nakon malo ja\u010de ki\u0161e, jako slabu elektromre\u017eu za koju je uvijek kriv dalekovod \u2013 isti\u010de ovaj ogor\u010deni preduzetnik.<\/p>\n<p>Navodi da je sada, kada mladi ljudi mahom odlaze iz Prijedora, novac najmanje bitan.<\/p>\n<p>\u2013 Valjda \u0107e jednom po\u010deti shvatati da nije vi\u0161e stvar u novcu. Sve \u0161to nas okru\u017euje uti\u010de na odluke o odlasku ili ostanku. Podsta\u0107i danas mladu osobu da samostalno ne\u0161to krene raditi je gotovo nemogu\u0107e, zato jer ve\u0107ina misli da nema napretka, a ni mogu\u0107nosti \u2013 ka\u017ee on.<\/p>\n<p>Poru\u010duje da projekti pomo\u0107i za strane investitore dodatno demorali\u0161u doma\u0107e privrednike jer ve\u0107u podr\u0161ku dobijaju stranci, a lokalnim preduze\u0107ima je ponekad potrebno samo da budu uva\u017eena u svojoj sredini.<\/p>\n<p>Nova radna mjesta<\/p>\n<p>Gradona\u010delnik Prijedora Milenko \u0110akovi\u0107 izjavio je da \u0107e u ovom gradu ove i naredne godine biti sprovedeno 9 investicionih programa te da su u toku pregovori sa jo\u0161 \u010detiri investitora koji bi mogli do\u0107i i pokrenuti poslovanje u ovom gradu. Najavljuje se zapo\u0161ljavanje i preko 1.000 radnika.<\/p>\n<p>\u2013 Svima je va\u017eno da smanjimo odlazak mladih, po\u0161ast koja je zahvatila regiju, a \u010diji je uzrok nepostojanje dovoljno kvalitetnih radnih mjesta \u2013 rekao je \u0110akovi\u0107.<\/p>\n<p>EuroBlic-srpskainfo.com<\/p>\n","protected":false},"excerpt":{"rendered":"<p>Kroz \u0161est projekata, koji su iz bud\u017eeta grada Prijedora finansirani sa vi\u0161e od 2.210.000 KM, u proteklih 10 godina priliku za posao dobio je 881 radnik. Ovi podaci prikazani su [&hellip;]<\/p>\n","protected":false},"author":1,"featured_media":0,"comment_status":"closed","ping_status":"open","sticky":false,"template":"","format":"standard","meta":{"_monsterinsights_skip_tracking":false,"_monsterinsights_sitenote_active":false,"_monsterinsights_sitenote_note":"","_monsterinsights_sitenote_category":0,"footnotes":""},"categories":[4],"tags":[827],"yoast_head":"<!-- This site is optimized with the Yoast SEO plugin v21.6 - https:\/\/yoast.com\/wordpress\/plugins\/seo\/ -->\n<title>PROJEKTI ZAPO\u0160LJAVANJA U PRIJEDORU: NEDOSTATAK MAJSTORA, A MNOGO RADNIKA BEZ KVALIFIKACIJA - PrijedorDanas.com - Prijedorski gradski portal<\/title>\n<meta name=\"robots\" content=\"index, follow, max-snippet:-1, max-image-preview:large, max-video-preview:-1\" \/>\n<link rel=\"canonical\" href=\"https:\/\/www.prijedordanas.com\/?p=122679\" \/>\n<meta property=\"og:locale\" content=\"en_US\" \/>\n<meta property=\"og:type\" content=\"article\" \/>\n<meta property=\"og:title\" content=\"PROJEKTI ZAPO\u0160LJAVANJA U PRIJEDORU: NEDOSTATAK MAJSTORA, A MNOGO RADNIKA BEZ KVALIFIKACIJA - PrijedorDanas.com - Prijedorski gradski portal\" \/>\n<meta property=\"og:description\" content=\"Kroz \u0161est projekata, koji su iz bud\u017eeta grada Prijedora finansirani sa vi\u0161e od 2.210.000 KM, u proteklih 10 godina priliku za posao dobio je 881 radnik. Ovi podaci prikazani su [&hellip;]\" \/>\n<meta property=\"og:url\" content=\"https:\/\/www.prijedordanas.com\/?p=122679\" \/>\n<meta property=\"og:site_name\" content=\"PrijedorDanas.com - Prijedorski gradski portal\" \/>\n<meta property=\"article:publisher\" content=\"https:\/\/www.facebook.com\/PrijedorDanasCom\/\" \/>\n<meta property=\"article:published_time\" content=\"2019-02-28T08:27:04+00:00\" \/>\n<meta property=\"og:image\" content=\"https:\/\/www.prijedordanas.com\/wp-content\/uploads\/2019\/02\/blic-prijedor-glavna-ulica-300x231.jpg\" \/>\n<meta name=\"author\" content=\"admin\" \/>\n<meta name=\"twitter:card\" content=\"summary_large_image\" \/>\n<meta name=\"twitter:label1\" content=\"Written by\" \/>\n\t<meta name=\"twitter:data1\" content=\"admin\" \/>\n\t<meta name=\"twitter:label2\" content=\"Est. reading time\" \/>\n\t<meta name=\"twitter:data2\" content=\"3 minutes\" \/>\n<script type=\"application\/ld+json\" class=\"yoast-schema-graph\">{\"@context\":\"https:\/\/schema.org\",\"@graph\":[{\"@type\":\"Article\",\"@id\":\"https:\/\/www.prijedordanas.com\/?p=122679#article\",\"isPartOf\":{\"@id\":\"https:\/\/www.prijedordanas.com\/?p=122679\"},\"author\":{\"name\":\"admin\",\"@id\":\"https:\/\/www.prijedordanas.com\/#\/schema\/person\/4e08ccf29b506ca916ff86d46bb700e6\"},\"headline\":\"PROJEKTI ZAPO\u0160LJAVANJA U PRIJEDORU: NEDOSTATAK MAJSTORA, A MNOGO RADNIKA BEZ KVALIFIKACIJA\",\"datePublished\":\"2019-02-28T08:27:04+00:00\",\"dateModified\":\"2019-02-28T08:27:04+00:00\",\"mainEntityOfPage\":{\"@id\":\"https:\/\/www.prijedordanas.com\/?p=122679\"},\"wordCount\":636,\"publisher\":{\"@id\":\"https:\/\/www.prijedordanas.com\/#organization\"},\"keywords\":[\"zapo\u0161ljavanje\"],\"articleSection\":[\"Dru\u0161tvo\"],\"inLanguage\":\"en-US\"},{\"@type\":\"WebPage\",\"@id\":\"https:\/\/www.prijedordanas.com\/?p=122679\",\"url\":\"https:\/\/www.prijedordanas.com\/?p=122679\",\"name\":\"PROJEKTI ZAPO\u0160LJAVANJA U PRIJEDORU: NEDOSTATAK MAJSTORA, A MNOGO RADNIKA BEZ KVALIFIKACIJA - PrijedorDanas.com - Prijedorski gradski portal\",\"isPartOf\":{\"@id\":\"https:\/\/www.prijedordanas.com\/#website\"},\"datePublished\":\"2019-02-28T08:27:04+00:00\",\"dateModified\":\"2019-02-28T08:27:04+00:00\",\"breadcrumb\":{\"@id\":\"https:\/\/www.prijedordanas.com\/?p=122679#breadcrumb\"},\"inLanguage\":\"en-US\",\"potentialAction\":[{\"@type\":\"ReadAction\",\"target\":[\"https:\/\/www.prijedordanas.com\/?p=122679\"]}]},{\"@type\":\"BreadcrumbList\",\"@id\":\"https:\/\/www.prijedordanas.com\/?p=122679#breadcrumb\",\"itemListElement\":[{\"@type\":\"ListItem\",\"position\":1,\"name\":\"Home\",\"item\":\"https:\/\/www.prijedordanas.com\/\"},{\"@type\":\"ListItem\",\"position\":2,\"name\":\"PROJEKTI ZAPO\u0160LJAVANJA U PRIJEDORU: NEDOSTATAK MAJSTORA, A MNOGO RADNIKA BEZ KVALIFIKACIJA\"}]},{\"@type\":\"WebSite\",\"@id\":\"https:\/\/www.prijedordanas.com\/#website\",\"url\":\"https:\/\/www.prijedordanas.com\/\",\"name\":\"PrijedorDanas.com - Prijedorski gradski portal\",\"description\":\"Portal o doga\u0111anjima u gradu Prijedoru\",\"publisher\":{\"@id\":\"https:\/\/www.prijedordanas.com\/#organization\"},\"potentialAction\":[{\"@type\":\"SearchAction\",\"target\":{\"@type\":\"EntryPoint\",\"urlTemplate\":\"https:\/\/www.prijedordanas.com\/?s={search_term_string}\"},\"query-input\":\"required name=search_term_string\"}],\"inLanguage\":\"en-US\"},{\"@type\":\"Organization\",\"@id\":\"https:\/\/www.prijedordanas.com\/#organization\",\"name\":\"PrijedorDanas.com\",\"url\":\"https:\/\/www.prijedordanas.com\/\",\"logo\":{\"@type\":\"ImageObject\",\"inLanguage\":\"en-US\",\"@id\":\"https:\/\/www.prijedordanas.com\/#\/schema\/logo\/image\/\",\"url\":\"http:\/\/www.prijedordanas.com\/wp-content\/uploads\/2021\/12\/logopng.png\",\"contentUrl\":\"http:\/\/www.prijedordanas.com\/wp-content\/uploads\/2021\/12\/logopng.png\",\"width\":1019,\"height\":776,\"caption\":\"PrijedorDanas.com\"},\"image\":{\"@id\":\"https:\/\/www.prijedordanas.com\/#\/schema\/logo\/image\/\"},\"sameAs\":[\"https:\/\/www.facebook.com\/PrijedorDanasCom\/\"]},{\"@type\":\"Person\",\"@id\":\"https:\/\/www.prijedordanas.com\/#\/schema\/person\/4e08ccf29b506ca916ff86d46bb700e6\",\"name\":\"admin\",\"image\":{\"@type\":\"ImageObject\",\"inLanguage\":\"en-US\",\"@id\":\"https:\/\/www.prijedordanas.com\/#\/schema\/person\/image\/\",\"url\":\"https:\/\/secure.gravatar.com\/avatar\/1d3fc949d550f0b53a5f0d51e06dfd79?s=96&d=mm&r=g\",\"contentUrl\":\"https:\/\/secure.gravatar.com\/avatar\/1d3fc949d550f0b53a5f0d51e06dfd79?s=96&d=mm&r=g\",\"caption\":\"admin\"},\"url\":\"https:\/\/www.prijedordanas.com\/?author=1\"}]}<\/script>\n<!-- \/ Yoast SEO plugin. -->","yoast_head_json":{"title":"PROJEKTI ZAPO\u0160LJAVANJA U PRIJEDORU: NEDOSTATAK MAJSTORA, A MNOGO RADNIKA BEZ KVALIFIKACIJA - PrijedorDanas.com - Prijedorski gradski portal","robots":{"index":"index","follow":"follow","max-snippet":"max-snippet:-1","max-image-preview":"max-image-preview:large","max-video-preview":"max-video-preview:-1"},"canonical":"https:\/\/www.prijedordanas.com\/?p=122679","og_locale":"en_US","og_type":"article","og_title":"PROJEKTI ZAPO\u0160LJAVANJA U PRIJEDORU: NEDOSTATAK MAJSTORA, A MNOGO RADNIKA BEZ KVALIFIKACIJA - PrijedorDanas.com - Prijedorski gradski portal","og_description":"Kroz \u0161est projekata, koji su iz bud\u017eeta grada Prijedora finansirani sa vi\u0161e od 2.210.000 KM, u proteklih 10 godina priliku za posao dobio je 881 radnik. Ovi podaci prikazani su [&hellip;]","og_url":"https:\/\/www.prijedordanas.com\/?p=122679","og_site_name":"PrijedorDanas.com - Prijedorski gradski portal","article_publisher":"https:\/\/www.facebook.com\/PrijedorDanasCom\/","article_published_time":"2019-02-28T08:27:04+00:00","og_image":[{"url":"https:\/\/www.prijedordanas.com\/wp-content\/uploads\/2019\/02\/blic-prijedor-glavna-ulica-300x231.jpg"}],"author":"admin","twitter_card":"summary_large_image","twitter_misc":{"Written by":"admin","Est. reading time":"3 minutes"},"schema":{"@context":"https:\/\/schema.org","@graph":[{"@type":"Article","@id":"https:\/\/www.prijedordanas.com\/?p=122679#article","isPartOf":{"@id":"https:\/\/www.prijedordanas.com\/?p=122679"},"author":{"name":"admin","@id":"https:\/\/www.prijedordanas.com\/#\/schema\/person\/4e08ccf29b506ca916ff86d46bb700e6"},"headline":"PROJEKTI ZAPO\u0160LJAVANJA U PRIJEDORU: NEDOSTATAK MAJSTORA, A MNOGO RADNIKA BEZ KVALIFIKACIJA","datePublished":"2019-02-28T08:27:04+00:00","dateModified":"2019-02-28T08:27:04+00:00","mainEntityOfPage":{"@id":"https:\/\/www.prijedordanas.com\/?p=122679"},"wordCount":636,"publisher":{"@id":"https:\/\/www.prijedordanas.com\/#organization"},"keywords":["zapo\u0161ljavanje"],"articleSection":["Dru\u0161tvo"],"inLanguage":"en-US"},{"@type":"WebPage","@id":"https:\/\/www.prijedordanas.com\/?p=122679","url":"https:\/\/www.prijedordanas.com\/?p=122679","name":"PROJEKTI ZAPO\u0160LJAVANJA U PRIJEDORU: NEDOSTATAK MAJSTORA, A MNOGO RADNIKA BEZ KVALIFIKACIJA - PrijedorDanas.com - Prijedorski gradski portal","isPartOf":{"@id":"https:\/\/www.prijedordanas.com\/#website"},"datePublished":"2019-02-28T08:27:04+00:00","dateModified":"2019-02-28T08:27:04+00:00","breadcrumb":{"@id":"https:\/\/www.prijedordanas.com\/?p=122679#breadcrumb"},"inLanguage":"en-US","potentialAction":[{"@type":"ReadAction","target":["https:\/\/www.prijedordanas.com\/?p=122679"]}]},{"@type":"BreadcrumbList","@id":"https:\/\/www.prijedordanas.com\/?p=122679#breadcrumb","itemListElement":[{"@type":"ListItem","position":1,"name":"Home","item":"https:\/\/www.prijedordanas.com\/"},{"@type":"ListItem","position":2,"name":"PROJEKTI ZAPO\u0160LJAVANJA U PRIJEDORU: NEDOSTATAK MAJSTORA, A MNOGO RADNIKA BEZ KVALIFIKACIJA"}]},{"@type":"WebSite","@id":"https:\/\/www.prijedordanas.com\/#website","url":"https:\/\/www.prijedordanas.com\/","name":"PrijedorDanas.com - Prijedorski gradski portal","description":"Portal o doga\u0111anjima u gradu Prijedoru","publisher":{"@id":"https:\/\/www.prijedordanas.com\/#organization"},"potentialAction":[{"@type":"SearchAction","target":{"@type":"EntryPoint","urlTemplate":"https:\/\/www.prijedordanas.com\/?s={search_term_string}"},"query-input":"required name=search_term_string"}],"inLanguage":"en-US"},{"@type":"Organization","@id":"https:\/\/www.prijedordanas.com\/#organization","name":"PrijedorDanas.com","url":"https:\/\/www.prijedordanas.com\/","logo":{"@type":"ImageObject","inLanguage":"en-US","@id":"https:\/\/www.prijedordanas.com\/#\/schema\/logo\/image\/","url":"http:\/\/www.prijedordanas.com\/wp-content\/uploads\/2021\/12\/logopng.png","contentUrl":"http:\/\/www.prijedordanas.com\/wp-content\/uploads\/2021\/12\/logopng.png","width":1019,"height":776,"caption":"PrijedorDanas.com"},"image":{"@id":"https:\/\/www.prijedordanas.com\/#\/schema\/logo\/image\/"},"sameAs":["https:\/\/www.facebook.com\/PrijedorDanasCom\/"]},{"@type":"Person","@id":"https:\/\/www.prijedordanas.com\/#\/schema\/person\/4e08ccf29b506ca916ff86d46bb700e6","name":"admin","image":{"@type":"ImageObject","inLanguage":"en-US","@id":"https:\/\/www.prijedordanas.com\/#\/schema\/person\/image\/","url":"https:\/\/secure.gravatar.com\/avatar\/1d3fc949d550f0b53a5f0d51e06dfd79?s=96&d=mm&r=g","contentUrl":"https:\/\/secure.gravatar.com\/avatar\/1d3fc949d550f0b53a5f0d51e06dfd79?s=96&d=mm&r=g","caption":"admin"},"url":"https:\/\/www.prijedordanas.com\/?author=1"}]}},"_links":{"self":[{"href":"https:\/\/www.prijedordanas.com\/index.php?rest_route=\/wp\/v2\/posts\/122679"}],"collection":[{"href":"https:\/\/www.prijedordanas.com\/index.php?rest_route=\/wp\/v2\/posts"}],"about":[{"href":"https:\/\/www.prijedordanas.com\/index.php?rest_route=\/wp\/v2\/types\/post"}],"author":[{"embeddable":true,"href":"https:\/\/www.prijedordanas.com\/index.php?rest_route=\/wp\/v2\/users\/1"}],"replies":[{"embeddable":true,"href":"https:\/\/www.prijedordanas.com\/index.php?rest_route=%2Fwp%2Fv2%2Fcomments&post=122679"}],"version-history":[{"count":1,"href":"https:\/\/www.prijedordanas.com\/index.php?rest_route=\/wp\/v2\/posts\/122679\/revisions"}],"predecessor-version":[{"id":122681,"href":"https:\/\/www.prijedordanas.com\/index.php?rest_route=\/wp\/v2\/posts\/122679\/revisions\/122681"}],"wp:attachment":[{"href":"https:\/\/www.prijedordanas.com\/index.php?rest_route=%2Fwp%2Fv2%2Fmedia&parent=122679"}],"wp:term":[{"taxonomy":"category","embeddable":true,"href":"https:\/\/www.prijedordanas.com\/index.php?rest_route=%2Fwp%2Fv2%2Fcategories&post=122679"},{"taxonomy":"post_tag","embeddable":true,"href":"https:\/\/www.prijedordanas.com\/index.php?rest_route=%2Fwp%2Fv2%2Ftags&post=122679"}],"curies":[{"name":"wp","href":"https:\/\/api.w.org\/{rel}","templated":true}]}}