{"id":122652,"date":"2019-02-27T21:01:23","date_gmt":"2019-02-27T20:01:23","guid":{"rendered":"https:\/\/www.prijedordanas.com\/?p=122652"},"modified":"2019-02-27T21:01:23","modified_gmt":"2019-02-27T20:01:23","slug":"u-toku-rekonstrukcija-osnovne-skole-u-rasavcima-foto-video","status":"publish","type":"post","link":"https:\/\/www.prijedordanas.com\/?p=122652","title":{"rendered":"U TOKU REKONSTRUKCIJA OSNOVNE \u0160KOLE U RASAVCIMA \u2013 FOTO\/VIDEO"},"content":{"rendered":"<p><a href=\"https:\/\/www.prijedordanas.com\/wp-content\/uploads\/2019\/02\/radovi-skola-rasavci-1.jpg\"><img loading=\"lazy\" decoding=\"async\" class=\"alignleft size-medium wp-image-122653\" src=\"https:\/\/www.prijedordanas.com\/wp-content\/uploads\/2019\/02\/radovi-skola-rasavci-1-300x222.jpg\" alt=\"\" width=\"300\" height=\"222\" srcset=\"https:\/\/www.prijedordanas.com\/wp-content\/uploads\/2019\/02\/radovi-skola-rasavci-1-300x222.jpg 300w, https:\/\/www.prijedordanas.com\/wp-content\/uploads\/2019\/02\/radovi-skola-rasavci-1-100x74.jpg 100w, https:\/\/www.prijedordanas.com\/wp-content\/uploads\/2019\/02\/radovi-skola-rasavci-1.jpg 675w\" sizes=\"(max-width: 300px) 100vw, 300px\" \/><\/a>Do naredne \u0161kolske godine trebalo bi da bude zavr\u0161ena adaptacija i dogradnja jedne od najbrojnijih prijedorskih podru\u010dnih \u0161kola, Osnovne \u0161kole &#8220;Dositej Obradovi\u0107&#8221; u Rasavcima.<\/p>\n<p>Zbog rekonstrukcije i dogradnje Osnovne \u0161kole u prijedorskim Rasavcima, 46 \u0111aka, me\u0111u kojima je i deset prva\u010di\u0107a, od po\u010detka ove \u0161kolske godine svakodnevno na nastavu putuju u Prijedor.<\/p>\n<p>&#8211; Svaki dan pratim svog brata, on je drugi razred. Evo, ve\u0107 od po\u010detka polugodi\u0161ta svaki dan putuju u grad &#8211; ka\u017ee Tanja Vidi\u010devi\u0107, mje\u0161tanka Rasavaca, a njena kom\u0161inica Dara Stojni\u0107 poru\u010duje:<\/p>\n<p>&#8211; Moram ih pratiti, kada autobus dolazi, moram do\u0107i po njih. Drago nam je \u0161to \u0107emo imati lijepu \u0161kolu u selu.<\/p>\n<p><a href=\"https:\/\/www.prijedordanas.com\/wp-content\/uploads\/2019\/02\/radovi-skola-rasavci-2.jpg\"><img loading=\"lazy\" decoding=\"async\" class=\"alignleft size-medium wp-image-122654\" src=\"https:\/\/www.prijedordanas.com\/wp-content\/uploads\/2019\/02\/radovi-skola-rasavci-2-300x222.jpg\" alt=\"\" width=\"300\" height=\"222\" srcset=\"https:\/\/www.prijedordanas.com\/wp-content\/uploads\/2019\/02\/radovi-skola-rasavci-2-300x222.jpg 300w, https:\/\/www.prijedordanas.com\/wp-content\/uploads\/2019\/02\/radovi-skola-rasavci-2-100x74.jpg 100w, https:\/\/www.prijedordanas.com\/wp-content\/uploads\/2019\/02\/radovi-skola-rasavci-2.jpg 675w\" sizes=\"(max-width: 300px) 100vw, 300px\" \/><\/a>Projektom je unutra\u0161nji prostor funkcinalno rekonstruisan, neuslovni sanitarni \u010dvor bi\u0107e zamijenjen novim, a dogra\u0111eni su ulazni hol i kotlovnica.<\/p>\n<p>&#8211; Dole \u0107emo dobiti dvije normalne u\u010dionice i jednu manju za pripremni razred, kako to sad ide kod nas, gore imamo zbornicu. Dakle tri nove prostorije, zbornica i dva kabineta &#8211; poru\u010duje arhitekta Veljko Hrgar.<\/p>\n<p>S obzirom na to da je ovaj \u0161kolski objekat star vi\u0161e od stotinu godina, roditelji u\u010denika insistirali su na betonskoj krovnoj kontrukciji i savremenom na\u010dinu gradnje, \u0161to je zahtijevalo izmjenu projekta i dodatne tro\u0161kove. Radove finansiraju Vlada Srpske i Grad Prijedor.<\/p>\n<p>&#8211; \u0160kola napreduje novim tempom, po\u010delo je unutra\u0161nje ure\u0111enje prostora i ovo \u0107e biti jedna izuzetno lijepa sa izuzetno sna\u017enom konstrukcijom. Po\u010detak radova je bio po cijeni negdje oko 280. 000 KM, sada ovi novi tro\u0161kovi koji su se pojavili sa izradom betonskih plafonskih dijelova \u0107e iziskivati nove tro\u0161kove &#8211; ka\u017ee Milenko \u0110akovi\u0107, gradona\u010delnik Prijedora.<\/p>\n<p>Ova \u0161kola bilje\u017ei pove\u0107anje broja u\u010denika, a radovi na obnovi trebalo bi da budu zavr\u0161eni do ljeta.<\/p>\n<p>RTRS<\/p>\n<div style=\"width: 640px;\" class=\"wp-video\"><!--[if lt IE 9]><script>document.createElement('video');<\/script><![endif]-->\n<video class=\"wp-video-shortcode\" id=\"video-122652-1\" width=\"640\" height=\"360\" preload=\"metadata\" controls=\"controls\"><source type=\"video\/mp4\" src=\"https:\/\/arh3.rtrs.tv\/arhiva\/2019\/02\/27\/tvclip034254.mp4?_=1\" \/><a href=\"https:\/\/arh3.rtrs.tv\/arhiva\/2019\/02\/27\/tvclip034254.mp4\">https:\/\/arh3.rtrs.tv\/arhiva\/2019\/02\/27\/tvclip034254.mp4<\/a><\/video><\/div>\n<p><a href=\"https:\/\/www.prijedordanas.com\/wp-content\/uploads\/2019\/02\/radovi-skola-rasavci-3.jpg\"><img loading=\"lazy\" decoding=\"async\" src=\"https:\/\/www.prijedordanas.com\/wp-content\/uploads\/2019\/02\/radovi-skola-rasavci-3-300x199.jpg\" alt=\"\" width=\"300\" height=\"199\" class=\"alignleft size-medium wp-image-122655\" srcset=\"https:\/\/www.prijedordanas.com\/wp-content\/uploads\/2019\/02\/radovi-skola-rasavci-3-300x199.jpg 300w, https:\/\/www.prijedordanas.com\/wp-content\/uploads\/2019\/02\/radovi-skola-rasavci-3-100x66.jpg 100w, https:\/\/www.prijedordanas.com\/wp-content\/uploads\/2019\/02\/radovi-skola-rasavci-3-480x320.jpg 480w, https:\/\/www.prijedordanas.com\/wp-content\/uploads\/2019\/02\/radovi-skola-rasavci-3.jpg 600w\" sizes=\"(max-width: 300px) 100vw, 300px\" \/><\/a> <a href=\"https:\/\/www.prijedordanas.com\/wp-content\/uploads\/2019\/02\/radovi-skola-rasavci-4.jpg\"><img loading=\"lazy\" decoding=\"async\" src=\"https:\/\/www.prijedordanas.com\/wp-content\/uploads\/2019\/02\/radovi-skola-rasavci-4-300x199.jpg\" alt=\"\" width=\"300\" height=\"199\" class=\"alignleft size-medium wp-image-122656\" srcset=\"https:\/\/www.prijedordanas.com\/wp-content\/uploads\/2019\/02\/radovi-skola-rasavci-4-300x199.jpg 300w, https:\/\/www.prijedordanas.com\/wp-content\/uploads\/2019\/02\/radovi-skola-rasavci-4-100x66.jpg 100w, https:\/\/www.prijedordanas.com\/wp-content\/uploads\/2019\/02\/radovi-skola-rasavci-4-480x320.jpg 480w, https:\/\/www.prijedordanas.com\/wp-content\/uploads\/2019\/02\/radovi-skola-rasavci-4.jpg 600w\" sizes=\"(max-width: 300px) 100vw, 300px\" \/><\/a> <a href=\"https:\/\/www.prijedordanas.com\/wp-content\/uploads\/2019\/02\/radovi-skola-rasavci-5.jpg\"><img loading=\"lazy\" decoding=\"async\" src=\"https:\/\/www.prijedordanas.com\/wp-content\/uploads\/2019\/02\/radovi-skola-rasavci-5-300x199.jpg\" alt=\"\" width=\"300\" height=\"199\" class=\"alignleft size-medium wp-image-122657\" srcset=\"https:\/\/www.prijedordanas.com\/wp-content\/uploads\/2019\/02\/radovi-skola-rasavci-5-300x199.jpg 300w, https:\/\/www.prijedordanas.com\/wp-content\/uploads\/2019\/02\/radovi-skola-rasavci-5-100x66.jpg 100w, https:\/\/www.prijedordanas.com\/wp-content\/uploads\/2019\/02\/radovi-skola-rasavci-5-480x320.jpg 480w, https:\/\/www.prijedordanas.com\/wp-content\/uploads\/2019\/02\/radovi-skola-rasavci-5.jpg 600w\" sizes=\"(max-width: 300px) 100vw, 300px\" \/><\/a> <a href=\"https:\/\/www.prijedordanas.com\/wp-content\/uploads\/2019\/02\/radovi-skola-rasavci-6.jpg\"><img loading=\"lazy\" decoding=\"async\" src=\"https:\/\/www.prijedordanas.com\/wp-content\/uploads\/2019\/02\/radovi-skola-rasavci-6-300x199.jpg\" alt=\"\" width=\"300\" height=\"199\" class=\"alignleft size-medium wp-image-122658\" srcset=\"https:\/\/www.prijedordanas.com\/wp-content\/uploads\/2019\/02\/radovi-skola-rasavci-6-300x199.jpg 300w, https:\/\/www.prijedordanas.com\/wp-content\/uploads\/2019\/02\/radovi-skola-rasavci-6-100x66.jpg 100w, https:\/\/www.prijedordanas.com\/wp-content\/uploads\/2019\/02\/radovi-skola-rasavci-6-480x320.jpg 480w, https:\/\/www.prijedordanas.com\/wp-content\/uploads\/2019\/02\/radovi-skola-rasavci-6.jpg 600w\" sizes=\"(max-width: 300px) 100vw, 300px\" \/><\/a> <a href=\"https:\/\/www.prijedordanas.com\/wp-content\/uploads\/2019\/02\/radovi-skola-rasavci-7.jpg\"><img loading=\"lazy\" decoding=\"async\" src=\"https:\/\/www.prijedordanas.com\/wp-content\/uploads\/2019\/02\/radovi-skola-rasavci-7-300x199.jpg\" alt=\"\" width=\"300\" height=\"199\" class=\"alignleft size-medium wp-image-122659\" srcset=\"https:\/\/www.prijedordanas.com\/wp-content\/uploads\/2019\/02\/radovi-skola-rasavci-7-300x199.jpg 300w, https:\/\/www.prijedordanas.com\/wp-content\/uploads\/2019\/02\/radovi-skola-rasavci-7-100x66.jpg 100w, https:\/\/www.prijedordanas.com\/wp-content\/uploads\/2019\/02\/radovi-skola-rasavci-7-480x320.jpg 480w, https:\/\/www.prijedordanas.com\/wp-content\/uploads\/2019\/02\/radovi-skola-rasavci-7.jpg 600w\" sizes=\"(max-width: 300px) 100vw, 300px\" \/><\/a> <a href=\"https:\/\/www.prijedordanas.com\/wp-content\/uploads\/2019\/02\/radovi-skola-rasavci-8.jpg\"><img loading=\"lazy\" decoding=\"async\" src=\"https:\/\/www.prijedordanas.com\/wp-content\/uploads\/2019\/02\/radovi-skola-rasavci-8-300x199.jpg\" alt=\"\" width=\"300\" height=\"199\" class=\"alignleft size-medium wp-image-122660\" srcset=\"https:\/\/www.prijedordanas.com\/wp-content\/uploads\/2019\/02\/radovi-skola-rasavci-8-300x199.jpg 300w, https:\/\/www.prijedordanas.com\/wp-content\/uploads\/2019\/02\/radovi-skola-rasavci-8-100x66.jpg 100w, https:\/\/www.prijedordanas.com\/wp-content\/uploads\/2019\/02\/radovi-skola-rasavci-8-480x320.jpg 480w, https:\/\/www.prijedordanas.com\/wp-content\/uploads\/2019\/02\/radovi-skola-rasavci-8.jpg 600w\" sizes=\"(max-width: 300px) 100vw, 300px\" \/><\/a><\/p>\n","protected":false},"excerpt":{"rendered":"<p>Do naredne \u0161kolske godine trebalo bi da bude zavr\u0161ena adaptacija i dogradnja jedne od najbrojnijih prijedorskih podru\u010dnih \u0161kola, Osnovne \u0161kole &#8220;Dositej Obradovi\u0107&#8221; u Rasavcima. Zbog rekonstrukcije i dogradnje Osnovne \u0161kole [&hellip;]<\/p>\n","protected":false},"author":1,"featured_media":0,"comment_status":"closed","ping_status":"open","sticky":false,"template":"","format":"standard","meta":{"_monsterinsights_skip_tracking":false,"_monsterinsights_sitenote_active":false,"_monsterinsights_sitenote_note":"","_monsterinsights_sitenote_category":0,"footnotes":""},"categories":[8],"tags":[1003],"yoast_head":"<!-- This site is optimized with the Yoast SEO plugin v21.6 - https:\/\/yoast.com\/wordpress\/plugins\/seo\/ -->\n<title>U TOKU REKONSTRUKCIJA OSNOVNE \u0160KOLE U RASAVCIMA \u2013 FOTO\/VIDEO - PrijedorDanas.com - Prijedorski gradski portal<\/title>\n<meta name=\"robots\" content=\"index, follow, max-snippet:-1, max-image-preview:large, max-video-preview:-1\" \/>\n<link rel=\"canonical\" href=\"https:\/\/www.prijedordanas.com\/?p=122652\" \/>\n<meta property=\"og:locale\" content=\"en_US\" \/>\n<meta property=\"og:type\" content=\"article\" \/>\n<meta property=\"og:title\" content=\"U TOKU REKONSTRUKCIJA OSNOVNE \u0160KOLE U RASAVCIMA \u2013 FOTO\/VIDEO - PrijedorDanas.com - Prijedorski gradski portal\" \/>\n<meta property=\"og:description\" content=\"Do naredne \u0161kolske godine trebalo bi da bude zavr\u0161ena adaptacija i dogradnja jedne od najbrojnijih prijedorskih podru\u010dnih \u0161kola, Osnovne \u0161kole &#8220;Dositej Obradovi\u0107&#8221; u Rasavcima. Zbog rekonstrukcije i dogradnje Osnovne \u0161kole [&hellip;]\" \/>\n<meta property=\"og:url\" content=\"https:\/\/www.prijedordanas.com\/?p=122652\" \/>\n<meta property=\"og:site_name\" content=\"PrijedorDanas.com - Prijedorski gradski portal\" \/>\n<meta property=\"article:publisher\" content=\"https:\/\/www.facebook.com\/PrijedorDanasCom\/\" \/>\n<meta property=\"article:published_time\" content=\"2019-02-27T20:01:23+00:00\" \/>\n<meta property=\"og:image\" content=\"https:\/\/www.prijedordanas.com\/wp-content\/uploads\/2019\/02\/radovi-skola-rasavci-1-300x222.jpg\" \/>\n<meta name=\"author\" content=\"admin\" \/>\n<meta name=\"twitter:card\" content=\"summary_large_image\" \/>\n<meta name=\"twitter:label1\" content=\"Written by\" \/>\n\t<meta name=\"twitter:data1\" content=\"admin\" \/>\n\t<meta name=\"twitter:label2\" content=\"Est. reading time\" \/>\n\t<meta name=\"twitter:data2\" content=\"2 minutes\" \/>\n<script type=\"application\/ld+json\" class=\"yoast-schema-graph\">{\"@context\":\"https:\/\/schema.org\",\"@graph\":[{\"@type\":\"Article\",\"@id\":\"https:\/\/www.prijedordanas.com\/?p=122652#article\",\"isPartOf\":{\"@id\":\"https:\/\/www.prijedordanas.com\/?p=122652\"},\"author\":{\"name\":\"admin\",\"@id\":\"https:\/\/www.prijedordanas.com\/#\/schema\/person\/4e08ccf29b506ca916ff86d46bb700e6\"},\"headline\":\"U TOKU REKONSTRUKCIJA OSNOVNE \u0160KOLE U RASAVCIMA \u2013 FOTO\/VIDEO\",\"datePublished\":\"2019-02-27T20:01:23+00:00\",\"dateModified\":\"2019-02-27T20:01:23+00:00\",\"mainEntityOfPage\":{\"@id\":\"https:\/\/www.prijedordanas.com\/?p=122652\"},\"wordCount\":322,\"publisher\":{\"@id\":\"https:\/\/www.prijedordanas.com\/#organization\"},\"keywords\":[\"Rasavci\"],\"articleSection\":[\"Svakodnevno\"],\"inLanguage\":\"en-US\"},{\"@type\":\"WebPage\",\"@id\":\"https:\/\/www.prijedordanas.com\/?p=122652\",\"url\":\"https:\/\/www.prijedordanas.com\/?p=122652\",\"name\":\"U TOKU REKONSTRUKCIJA OSNOVNE \u0160KOLE U RASAVCIMA \u2013 FOTO\/VIDEO - PrijedorDanas.com - Prijedorski gradski portal\",\"isPartOf\":{\"@id\":\"https:\/\/www.prijedordanas.com\/#website\"},\"datePublished\":\"2019-02-27T20:01:23+00:00\",\"dateModified\":\"2019-02-27T20:01:23+00:00\",\"breadcrumb\":{\"@id\":\"https:\/\/www.prijedordanas.com\/?p=122652#breadcrumb\"},\"inLanguage\":\"en-US\",\"potentialAction\":[{\"@type\":\"ReadAction\",\"target\":[\"https:\/\/www.prijedordanas.com\/?p=122652\"]}]},{\"@type\":\"BreadcrumbList\",\"@id\":\"https:\/\/www.prijedordanas.com\/?p=122652#breadcrumb\",\"itemListElement\":[{\"@type\":\"ListItem\",\"position\":1,\"name\":\"Home\",\"item\":\"https:\/\/www.prijedordanas.com\/\"},{\"@type\":\"ListItem\",\"position\":2,\"name\":\"U TOKU REKONSTRUKCIJA OSNOVNE \u0160KOLE U RASAVCIMA \u2013 FOTO\/VIDEO\"}]},{\"@type\":\"WebSite\",\"@id\":\"https:\/\/www.prijedordanas.com\/#website\",\"url\":\"https:\/\/www.prijedordanas.com\/\",\"name\":\"PrijedorDanas.com - Prijedorski gradski portal\",\"description\":\"Portal o doga\u0111anjima u gradu Prijedoru\",\"publisher\":{\"@id\":\"https:\/\/www.prijedordanas.com\/#organization\"},\"potentialAction\":[{\"@type\":\"SearchAction\",\"target\":{\"@type\":\"EntryPoint\",\"urlTemplate\":\"https:\/\/www.prijedordanas.com\/?s={search_term_string}\"},\"query-input\":\"required name=search_term_string\"}],\"inLanguage\":\"en-US\"},{\"@type\":\"Organization\",\"@id\":\"https:\/\/www.prijedordanas.com\/#organization\",\"name\":\"PrijedorDanas.com\",\"url\":\"https:\/\/www.prijedordanas.com\/\",\"logo\":{\"@type\":\"ImageObject\",\"inLanguage\":\"en-US\",\"@id\":\"https:\/\/www.prijedordanas.com\/#\/schema\/logo\/image\/\",\"url\":\"http:\/\/www.prijedordanas.com\/wp-content\/uploads\/2021\/12\/logopng.png\",\"contentUrl\":\"http:\/\/www.prijedordanas.com\/wp-content\/uploads\/2021\/12\/logopng.png\",\"width\":1019,\"height\":776,\"caption\":\"PrijedorDanas.com\"},\"image\":{\"@id\":\"https:\/\/www.prijedordanas.com\/#\/schema\/logo\/image\/\"},\"sameAs\":[\"https:\/\/www.facebook.com\/PrijedorDanasCom\/\"]},{\"@type\":\"Person\",\"@id\":\"https:\/\/www.prijedordanas.com\/#\/schema\/person\/4e08ccf29b506ca916ff86d46bb700e6\",\"name\":\"admin\",\"image\":{\"@type\":\"ImageObject\",\"inLanguage\":\"en-US\",\"@id\":\"https:\/\/www.prijedordanas.com\/#\/schema\/person\/image\/\",\"url\":\"https:\/\/secure.gravatar.com\/avatar\/1d3fc949d550f0b53a5f0d51e06dfd79?s=96&d=mm&r=g\",\"contentUrl\":\"https:\/\/secure.gravatar.com\/avatar\/1d3fc949d550f0b53a5f0d51e06dfd79?s=96&d=mm&r=g\",\"caption\":\"admin\"},\"url\":\"https:\/\/www.prijedordanas.com\/?author=1\"}]}<\/script>\n<!-- \/ Yoast SEO plugin. -->","yoast_head_json":{"title":"U TOKU REKONSTRUKCIJA OSNOVNE \u0160KOLE U RASAVCIMA \u2013 FOTO\/VIDEO - PrijedorDanas.com - Prijedorski gradski portal","robots":{"index":"index","follow":"follow","max-snippet":"max-snippet:-1","max-image-preview":"max-image-preview:large","max-video-preview":"max-video-preview:-1"},"canonical":"https:\/\/www.prijedordanas.com\/?p=122652","og_locale":"en_US","og_type":"article","og_title":"U TOKU REKONSTRUKCIJA OSNOVNE \u0160KOLE U RASAVCIMA \u2013 FOTO\/VIDEO - PrijedorDanas.com - Prijedorski gradski portal","og_description":"Do naredne \u0161kolske godine trebalo bi da bude zavr\u0161ena adaptacija i dogradnja jedne od najbrojnijih prijedorskih podru\u010dnih \u0161kola, Osnovne \u0161kole &#8220;Dositej Obradovi\u0107&#8221; u Rasavcima. Zbog rekonstrukcije i dogradnje Osnovne \u0161kole [&hellip;]","og_url":"https:\/\/www.prijedordanas.com\/?p=122652","og_site_name":"PrijedorDanas.com - Prijedorski gradski portal","article_publisher":"https:\/\/www.facebook.com\/PrijedorDanasCom\/","article_published_time":"2019-02-27T20:01:23+00:00","og_image":[{"url":"https:\/\/www.prijedordanas.com\/wp-content\/uploads\/2019\/02\/radovi-skola-rasavci-1-300x222.jpg"}],"author":"admin","twitter_card":"summary_large_image","twitter_misc":{"Written by":"admin","Est. reading time":"2 minutes"},"schema":{"@context":"https:\/\/schema.org","@graph":[{"@type":"Article","@id":"https:\/\/www.prijedordanas.com\/?p=122652#article","isPartOf":{"@id":"https:\/\/www.prijedordanas.com\/?p=122652"},"author":{"name":"admin","@id":"https:\/\/www.prijedordanas.com\/#\/schema\/person\/4e08ccf29b506ca916ff86d46bb700e6"},"headline":"U TOKU REKONSTRUKCIJA OSNOVNE \u0160KOLE U RASAVCIMA \u2013 FOTO\/VIDEO","datePublished":"2019-02-27T20:01:23+00:00","dateModified":"2019-02-27T20:01:23+00:00","mainEntityOfPage":{"@id":"https:\/\/www.prijedordanas.com\/?p=122652"},"wordCount":322,"publisher":{"@id":"https:\/\/www.prijedordanas.com\/#organization"},"keywords":["Rasavci"],"articleSection":["Svakodnevno"],"inLanguage":"en-US"},{"@type":"WebPage","@id":"https:\/\/www.prijedordanas.com\/?p=122652","url":"https:\/\/www.prijedordanas.com\/?p=122652","name":"U TOKU REKONSTRUKCIJA OSNOVNE \u0160KOLE U RASAVCIMA \u2013 FOTO\/VIDEO - PrijedorDanas.com - Prijedorski gradski portal","isPartOf":{"@id":"https:\/\/www.prijedordanas.com\/#website"},"datePublished":"2019-02-27T20:01:23+00:00","dateModified":"2019-02-27T20:01:23+00:00","breadcrumb":{"@id":"https:\/\/www.prijedordanas.com\/?p=122652#breadcrumb"},"inLanguage":"en-US","potentialAction":[{"@type":"ReadAction","target":["https:\/\/www.prijedordanas.com\/?p=122652"]}]},{"@type":"BreadcrumbList","@id":"https:\/\/www.prijedordanas.com\/?p=122652#breadcrumb","itemListElement":[{"@type":"ListItem","position":1,"name":"Home","item":"https:\/\/www.prijedordanas.com\/"},{"@type":"ListItem","position":2,"name":"U TOKU REKONSTRUKCIJA OSNOVNE \u0160KOLE U RASAVCIMA \u2013 FOTO\/VIDEO"}]},{"@type":"WebSite","@id":"https:\/\/www.prijedordanas.com\/#website","url":"https:\/\/www.prijedordanas.com\/","name":"PrijedorDanas.com - Prijedorski gradski portal","description":"Portal o doga\u0111anjima u gradu Prijedoru","publisher":{"@id":"https:\/\/www.prijedordanas.com\/#organization"},"potentialAction":[{"@type":"SearchAction","target":{"@type":"EntryPoint","urlTemplate":"https:\/\/www.prijedordanas.com\/?s={search_term_string}"},"query-input":"required name=search_term_string"}],"inLanguage":"en-US"},{"@type":"Organization","@id":"https:\/\/www.prijedordanas.com\/#organization","name":"PrijedorDanas.com","url":"https:\/\/www.prijedordanas.com\/","logo":{"@type":"ImageObject","inLanguage":"en-US","@id":"https:\/\/www.prijedordanas.com\/#\/schema\/logo\/image\/","url":"http:\/\/www.prijedordanas.com\/wp-content\/uploads\/2021\/12\/logopng.png","contentUrl":"http:\/\/www.prijedordanas.com\/wp-content\/uploads\/2021\/12\/logopng.png","width":1019,"height":776,"caption":"PrijedorDanas.com"},"image":{"@id":"https:\/\/www.prijedordanas.com\/#\/schema\/logo\/image\/"},"sameAs":["https:\/\/www.facebook.com\/PrijedorDanasCom\/"]},{"@type":"Person","@id":"https:\/\/www.prijedordanas.com\/#\/schema\/person\/4e08ccf29b506ca916ff86d46bb700e6","name":"admin","image":{"@type":"ImageObject","inLanguage":"en-US","@id":"https:\/\/www.prijedordanas.com\/#\/schema\/person\/image\/","url":"https:\/\/secure.gravatar.com\/avatar\/1d3fc949d550f0b53a5f0d51e06dfd79?s=96&d=mm&r=g","contentUrl":"https:\/\/secure.gravatar.com\/avatar\/1d3fc949d550f0b53a5f0d51e06dfd79?s=96&d=mm&r=g","caption":"admin"},"url":"https:\/\/www.prijedordanas.com\/?author=1"}]}},"_links":{"self":[{"href":"https:\/\/www.prijedordanas.com\/index.php?rest_route=\/wp\/v2\/posts\/122652"}],"collection":[{"href":"https:\/\/www.prijedordanas.com\/index.php?rest_route=\/wp\/v2\/posts"}],"about":[{"href":"https:\/\/www.prijedordanas.com\/index.php?rest_route=\/wp\/v2\/types\/post"}],"author":[{"embeddable":true,"href":"https:\/\/www.prijedordanas.com\/index.php?rest_route=\/wp\/v2\/users\/1"}],"replies":[{"embeddable":true,"href":"https:\/\/www.prijedordanas.com\/index.php?rest_route=%2Fwp%2Fv2%2Fcomments&post=122652"}],"version-history":[{"count":1,"href":"https:\/\/www.prijedordanas.com\/index.php?rest_route=\/wp\/v2\/posts\/122652\/revisions"}],"predecessor-version":[{"id":122661,"href":"https:\/\/www.prijedordanas.com\/index.php?rest_route=\/wp\/v2\/posts\/122652\/revisions\/122661"}],"wp:attachment":[{"href":"https:\/\/www.prijedordanas.com\/index.php?rest_route=%2Fwp%2Fv2%2Fmedia&parent=122652"}],"wp:term":[{"taxonomy":"category","embeddable":true,"href":"https:\/\/www.prijedordanas.com\/index.php?rest_route=%2Fwp%2Fv2%2Fcategories&post=122652"},{"taxonomy":"post_tag","embeddable":true,"href":"https:\/\/www.prijedordanas.com\/index.php?rest_route=%2Fwp%2Fv2%2Ftags&post=122652"}],"curies":[{"name":"wp","href":"https:\/\/api.w.org\/{rel}","templated":true}]}}