{"id":122585,"date":"2019-02-26T22:15:04","date_gmt":"2019-02-26T21:15:04","guid":{"rendered":"https:\/\/www.prijedordanas.com\/?p=122585"},"modified":"2019-02-26T22:16:26","modified_gmt":"2019-02-26T21:16:26","slug":"prijedor-odrzana-konferencija-energetski-dani-video","status":"publish","type":"post","link":"https:\/\/www.prijedordanas.com\/?p=122585","title":{"rendered":"PRIJEDOR: ODR\u017dANA KONFERENCIJA \u201cENERGETSKI DANI\u201d &#8211; VIDEO"},"content":{"rendered":"<p><a href=\"https:\/\/www.prijedordanas.com\/wp-content\/uploads\/2019\/02\/energetski-dani-2019-1.jpg\"><img loading=\"lazy\" decoding=\"async\" src=\"https:\/\/www.prijedordanas.com\/wp-content\/uploads\/2019\/02\/energetski-dani-2019-1-300x217.jpg\" alt=\"\" width=\"300\" height=\"217\" class=\"alignleft size-medium wp-image-122589\" srcset=\"https:\/\/www.prijedordanas.com\/wp-content\/uploads\/2019\/02\/energetski-dani-2019-1-300x217.jpg 300w, https:\/\/www.prijedordanas.com\/wp-content\/uploads\/2019\/02\/energetski-dani-2019-1-100x72.jpg 100w, https:\/\/www.prijedordanas.com\/wp-content\/uploads\/2019\/02\/energetski-dani-2019-1.jpg 690w\" sizes=\"(max-width: 300px) 100vw, 300px\" \/><\/a>U Prijedoru je odr\u017eana konferencija &#8220;Energetski dani&#8221;. <\/p>\n<p>Glavni cilj je promocija energetske efikasnosti i upotrebe obnovljivih izvora energije u malim i srednjim preduze\u0107ima.<\/p>\n<p>Projekat je od velikog zna\u010daja za grad Prijedor, jer je nastavak aktivnosti u okviru kojih \u0107e biti realizovan novi akcioni plan energetski odr\u017eivog razvoja i klimatskih promjena, \u0161to je i zakonska obaveza Prijedora kao grada sa vi\u0161e od 20.000 stanovnika.<\/p>\n<p>&#8211; Na ovoj konferenciji \u0107emo razmijeniti primjere dobre prakse, neke programe podr\u0161ke koji \u0107e biti dostupni, kao i politike energetske efikasnosti na lokalnom nivou &#8211; rekao je Rade Rosi\u0107, na\u010delnik Odjeljenja za privredu i poljoprivredu grada Prijedora.<\/p>\n<p><a href=\"https:\/\/www.prijedordanas.com\/wp-content\/uploads\/2019\/02\/energetski-dani-2019-2.jpg\"><img loading=\"lazy\" decoding=\"async\" src=\"https:\/\/www.prijedordanas.com\/wp-content\/uploads\/2019\/02\/energetski-dani-2019-2-300x222.jpg\" alt=\"\" width=\"300\" height=\"222\" class=\"alignleft size-medium wp-image-122590\" srcset=\"https:\/\/www.prijedordanas.com\/wp-content\/uploads\/2019\/02\/energetski-dani-2019-2-300x222.jpg 300w, https:\/\/www.prijedordanas.com\/wp-content\/uploads\/2019\/02\/energetski-dani-2019-2-100x74.jpg 100w, https:\/\/www.prijedordanas.com\/wp-content\/uploads\/2019\/02\/energetski-dani-2019-2.jpg 675w\" sizes=\"(max-width: 300px) 100vw, 300px\" \/><\/a>Kreirane su baze podataka za pra\u0107enje akcionih planova, a u toku je i izrada softvera za uvo\u0111enje energetskog menad\u017ementa u mala i srednja preduze\u0107a. Cilj je pobolj\u0161anje energetske efikasnosti.<\/p>\n<p>&#8211; Imamo softver koji zahvaljuju\u0107i uno\u0161enju odre\u0111enih parametara ra\u010duna da li je po jedinici proizvoda potro\u0161eno vi\u0161e ili manje energije u odnosu na neke o\u010dekivane prosjeke, te se na osnovu dobijenih podataka mo\u017ee vr\u0161iti nivelacija postoje\u0107e potro\u0161nje energije &#8211; naveo je Boris Srdi\u0107, Agencija za ekonomski razvoj grada Prijedora &#8220;PREDA-PD&#8221;.<\/p>\n<p>Vrijednost projekta, koji se sprovodi u okviru programa PRO-LOKAL, koji zajedni\u010dki realizuju Evropska unija i njema\u010dka Vlada, je 143.000 KM.<\/p>\n<p>RTRS<\/p>\n<div style=\"width: 640px;\" class=\"wp-video\"><!--[if lt IE 9]><script>document.createElement('video');<\/script><![endif]-->\n<video class=\"wp-video-shortcode\" id=\"video-122585-1\" width=\"640\" height=\"360\" preload=\"metadata\" controls=\"controls\"><source type=\"video\/mp4\" src=\"https:\/\/arh3.rtrs.tv\/arhiva\/2019\/02\/26\/tvclip034227.mp4?_=1\" \/><a href=\"https:\/\/arh3.rtrs.tv\/arhiva\/2019\/02\/26\/tvclip034227.mp4\">https:\/\/arh3.rtrs.tv\/arhiva\/2019\/02\/26\/tvclip034227.mp4<\/a><\/video><\/div>\n<p><a href=\"https:\/\/www.prijedordanas.com\/wp-content\/uploads\/2019\/02\/energetski-dani-2019-3.jpg\"><img loading=\"lazy\" decoding=\"async\" src=\"https:\/\/www.prijedordanas.com\/wp-content\/uploads\/2019\/02\/energetski-dani-2019-3-300x222.jpg\" alt=\"\" width=\"300\" height=\"222\" class=\"alignleft size-medium wp-image-122591\" srcset=\"https:\/\/www.prijedordanas.com\/wp-content\/uploads\/2019\/02\/energetski-dani-2019-3-300x222.jpg 300w, https:\/\/www.prijedordanas.com\/wp-content\/uploads\/2019\/02\/energetski-dani-2019-3-100x74.jpg 100w, https:\/\/www.prijedordanas.com\/wp-content\/uploads\/2019\/02\/energetski-dani-2019-3.jpg 675w\" sizes=\"(max-width: 300px) 100vw, 300px\" \/><\/a><\/p>\n","protected":false},"excerpt":{"rendered":"<p>U Prijedoru je odr\u017eana konferencija &#8220;Energetski dani&#8221;. Glavni cilj je promocija energetske efikasnosti i upotrebe obnovljivih izvora energije u malim i srednjim preduze\u0107ima. Projekat je od velikog zna\u010daja za grad [&hellip;]<\/p>\n","protected":false},"author":1,"featured_media":0,"comment_status":"closed","ping_status":"open","sticky":false,"template":"","format":"standard","meta":{"_monsterinsights_skip_tracking":false,"_monsterinsights_sitenote_active":false,"_monsterinsights_sitenote_note":"","_monsterinsights_sitenote_category":0,"footnotes":""},"categories":[8],"tags":[],"yoast_head":"<!-- This site is optimized with the Yoast SEO plugin v21.6 - https:\/\/yoast.com\/wordpress\/plugins\/seo\/ -->\n<title>PRIJEDOR: ODR\u017dANA KONFERENCIJA \u201cENERGETSKI DANI\u201d - VIDEO - PrijedorDanas.com - Prijedorski gradski portal<\/title>\n<meta name=\"robots\" content=\"index, follow, max-snippet:-1, max-image-preview:large, max-video-preview:-1\" \/>\n<link rel=\"canonical\" href=\"https:\/\/www.prijedordanas.com\/?p=122585\" \/>\n<meta property=\"og:locale\" content=\"en_US\" \/>\n<meta property=\"og:type\" content=\"article\" \/>\n<meta property=\"og:title\" content=\"PRIJEDOR: ODR\u017dANA KONFERENCIJA \u201cENERGETSKI DANI\u201d - VIDEO - PrijedorDanas.com - Prijedorski gradski portal\" \/>\n<meta property=\"og:description\" content=\"U Prijedoru je odr\u017eana konferencija &#8220;Energetski dani&#8221;. Glavni cilj je promocija energetske efikasnosti i upotrebe obnovljivih izvora energije u malim i srednjim preduze\u0107ima. Projekat je od velikog zna\u010daja za grad [&hellip;]\" \/>\n<meta property=\"og:url\" content=\"https:\/\/www.prijedordanas.com\/?p=122585\" \/>\n<meta property=\"og:site_name\" content=\"PrijedorDanas.com - Prijedorski gradski portal\" \/>\n<meta property=\"article:publisher\" content=\"https:\/\/www.facebook.com\/PrijedorDanasCom\/\" \/>\n<meta property=\"article:published_time\" content=\"2019-02-26T21:15:04+00:00\" \/>\n<meta property=\"article:modified_time\" content=\"2019-02-26T21:16:26+00:00\" \/>\n<meta property=\"og:image\" content=\"https:\/\/www.prijedordanas.com\/wp-content\/uploads\/2019\/02\/energetski-dani-2019-1-300x217.jpg\" \/>\n<meta name=\"author\" content=\"admin\" \/>\n<meta name=\"twitter:card\" content=\"summary_large_image\" \/>\n<meta name=\"twitter:label1\" content=\"Written by\" \/>\n\t<meta name=\"twitter:data1\" content=\"admin\" \/>\n\t<meta name=\"twitter:label2\" content=\"Est. reading time\" \/>\n\t<meta name=\"twitter:data2\" content=\"1 minute\" \/>\n<script type=\"application\/ld+json\" class=\"yoast-schema-graph\">{\"@context\":\"https:\/\/schema.org\",\"@graph\":[{\"@type\":\"Article\",\"@id\":\"https:\/\/www.prijedordanas.com\/?p=122585#article\",\"isPartOf\":{\"@id\":\"https:\/\/www.prijedordanas.com\/?p=122585\"},\"author\":{\"name\":\"admin\",\"@id\":\"https:\/\/www.prijedordanas.com\/#\/schema\/person\/4e08ccf29b506ca916ff86d46bb700e6\"},\"headline\":\"PRIJEDOR: ODR\u017dANA KONFERENCIJA \u201cENERGETSKI DANI\u201d &#8211; VIDEO\",\"datePublished\":\"2019-02-26T21:15:04+00:00\",\"dateModified\":\"2019-02-26T21:16:26+00:00\",\"mainEntityOfPage\":{\"@id\":\"https:\/\/www.prijedordanas.com\/?p=122585\"},\"wordCount\":238,\"publisher\":{\"@id\":\"https:\/\/www.prijedordanas.com\/#organization\"},\"articleSection\":[\"Svakodnevno\"],\"inLanguage\":\"en-US\"},{\"@type\":\"WebPage\",\"@id\":\"https:\/\/www.prijedordanas.com\/?p=122585\",\"url\":\"https:\/\/www.prijedordanas.com\/?p=122585\",\"name\":\"PRIJEDOR: ODR\u017dANA KONFERENCIJA \u201cENERGETSKI DANI\u201d - VIDEO - PrijedorDanas.com - Prijedorski gradski portal\",\"isPartOf\":{\"@id\":\"https:\/\/www.prijedordanas.com\/#website\"},\"datePublished\":\"2019-02-26T21:15:04+00:00\",\"dateModified\":\"2019-02-26T21:16:26+00:00\",\"breadcrumb\":{\"@id\":\"https:\/\/www.prijedordanas.com\/?p=122585#breadcrumb\"},\"inLanguage\":\"en-US\",\"potentialAction\":[{\"@type\":\"ReadAction\",\"target\":[\"https:\/\/www.prijedordanas.com\/?p=122585\"]}]},{\"@type\":\"BreadcrumbList\",\"@id\":\"https:\/\/www.prijedordanas.com\/?p=122585#breadcrumb\",\"itemListElement\":[{\"@type\":\"ListItem\",\"position\":1,\"name\":\"Home\",\"item\":\"https:\/\/www.prijedordanas.com\/\"},{\"@type\":\"ListItem\",\"position\":2,\"name\":\"PRIJEDOR: ODR\u017dANA KONFERENCIJA \u201cENERGETSKI DANI\u201d &#8211; VIDEO\"}]},{\"@type\":\"WebSite\",\"@id\":\"https:\/\/www.prijedordanas.com\/#website\",\"url\":\"https:\/\/www.prijedordanas.com\/\",\"name\":\"PrijedorDanas.com - Prijedorski gradski portal\",\"description\":\"Portal o doga\u0111anjima u gradu Prijedoru\",\"publisher\":{\"@id\":\"https:\/\/www.prijedordanas.com\/#organization\"},\"potentialAction\":[{\"@type\":\"SearchAction\",\"target\":{\"@type\":\"EntryPoint\",\"urlTemplate\":\"https:\/\/www.prijedordanas.com\/?s={search_term_string}\"},\"query-input\":\"required name=search_term_string\"}],\"inLanguage\":\"en-US\"},{\"@type\":\"Organization\",\"@id\":\"https:\/\/www.prijedordanas.com\/#organization\",\"name\":\"PrijedorDanas.com\",\"url\":\"https:\/\/www.prijedordanas.com\/\",\"logo\":{\"@type\":\"ImageObject\",\"inLanguage\":\"en-US\",\"@id\":\"https:\/\/www.prijedordanas.com\/#\/schema\/logo\/image\/\",\"url\":\"http:\/\/www.prijedordanas.com\/wp-content\/uploads\/2021\/12\/logopng.png\",\"contentUrl\":\"http:\/\/www.prijedordanas.com\/wp-content\/uploads\/2021\/12\/logopng.png\",\"width\":1019,\"height\":776,\"caption\":\"PrijedorDanas.com\"},\"image\":{\"@id\":\"https:\/\/www.prijedordanas.com\/#\/schema\/logo\/image\/\"},\"sameAs\":[\"https:\/\/www.facebook.com\/PrijedorDanasCom\/\"]},{\"@type\":\"Person\",\"@id\":\"https:\/\/www.prijedordanas.com\/#\/schema\/person\/4e08ccf29b506ca916ff86d46bb700e6\",\"name\":\"admin\",\"image\":{\"@type\":\"ImageObject\",\"inLanguage\":\"en-US\",\"@id\":\"https:\/\/www.prijedordanas.com\/#\/schema\/person\/image\/\",\"url\":\"https:\/\/secure.gravatar.com\/avatar\/1d3fc949d550f0b53a5f0d51e06dfd79?s=96&d=mm&r=g\",\"contentUrl\":\"https:\/\/secure.gravatar.com\/avatar\/1d3fc949d550f0b53a5f0d51e06dfd79?s=96&d=mm&r=g\",\"caption\":\"admin\"},\"url\":\"https:\/\/www.prijedordanas.com\/?author=1\"}]}<\/script>\n<!-- \/ Yoast SEO plugin. -->","yoast_head_json":{"title":"PRIJEDOR: ODR\u017dANA KONFERENCIJA \u201cENERGETSKI DANI\u201d - VIDEO - PrijedorDanas.com - Prijedorski gradski portal","robots":{"index":"index","follow":"follow","max-snippet":"max-snippet:-1","max-image-preview":"max-image-preview:large","max-video-preview":"max-video-preview:-1"},"canonical":"https:\/\/www.prijedordanas.com\/?p=122585","og_locale":"en_US","og_type":"article","og_title":"PRIJEDOR: ODR\u017dANA KONFERENCIJA \u201cENERGETSKI DANI\u201d - VIDEO - PrijedorDanas.com - Prijedorski gradski portal","og_description":"U Prijedoru je odr\u017eana konferencija &#8220;Energetski dani&#8221;. Glavni cilj je promocija energetske efikasnosti i upotrebe obnovljivih izvora energije u malim i srednjim preduze\u0107ima. Projekat je od velikog zna\u010daja za grad [&hellip;]","og_url":"https:\/\/www.prijedordanas.com\/?p=122585","og_site_name":"PrijedorDanas.com - Prijedorski gradski portal","article_publisher":"https:\/\/www.facebook.com\/PrijedorDanasCom\/","article_published_time":"2019-02-26T21:15:04+00:00","article_modified_time":"2019-02-26T21:16:26+00:00","og_image":[{"url":"https:\/\/www.prijedordanas.com\/wp-content\/uploads\/2019\/02\/energetski-dani-2019-1-300x217.jpg"}],"author":"admin","twitter_card":"summary_large_image","twitter_misc":{"Written by":"admin","Est. reading time":"1 minute"},"schema":{"@context":"https:\/\/schema.org","@graph":[{"@type":"Article","@id":"https:\/\/www.prijedordanas.com\/?p=122585#article","isPartOf":{"@id":"https:\/\/www.prijedordanas.com\/?p=122585"},"author":{"name":"admin","@id":"https:\/\/www.prijedordanas.com\/#\/schema\/person\/4e08ccf29b506ca916ff86d46bb700e6"},"headline":"PRIJEDOR: ODR\u017dANA KONFERENCIJA \u201cENERGETSKI DANI\u201d &#8211; VIDEO","datePublished":"2019-02-26T21:15:04+00:00","dateModified":"2019-02-26T21:16:26+00:00","mainEntityOfPage":{"@id":"https:\/\/www.prijedordanas.com\/?p=122585"},"wordCount":238,"publisher":{"@id":"https:\/\/www.prijedordanas.com\/#organization"},"articleSection":["Svakodnevno"],"inLanguage":"en-US"},{"@type":"WebPage","@id":"https:\/\/www.prijedordanas.com\/?p=122585","url":"https:\/\/www.prijedordanas.com\/?p=122585","name":"PRIJEDOR: ODR\u017dANA KONFERENCIJA \u201cENERGETSKI DANI\u201d - VIDEO - PrijedorDanas.com - Prijedorski gradski portal","isPartOf":{"@id":"https:\/\/www.prijedordanas.com\/#website"},"datePublished":"2019-02-26T21:15:04+00:00","dateModified":"2019-02-26T21:16:26+00:00","breadcrumb":{"@id":"https:\/\/www.prijedordanas.com\/?p=122585#breadcrumb"},"inLanguage":"en-US","potentialAction":[{"@type":"ReadAction","target":["https:\/\/www.prijedordanas.com\/?p=122585"]}]},{"@type":"BreadcrumbList","@id":"https:\/\/www.prijedordanas.com\/?p=122585#breadcrumb","itemListElement":[{"@type":"ListItem","position":1,"name":"Home","item":"https:\/\/www.prijedordanas.com\/"},{"@type":"ListItem","position":2,"name":"PRIJEDOR: ODR\u017dANA KONFERENCIJA \u201cENERGETSKI DANI\u201d &#8211; VIDEO"}]},{"@type":"WebSite","@id":"https:\/\/www.prijedordanas.com\/#website","url":"https:\/\/www.prijedordanas.com\/","name":"PrijedorDanas.com - Prijedorski gradski portal","description":"Portal o doga\u0111anjima u gradu Prijedoru","publisher":{"@id":"https:\/\/www.prijedordanas.com\/#organization"},"potentialAction":[{"@type":"SearchAction","target":{"@type":"EntryPoint","urlTemplate":"https:\/\/www.prijedordanas.com\/?s={search_term_string}"},"query-input":"required name=search_term_string"}],"inLanguage":"en-US"},{"@type":"Organization","@id":"https:\/\/www.prijedordanas.com\/#organization","name":"PrijedorDanas.com","url":"https:\/\/www.prijedordanas.com\/","logo":{"@type":"ImageObject","inLanguage":"en-US","@id":"https:\/\/www.prijedordanas.com\/#\/schema\/logo\/image\/","url":"http:\/\/www.prijedordanas.com\/wp-content\/uploads\/2021\/12\/logopng.png","contentUrl":"http:\/\/www.prijedordanas.com\/wp-content\/uploads\/2021\/12\/logopng.png","width":1019,"height":776,"caption":"PrijedorDanas.com"},"image":{"@id":"https:\/\/www.prijedordanas.com\/#\/schema\/logo\/image\/"},"sameAs":["https:\/\/www.facebook.com\/PrijedorDanasCom\/"]},{"@type":"Person","@id":"https:\/\/www.prijedordanas.com\/#\/schema\/person\/4e08ccf29b506ca916ff86d46bb700e6","name":"admin","image":{"@type":"ImageObject","inLanguage":"en-US","@id":"https:\/\/www.prijedordanas.com\/#\/schema\/person\/image\/","url":"https:\/\/secure.gravatar.com\/avatar\/1d3fc949d550f0b53a5f0d51e06dfd79?s=96&d=mm&r=g","contentUrl":"https:\/\/secure.gravatar.com\/avatar\/1d3fc949d550f0b53a5f0d51e06dfd79?s=96&d=mm&r=g","caption":"admin"},"url":"https:\/\/www.prijedordanas.com\/?author=1"}]}},"_links":{"self":[{"href":"https:\/\/www.prijedordanas.com\/index.php?rest_route=\/wp\/v2\/posts\/122585"}],"collection":[{"href":"https:\/\/www.prijedordanas.com\/index.php?rest_route=\/wp\/v2\/posts"}],"about":[{"href":"https:\/\/www.prijedordanas.com\/index.php?rest_route=\/wp\/v2\/types\/post"}],"author":[{"embeddable":true,"href":"https:\/\/www.prijedordanas.com\/index.php?rest_route=\/wp\/v2\/users\/1"}],"replies":[{"embeddable":true,"href":"https:\/\/www.prijedordanas.com\/index.php?rest_route=%2Fwp%2Fv2%2Fcomments&post=122585"}],"version-history":[{"count":2,"href":"https:\/\/www.prijedordanas.com\/index.php?rest_route=\/wp\/v2\/posts\/122585\/revisions"}],"predecessor-version":[{"id":122592,"href":"https:\/\/www.prijedordanas.com\/index.php?rest_route=\/wp\/v2\/posts\/122585\/revisions\/122592"}],"wp:attachment":[{"href":"https:\/\/www.prijedordanas.com\/index.php?rest_route=%2Fwp%2Fv2%2Fmedia&parent=122585"}],"wp:term":[{"taxonomy":"category","embeddable":true,"href":"https:\/\/www.prijedordanas.com\/index.php?rest_route=%2Fwp%2Fv2%2Fcategories&post=122585"},{"taxonomy":"post_tag","embeddable":true,"href":"https:\/\/www.prijedordanas.com\/index.php?rest_route=%2Fwp%2Fv2%2Ftags&post=122585"}],"curies":[{"name":"wp","href":"https:\/\/api.w.org\/{rel}","templated":true}]}}