{"id":122493,"date":"2019-02-25T20:08:28","date_gmt":"2019-02-25T19:08:28","guid":{"rendered":"https:\/\/www.prijedordanas.com\/?p=122493"},"modified":"2019-02-25T20:08:28","modified_gmt":"2019-02-25T19:08:28","slug":"ko-je-laslo-dere-osvojio-prijedor-igrao-u-banjaluci-a-poslije-pobjedivao-verdaska-istomina-tima","status":"publish","type":"post","link":"https:\/\/www.prijedordanas.com\/?p=122493","title":{"rendered":"KO JE LASLO \u0110ERE: OSVOJIO PRIJEDOR, IGRAO U BANJALUCI, A POSLIJE POBJE\u0110IVAO VERDASKA, ISTOMINA, TIMA"},"content":{"rendered":"<p><a href=\"https:\/\/www.prijedordanas.com\/wp-content\/uploads\/2019\/02\/blic-laslo-djere.jpg\"><img loading=\"lazy\" decoding=\"async\" src=\"https:\/\/www.prijedordanas.com\/wp-content\/uploads\/2019\/02\/blic-laslo-djere-300x217.jpg\" alt=\"\" width=\"300\" height=\"217\" class=\"alignleft size-medium wp-image-122494\" srcset=\"https:\/\/www.prijedordanas.com\/wp-content\/uploads\/2019\/02\/blic-laslo-djere-300x217.jpg 300w, https:\/\/www.prijedordanas.com\/wp-content\/uploads\/2019\/02\/blic-laslo-djere-100x72.jpg 100w, https:\/\/www.prijedordanas.com\/wp-content\/uploads\/2019\/02\/blic-laslo-djere.jpg 690w\" sizes=\"(max-width: 300px) 100vw, 300px\" \/><\/a>Laslo \u0110ere je nakon trijumfa u Rio de \u017deneiru napredovao na ATP listi za 53 pozicije i trenutno je 37. igra\u010d svijeta. Na po\u010detku svoje karijere \u0110ere je osvojio trofej u Prijedoru, igrao u Banjaluci, a potom je pobje\u0111ivao najbolje svjetske igra\u010de.<\/p>\n<p>U \u017ei\u017eu javnosti do\u0161ao je nakon \u0161to je otkrivena njegova porodi\u010dna tragedija, jer je sa samo 16 godina ostao bez majke, a krajem pro\u0161le godine i bez oca. Uprkos \u010dinjenici da je pro\u0161ao kroz velike \u017eivotne krize prevazi\u0161ao ih je i na terenu radio sjajne stvari.<\/p>\n<p>Dejvis kup reprezentativac Srbije \u2013 Laslo \u0110ere spada u red najtalentovanijih tenisera i jedna je od glavnih karika budu\u0107nosti sporta u ovoj zemlji.<\/p>\n<p>Sa pet godina je dobio svoj prvi reket i po\u010deo je sa treninzima. Kada je ve\u0107 u ranim po\u010decima pokazao svoj rasko\u0161ni talenat, vi\u0161e nije bilo dvoumljenja gdje \u0107e, i kako, Laslov dalji \u017eivot biti programiran.<\/p>\n<p>Mladi teniski as Srbije je blistao u vrijeme juniorske karijere, a pravi bum napravio je u fini\u0161u 2012. odigrav\u0161i finale \u010duvenog turnira za juniore Edi Her, a nedjelju dana kasnije trijumfovao je na Oran\u017e Boulu \u2013 jednom od najpresti\u017enijih juniorskih turnira u svetu.<\/p>\n<p><a href=\"https:\/\/www.prijedordanas.com\/wp-content\/uploads\/2019\/02\/laslo-djere.jpg\"><img loading=\"lazy\" decoding=\"async\" src=\"https:\/\/www.prijedordanas.com\/wp-content\/uploads\/2019\/02\/laslo-djere-300x300.jpg\" alt=\"\" width=\"300\" height=\"300\" class=\"alignleft size-medium wp-image-122495\" srcset=\"https:\/\/www.prijedordanas.com\/wp-content\/uploads\/2019\/02\/laslo-djere-300x300.jpg 300w, https:\/\/www.prijedordanas.com\/wp-content\/uploads\/2019\/02\/laslo-djere-150x150.jpg 150w, https:\/\/www.prijedordanas.com\/wp-content\/uploads\/2019\/02\/laslo-djere-100x100.jpg 100w, https:\/\/www.prijedordanas.com\/wp-content\/uploads\/2019\/02\/laslo-djere-50x50.jpg 50w, https:\/\/www.prijedordanas.com\/wp-content\/uploads\/2019\/02\/laslo-djere.jpg 600w\" sizes=\"(max-width: 300px) 100vw, 300px\" \/><\/a>U profesionalni tenis u\u0161ao je 2013. godine kada je osvojio dva turnira iz fju\u010der serije odigrana u Srbiji (Kikinda i Zlatibor). U 2014. osvojio je \u010detiri fju\u010dersa (Bol, Prijedor, Ni\u0161, Senegal). Sa nepunih 20 godina, 2015. je zacrtao da krene u ofanzivu na profi sceni, a njegova sjajna igra na \u010delend\u017eeru u Pristojevu (nagradni fond 150.000 dolara) gdje je stigao do finala, pokazala je da je ovaj mladi teniser \u201ezreo\u201c za velika teniska djela, osvojiv\u0161i u ovoj sezoni i fju\u010ders u Egiptu.<\/p>\n<p>Uslijedila je 2016. godina u kojoj je pro\u0161ao kvalifikacije i igrao glavni turnir gren slem takmi\u010denja u Parizu, igrao finale \u010delend\u017eera u Milanu i Kortini, osvojio fju\u010ders u Opatiji i jo\u0161 hvatao zalet za proboj u top 100, \u0161to je ostvario u 2017. godini koja je bila veoma uspe\u0161na za Lasla.<\/p>\n<p>Prvu \u010delend\u017eer titulu osvjaja 2017. godine u Peru\u0111i gdje je trijumfovao u finalu protiv \u0160panca Danijela Munjoza de la Nava. U Budimpe\u0161ti na ATP takmi\u010denju, iste godine, igrao je polufinale, na tom putu savladav\u0161i Rusa Medvedeva, zemljaka Troickog, \u0160panca Verdaska.<\/p>\n<p>Uslijedilo je i ATP \u010detvrtfinale u Istanbulu, finale jakih \u010delend\u017eera u Vi\u0107enci, Popradu, San Benedetu i Almatiju. Dobre igre i rezultati skrenule su pa\u017enju pa je Laslo pozvan u Dejvis kup reprezentaciju Srbije. Debitovao je u polufinalnom me\u010du Svjetske grupe protiv Francuske 2017. i to protiv Conge.<\/p>\n<p>U sezoni 2018. stigao je do najboljeg ranga 83. mjesta na ATP listi. Igrao je polufinale ATP turnira u Istanbulu gdje je savladao Istomina, Sepija, Lorencija.<\/p>\n<p>Igrao je finale \u010delend\u017eera u Rimu (64.000 \u20ac) i finale Prostejova (127.000 \u20ac), osvojio je \u010delend\u017eer u Milanu (43.000 \u20ac), igrao polufinale ATP turnira u G\u0161tadu (561.345 \u20ac).<\/p>\n<p>Od ovog sjajnog igra\u010da i momka tek se o\u010dekuju vrhunski rezultati na svjetskoj teniskoj profi sceni i u dresu nacionalnog tima Srbije jer je on satkan i spreman za velika dnela.<br \/>\nLaslo \u0110ere<br \/>\nDatum ro\u0111enja: 02. jun 1995. godine \u2013 Senta<br \/>\nIgra desnom rukom.<br \/>\nATP rejting: singl \u2013 90 (37. najbolji rangostvario 25. 02. 2019.)<br \/>\nVisina: 188 cm<br \/>\nTe\u017eina: 82 kg<br \/>\nProfesionalac od 2013. godine<\/p>\n<p>EuroBlic-srpskainfo.com<\/p>\n","protected":false},"excerpt":{"rendered":"<p>Laslo \u0110ere je nakon trijumfa u Rio de \u017deneiru napredovao na ATP listi za 53 pozicije i trenutno je 37. igra\u010d svijeta. Na po\u010detku svoje karijere \u0110ere je osvojio trofej [&hellip;]<\/p>\n","protected":false},"author":1,"featured_media":0,"comment_status":"closed","ping_status":"open","sticky":false,"template":"","format":"standard","meta":{"_monsterinsights_skip_tracking":false,"_monsterinsights_sitenote_active":false,"_monsterinsights_sitenote_note":"","_monsterinsights_sitenote_category":0,"footnotes":""},"categories":[7],"tags":[10737],"yoast_head":"<!-- This site is optimized with the Yoast SEO plugin v21.6 - https:\/\/yoast.com\/wordpress\/plugins\/seo\/ -->\n<title>KO JE LASLO \u0110ERE: OSVOJIO PRIJEDOR, IGRAO U BANJALUCI, A POSLIJE POBJE\u0110IVAO VERDASKA, ISTOMINA, TIMA - PrijedorDanas.com - Prijedorski gradski portal<\/title>\n<meta name=\"robots\" content=\"index, follow, max-snippet:-1, max-image-preview:large, max-video-preview:-1\" \/>\n<link rel=\"canonical\" href=\"https:\/\/www.prijedordanas.com\/?p=122493\" \/>\n<meta property=\"og:locale\" content=\"en_US\" \/>\n<meta property=\"og:type\" content=\"article\" \/>\n<meta property=\"og:title\" content=\"KO JE LASLO \u0110ERE: OSVOJIO PRIJEDOR, IGRAO U BANJALUCI, A POSLIJE POBJE\u0110IVAO VERDASKA, ISTOMINA, TIMA - PrijedorDanas.com - Prijedorski gradski portal\" \/>\n<meta property=\"og:description\" content=\"Laslo \u0110ere je nakon trijumfa u Rio de \u017deneiru napredovao na ATP listi za 53 pozicije i trenutno je 37. igra\u010d svijeta. Na po\u010detku svoje karijere \u0110ere je osvojio trofej [&hellip;]\" \/>\n<meta property=\"og:url\" content=\"https:\/\/www.prijedordanas.com\/?p=122493\" \/>\n<meta property=\"og:site_name\" content=\"PrijedorDanas.com - Prijedorski gradski portal\" \/>\n<meta property=\"article:publisher\" content=\"https:\/\/www.facebook.com\/PrijedorDanasCom\/\" \/>\n<meta property=\"article:published_time\" content=\"2019-02-25T19:08:28+00:00\" \/>\n<meta property=\"og:image\" content=\"https:\/\/www.prijedordanas.com\/wp-content\/uploads\/2019\/02\/blic-laslo-djere-300x217.jpg\" \/>\n<meta name=\"author\" content=\"admin\" \/>\n<meta name=\"twitter:card\" content=\"summary_large_image\" \/>\n<meta name=\"twitter:label1\" content=\"Written by\" \/>\n\t<meta name=\"twitter:data1\" content=\"admin\" \/>\n\t<meta name=\"twitter:label2\" content=\"Est. reading time\" \/>\n\t<meta name=\"twitter:data2\" content=\"3 minutes\" \/>\n<script type=\"application\/ld+json\" class=\"yoast-schema-graph\">{\"@context\":\"https:\/\/schema.org\",\"@graph\":[{\"@type\":\"Article\",\"@id\":\"https:\/\/www.prijedordanas.com\/?p=122493#article\",\"isPartOf\":{\"@id\":\"https:\/\/www.prijedordanas.com\/?p=122493\"},\"author\":{\"name\":\"admin\",\"@id\":\"https:\/\/www.prijedordanas.com\/#\/schema\/person\/4e08ccf29b506ca916ff86d46bb700e6\"},\"headline\":\"KO JE LASLO \u0110ERE: OSVOJIO PRIJEDOR, IGRAO U BANJALUCI, A POSLIJE POBJE\u0110IVAO VERDASKA, ISTOMINA, TIMA\",\"datePublished\":\"2019-02-25T19:08:28+00:00\",\"dateModified\":\"2019-02-25T19:08:28+00:00\",\"mainEntityOfPage\":{\"@id\":\"https:\/\/www.prijedordanas.com\/?p=122493\"},\"wordCount\":553,\"publisher\":{\"@id\":\"https:\/\/www.prijedordanas.com\/#organization\"},\"keywords\":[\"Laslo \u0110ere\"],\"articleSection\":[\"Sport\"],\"inLanguage\":\"en-US\"},{\"@type\":\"WebPage\",\"@id\":\"https:\/\/www.prijedordanas.com\/?p=122493\",\"url\":\"https:\/\/www.prijedordanas.com\/?p=122493\",\"name\":\"KO JE LASLO \u0110ERE: OSVOJIO PRIJEDOR, IGRAO U BANJALUCI, A POSLIJE POBJE\u0110IVAO VERDASKA, ISTOMINA, TIMA - PrijedorDanas.com - Prijedorski gradski portal\",\"isPartOf\":{\"@id\":\"https:\/\/www.prijedordanas.com\/#website\"},\"datePublished\":\"2019-02-25T19:08:28+00:00\",\"dateModified\":\"2019-02-25T19:08:28+00:00\",\"breadcrumb\":{\"@id\":\"https:\/\/www.prijedordanas.com\/?p=122493#breadcrumb\"},\"inLanguage\":\"en-US\",\"potentialAction\":[{\"@type\":\"ReadAction\",\"target\":[\"https:\/\/www.prijedordanas.com\/?p=122493\"]}]},{\"@type\":\"BreadcrumbList\",\"@id\":\"https:\/\/www.prijedordanas.com\/?p=122493#breadcrumb\",\"itemListElement\":[{\"@type\":\"ListItem\",\"position\":1,\"name\":\"Home\",\"item\":\"https:\/\/www.prijedordanas.com\/\"},{\"@type\":\"ListItem\",\"position\":2,\"name\":\"KO JE LASLO \u0110ERE: OSVOJIO PRIJEDOR, IGRAO U BANJALUCI, A POSLIJE POBJE\u0110IVAO VERDASKA, ISTOMINA, TIMA\"}]},{\"@type\":\"WebSite\",\"@id\":\"https:\/\/www.prijedordanas.com\/#website\",\"url\":\"https:\/\/www.prijedordanas.com\/\",\"name\":\"PrijedorDanas.com - Prijedorski gradski portal\",\"description\":\"Portal o doga\u0111anjima u gradu Prijedoru\",\"publisher\":{\"@id\":\"https:\/\/www.prijedordanas.com\/#organization\"},\"potentialAction\":[{\"@type\":\"SearchAction\",\"target\":{\"@type\":\"EntryPoint\",\"urlTemplate\":\"https:\/\/www.prijedordanas.com\/?s={search_term_string}\"},\"query-input\":\"required name=search_term_string\"}],\"inLanguage\":\"en-US\"},{\"@type\":\"Organization\",\"@id\":\"https:\/\/www.prijedordanas.com\/#organization\",\"name\":\"PrijedorDanas.com\",\"url\":\"https:\/\/www.prijedordanas.com\/\",\"logo\":{\"@type\":\"ImageObject\",\"inLanguage\":\"en-US\",\"@id\":\"https:\/\/www.prijedordanas.com\/#\/schema\/logo\/image\/\",\"url\":\"http:\/\/www.prijedordanas.com\/wp-content\/uploads\/2021\/12\/logopng.png\",\"contentUrl\":\"http:\/\/www.prijedordanas.com\/wp-content\/uploads\/2021\/12\/logopng.png\",\"width\":1019,\"height\":776,\"caption\":\"PrijedorDanas.com\"},\"image\":{\"@id\":\"https:\/\/www.prijedordanas.com\/#\/schema\/logo\/image\/\"},\"sameAs\":[\"https:\/\/www.facebook.com\/PrijedorDanasCom\/\"]},{\"@type\":\"Person\",\"@id\":\"https:\/\/www.prijedordanas.com\/#\/schema\/person\/4e08ccf29b506ca916ff86d46bb700e6\",\"name\":\"admin\",\"image\":{\"@type\":\"ImageObject\",\"inLanguage\":\"en-US\",\"@id\":\"https:\/\/www.prijedordanas.com\/#\/schema\/person\/image\/\",\"url\":\"https:\/\/secure.gravatar.com\/avatar\/1d3fc949d550f0b53a5f0d51e06dfd79?s=96&d=mm&r=g\",\"contentUrl\":\"https:\/\/secure.gravatar.com\/avatar\/1d3fc949d550f0b53a5f0d51e06dfd79?s=96&d=mm&r=g\",\"caption\":\"admin\"},\"url\":\"https:\/\/www.prijedordanas.com\/?author=1\"}]}<\/script>\n<!-- \/ Yoast SEO plugin. -->","yoast_head_json":{"title":"KO JE LASLO \u0110ERE: OSVOJIO PRIJEDOR, IGRAO U BANJALUCI, A POSLIJE POBJE\u0110IVAO VERDASKA, ISTOMINA, TIMA - PrijedorDanas.com - Prijedorski gradski portal","robots":{"index":"index","follow":"follow","max-snippet":"max-snippet:-1","max-image-preview":"max-image-preview:large","max-video-preview":"max-video-preview:-1"},"canonical":"https:\/\/www.prijedordanas.com\/?p=122493","og_locale":"en_US","og_type":"article","og_title":"KO JE LASLO \u0110ERE: OSVOJIO PRIJEDOR, IGRAO U BANJALUCI, A POSLIJE POBJE\u0110IVAO VERDASKA, ISTOMINA, TIMA - PrijedorDanas.com - Prijedorski gradski portal","og_description":"Laslo \u0110ere je nakon trijumfa u Rio de \u017deneiru napredovao na ATP listi za 53 pozicije i trenutno je 37. igra\u010d svijeta. Na po\u010detku svoje karijere \u0110ere je osvojio trofej [&hellip;]","og_url":"https:\/\/www.prijedordanas.com\/?p=122493","og_site_name":"PrijedorDanas.com - Prijedorski gradski portal","article_publisher":"https:\/\/www.facebook.com\/PrijedorDanasCom\/","article_published_time":"2019-02-25T19:08:28+00:00","og_image":[{"url":"https:\/\/www.prijedordanas.com\/wp-content\/uploads\/2019\/02\/blic-laslo-djere-300x217.jpg"}],"author":"admin","twitter_card":"summary_large_image","twitter_misc":{"Written by":"admin","Est. reading time":"3 minutes"},"schema":{"@context":"https:\/\/schema.org","@graph":[{"@type":"Article","@id":"https:\/\/www.prijedordanas.com\/?p=122493#article","isPartOf":{"@id":"https:\/\/www.prijedordanas.com\/?p=122493"},"author":{"name":"admin","@id":"https:\/\/www.prijedordanas.com\/#\/schema\/person\/4e08ccf29b506ca916ff86d46bb700e6"},"headline":"KO JE LASLO \u0110ERE: OSVOJIO PRIJEDOR, IGRAO U BANJALUCI, A POSLIJE POBJE\u0110IVAO VERDASKA, ISTOMINA, TIMA","datePublished":"2019-02-25T19:08:28+00:00","dateModified":"2019-02-25T19:08:28+00:00","mainEntityOfPage":{"@id":"https:\/\/www.prijedordanas.com\/?p=122493"},"wordCount":553,"publisher":{"@id":"https:\/\/www.prijedordanas.com\/#organization"},"keywords":["Laslo \u0110ere"],"articleSection":["Sport"],"inLanguage":"en-US"},{"@type":"WebPage","@id":"https:\/\/www.prijedordanas.com\/?p=122493","url":"https:\/\/www.prijedordanas.com\/?p=122493","name":"KO JE LASLO \u0110ERE: OSVOJIO PRIJEDOR, IGRAO U BANJALUCI, A POSLIJE POBJE\u0110IVAO VERDASKA, ISTOMINA, TIMA - PrijedorDanas.com - Prijedorski gradski portal","isPartOf":{"@id":"https:\/\/www.prijedordanas.com\/#website"},"datePublished":"2019-02-25T19:08:28+00:00","dateModified":"2019-02-25T19:08:28+00:00","breadcrumb":{"@id":"https:\/\/www.prijedordanas.com\/?p=122493#breadcrumb"},"inLanguage":"en-US","potentialAction":[{"@type":"ReadAction","target":["https:\/\/www.prijedordanas.com\/?p=122493"]}]},{"@type":"BreadcrumbList","@id":"https:\/\/www.prijedordanas.com\/?p=122493#breadcrumb","itemListElement":[{"@type":"ListItem","position":1,"name":"Home","item":"https:\/\/www.prijedordanas.com\/"},{"@type":"ListItem","position":2,"name":"KO JE LASLO \u0110ERE: OSVOJIO PRIJEDOR, IGRAO U BANJALUCI, A POSLIJE POBJE\u0110IVAO VERDASKA, ISTOMINA, TIMA"}]},{"@type":"WebSite","@id":"https:\/\/www.prijedordanas.com\/#website","url":"https:\/\/www.prijedordanas.com\/","name":"PrijedorDanas.com - Prijedorski gradski portal","description":"Portal o doga\u0111anjima u gradu Prijedoru","publisher":{"@id":"https:\/\/www.prijedordanas.com\/#organization"},"potentialAction":[{"@type":"SearchAction","target":{"@type":"EntryPoint","urlTemplate":"https:\/\/www.prijedordanas.com\/?s={search_term_string}"},"query-input":"required name=search_term_string"}],"inLanguage":"en-US"},{"@type":"Organization","@id":"https:\/\/www.prijedordanas.com\/#organization","name":"PrijedorDanas.com","url":"https:\/\/www.prijedordanas.com\/","logo":{"@type":"ImageObject","inLanguage":"en-US","@id":"https:\/\/www.prijedordanas.com\/#\/schema\/logo\/image\/","url":"http:\/\/www.prijedordanas.com\/wp-content\/uploads\/2021\/12\/logopng.png","contentUrl":"http:\/\/www.prijedordanas.com\/wp-content\/uploads\/2021\/12\/logopng.png","width":1019,"height":776,"caption":"PrijedorDanas.com"},"image":{"@id":"https:\/\/www.prijedordanas.com\/#\/schema\/logo\/image\/"},"sameAs":["https:\/\/www.facebook.com\/PrijedorDanasCom\/"]},{"@type":"Person","@id":"https:\/\/www.prijedordanas.com\/#\/schema\/person\/4e08ccf29b506ca916ff86d46bb700e6","name":"admin","image":{"@type":"ImageObject","inLanguage":"en-US","@id":"https:\/\/www.prijedordanas.com\/#\/schema\/person\/image\/","url":"https:\/\/secure.gravatar.com\/avatar\/1d3fc949d550f0b53a5f0d51e06dfd79?s=96&d=mm&r=g","contentUrl":"https:\/\/secure.gravatar.com\/avatar\/1d3fc949d550f0b53a5f0d51e06dfd79?s=96&d=mm&r=g","caption":"admin"},"url":"https:\/\/www.prijedordanas.com\/?author=1"}]}},"_links":{"self":[{"href":"https:\/\/www.prijedordanas.com\/index.php?rest_route=\/wp\/v2\/posts\/122493"}],"collection":[{"href":"https:\/\/www.prijedordanas.com\/index.php?rest_route=\/wp\/v2\/posts"}],"about":[{"href":"https:\/\/www.prijedordanas.com\/index.php?rest_route=\/wp\/v2\/types\/post"}],"author":[{"embeddable":true,"href":"https:\/\/www.prijedordanas.com\/index.php?rest_route=\/wp\/v2\/users\/1"}],"replies":[{"embeddable":true,"href":"https:\/\/www.prijedordanas.com\/index.php?rest_route=%2Fwp%2Fv2%2Fcomments&post=122493"}],"version-history":[{"count":1,"href":"https:\/\/www.prijedordanas.com\/index.php?rest_route=\/wp\/v2\/posts\/122493\/revisions"}],"predecessor-version":[{"id":122496,"href":"https:\/\/www.prijedordanas.com\/index.php?rest_route=\/wp\/v2\/posts\/122493\/revisions\/122496"}],"wp:attachment":[{"href":"https:\/\/www.prijedordanas.com\/index.php?rest_route=%2Fwp%2Fv2%2Fmedia&parent=122493"}],"wp:term":[{"taxonomy":"category","embeddable":true,"href":"https:\/\/www.prijedordanas.com\/index.php?rest_route=%2Fwp%2Fv2%2Fcategories&post=122493"},{"taxonomy":"post_tag","embeddable":true,"href":"https:\/\/www.prijedordanas.com\/index.php?rest_route=%2Fwp%2Fv2%2Ftags&post=122493"}],"curies":[{"name":"wp","href":"https:\/\/api.w.org\/{rel}","templated":true}]}}