{"id":122487,"date":"2019-02-25T18:19:39","date_gmt":"2019-02-25T17:19:39","guid":{"rendered":"https:\/\/www.prijedordanas.com\/?p=122487"},"modified":"2019-02-25T18:19:39","modified_gmt":"2019-02-25T17:19:39","slug":"najezda-krpelja-u-prijedoru-video","status":"publish","type":"post","link":"https:\/\/www.prijedordanas.com\/?p=122487","title":{"rendered":"NAJEZDA KRPELJA U PRIJEDORU \u2013 VIDEO"},"content":{"rendered":"<p><a href=\"https:\/\/www.prijedordanas.com\/wp-content\/uploads\/2019\/02\/ilustracija-krpelj.jpg\"><img loading=\"lazy\" decoding=\"async\" src=\"https:\/\/www.prijedordanas.com\/wp-content\/uploads\/2019\/02\/ilustracija-krpelj-300x225.jpg\" alt=\"\" width=\"300\" height=\"225\" class=\"alignleft size-medium wp-image-122488\" srcset=\"https:\/\/www.prijedordanas.com\/wp-content\/uploads\/2019\/02\/ilustracija-krpelj-300x225.jpg 300w, https:\/\/www.prijedordanas.com\/wp-content\/uploads\/2019\/02\/ilustracija-krpelj-100x75.jpg 100w, https:\/\/www.prijedordanas.com\/wp-content\/uploads\/2019\/02\/ilustracija-krpelj-640x480.jpg 640w, https:\/\/www.prijedordanas.com\/wp-content\/uploads\/2019\/02\/ilustracija-krpelj.jpg 666w\" sizes=\"(max-width: 300px) 100vw, 300px\" \/><\/a>Visoke temperature vazduha u proteklom periodu, izazvale su pojavu krpelja.<\/p>\n<p>Iako nisu uobi\u010dajeni za ovo doba godine, u slu\u017ebu Hitne pomo\u0107i i bolnici u Prijedoru, ka\u017eu da su im se proteklih dana javljali pacijenti zbog ujeda krpelja.<\/p>\n<p>Ujed krpelja prati bol, peckanje i crvenilo koje se \u0161iri u koncentri\u010dnim krugovima. U slu\u010daju ujeda krpelja obavezno je potra\u017eiti ljekarsku pomo\u0107, kako bi na pravilan na\u010din bio odstranjen.<\/p>\n<p>&#8211; Interesantno je recimo da smo imali nekoliko uboda krpelja kao i uboda p\u010dela i alergijske akcije na iste, \u0161to je malo neuobi\u010dajeno za ovo doba godine &#8211; rekla je Slavica Lazi\u0107 doktor u slu\u017ebi Hitne pomo\u0107i.<\/p>\n<p>Specijalista infektologije u bolnici Prijedor Boris \u0106urguz istakao je da ne treba uklju\u010divati nikakve antibiotike.<\/p>\n<p>&#8211; To je klju\u010dno zato \u0161to prvo neznamo da li je krpelj bio zara\u017een ili ne, a uzimati na svoju ruku antibiotike je glupost koja mo\u017ee da ugrozi \u017eivot pacijenta zato \u0161to se na taj na\u010din maskiraju simptoni &#8211; dodao je on.<\/p>\n<p>\u0408o\u0161 vi\u0161e ujeda krpelja registrovano je na \u017eivotinjama. U samo posljednjih mjesec dana, u samo jednoj veterinarskoj ambulanti, registrovano je \u010dak 20 slu\u010dajeva. Iako postoje preparati koji se koriste za za\u0161titu ljubimaca od krpelja, opreza nikad dosta.<\/p>\n<p>Savjeti stru\u010dnjaka su jasni, voditi ra\u010duna kada se izlazi u prirodu, nakon \u010dega je samopregled obavezan.<\/p>\n<p>RTRS<\/p>\n<div style=\"width: 640px;\" class=\"wp-video\"><!--[if lt IE 9]><script>document.createElement('video');<\/script><![endif]-->\n<video class=\"wp-video-shortcode\" id=\"video-122487-1\" width=\"640\" height=\"360\" preload=\"metadata\" controls=\"controls\"><source type=\"video\/mp4\" src=\"https:\/\/arh3.rtrs.tv\/arhiva\/2019\/02\/25\/tvclip034189.mp4?_=1\" \/><a href=\"https:\/\/arh3.rtrs.tv\/arhiva\/2019\/02\/25\/tvclip034189.mp4\">https:\/\/arh3.rtrs.tv\/arhiva\/2019\/02\/25\/tvclip034189.mp4<\/a><\/video><\/div>\n","protected":false},"excerpt":{"rendered":"<p>Visoke temperature vazduha u proteklom periodu, izazvale su pojavu krpelja. Iako nisu uobi\u010dajeni za ovo doba godine, u slu\u017ebu Hitne pomo\u0107i i bolnici u Prijedoru, ka\u017eu da su im se [&hellip;]<\/p>\n","protected":false},"author":1,"featured_media":0,"comment_status":"closed","ping_status":"open","sticky":false,"template":"","format":"standard","meta":{"_monsterinsights_skip_tracking":false,"_monsterinsights_sitenote_active":false,"_monsterinsights_sitenote_note":"","_monsterinsights_sitenote_category":0,"footnotes":""},"categories":[8],"tags":[10736],"yoast_head":"<!-- This site is optimized with the Yoast SEO plugin v21.6 - https:\/\/yoast.com\/wordpress\/plugins\/seo\/ -->\n<title>NAJEZDA KRPELJA U PRIJEDORU \u2013 VIDEO - PrijedorDanas.com - Prijedorski gradski portal<\/title>\n<meta name=\"robots\" content=\"index, follow, max-snippet:-1, max-image-preview:large, max-video-preview:-1\" \/>\n<link rel=\"canonical\" href=\"https:\/\/www.prijedordanas.com\/?p=122487\" \/>\n<meta property=\"og:locale\" content=\"en_US\" \/>\n<meta property=\"og:type\" content=\"article\" \/>\n<meta property=\"og:title\" content=\"NAJEZDA KRPELJA U PRIJEDORU \u2013 VIDEO - PrijedorDanas.com - Prijedorski gradski portal\" \/>\n<meta property=\"og:description\" content=\"Visoke temperature vazduha u proteklom periodu, izazvale su pojavu krpelja. Iako nisu uobi\u010dajeni za ovo doba godine, u slu\u017ebu Hitne pomo\u0107i i bolnici u Prijedoru, ka\u017eu da su im se [&hellip;]\" \/>\n<meta property=\"og:url\" content=\"https:\/\/www.prijedordanas.com\/?p=122487\" \/>\n<meta property=\"og:site_name\" content=\"PrijedorDanas.com - Prijedorski gradski portal\" \/>\n<meta property=\"article:publisher\" content=\"https:\/\/www.facebook.com\/PrijedorDanasCom\/\" \/>\n<meta property=\"article:published_time\" content=\"2019-02-25T17:19:39+00:00\" \/>\n<meta property=\"og:image\" content=\"https:\/\/www.prijedordanas.com\/wp-content\/uploads\/2019\/02\/ilustracija-krpelj-300x225.jpg\" \/>\n<meta name=\"author\" content=\"admin\" \/>\n<meta name=\"twitter:card\" content=\"summary_large_image\" \/>\n<meta name=\"twitter:label1\" content=\"Written by\" \/>\n\t<meta name=\"twitter:data1\" content=\"admin\" \/>\n\t<meta name=\"twitter:label2\" content=\"Est. reading time\" \/>\n\t<meta name=\"twitter:data2\" content=\"1 minute\" \/>\n<script type=\"application\/ld+json\" class=\"yoast-schema-graph\">{\"@context\":\"https:\/\/schema.org\",\"@graph\":[{\"@type\":\"Article\",\"@id\":\"https:\/\/www.prijedordanas.com\/?p=122487#article\",\"isPartOf\":{\"@id\":\"https:\/\/www.prijedordanas.com\/?p=122487\"},\"author\":{\"name\":\"admin\",\"@id\":\"https:\/\/www.prijedordanas.com\/#\/schema\/person\/4e08ccf29b506ca916ff86d46bb700e6\"},\"headline\":\"NAJEZDA KRPELJA U PRIJEDORU \u2013 VIDEO\",\"datePublished\":\"2019-02-25T17:19:39+00:00\",\"dateModified\":\"2019-02-25T17:19:39+00:00\",\"mainEntityOfPage\":{\"@id\":\"https:\/\/www.prijedordanas.com\/?p=122487\"},\"wordCount\":247,\"publisher\":{\"@id\":\"https:\/\/www.prijedordanas.com\/#organization\"},\"keywords\":[\"krpelji\"],\"articleSection\":[\"Svakodnevno\"],\"inLanguage\":\"en-US\"},{\"@type\":\"WebPage\",\"@id\":\"https:\/\/www.prijedordanas.com\/?p=122487\",\"url\":\"https:\/\/www.prijedordanas.com\/?p=122487\",\"name\":\"NAJEZDA KRPELJA U PRIJEDORU \u2013 VIDEO - PrijedorDanas.com - Prijedorski gradski portal\",\"isPartOf\":{\"@id\":\"https:\/\/www.prijedordanas.com\/#website\"},\"datePublished\":\"2019-02-25T17:19:39+00:00\",\"dateModified\":\"2019-02-25T17:19:39+00:00\",\"breadcrumb\":{\"@id\":\"https:\/\/www.prijedordanas.com\/?p=122487#breadcrumb\"},\"inLanguage\":\"en-US\",\"potentialAction\":[{\"@type\":\"ReadAction\",\"target\":[\"https:\/\/www.prijedordanas.com\/?p=122487\"]}]},{\"@type\":\"BreadcrumbList\",\"@id\":\"https:\/\/www.prijedordanas.com\/?p=122487#breadcrumb\",\"itemListElement\":[{\"@type\":\"ListItem\",\"position\":1,\"name\":\"Home\",\"item\":\"https:\/\/www.prijedordanas.com\/\"},{\"@type\":\"ListItem\",\"position\":2,\"name\":\"NAJEZDA KRPELJA U PRIJEDORU \u2013 VIDEO\"}]},{\"@type\":\"WebSite\",\"@id\":\"https:\/\/www.prijedordanas.com\/#website\",\"url\":\"https:\/\/www.prijedordanas.com\/\",\"name\":\"PrijedorDanas.com - Prijedorski gradski portal\",\"description\":\"Portal o doga\u0111anjima u gradu Prijedoru\",\"publisher\":{\"@id\":\"https:\/\/www.prijedordanas.com\/#organization\"},\"potentialAction\":[{\"@type\":\"SearchAction\",\"target\":{\"@type\":\"EntryPoint\",\"urlTemplate\":\"https:\/\/www.prijedordanas.com\/?s={search_term_string}\"},\"query-input\":\"required name=search_term_string\"}],\"inLanguage\":\"en-US\"},{\"@type\":\"Organization\",\"@id\":\"https:\/\/www.prijedordanas.com\/#organization\",\"name\":\"PrijedorDanas.com\",\"url\":\"https:\/\/www.prijedordanas.com\/\",\"logo\":{\"@type\":\"ImageObject\",\"inLanguage\":\"en-US\",\"@id\":\"https:\/\/www.prijedordanas.com\/#\/schema\/logo\/image\/\",\"url\":\"http:\/\/www.prijedordanas.com\/wp-content\/uploads\/2021\/12\/logopng.png\",\"contentUrl\":\"http:\/\/www.prijedordanas.com\/wp-content\/uploads\/2021\/12\/logopng.png\",\"width\":1019,\"height\":776,\"caption\":\"PrijedorDanas.com\"},\"image\":{\"@id\":\"https:\/\/www.prijedordanas.com\/#\/schema\/logo\/image\/\"},\"sameAs\":[\"https:\/\/www.facebook.com\/PrijedorDanasCom\/\"]},{\"@type\":\"Person\",\"@id\":\"https:\/\/www.prijedordanas.com\/#\/schema\/person\/4e08ccf29b506ca916ff86d46bb700e6\",\"name\":\"admin\",\"image\":{\"@type\":\"ImageObject\",\"inLanguage\":\"en-US\",\"@id\":\"https:\/\/www.prijedordanas.com\/#\/schema\/person\/image\/\",\"url\":\"https:\/\/secure.gravatar.com\/avatar\/1d3fc949d550f0b53a5f0d51e06dfd79?s=96&d=mm&r=g\",\"contentUrl\":\"https:\/\/secure.gravatar.com\/avatar\/1d3fc949d550f0b53a5f0d51e06dfd79?s=96&d=mm&r=g\",\"caption\":\"admin\"},\"url\":\"https:\/\/www.prijedordanas.com\/?author=1\"}]}<\/script>\n<!-- \/ Yoast SEO plugin. -->","yoast_head_json":{"title":"NAJEZDA KRPELJA U PRIJEDORU \u2013 VIDEO - PrijedorDanas.com - Prijedorski gradski portal","robots":{"index":"index","follow":"follow","max-snippet":"max-snippet:-1","max-image-preview":"max-image-preview:large","max-video-preview":"max-video-preview:-1"},"canonical":"https:\/\/www.prijedordanas.com\/?p=122487","og_locale":"en_US","og_type":"article","og_title":"NAJEZDA KRPELJA U PRIJEDORU \u2013 VIDEO - PrijedorDanas.com - Prijedorski gradski portal","og_description":"Visoke temperature vazduha u proteklom periodu, izazvale su pojavu krpelja. Iako nisu uobi\u010dajeni za ovo doba godine, u slu\u017ebu Hitne pomo\u0107i i bolnici u Prijedoru, ka\u017eu da su im se [&hellip;]","og_url":"https:\/\/www.prijedordanas.com\/?p=122487","og_site_name":"PrijedorDanas.com - Prijedorski gradski portal","article_publisher":"https:\/\/www.facebook.com\/PrijedorDanasCom\/","article_published_time":"2019-02-25T17:19:39+00:00","og_image":[{"url":"https:\/\/www.prijedordanas.com\/wp-content\/uploads\/2019\/02\/ilustracija-krpelj-300x225.jpg"}],"author":"admin","twitter_card":"summary_large_image","twitter_misc":{"Written by":"admin","Est. reading time":"1 minute"},"schema":{"@context":"https:\/\/schema.org","@graph":[{"@type":"Article","@id":"https:\/\/www.prijedordanas.com\/?p=122487#article","isPartOf":{"@id":"https:\/\/www.prijedordanas.com\/?p=122487"},"author":{"name":"admin","@id":"https:\/\/www.prijedordanas.com\/#\/schema\/person\/4e08ccf29b506ca916ff86d46bb700e6"},"headline":"NAJEZDA KRPELJA U PRIJEDORU \u2013 VIDEO","datePublished":"2019-02-25T17:19:39+00:00","dateModified":"2019-02-25T17:19:39+00:00","mainEntityOfPage":{"@id":"https:\/\/www.prijedordanas.com\/?p=122487"},"wordCount":247,"publisher":{"@id":"https:\/\/www.prijedordanas.com\/#organization"},"keywords":["krpelji"],"articleSection":["Svakodnevno"],"inLanguage":"en-US"},{"@type":"WebPage","@id":"https:\/\/www.prijedordanas.com\/?p=122487","url":"https:\/\/www.prijedordanas.com\/?p=122487","name":"NAJEZDA KRPELJA U PRIJEDORU \u2013 VIDEO - PrijedorDanas.com - Prijedorski gradski portal","isPartOf":{"@id":"https:\/\/www.prijedordanas.com\/#website"},"datePublished":"2019-02-25T17:19:39+00:00","dateModified":"2019-02-25T17:19:39+00:00","breadcrumb":{"@id":"https:\/\/www.prijedordanas.com\/?p=122487#breadcrumb"},"inLanguage":"en-US","potentialAction":[{"@type":"ReadAction","target":["https:\/\/www.prijedordanas.com\/?p=122487"]}]},{"@type":"BreadcrumbList","@id":"https:\/\/www.prijedordanas.com\/?p=122487#breadcrumb","itemListElement":[{"@type":"ListItem","position":1,"name":"Home","item":"https:\/\/www.prijedordanas.com\/"},{"@type":"ListItem","position":2,"name":"NAJEZDA KRPELJA U PRIJEDORU \u2013 VIDEO"}]},{"@type":"WebSite","@id":"https:\/\/www.prijedordanas.com\/#website","url":"https:\/\/www.prijedordanas.com\/","name":"PrijedorDanas.com - Prijedorski gradski portal","description":"Portal o doga\u0111anjima u gradu Prijedoru","publisher":{"@id":"https:\/\/www.prijedordanas.com\/#organization"},"potentialAction":[{"@type":"SearchAction","target":{"@type":"EntryPoint","urlTemplate":"https:\/\/www.prijedordanas.com\/?s={search_term_string}"},"query-input":"required name=search_term_string"}],"inLanguage":"en-US"},{"@type":"Organization","@id":"https:\/\/www.prijedordanas.com\/#organization","name":"PrijedorDanas.com","url":"https:\/\/www.prijedordanas.com\/","logo":{"@type":"ImageObject","inLanguage":"en-US","@id":"https:\/\/www.prijedordanas.com\/#\/schema\/logo\/image\/","url":"http:\/\/www.prijedordanas.com\/wp-content\/uploads\/2021\/12\/logopng.png","contentUrl":"http:\/\/www.prijedordanas.com\/wp-content\/uploads\/2021\/12\/logopng.png","width":1019,"height":776,"caption":"PrijedorDanas.com"},"image":{"@id":"https:\/\/www.prijedordanas.com\/#\/schema\/logo\/image\/"},"sameAs":["https:\/\/www.facebook.com\/PrijedorDanasCom\/"]},{"@type":"Person","@id":"https:\/\/www.prijedordanas.com\/#\/schema\/person\/4e08ccf29b506ca916ff86d46bb700e6","name":"admin","image":{"@type":"ImageObject","inLanguage":"en-US","@id":"https:\/\/www.prijedordanas.com\/#\/schema\/person\/image\/","url":"https:\/\/secure.gravatar.com\/avatar\/1d3fc949d550f0b53a5f0d51e06dfd79?s=96&d=mm&r=g","contentUrl":"https:\/\/secure.gravatar.com\/avatar\/1d3fc949d550f0b53a5f0d51e06dfd79?s=96&d=mm&r=g","caption":"admin"},"url":"https:\/\/www.prijedordanas.com\/?author=1"}]}},"_links":{"self":[{"href":"https:\/\/www.prijedordanas.com\/index.php?rest_route=\/wp\/v2\/posts\/122487"}],"collection":[{"href":"https:\/\/www.prijedordanas.com\/index.php?rest_route=\/wp\/v2\/posts"}],"about":[{"href":"https:\/\/www.prijedordanas.com\/index.php?rest_route=\/wp\/v2\/types\/post"}],"author":[{"embeddable":true,"href":"https:\/\/www.prijedordanas.com\/index.php?rest_route=\/wp\/v2\/users\/1"}],"replies":[{"embeddable":true,"href":"https:\/\/www.prijedordanas.com\/index.php?rest_route=%2Fwp%2Fv2%2Fcomments&post=122487"}],"version-history":[{"count":2,"href":"https:\/\/www.prijedordanas.com\/index.php?rest_route=\/wp\/v2\/posts\/122487\/revisions"}],"predecessor-version":[{"id":122490,"href":"https:\/\/www.prijedordanas.com\/index.php?rest_route=\/wp\/v2\/posts\/122487\/revisions\/122490"}],"wp:attachment":[{"href":"https:\/\/www.prijedordanas.com\/index.php?rest_route=%2Fwp%2Fv2%2Fmedia&parent=122487"}],"wp:term":[{"taxonomy":"category","embeddable":true,"href":"https:\/\/www.prijedordanas.com\/index.php?rest_route=%2Fwp%2Fv2%2Fcategories&post=122487"},{"taxonomy":"post_tag","embeddable":true,"href":"https:\/\/www.prijedordanas.com\/index.php?rest_route=%2Fwp%2Fv2%2Ftags&post=122487"}],"curies":[{"name":"wp","href":"https:\/\/api.w.org\/{rel}","templated":true}]}}