{"id":122483,"date":"2019-02-25T17:16:27","date_gmt":"2019-02-25T16:16:27","guid":{"rendered":"https:\/\/www.prijedordanas.com\/?p=122483"},"modified":"2019-02-25T17:21:16","modified_gmt":"2019-02-25T16:21:16","slug":"vozaci-oprez-saobracajka-na-putu-prijedor-banjaluka-udaren-pjesak","status":"publish","type":"post","link":"https:\/\/www.prijedordanas.com\/?p=122483","title":{"rendered":"VOZA\u010cI OPREZ-SAOBRA\u0106AJKA NA PUTU PRIJEDOR-BANJALUKA: UDAREN PJE\u0160AK"},"content":{"rendered":"<p><a href=\"https:\/\/www.prijedordanas.com\/wp-content\/uploads\/2016\/10\/saobracajka-uvidjaj-1.jpg\"><img loading=\"lazy\" decoding=\"async\" src=\"https:\/\/www.prijedordanas.com\/wp-content\/uploads\/2016\/10\/saobracajka-uvidjaj-1-300x250.jpg\" alt=\"\" width=\"300\" height=\"250\" class=\"alignleft size-medium wp-image-63553\" srcset=\"https:\/\/www.prijedordanas.com\/wp-content\/uploads\/2016\/10\/saobracajka-uvidjaj-1-300x250.jpg 300w, https:\/\/www.prijedordanas.com\/wp-content\/uploads\/2016\/10\/saobracajka-uvidjaj-1-100x83.jpg 100w, https:\/\/www.prijedordanas.com\/wp-content\/uploads\/2016\/10\/saobracajka-uvidjaj-1.jpg 600w\" sizes=\"(max-width: 300px) 100vw, 300px\" \/><\/a>Kako saznajemo, oko 16:00 \u010dasova na magistralnom putu Prijedor-Banja Luka, kod mjesta Mi\u0161in Han dogodila se saobra\u0107ajka.<\/p>\n<p>Prema nepotvr\u0111enim informacijama, putni\u010dki automobil je, iz za sada nepoznatih razloga, udario pje\u0161aka.<\/p>\n<p>Prema rije\u010dima pojedinih voza\u010da, saobra\u0107aj se odvija usporeno jer je u toku uvi\u0111aj koji obavljaju policijski slu\u017ebenici PU Banja Luka.<\/p>\n<p>Za sada nemamo informacija o stepenu povreda pje\u0161aka.<\/p>\n<p>Voza\u010di oprez, prilagodite svoju vo\u017enju uslovima na putu i po\u0161tujte saobra\u0107ajne propise.<\/p>\n<p>Tekst i foto ilustracija &#8211; Aleksandar Drakuli\u0107 \u2013 <a href=\"https:\/\/www.prijedordanas.com\" target=\"_blank\" rel=\"noopener noreferrer\">www.prijedordanas.com<\/a><\/p>\n","protected":false},"excerpt":{"rendered":"<p>Kako saznajemo, oko 16:00 \u010dasova na magistralnom putu Prijedor-Banja Luka, kod mjesta Mi\u0161in Han dogodila se saobra\u0107ajka. Prema nepotvr\u0111enim informacijama, putni\u010dki automobil je, iz za sada nepoznatih razloga, udario pje\u0161aka. [&hellip;]<\/p>\n","protected":false},"author":1,"featured_media":0,"comment_status":"closed","ping_status":"open","sticky":false,"template":"","format":"standard","meta":{"_monsterinsights_skip_tracking":false,"_monsterinsights_sitenote_active":false,"_monsterinsights_sitenote_note":"","_monsterinsights_sitenote_category":0,"footnotes":""},"categories":[5],"tags":[228],"yoast_head":"<!-- This site is optimized with the Yoast SEO plugin v21.6 - https:\/\/yoast.com\/wordpress\/plugins\/seo\/ -->\n<title>VOZA\u010cI OPREZ-SAOBRA\u0106AJKA NA PUTU PRIJEDOR-BANJALUKA: UDAREN PJE\u0160AK - PrijedorDanas.com - Prijedorski gradski portal<\/title>\n<meta name=\"robots\" content=\"index, follow, max-snippet:-1, max-image-preview:large, max-video-preview:-1\" \/>\n<link rel=\"canonical\" href=\"https:\/\/www.prijedordanas.com\/?p=122483\" \/>\n<meta property=\"og:locale\" content=\"en_US\" \/>\n<meta property=\"og:type\" content=\"article\" \/>\n<meta property=\"og:title\" content=\"VOZA\u010cI OPREZ-SAOBRA\u0106AJKA NA PUTU PRIJEDOR-BANJALUKA: UDAREN PJE\u0160AK - PrijedorDanas.com - Prijedorski gradski portal\" \/>\n<meta property=\"og:description\" content=\"Kako saznajemo, oko 16:00 \u010dasova na magistralnom putu Prijedor-Banja Luka, kod mjesta Mi\u0161in Han dogodila se saobra\u0107ajka. Prema nepotvr\u0111enim informacijama, putni\u010dki automobil je, iz za sada nepoznatih razloga, udario pje\u0161aka. [&hellip;]\" \/>\n<meta property=\"og:url\" content=\"https:\/\/www.prijedordanas.com\/?p=122483\" \/>\n<meta property=\"og:site_name\" content=\"PrijedorDanas.com - Prijedorski gradski portal\" \/>\n<meta property=\"article:publisher\" content=\"https:\/\/www.facebook.com\/PrijedorDanasCom\/\" \/>\n<meta property=\"article:published_time\" content=\"2019-02-25T16:16:27+00:00\" \/>\n<meta property=\"article:modified_time\" content=\"2019-02-25T16:21:16+00:00\" \/>\n<meta property=\"og:image\" content=\"https:\/\/www.prijedordanas.com\/wp-content\/uploads\/2016\/10\/saobracajka-uvidjaj-1-300x250.jpg\" \/>\n<meta name=\"author\" content=\"admin\" \/>\n<meta name=\"twitter:card\" content=\"summary_large_image\" \/>\n<meta name=\"twitter:label1\" content=\"Written by\" \/>\n\t<meta name=\"twitter:data1\" content=\"admin\" \/>\n<script type=\"application\/ld+json\" class=\"yoast-schema-graph\">{\"@context\":\"https:\/\/schema.org\",\"@graph\":[{\"@type\":\"Article\",\"@id\":\"https:\/\/www.prijedordanas.com\/?p=122483#article\",\"isPartOf\":{\"@id\":\"https:\/\/www.prijedordanas.com\/?p=122483\"},\"author\":{\"name\":\"admin\",\"@id\":\"https:\/\/www.prijedordanas.com\/#\/schema\/person\/4e08ccf29b506ca916ff86d46bb700e6\"},\"headline\":\"VOZA\u010cI OPREZ-SAOBRA\u0106AJKA NA PUTU PRIJEDOR-BANJALUKA: UDAREN PJE\u0160AK\",\"datePublished\":\"2019-02-25T16:16:27+00:00\",\"dateModified\":\"2019-02-25T16:21:16+00:00\",\"mainEntityOfPage\":{\"@id\":\"https:\/\/www.prijedordanas.com\/?p=122483\"},\"wordCount\":104,\"publisher\":{\"@id\":\"https:\/\/www.prijedordanas.com\/#organization\"},\"keywords\":[\"saobra\u0107ajka\"],\"articleSection\":[\"Hronika\"],\"inLanguage\":\"en-US\"},{\"@type\":\"WebPage\",\"@id\":\"https:\/\/www.prijedordanas.com\/?p=122483\",\"url\":\"https:\/\/www.prijedordanas.com\/?p=122483\",\"name\":\"VOZA\u010cI OPREZ-SAOBRA\u0106AJKA NA PUTU PRIJEDOR-BANJALUKA: UDAREN PJE\u0160AK - PrijedorDanas.com - Prijedorski gradski portal\",\"isPartOf\":{\"@id\":\"https:\/\/www.prijedordanas.com\/#website\"},\"datePublished\":\"2019-02-25T16:16:27+00:00\",\"dateModified\":\"2019-02-25T16:21:16+00:00\",\"breadcrumb\":{\"@id\":\"https:\/\/www.prijedordanas.com\/?p=122483#breadcrumb\"},\"inLanguage\":\"en-US\",\"potentialAction\":[{\"@type\":\"ReadAction\",\"target\":[\"https:\/\/www.prijedordanas.com\/?p=122483\"]}]},{\"@type\":\"BreadcrumbList\",\"@id\":\"https:\/\/www.prijedordanas.com\/?p=122483#breadcrumb\",\"itemListElement\":[{\"@type\":\"ListItem\",\"position\":1,\"name\":\"Home\",\"item\":\"https:\/\/www.prijedordanas.com\/\"},{\"@type\":\"ListItem\",\"position\":2,\"name\":\"VOZA\u010cI OPREZ-SAOBRA\u0106AJKA NA PUTU PRIJEDOR-BANJALUKA: UDAREN PJE\u0160AK\"}]},{\"@type\":\"WebSite\",\"@id\":\"https:\/\/www.prijedordanas.com\/#website\",\"url\":\"https:\/\/www.prijedordanas.com\/\",\"name\":\"PrijedorDanas.com - Prijedorski gradski portal\",\"description\":\"Portal o doga\u0111anjima u gradu Prijedoru\",\"publisher\":{\"@id\":\"https:\/\/www.prijedordanas.com\/#organization\"},\"potentialAction\":[{\"@type\":\"SearchAction\",\"target\":{\"@type\":\"EntryPoint\",\"urlTemplate\":\"https:\/\/www.prijedordanas.com\/?s={search_term_string}\"},\"query-input\":\"required name=search_term_string\"}],\"inLanguage\":\"en-US\"},{\"@type\":\"Organization\",\"@id\":\"https:\/\/www.prijedordanas.com\/#organization\",\"name\":\"PrijedorDanas.com\",\"url\":\"https:\/\/www.prijedordanas.com\/\",\"logo\":{\"@type\":\"ImageObject\",\"inLanguage\":\"en-US\",\"@id\":\"https:\/\/www.prijedordanas.com\/#\/schema\/logo\/image\/\",\"url\":\"http:\/\/www.prijedordanas.com\/wp-content\/uploads\/2021\/12\/logopng.png\",\"contentUrl\":\"http:\/\/www.prijedordanas.com\/wp-content\/uploads\/2021\/12\/logopng.png\",\"width\":1019,\"height\":776,\"caption\":\"PrijedorDanas.com\"},\"image\":{\"@id\":\"https:\/\/www.prijedordanas.com\/#\/schema\/logo\/image\/\"},\"sameAs\":[\"https:\/\/www.facebook.com\/PrijedorDanasCom\/\"]},{\"@type\":\"Person\",\"@id\":\"https:\/\/www.prijedordanas.com\/#\/schema\/person\/4e08ccf29b506ca916ff86d46bb700e6\",\"name\":\"admin\",\"image\":{\"@type\":\"ImageObject\",\"inLanguage\":\"en-US\",\"@id\":\"https:\/\/www.prijedordanas.com\/#\/schema\/person\/image\/\",\"url\":\"https:\/\/secure.gravatar.com\/avatar\/1d3fc949d550f0b53a5f0d51e06dfd79?s=96&d=mm&r=g\",\"contentUrl\":\"https:\/\/secure.gravatar.com\/avatar\/1d3fc949d550f0b53a5f0d51e06dfd79?s=96&d=mm&r=g\",\"caption\":\"admin\"},\"url\":\"https:\/\/www.prijedordanas.com\/?author=1\"}]}<\/script>\n<!-- \/ Yoast SEO plugin. -->","yoast_head_json":{"title":"VOZA\u010cI OPREZ-SAOBRA\u0106AJKA NA PUTU PRIJEDOR-BANJALUKA: UDAREN PJE\u0160AK - PrijedorDanas.com - Prijedorski gradski portal","robots":{"index":"index","follow":"follow","max-snippet":"max-snippet:-1","max-image-preview":"max-image-preview:large","max-video-preview":"max-video-preview:-1"},"canonical":"https:\/\/www.prijedordanas.com\/?p=122483","og_locale":"en_US","og_type":"article","og_title":"VOZA\u010cI OPREZ-SAOBRA\u0106AJKA NA PUTU PRIJEDOR-BANJALUKA: UDAREN PJE\u0160AK - PrijedorDanas.com - Prijedorski gradski portal","og_description":"Kako saznajemo, oko 16:00 \u010dasova na magistralnom putu Prijedor-Banja Luka, kod mjesta Mi\u0161in Han dogodila se saobra\u0107ajka. Prema nepotvr\u0111enim informacijama, putni\u010dki automobil je, iz za sada nepoznatih razloga, udario pje\u0161aka. [&hellip;]","og_url":"https:\/\/www.prijedordanas.com\/?p=122483","og_site_name":"PrijedorDanas.com - Prijedorski gradski portal","article_publisher":"https:\/\/www.facebook.com\/PrijedorDanasCom\/","article_published_time":"2019-02-25T16:16:27+00:00","article_modified_time":"2019-02-25T16:21:16+00:00","og_image":[{"url":"https:\/\/www.prijedordanas.com\/wp-content\/uploads\/2016\/10\/saobracajka-uvidjaj-1-300x250.jpg"}],"author":"admin","twitter_card":"summary_large_image","twitter_misc":{"Written by":"admin"},"schema":{"@context":"https:\/\/schema.org","@graph":[{"@type":"Article","@id":"https:\/\/www.prijedordanas.com\/?p=122483#article","isPartOf":{"@id":"https:\/\/www.prijedordanas.com\/?p=122483"},"author":{"name":"admin","@id":"https:\/\/www.prijedordanas.com\/#\/schema\/person\/4e08ccf29b506ca916ff86d46bb700e6"},"headline":"VOZA\u010cI OPREZ-SAOBRA\u0106AJKA NA PUTU PRIJEDOR-BANJALUKA: UDAREN PJE\u0160AK","datePublished":"2019-02-25T16:16:27+00:00","dateModified":"2019-02-25T16:21:16+00:00","mainEntityOfPage":{"@id":"https:\/\/www.prijedordanas.com\/?p=122483"},"wordCount":104,"publisher":{"@id":"https:\/\/www.prijedordanas.com\/#organization"},"keywords":["saobra\u0107ajka"],"articleSection":["Hronika"],"inLanguage":"en-US"},{"@type":"WebPage","@id":"https:\/\/www.prijedordanas.com\/?p=122483","url":"https:\/\/www.prijedordanas.com\/?p=122483","name":"VOZA\u010cI OPREZ-SAOBRA\u0106AJKA NA PUTU PRIJEDOR-BANJALUKA: UDAREN PJE\u0160AK - PrijedorDanas.com - Prijedorski gradski portal","isPartOf":{"@id":"https:\/\/www.prijedordanas.com\/#website"},"datePublished":"2019-02-25T16:16:27+00:00","dateModified":"2019-02-25T16:21:16+00:00","breadcrumb":{"@id":"https:\/\/www.prijedordanas.com\/?p=122483#breadcrumb"},"inLanguage":"en-US","potentialAction":[{"@type":"ReadAction","target":["https:\/\/www.prijedordanas.com\/?p=122483"]}]},{"@type":"BreadcrumbList","@id":"https:\/\/www.prijedordanas.com\/?p=122483#breadcrumb","itemListElement":[{"@type":"ListItem","position":1,"name":"Home","item":"https:\/\/www.prijedordanas.com\/"},{"@type":"ListItem","position":2,"name":"VOZA\u010cI OPREZ-SAOBRA\u0106AJKA NA PUTU PRIJEDOR-BANJALUKA: UDAREN PJE\u0160AK"}]},{"@type":"WebSite","@id":"https:\/\/www.prijedordanas.com\/#website","url":"https:\/\/www.prijedordanas.com\/","name":"PrijedorDanas.com - Prijedorski gradski portal","description":"Portal o doga\u0111anjima u gradu Prijedoru","publisher":{"@id":"https:\/\/www.prijedordanas.com\/#organization"},"potentialAction":[{"@type":"SearchAction","target":{"@type":"EntryPoint","urlTemplate":"https:\/\/www.prijedordanas.com\/?s={search_term_string}"},"query-input":"required name=search_term_string"}],"inLanguage":"en-US"},{"@type":"Organization","@id":"https:\/\/www.prijedordanas.com\/#organization","name":"PrijedorDanas.com","url":"https:\/\/www.prijedordanas.com\/","logo":{"@type":"ImageObject","inLanguage":"en-US","@id":"https:\/\/www.prijedordanas.com\/#\/schema\/logo\/image\/","url":"http:\/\/www.prijedordanas.com\/wp-content\/uploads\/2021\/12\/logopng.png","contentUrl":"http:\/\/www.prijedordanas.com\/wp-content\/uploads\/2021\/12\/logopng.png","width":1019,"height":776,"caption":"PrijedorDanas.com"},"image":{"@id":"https:\/\/www.prijedordanas.com\/#\/schema\/logo\/image\/"},"sameAs":["https:\/\/www.facebook.com\/PrijedorDanasCom\/"]},{"@type":"Person","@id":"https:\/\/www.prijedordanas.com\/#\/schema\/person\/4e08ccf29b506ca916ff86d46bb700e6","name":"admin","image":{"@type":"ImageObject","inLanguage":"en-US","@id":"https:\/\/www.prijedordanas.com\/#\/schema\/person\/image\/","url":"https:\/\/secure.gravatar.com\/avatar\/1d3fc949d550f0b53a5f0d51e06dfd79?s=96&d=mm&r=g","contentUrl":"https:\/\/secure.gravatar.com\/avatar\/1d3fc949d550f0b53a5f0d51e06dfd79?s=96&d=mm&r=g","caption":"admin"},"url":"https:\/\/www.prijedordanas.com\/?author=1"}]}},"_links":{"self":[{"href":"https:\/\/www.prijedordanas.com\/index.php?rest_route=\/wp\/v2\/posts\/122483"}],"collection":[{"href":"https:\/\/www.prijedordanas.com\/index.php?rest_route=\/wp\/v2\/posts"}],"about":[{"href":"https:\/\/www.prijedordanas.com\/index.php?rest_route=\/wp\/v2\/types\/post"}],"author":[{"embeddable":true,"href":"https:\/\/www.prijedordanas.com\/index.php?rest_route=\/wp\/v2\/users\/1"}],"replies":[{"embeddable":true,"href":"https:\/\/www.prijedordanas.com\/index.php?rest_route=%2Fwp%2Fv2%2Fcomments&post=122483"}],"version-history":[{"count":3,"href":"https:\/\/www.prijedordanas.com\/index.php?rest_route=\/wp\/v2\/posts\/122483\/revisions"}],"predecessor-version":[{"id":122486,"href":"https:\/\/www.prijedordanas.com\/index.php?rest_route=\/wp\/v2\/posts\/122483\/revisions\/122486"}],"wp:attachment":[{"href":"https:\/\/www.prijedordanas.com\/index.php?rest_route=%2Fwp%2Fv2%2Fmedia&parent=122483"}],"wp:term":[{"taxonomy":"category","embeddable":true,"href":"https:\/\/www.prijedordanas.com\/index.php?rest_route=%2Fwp%2Fv2%2Fcategories&post=122483"},{"taxonomy":"post_tag","embeddable":true,"href":"https:\/\/www.prijedordanas.com\/index.php?rest_route=%2Fwp%2Fv2%2Ftags&post=122483"}],"curies":[{"name":"wp","href":"https:\/\/api.w.org\/{rel}","templated":true}]}}