{"id":122315,"date":"2019-02-22T21:20:54","date_gmt":"2019-02-22T20:20:54","guid":{"rendered":"https:\/\/www.prijedordanas.com\/?p=122315"},"modified":"2019-02-22T21:20:54","modified_gmt":"2019-02-22T20:20:54","slug":"prijedor-promocija-romana-solunska-28-neleta-karajlica-foto-video","status":"publish","type":"post","link":"https:\/\/www.prijedordanas.com\/?p=122315","title":{"rendered":"PRIJEDOR: PROMOCIJA ROMANA \u201cSOLUNSKA 28\u201d NELETA KARAJLI\u0106A \u2013 FOTO\/VIDEO"},"content":{"rendered":"<p><a href=\"https:\/\/www.prijedordanas.com\/wp-content\/uploads\/2019\/02\/nele-karajlic-promocija-solunska-28-1.jpg\"><img loading=\"lazy\" decoding=\"async\" class=\"alignleft size-medium wp-image-122316\" src=\"https:\/\/www.prijedordanas.com\/wp-content\/uploads\/2019\/02\/nele-karajlic-promocija-solunska-28-1-300x222.jpg\" alt=\"\" width=\"300\" height=\"222\" srcset=\"https:\/\/www.prijedordanas.com\/wp-content\/uploads\/2019\/02\/nele-karajlic-promocija-solunska-28-1-300x222.jpg 300w, https:\/\/www.prijedordanas.com\/wp-content\/uploads\/2019\/02\/nele-karajlic-promocija-solunska-28-1-100x74.jpg 100w, https:\/\/www.prijedordanas.com\/wp-content\/uploads\/2019\/02\/nele-karajlic-promocija-solunska-28-1.jpg 675w\" sizes=\"(max-width: 300px) 100vw, 300px\" \/><\/a>U Prijedoru je predstavljen roman Neleta Karajli\u0107a &#8220;Solunska 28&#8221;.<\/p>\n<p>Karajli\u0107 je roman napisao nakon velikog uspjeha autobiografije &#8220;Fajront u Sarajevu&#8221;, koja je prodata u 100.000 primjeraka.<\/p>\n<p>Prema rije\u010dima autora, pisanje &#8220;Solunske 28&#8221; bila je avantura u koju je u\u0161ao da bi kreirao uzbudljivo i zanimljivo djelo.<\/p>\n<p>&#8211; To je pri\u010da o ku\u0107i na Dor\u0107olu u Beogradu, koja je pre\u017eivjela stotinu godina 20. vijeka sa svim svojim uku\u0107anima i narodom oko nje. To je jedna dramati\u010dna pri\u010da o nama, na\u0161oj istoriji i svemu onome \u0161to nas je zadesilo &#8211; pri\u010da Karajli\u0107.<\/p>\n<p><a href=\"https:\/\/www.prijedordanas.com\/wp-content\/uploads\/2019\/02\/nele-karajlic-promocija-solunska-28-2.jpg\"><img loading=\"lazy\" decoding=\"async\" src=\"https:\/\/www.prijedordanas.com\/wp-content\/uploads\/2019\/02\/nele-karajlic-promocija-solunska-28-2-300x222.jpg\" alt=\"\" width=\"300\" height=\"222\" class=\"alignleft size-medium wp-image-122317\" srcset=\"https:\/\/www.prijedordanas.com\/wp-content\/uploads\/2019\/02\/nele-karajlic-promocija-solunska-28-2-300x222.jpg 300w, https:\/\/www.prijedordanas.com\/wp-content\/uploads\/2019\/02\/nele-karajlic-promocija-solunska-28-2-100x74.jpg 100w, https:\/\/www.prijedordanas.com\/wp-content\/uploads\/2019\/02\/nele-karajlic-promocija-solunska-28-2.jpg 675w\" sizes=\"(max-width: 300px) 100vw, 300px\" \/><\/a>Kriti\u010dari su &#8220;Solunsku 28&#8221; uporedili sa literaturom nobelovca Gabrijela Garsije Markesa i njegovim &#8220;magi\u010dnim realizmom&#8221;.<\/p>\n<p>&#8211; Na\u0161 teren je veoma sli\u010dan Latinskoj Americi i Beograd je kao neki Makando. Ono \u0161to je zanimljivo je da mi koji \u017eivimo na ovom tlu imamo odre\u0111enu vrstu imaginacije, koja nam ne da da budemo realni u \u017eivotu, u politici, u knji\u017eevnosti&#8230; &#8211; dodao je Karajli\u0107.<\/p>\n<p>On je za sljede\u0107i mjesec najavio objavljivanje drugog dijela romana. Za tre\u0107i i posljednji dio rekao je da bi pred \u010ditaocima mogao da se na\u0111e naredne godine.<\/p>\n<p>RTRS<\/p>\n<div style=\"width: 640px;\" class=\"wp-video\"><!--[if lt IE 9]><script>document.createElement('video');<\/script><![endif]-->\n<video class=\"wp-video-shortcode\" id=\"video-122315-1\" width=\"640\" height=\"360\" preload=\"metadata\" controls=\"controls\"><source type=\"video\/mp4\" src=\"https:\/\/arh3.rtrs.tv\/arhiva\/2019\/02\/21\/tvclip034107.mp4?_=1\" \/><a href=\"https:\/\/arh3.rtrs.tv\/arhiva\/2019\/02\/21\/tvclip034107.mp4\">https:\/\/arh3.rtrs.tv\/arhiva\/2019\/02\/21\/tvclip034107.mp4<\/a><\/video><\/div>\n<p><a href=\"https:\/\/www.prijedordanas.com\/wp-content\/uploads\/2019\/02\/nele-karajlic-promocija-solunska-28-4.jpg\"><img loading=\"lazy\" decoding=\"async\" src=\"https:\/\/www.prijedordanas.com\/wp-content\/uploads\/2019\/02\/nele-karajlic-promocija-solunska-28-4-300x199.jpg\" alt=\"\" width=\"300\" height=\"199\" class=\"alignleft size-medium wp-image-122318\" srcset=\"https:\/\/www.prijedordanas.com\/wp-content\/uploads\/2019\/02\/nele-karajlic-promocija-solunska-28-4-300x199.jpg 300w, https:\/\/www.prijedordanas.com\/wp-content\/uploads\/2019\/02\/nele-karajlic-promocija-solunska-28-4-100x66.jpg 100w, https:\/\/www.prijedordanas.com\/wp-content\/uploads\/2019\/02\/nele-karajlic-promocija-solunska-28-4-480x320.jpg 480w, https:\/\/www.prijedordanas.com\/wp-content\/uploads\/2019\/02\/nele-karajlic-promocija-solunska-28-4.jpg 600w\" sizes=\"(max-width: 300px) 100vw, 300px\" \/><\/a> <a href=\"https:\/\/www.prijedordanas.com\/wp-content\/uploads\/2019\/02\/nele-karajlic-promocija-solunska-28-5.jpg\"><img loading=\"lazy\" decoding=\"async\" src=\"https:\/\/www.prijedordanas.com\/wp-content\/uploads\/2019\/02\/nele-karajlic-promocija-solunska-28-5-300x199.jpg\" alt=\"\" width=\"300\" height=\"199\" class=\"alignleft size-medium wp-image-122319\" srcset=\"https:\/\/www.prijedordanas.com\/wp-content\/uploads\/2019\/02\/nele-karajlic-promocija-solunska-28-5-300x199.jpg 300w, https:\/\/www.prijedordanas.com\/wp-content\/uploads\/2019\/02\/nele-karajlic-promocija-solunska-28-5-100x66.jpg 100w, https:\/\/www.prijedordanas.com\/wp-content\/uploads\/2019\/02\/nele-karajlic-promocija-solunska-28-5-480x320.jpg 480w, https:\/\/www.prijedordanas.com\/wp-content\/uploads\/2019\/02\/nele-karajlic-promocija-solunska-28-5.jpg 600w\" sizes=\"(max-width: 300px) 100vw, 300px\" \/><\/a> <a href=\"https:\/\/www.prijedordanas.com\/wp-content\/uploads\/2019\/02\/nele-karajlic-promocija-solunska-28-6.jpg\"><img loading=\"lazy\" decoding=\"async\" src=\"https:\/\/www.prijedordanas.com\/wp-content\/uploads\/2019\/02\/nele-karajlic-promocija-solunska-28-6-300x199.jpg\" alt=\"\" width=\"300\" height=\"199\" class=\"alignleft size-medium wp-image-122320\" srcset=\"https:\/\/www.prijedordanas.com\/wp-content\/uploads\/2019\/02\/nele-karajlic-promocija-solunska-28-6-300x199.jpg 300w, https:\/\/www.prijedordanas.com\/wp-content\/uploads\/2019\/02\/nele-karajlic-promocija-solunska-28-6-100x66.jpg 100w, https:\/\/www.prijedordanas.com\/wp-content\/uploads\/2019\/02\/nele-karajlic-promocija-solunska-28-6-480x320.jpg 480w, https:\/\/www.prijedordanas.com\/wp-content\/uploads\/2019\/02\/nele-karajlic-promocija-solunska-28-6.jpg 600w\" sizes=\"(max-width: 300px) 100vw, 300px\" \/><\/a> <a href=\"https:\/\/www.prijedordanas.com\/wp-content\/uploads\/2019\/02\/nele-karajlic-promocija-solunska-28-3.jpg\"><img loading=\"lazy\" decoding=\"async\" src=\"https:\/\/www.prijedordanas.com\/wp-content\/uploads\/2019\/02\/nele-karajlic-promocija-solunska-28-3-300x199.jpg\" alt=\"\" width=\"300\" height=\"199\" class=\"alignleft size-medium wp-image-122321\" srcset=\"https:\/\/www.prijedordanas.com\/wp-content\/uploads\/2019\/02\/nele-karajlic-promocija-solunska-28-3-300x199.jpg 300w, https:\/\/www.prijedordanas.com\/wp-content\/uploads\/2019\/02\/nele-karajlic-promocija-solunska-28-3-100x66.jpg 100w, https:\/\/www.prijedordanas.com\/wp-content\/uploads\/2019\/02\/nele-karajlic-promocija-solunska-28-3-480x320.jpg 480w, https:\/\/www.prijedordanas.com\/wp-content\/uploads\/2019\/02\/nele-karajlic-promocija-solunska-28-3.jpg 600w\" sizes=\"(max-width: 300px) 100vw, 300px\" \/><\/a> <a href=\"https:\/\/www.prijedordanas.com\/wp-content\/uploads\/2019\/02\/nele-karajlic-promocija-solunska-28-7.jpg\"><img loading=\"lazy\" decoding=\"async\" src=\"https:\/\/www.prijedordanas.com\/wp-content\/uploads\/2019\/02\/nele-karajlic-promocija-solunska-28-7-300x199.jpg\" alt=\"\" width=\"300\" height=\"199\" class=\"alignleft size-medium wp-image-122322\" srcset=\"https:\/\/www.prijedordanas.com\/wp-content\/uploads\/2019\/02\/nele-karajlic-promocija-solunska-28-7-300x199.jpg 300w, https:\/\/www.prijedordanas.com\/wp-content\/uploads\/2019\/02\/nele-karajlic-promocija-solunska-28-7-100x66.jpg 100w, https:\/\/www.prijedordanas.com\/wp-content\/uploads\/2019\/02\/nele-karajlic-promocija-solunska-28-7-480x320.jpg 480w, https:\/\/www.prijedordanas.com\/wp-content\/uploads\/2019\/02\/nele-karajlic-promocija-solunska-28-7.jpg 600w\" sizes=\"(max-width: 300px) 100vw, 300px\" \/><\/a><\/p>\n","protected":false},"excerpt":{"rendered":"<p>U Prijedoru je predstavljen roman Neleta Karajli\u0107a &#8220;Solunska 28&#8221;. Karajli\u0107 je roman napisao nakon velikog uspjeha autobiografije &#8220;Fajront u Sarajevu&#8221;, koja je prodata u 100.000 primjeraka. Prema rije\u010dima autora, pisanje [&hellip;]<\/p>\n","protected":false},"author":1,"featured_media":0,"comment_status":"closed","ping_status":"open","sticky":false,"template":"","format":"standard","meta":{"_monsterinsights_skip_tracking":false,"_monsterinsights_sitenote_active":false,"_monsterinsights_sitenote_note":"","_monsterinsights_sitenote_category":0,"footnotes":""},"categories":[6],"tags":[10725,3403,10724],"yoast_head":"<!-- This site is optimized with the Yoast SEO plugin v21.6 - https:\/\/yoast.com\/wordpress\/plugins\/seo\/ -->\n<title>PRIJEDOR: PROMOCIJA ROMANA \u201cSOLUNSKA 28\u201d NELETA KARAJLI\u0106A \u2013 FOTO\/VIDEO - PrijedorDanas.com - Prijedorski gradski portal<\/title>\n<meta name=\"robots\" content=\"index, follow, max-snippet:-1, max-image-preview:large, max-video-preview:-1\" \/>\n<link rel=\"canonical\" href=\"https:\/\/www.prijedordanas.com\/?p=122315\" \/>\n<meta property=\"og:locale\" content=\"en_US\" \/>\n<meta property=\"og:type\" content=\"article\" \/>\n<meta property=\"og:title\" content=\"PRIJEDOR: PROMOCIJA ROMANA \u201cSOLUNSKA 28\u201d NELETA KARAJLI\u0106A \u2013 FOTO\/VIDEO - PrijedorDanas.com - Prijedorski gradski portal\" \/>\n<meta property=\"og:description\" content=\"U Prijedoru je predstavljen roman Neleta Karajli\u0107a &#8220;Solunska 28&#8221;. Karajli\u0107 je roman napisao nakon velikog uspjeha autobiografije &#8220;Fajront u Sarajevu&#8221;, koja je prodata u 100.000 primjeraka. Prema rije\u010dima autora, pisanje [&hellip;]\" \/>\n<meta property=\"og:url\" content=\"https:\/\/www.prijedordanas.com\/?p=122315\" \/>\n<meta property=\"og:site_name\" content=\"PrijedorDanas.com - Prijedorski gradski portal\" \/>\n<meta property=\"article:publisher\" content=\"https:\/\/www.facebook.com\/PrijedorDanasCom\/\" \/>\n<meta property=\"article:published_time\" content=\"2019-02-22T20:20:54+00:00\" \/>\n<meta property=\"og:image\" content=\"https:\/\/www.prijedordanas.com\/wp-content\/uploads\/2019\/02\/nele-karajlic-promocija-solunska-28-1-300x222.jpg\" \/>\n<meta name=\"author\" content=\"admin\" \/>\n<meta name=\"twitter:card\" content=\"summary_large_image\" \/>\n<meta name=\"twitter:label1\" content=\"Written by\" \/>\n\t<meta name=\"twitter:data1\" content=\"admin\" \/>\n\t<meta name=\"twitter:label2\" content=\"Est. reading time\" \/>\n\t<meta name=\"twitter:data2\" content=\"1 minute\" \/>\n<script type=\"application\/ld+json\" class=\"yoast-schema-graph\">{\"@context\":\"https:\/\/schema.org\",\"@graph\":[{\"@type\":\"Article\",\"@id\":\"https:\/\/www.prijedordanas.com\/?p=122315#article\",\"isPartOf\":{\"@id\":\"https:\/\/www.prijedordanas.com\/?p=122315\"},\"author\":{\"name\":\"admin\",\"@id\":\"https:\/\/www.prijedordanas.com\/#\/schema\/person\/4e08ccf29b506ca916ff86d46bb700e6\"},\"headline\":\"PRIJEDOR: PROMOCIJA ROMANA \u201cSOLUNSKA 28\u201d NELETA KARAJLI\u0106A \u2013 FOTO\/VIDEO\",\"datePublished\":\"2019-02-22T20:20:54+00:00\",\"dateModified\":\"2019-02-22T20:20:54+00:00\",\"mainEntityOfPage\":{\"@id\":\"https:\/\/www.prijedordanas.com\/?p=122315\"},\"wordCount\":211,\"publisher\":{\"@id\":\"https:\/\/www.prijedordanas.com\/#organization\"},\"keywords\":[\"Nele Karajli\u0107\",\"promocija\",\"Solunska 28\"],\"articleSection\":[\"Kultura\"],\"inLanguage\":\"en-US\"},{\"@type\":\"WebPage\",\"@id\":\"https:\/\/www.prijedordanas.com\/?p=122315\",\"url\":\"https:\/\/www.prijedordanas.com\/?p=122315\",\"name\":\"PRIJEDOR: PROMOCIJA ROMANA \u201cSOLUNSKA 28\u201d NELETA KARAJLI\u0106A \u2013 FOTO\/VIDEO - PrijedorDanas.com - Prijedorski gradski portal\",\"isPartOf\":{\"@id\":\"https:\/\/www.prijedordanas.com\/#website\"},\"datePublished\":\"2019-02-22T20:20:54+00:00\",\"dateModified\":\"2019-02-22T20:20:54+00:00\",\"breadcrumb\":{\"@id\":\"https:\/\/www.prijedordanas.com\/?p=122315#breadcrumb\"},\"inLanguage\":\"en-US\",\"potentialAction\":[{\"@type\":\"ReadAction\",\"target\":[\"https:\/\/www.prijedordanas.com\/?p=122315\"]}]},{\"@type\":\"BreadcrumbList\",\"@id\":\"https:\/\/www.prijedordanas.com\/?p=122315#breadcrumb\",\"itemListElement\":[{\"@type\":\"ListItem\",\"position\":1,\"name\":\"Home\",\"item\":\"https:\/\/www.prijedordanas.com\/\"},{\"@type\":\"ListItem\",\"position\":2,\"name\":\"PRIJEDOR: PROMOCIJA ROMANA \u201cSOLUNSKA 28\u201d NELETA KARAJLI\u0106A \u2013 FOTO\/VIDEO\"}]},{\"@type\":\"WebSite\",\"@id\":\"https:\/\/www.prijedordanas.com\/#website\",\"url\":\"https:\/\/www.prijedordanas.com\/\",\"name\":\"PrijedorDanas.com - Prijedorski gradski portal\",\"description\":\"Portal o doga\u0111anjima u gradu Prijedoru\",\"publisher\":{\"@id\":\"https:\/\/www.prijedordanas.com\/#organization\"},\"potentialAction\":[{\"@type\":\"SearchAction\",\"target\":{\"@type\":\"EntryPoint\",\"urlTemplate\":\"https:\/\/www.prijedordanas.com\/?s={search_term_string}\"},\"query-input\":\"required name=search_term_string\"}],\"inLanguage\":\"en-US\"},{\"@type\":\"Organization\",\"@id\":\"https:\/\/www.prijedordanas.com\/#organization\",\"name\":\"PrijedorDanas.com\",\"url\":\"https:\/\/www.prijedordanas.com\/\",\"logo\":{\"@type\":\"ImageObject\",\"inLanguage\":\"en-US\",\"@id\":\"https:\/\/www.prijedordanas.com\/#\/schema\/logo\/image\/\",\"url\":\"http:\/\/www.prijedordanas.com\/wp-content\/uploads\/2021\/12\/logopng.png\",\"contentUrl\":\"http:\/\/www.prijedordanas.com\/wp-content\/uploads\/2021\/12\/logopng.png\",\"width\":1019,\"height\":776,\"caption\":\"PrijedorDanas.com\"},\"image\":{\"@id\":\"https:\/\/www.prijedordanas.com\/#\/schema\/logo\/image\/\"},\"sameAs\":[\"https:\/\/www.facebook.com\/PrijedorDanasCom\/\"]},{\"@type\":\"Person\",\"@id\":\"https:\/\/www.prijedordanas.com\/#\/schema\/person\/4e08ccf29b506ca916ff86d46bb700e6\",\"name\":\"admin\",\"image\":{\"@type\":\"ImageObject\",\"inLanguage\":\"en-US\",\"@id\":\"https:\/\/www.prijedordanas.com\/#\/schema\/person\/image\/\",\"url\":\"https:\/\/secure.gravatar.com\/avatar\/1d3fc949d550f0b53a5f0d51e06dfd79?s=96&d=mm&r=g\",\"contentUrl\":\"https:\/\/secure.gravatar.com\/avatar\/1d3fc949d550f0b53a5f0d51e06dfd79?s=96&d=mm&r=g\",\"caption\":\"admin\"},\"url\":\"https:\/\/www.prijedordanas.com\/?author=1\"}]}<\/script>\n<!-- \/ Yoast SEO plugin. -->","yoast_head_json":{"title":"PRIJEDOR: PROMOCIJA ROMANA \u201cSOLUNSKA 28\u201d NELETA KARAJLI\u0106A \u2013 FOTO\/VIDEO - PrijedorDanas.com - Prijedorski gradski portal","robots":{"index":"index","follow":"follow","max-snippet":"max-snippet:-1","max-image-preview":"max-image-preview:large","max-video-preview":"max-video-preview:-1"},"canonical":"https:\/\/www.prijedordanas.com\/?p=122315","og_locale":"en_US","og_type":"article","og_title":"PRIJEDOR: PROMOCIJA ROMANA \u201cSOLUNSKA 28\u201d NELETA KARAJLI\u0106A \u2013 FOTO\/VIDEO - PrijedorDanas.com - Prijedorski gradski portal","og_description":"U Prijedoru je predstavljen roman Neleta Karajli\u0107a &#8220;Solunska 28&#8221;. Karajli\u0107 je roman napisao nakon velikog uspjeha autobiografije &#8220;Fajront u Sarajevu&#8221;, koja je prodata u 100.000 primjeraka. Prema rije\u010dima autora, pisanje [&hellip;]","og_url":"https:\/\/www.prijedordanas.com\/?p=122315","og_site_name":"PrijedorDanas.com - Prijedorski gradski portal","article_publisher":"https:\/\/www.facebook.com\/PrijedorDanasCom\/","article_published_time":"2019-02-22T20:20:54+00:00","og_image":[{"url":"https:\/\/www.prijedordanas.com\/wp-content\/uploads\/2019\/02\/nele-karajlic-promocija-solunska-28-1-300x222.jpg"}],"author":"admin","twitter_card":"summary_large_image","twitter_misc":{"Written by":"admin","Est. reading time":"1 minute"},"schema":{"@context":"https:\/\/schema.org","@graph":[{"@type":"Article","@id":"https:\/\/www.prijedordanas.com\/?p=122315#article","isPartOf":{"@id":"https:\/\/www.prijedordanas.com\/?p=122315"},"author":{"name":"admin","@id":"https:\/\/www.prijedordanas.com\/#\/schema\/person\/4e08ccf29b506ca916ff86d46bb700e6"},"headline":"PRIJEDOR: PROMOCIJA ROMANA \u201cSOLUNSKA 28\u201d NELETA KARAJLI\u0106A \u2013 FOTO\/VIDEO","datePublished":"2019-02-22T20:20:54+00:00","dateModified":"2019-02-22T20:20:54+00:00","mainEntityOfPage":{"@id":"https:\/\/www.prijedordanas.com\/?p=122315"},"wordCount":211,"publisher":{"@id":"https:\/\/www.prijedordanas.com\/#organization"},"keywords":["Nele Karajli\u0107","promocija","Solunska 28"],"articleSection":["Kultura"],"inLanguage":"en-US"},{"@type":"WebPage","@id":"https:\/\/www.prijedordanas.com\/?p=122315","url":"https:\/\/www.prijedordanas.com\/?p=122315","name":"PRIJEDOR: PROMOCIJA ROMANA \u201cSOLUNSKA 28\u201d NELETA KARAJLI\u0106A \u2013 FOTO\/VIDEO - PrijedorDanas.com - Prijedorski gradski portal","isPartOf":{"@id":"https:\/\/www.prijedordanas.com\/#website"},"datePublished":"2019-02-22T20:20:54+00:00","dateModified":"2019-02-22T20:20:54+00:00","breadcrumb":{"@id":"https:\/\/www.prijedordanas.com\/?p=122315#breadcrumb"},"inLanguage":"en-US","potentialAction":[{"@type":"ReadAction","target":["https:\/\/www.prijedordanas.com\/?p=122315"]}]},{"@type":"BreadcrumbList","@id":"https:\/\/www.prijedordanas.com\/?p=122315#breadcrumb","itemListElement":[{"@type":"ListItem","position":1,"name":"Home","item":"https:\/\/www.prijedordanas.com\/"},{"@type":"ListItem","position":2,"name":"PRIJEDOR: PROMOCIJA ROMANA \u201cSOLUNSKA 28\u201d NELETA KARAJLI\u0106A \u2013 FOTO\/VIDEO"}]},{"@type":"WebSite","@id":"https:\/\/www.prijedordanas.com\/#website","url":"https:\/\/www.prijedordanas.com\/","name":"PrijedorDanas.com - Prijedorski gradski portal","description":"Portal o doga\u0111anjima u gradu Prijedoru","publisher":{"@id":"https:\/\/www.prijedordanas.com\/#organization"},"potentialAction":[{"@type":"SearchAction","target":{"@type":"EntryPoint","urlTemplate":"https:\/\/www.prijedordanas.com\/?s={search_term_string}"},"query-input":"required name=search_term_string"}],"inLanguage":"en-US"},{"@type":"Organization","@id":"https:\/\/www.prijedordanas.com\/#organization","name":"PrijedorDanas.com","url":"https:\/\/www.prijedordanas.com\/","logo":{"@type":"ImageObject","inLanguage":"en-US","@id":"https:\/\/www.prijedordanas.com\/#\/schema\/logo\/image\/","url":"http:\/\/www.prijedordanas.com\/wp-content\/uploads\/2021\/12\/logopng.png","contentUrl":"http:\/\/www.prijedordanas.com\/wp-content\/uploads\/2021\/12\/logopng.png","width":1019,"height":776,"caption":"PrijedorDanas.com"},"image":{"@id":"https:\/\/www.prijedordanas.com\/#\/schema\/logo\/image\/"},"sameAs":["https:\/\/www.facebook.com\/PrijedorDanasCom\/"]},{"@type":"Person","@id":"https:\/\/www.prijedordanas.com\/#\/schema\/person\/4e08ccf29b506ca916ff86d46bb700e6","name":"admin","image":{"@type":"ImageObject","inLanguage":"en-US","@id":"https:\/\/www.prijedordanas.com\/#\/schema\/person\/image\/","url":"https:\/\/secure.gravatar.com\/avatar\/1d3fc949d550f0b53a5f0d51e06dfd79?s=96&d=mm&r=g","contentUrl":"https:\/\/secure.gravatar.com\/avatar\/1d3fc949d550f0b53a5f0d51e06dfd79?s=96&d=mm&r=g","caption":"admin"},"url":"https:\/\/www.prijedordanas.com\/?author=1"}]}},"_links":{"self":[{"href":"https:\/\/www.prijedordanas.com\/index.php?rest_route=\/wp\/v2\/posts\/122315"}],"collection":[{"href":"https:\/\/www.prijedordanas.com\/index.php?rest_route=\/wp\/v2\/posts"}],"about":[{"href":"https:\/\/www.prijedordanas.com\/index.php?rest_route=\/wp\/v2\/types\/post"}],"author":[{"embeddable":true,"href":"https:\/\/www.prijedordanas.com\/index.php?rest_route=\/wp\/v2\/users\/1"}],"replies":[{"embeddable":true,"href":"https:\/\/www.prijedordanas.com\/index.php?rest_route=%2Fwp%2Fv2%2Fcomments&post=122315"}],"version-history":[{"count":1,"href":"https:\/\/www.prijedordanas.com\/index.php?rest_route=\/wp\/v2\/posts\/122315\/revisions"}],"predecessor-version":[{"id":122323,"href":"https:\/\/www.prijedordanas.com\/index.php?rest_route=\/wp\/v2\/posts\/122315\/revisions\/122323"}],"wp:attachment":[{"href":"https:\/\/www.prijedordanas.com\/index.php?rest_route=%2Fwp%2Fv2%2Fmedia&parent=122315"}],"wp:term":[{"taxonomy":"category","embeddable":true,"href":"https:\/\/www.prijedordanas.com\/index.php?rest_route=%2Fwp%2Fv2%2Fcategories&post=122315"},{"taxonomy":"post_tag","embeddable":true,"href":"https:\/\/www.prijedordanas.com\/index.php?rest_route=%2Fwp%2Fv2%2Ftags&post=122315"}],"curies":[{"name":"wp","href":"https:\/\/api.w.org\/{rel}","templated":true}]}}