{"id":122313,"date":"2019-02-23T07:50:38","date_gmt":"2019-02-23T06:50:38","guid":{"rendered":"https:\/\/www.prijedordanas.com\/?p=122313"},"modified":"2019-02-23T07:50:38","modified_gmt":"2019-02-23T06:50:38","slug":"sudenje-milojica-rivic-bez-saznanja-o-pociniocima-ubistva","status":"publish","type":"post","link":"https:\/\/www.prijedordanas.com\/?p=122313","title":{"rendered":"SU\u0110ENJE MILOJICA-RIVI\u0106: BEZ SAZNANJA O PO\u010cINIOCIMA UBISTVA"},"content":{"rendered":"<p><a href=\"https:\/\/www.prijedordanas.com\/wp-content\/uploads\/2018\/09\/sud-bih-15.jpg\"><img loading=\"lazy\" decoding=\"async\" src=\"https:\/\/www.prijedordanas.com\/wp-content\/uploads\/2018\/09\/sud-bih-15-300x225.jpg\" alt=\"\" width=\"300\" height=\"225\" class=\"alignleft size-medium wp-image-112342\" srcset=\"https:\/\/www.prijedordanas.com\/wp-content\/uploads\/2018\/09\/sud-bih-15-300x225.jpg 300w, https:\/\/www.prijedordanas.com\/wp-content\/uploads\/2018\/09\/sud-bih-15-100x75.jpg 100w, https:\/\/www.prijedordanas.com\/wp-content\/uploads\/2018\/09\/sud-bih-15-640x480.jpg 640w, https:\/\/www.prijedordanas.com\/wp-content\/uploads\/2018\/09\/sud-bih-15.jpg 667w\" sizes=\"(max-width: 300px) 100vw, 300px\" \/><\/a>Svjedok Odbrane Bore Milojice i \u017delislava Rivi\u0107a, optu\u017eenih za zlo\u010dine po\u010dinjene na podru\u010dju Prijedora, rekao je da nema saznanja ko je po\u010dinio ubistva na punktu u mjestu Hambarine.<\/p>\n<p>Dra\u0161ko Ratkovi\u0107 ispri\u010dao je da je 1992. godine mobilisan u Ljubijski bataljon, te da je stra\u017eario, izme\u0111u ostalog, i na punktu u Hambarinama.<\/p>\n<p>Svjedok se prisjetio da je njih oko 13 vojnika bilo smje\u0161teno u \u010detiri-pet ku\u0107a, i da su obezbje\u0111ivali da stanovni\u0161tvo iz \u010carakova ne presije\u010de komunikaciju Ljubija \u2013 Prijedor.<\/p>\n<p>\u201cBojali smo se za goli \u017eivot od tog stanovni\u0161tva \u0161to je izbjeglo u \u010carakovo. Tih muslimanskih paravojnih formacija\u201d, rekao je Ratkovi\u0107, svjedo\u010de\u0107i u korist obojice optu\u017eenih.<\/p>\n<p>Dodao je da Milojica i Rivi\u0107 nisu bili s njim u istoj ku\u0107i.<\/p>\n<p>Jedne ve\u010deri, kako je kazao, svjedok je bio u sobi kada je \u010duo rafal. Istaknuo je da su konstatovali narednog jutra da je bilo ubistava i da je \u201cneki momak pobjegao s mjesta kao svjedok\u201d.<\/p>\n<p>Ratkovi\u0107 je negirao da je \u010duo tu no\u0107 prepirku, te dodao da je ujutro vidio kako su dvije osobe bile mrtve.<\/p>\n<p>U unakrsnom ispitivanju Ratkovi\u0107 je rekao da se ne sje\u0107a gdje su bili optu\u017eeni u trenutku kada je \u010duo pucanje. Nakon predo\u010denog zapisnika iz istrage u kojem je ustvrdio da su na stra\u017ei, izme\u0111u ostalih, bili \u017deljko Rivi\u0107 i Boro Milojica, svjedok je kazao: \u201cMislim da je to ta\u010dno onda\u201d. Ratkovi\u0107 je potvrdio i navode iz zapisnika u kojim je rekao da je \u010duo tri kratka rafala i neke pojedina\u010dne.<\/p>\n<p>Odgovaraju\u0107i na pitanja Sudskog vije\u0107a svjedok je naveo da nije nikada saznao ko je po\u010dinio ta ubistva.<\/p>\n<p>Boru Milojicu i \u017delislava Rivi\u0107a, biv\u0161e pripadnike \u0160estog ljubijskog bataljona 43. prijedorske brigade Vojske Republike Srpske (VRS), optu\u017enica tereti za ubistva 19 civila bo\u0161nja\u010dke, hrvatske i romske nacionalnosti po\u010dinjena u junu i julu 1992. godine.<\/p>\n<p>Istra\u017eitelj Dr\u017eavne agencije za istrage i za\u0161titu (SIPA), Ramiz \u0160kulj, potvrdio je da je 2016. sa\u010dinio slu\u017ebenu zabilje\u0161ku o razgovoru s Kemalom Alagi\u0107em zvanim Divljak o ubistvima grupe Roma u naselju Volari\u0107.<\/p>\n<p>\u0160kulj, koji je svjedo\u010dio u korist Odbrane Milojice, naveo je da je za Alagi\u0107a \u010duo da je \u201csklon izno\u0161enju neistine\u201d, te da je bio upozoren da Alagi\u0107 \u010dak tra\u017ei novac za informacije, \u0161to je jedne prilike tra\u017eio i od svjedoka.<\/p>\n<p>Svjedok je naveo da je Alagi\u0107, koji je preminuo, ispri\u010dao da je jednu predve\u010der na \u201ctami\u0107u\u201d iz pravca Miske Glave prepoznao izvjesnog Stivena, Bartoza i Peru Krnetu, te \u010duo pucanje, a kasnije vidio i 21 le\u0161. \u0160kulj je naglasio kako je imao saznanja da je Alagi\u0107 sa Stivenom imao nera\u0161\u010di\u0161\u0107ene odnose.<\/p>\n<p>O istim doga\u0111ajima \u0160kulj je potvrdio da je sa\u010dinio i slu\u017ebenu zabilje\u0161ku o razgovoru s Ajkom Pe\u0107anac, koju je Odbrana pro\u010ditala. Pe\u0107anac je tada rekla da je krajem jula 1992. vidjela \u201ctami\u0107\u201d i prepoznala Stivena, \u010dula pucnjavu, a kasnije saznala da su ubijeni Romi koji su i\u0161li kopati grobnicu, me\u0111u kojima su bili njen otac i brat.<\/p>\n<p>Nastavak su\u0111enja planiran je za 7. mart.<\/p>\n<p>BIRN<\/p>\n","protected":false},"excerpt":{"rendered":"<p>Svjedok Odbrane Bore Milojice i \u017delislava Rivi\u0107a, optu\u017eenih za zlo\u010dine po\u010dinjene na podru\u010dju Prijedora, rekao je da nema saznanja ko je po\u010dinio ubistva na punktu u mjestu Hambarine. Dra\u0161ko Ratkovi\u0107 [&hellip;]<\/p>\n","protected":false},"author":1,"featured_media":0,"comment_status":"closed","ping_status":"open","sticky":false,"template":"","format":"standard","meta":{"_monsterinsights_skip_tracking":false,"_monsterinsights_sitenote_active":false,"_monsterinsights_sitenote_note":"","_monsterinsights_sitenote_category":0,"footnotes":""},"categories":[5],"tags":[531],"yoast_head":"<!-- This site is optimized with the Yoast SEO plugin v21.6 - https:\/\/yoast.com\/wordpress\/plugins\/seo\/ -->\n<title>SU\u0110ENJE MILOJICA-RIVI\u0106: BEZ SAZNANJA O PO\u010cINIOCIMA UBISTVA - PrijedorDanas.com - Prijedorski gradski portal<\/title>\n<meta name=\"robots\" content=\"index, follow, max-snippet:-1, max-image-preview:large, max-video-preview:-1\" \/>\n<link rel=\"canonical\" href=\"https:\/\/www.prijedordanas.com\/?p=122313\" \/>\n<meta property=\"og:locale\" content=\"en_US\" \/>\n<meta property=\"og:type\" content=\"article\" \/>\n<meta property=\"og:title\" content=\"SU\u0110ENJE MILOJICA-RIVI\u0106: BEZ SAZNANJA O PO\u010cINIOCIMA UBISTVA - PrijedorDanas.com - Prijedorski gradski portal\" \/>\n<meta property=\"og:description\" content=\"Svjedok Odbrane Bore Milojice i \u017delislava Rivi\u0107a, optu\u017eenih za zlo\u010dine po\u010dinjene na podru\u010dju Prijedora, rekao je da nema saznanja ko je po\u010dinio ubistva na punktu u mjestu Hambarine. Dra\u0161ko Ratkovi\u0107 [&hellip;]\" \/>\n<meta property=\"og:url\" content=\"https:\/\/www.prijedordanas.com\/?p=122313\" \/>\n<meta property=\"og:site_name\" content=\"PrijedorDanas.com - Prijedorski gradski portal\" \/>\n<meta property=\"article:publisher\" content=\"https:\/\/www.facebook.com\/PrijedorDanasCom\/\" \/>\n<meta property=\"article:published_time\" content=\"2019-02-23T06:50:38+00:00\" \/>\n<meta property=\"og:image\" content=\"https:\/\/www.prijedordanas.com\/wp-content\/uploads\/2018\/09\/sud-bih-15-300x225.jpg\" \/>\n<meta name=\"author\" content=\"admin\" \/>\n<meta name=\"twitter:card\" content=\"summary_large_image\" \/>\n<meta name=\"twitter:label1\" content=\"Written by\" \/>\n\t<meta name=\"twitter:data1\" content=\"admin\" \/>\n\t<meta name=\"twitter:label2\" content=\"Est. reading time\" \/>\n\t<meta name=\"twitter:data2\" content=\"3 minutes\" \/>\n<script type=\"application\/ld+json\" class=\"yoast-schema-graph\">{\"@context\":\"https:\/\/schema.org\",\"@graph\":[{\"@type\":\"Article\",\"@id\":\"https:\/\/www.prijedordanas.com\/?p=122313#article\",\"isPartOf\":{\"@id\":\"https:\/\/www.prijedordanas.com\/?p=122313\"},\"author\":{\"name\":\"admin\",\"@id\":\"https:\/\/www.prijedordanas.com\/#\/schema\/person\/4e08ccf29b506ca916ff86d46bb700e6\"},\"headline\":\"SU\u0110ENJE MILOJICA-RIVI\u0106: BEZ SAZNANJA O PO\u010cINIOCIMA UBISTVA\",\"datePublished\":\"2019-02-23T06:50:38+00:00\",\"dateModified\":\"2019-02-23T06:50:38+00:00\",\"mainEntityOfPage\":{\"@id\":\"https:\/\/www.prijedordanas.com\/?p=122313\"},\"wordCount\":547,\"publisher\":{\"@id\":\"https:\/\/www.prijedordanas.com\/#organization\"},\"keywords\":[\"Sud BiH\"],\"articleSection\":[\"Hronika\"],\"inLanguage\":\"en-US\"},{\"@type\":\"WebPage\",\"@id\":\"https:\/\/www.prijedordanas.com\/?p=122313\",\"url\":\"https:\/\/www.prijedordanas.com\/?p=122313\",\"name\":\"SU\u0110ENJE MILOJICA-RIVI\u0106: BEZ SAZNANJA O PO\u010cINIOCIMA UBISTVA - PrijedorDanas.com - Prijedorski gradski portal\",\"isPartOf\":{\"@id\":\"https:\/\/www.prijedordanas.com\/#website\"},\"datePublished\":\"2019-02-23T06:50:38+00:00\",\"dateModified\":\"2019-02-23T06:50:38+00:00\",\"breadcrumb\":{\"@id\":\"https:\/\/www.prijedordanas.com\/?p=122313#breadcrumb\"},\"inLanguage\":\"en-US\",\"potentialAction\":[{\"@type\":\"ReadAction\",\"target\":[\"https:\/\/www.prijedordanas.com\/?p=122313\"]}]},{\"@type\":\"BreadcrumbList\",\"@id\":\"https:\/\/www.prijedordanas.com\/?p=122313#breadcrumb\",\"itemListElement\":[{\"@type\":\"ListItem\",\"position\":1,\"name\":\"Home\",\"item\":\"https:\/\/www.prijedordanas.com\/\"},{\"@type\":\"ListItem\",\"position\":2,\"name\":\"SU\u0110ENJE MILOJICA-RIVI\u0106: BEZ SAZNANJA O PO\u010cINIOCIMA UBISTVA\"}]},{\"@type\":\"WebSite\",\"@id\":\"https:\/\/www.prijedordanas.com\/#website\",\"url\":\"https:\/\/www.prijedordanas.com\/\",\"name\":\"PrijedorDanas.com - Prijedorski gradski portal\",\"description\":\"Portal o doga\u0111anjima u gradu Prijedoru\",\"publisher\":{\"@id\":\"https:\/\/www.prijedordanas.com\/#organization\"},\"potentialAction\":[{\"@type\":\"SearchAction\",\"target\":{\"@type\":\"EntryPoint\",\"urlTemplate\":\"https:\/\/www.prijedordanas.com\/?s={search_term_string}\"},\"query-input\":\"required name=search_term_string\"}],\"inLanguage\":\"en-US\"},{\"@type\":\"Organization\",\"@id\":\"https:\/\/www.prijedordanas.com\/#organization\",\"name\":\"PrijedorDanas.com\",\"url\":\"https:\/\/www.prijedordanas.com\/\",\"logo\":{\"@type\":\"ImageObject\",\"inLanguage\":\"en-US\",\"@id\":\"https:\/\/www.prijedordanas.com\/#\/schema\/logo\/image\/\",\"url\":\"http:\/\/www.prijedordanas.com\/wp-content\/uploads\/2021\/12\/logopng.png\",\"contentUrl\":\"http:\/\/www.prijedordanas.com\/wp-content\/uploads\/2021\/12\/logopng.png\",\"width\":1019,\"height\":776,\"caption\":\"PrijedorDanas.com\"},\"image\":{\"@id\":\"https:\/\/www.prijedordanas.com\/#\/schema\/logo\/image\/\"},\"sameAs\":[\"https:\/\/www.facebook.com\/PrijedorDanasCom\/\"]},{\"@type\":\"Person\",\"@id\":\"https:\/\/www.prijedordanas.com\/#\/schema\/person\/4e08ccf29b506ca916ff86d46bb700e6\",\"name\":\"admin\",\"image\":{\"@type\":\"ImageObject\",\"inLanguage\":\"en-US\",\"@id\":\"https:\/\/www.prijedordanas.com\/#\/schema\/person\/image\/\",\"url\":\"https:\/\/secure.gravatar.com\/avatar\/1d3fc949d550f0b53a5f0d51e06dfd79?s=96&d=mm&r=g\",\"contentUrl\":\"https:\/\/secure.gravatar.com\/avatar\/1d3fc949d550f0b53a5f0d51e06dfd79?s=96&d=mm&r=g\",\"caption\":\"admin\"},\"url\":\"https:\/\/www.prijedordanas.com\/?author=1\"}]}<\/script>\n<!-- \/ Yoast SEO plugin. -->","yoast_head_json":{"title":"SU\u0110ENJE MILOJICA-RIVI\u0106: BEZ SAZNANJA O PO\u010cINIOCIMA UBISTVA - PrijedorDanas.com - Prijedorski gradski portal","robots":{"index":"index","follow":"follow","max-snippet":"max-snippet:-1","max-image-preview":"max-image-preview:large","max-video-preview":"max-video-preview:-1"},"canonical":"https:\/\/www.prijedordanas.com\/?p=122313","og_locale":"en_US","og_type":"article","og_title":"SU\u0110ENJE MILOJICA-RIVI\u0106: BEZ SAZNANJA O PO\u010cINIOCIMA UBISTVA - PrijedorDanas.com - Prijedorski gradski portal","og_description":"Svjedok Odbrane Bore Milojice i \u017delislava Rivi\u0107a, optu\u017eenih za zlo\u010dine po\u010dinjene na podru\u010dju Prijedora, rekao je da nema saznanja ko je po\u010dinio ubistva na punktu u mjestu Hambarine. Dra\u0161ko Ratkovi\u0107 [&hellip;]","og_url":"https:\/\/www.prijedordanas.com\/?p=122313","og_site_name":"PrijedorDanas.com - Prijedorski gradski portal","article_publisher":"https:\/\/www.facebook.com\/PrijedorDanasCom\/","article_published_time":"2019-02-23T06:50:38+00:00","og_image":[{"url":"https:\/\/www.prijedordanas.com\/wp-content\/uploads\/2018\/09\/sud-bih-15-300x225.jpg"}],"author":"admin","twitter_card":"summary_large_image","twitter_misc":{"Written by":"admin","Est. reading time":"3 minutes"},"schema":{"@context":"https:\/\/schema.org","@graph":[{"@type":"Article","@id":"https:\/\/www.prijedordanas.com\/?p=122313#article","isPartOf":{"@id":"https:\/\/www.prijedordanas.com\/?p=122313"},"author":{"name":"admin","@id":"https:\/\/www.prijedordanas.com\/#\/schema\/person\/4e08ccf29b506ca916ff86d46bb700e6"},"headline":"SU\u0110ENJE MILOJICA-RIVI\u0106: BEZ SAZNANJA O PO\u010cINIOCIMA UBISTVA","datePublished":"2019-02-23T06:50:38+00:00","dateModified":"2019-02-23T06:50:38+00:00","mainEntityOfPage":{"@id":"https:\/\/www.prijedordanas.com\/?p=122313"},"wordCount":547,"publisher":{"@id":"https:\/\/www.prijedordanas.com\/#organization"},"keywords":["Sud BiH"],"articleSection":["Hronika"],"inLanguage":"en-US"},{"@type":"WebPage","@id":"https:\/\/www.prijedordanas.com\/?p=122313","url":"https:\/\/www.prijedordanas.com\/?p=122313","name":"SU\u0110ENJE MILOJICA-RIVI\u0106: BEZ SAZNANJA O PO\u010cINIOCIMA UBISTVA - PrijedorDanas.com - Prijedorski gradski portal","isPartOf":{"@id":"https:\/\/www.prijedordanas.com\/#website"},"datePublished":"2019-02-23T06:50:38+00:00","dateModified":"2019-02-23T06:50:38+00:00","breadcrumb":{"@id":"https:\/\/www.prijedordanas.com\/?p=122313#breadcrumb"},"inLanguage":"en-US","potentialAction":[{"@type":"ReadAction","target":["https:\/\/www.prijedordanas.com\/?p=122313"]}]},{"@type":"BreadcrumbList","@id":"https:\/\/www.prijedordanas.com\/?p=122313#breadcrumb","itemListElement":[{"@type":"ListItem","position":1,"name":"Home","item":"https:\/\/www.prijedordanas.com\/"},{"@type":"ListItem","position":2,"name":"SU\u0110ENJE MILOJICA-RIVI\u0106: BEZ SAZNANJA O PO\u010cINIOCIMA UBISTVA"}]},{"@type":"WebSite","@id":"https:\/\/www.prijedordanas.com\/#website","url":"https:\/\/www.prijedordanas.com\/","name":"PrijedorDanas.com - Prijedorski gradski portal","description":"Portal o doga\u0111anjima u gradu Prijedoru","publisher":{"@id":"https:\/\/www.prijedordanas.com\/#organization"},"potentialAction":[{"@type":"SearchAction","target":{"@type":"EntryPoint","urlTemplate":"https:\/\/www.prijedordanas.com\/?s={search_term_string}"},"query-input":"required name=search_term_string"}],"inLanguage":"en-US"},{"@type":"Organization","@id":"https:\/\/www.prijedordanas.com\/#organization","name":"PrijedorDanas.com","url":"https:\/\/www.prijedordanas.com\/","logo":{"@type":"ImageObject","inLanguage":"en-US","@id":"https:\/\/www.prijedordanas.com\/#\/schema\/logo\/image\/","url":"http:\/\/www.prijedordanas.com\/wp-content\/uploads\/2021\/12\/logopng.png","contentUrl":"http:\/\/www.prijedordanas.com\/wp-content\/uploads\/2021\/12\/logopng.png","width":1019,"height":776,"caption":"PrijedorDanas.com"},"image":{"@id":"https:\/\/www.prijedordanas.com\/#\/schema\/logo\/image\/"},"sameAs":["https:\/\/www.facebook.com\/PrijedorDanasCom\/"]},{"@type":"Person","@id":"https:\/\/www.prijedordanas.com\/#\/schema\/person\/4e08ccf29b506ca916ff86d46bb700e6","name":"admin","image":{"@type":"ImageObject","inLanguage":"en-US","@id":"https:\/\/www.prijedordanas.com\/#\/schema\/person\/image\/","url":"https:\/\/secure.gravatar.com\/avatar\/1d3fc949d550f0b53a5f0d51e06dfd79?s=96&d=mm&r=g","contentUrl":"https:\/\/secure.gravatar.com\/avatar\/1d3fc949d550f0b53a5f0d51e06dfd79?s=96&d=mm&r=g","caption":"admin"},"url":"https:\/\/www.prijedordanas.com\/?author=1"}]}},"_links":{"self":[{"href":"https:\/\/www.prijedordanas.com\/index.php?rest_route=\/wp\/v2\/posts\/122313"}],"collection":[{"href":"https:\/\/www.prijedordanas.com\/index.php?rest_route=\/wp\/v2\/posts"}],"about":[{"href":"https:\/\/www.prijedordanas.com\/index.php?rest_route=\/wp\/v2\/types\/post"}],"author":[{"embeddable":true,"href":"https:\/\/www.prijedordanas.com\/index.php?rest_route=\/wp\/v2\/users\/1"}],"replies":[{"embeddable":true,"href":"https:\/\/www.prijedordanas.com\/index.php?rest_route=%2Fwp%2Fv2%2Fcomments&post=122313"}],"version-history":[{"count":1,"href":"https:\/\/www.prijedordanas.com\/index.php?rest_route=\/wp\/v2\/posts\/122313\/revisions"}],"predecessor-version":[{"id":122314,"href":"https:\/\/www.prijedordanas.com\/index.php?rest_route=\/wp\/v2\/posts\/122313\/revisions\/122314"}],"wp:attachment":[{"href":"https:\/\/www.prijedordanas.com\/index.php?rest_route=%2Fwp%2Fv2%2Fmedia&parent=122313"}],"wp:term":[{"taxonomy":"category","embeddable":true,"href":"https:\/\/www.prijedordanas.com\/index.php?rest_route=%2Fwp%2Fv2%2Fcategories&post=122313"},{"taxonomy":"post_tag","embeddable":true,"href":"https:\/\/www.prijedordanas.com\/index.php?rest_route=%2Fwp%2Fv2%2Ftags&post=122313"}],"curies":[{"name":"wp","href":"https:\/\/api.w.org\/{rel}","templated":true}]}}