{"id":122095,"date":"2019-02-19T12:13:42","date_gmt":"2019-02-19T11:13:42","guid":{"rendered":"https:\/\/www.prijedordanas.com\/?p=122095"},"modified":"2019-02-19T12:13:42","modified_gmt":"2019-02-19T11:13:42","slug":"zrk-mira-zrk-dubica-3226-foto","status":"publish","type":"post","link":"https:\/\/www.prijedordanas.com\/?p=122095","title":{"rendered":"\u017dRK MIRA: \u017dRK DUBICA  32:26 \u2013 FOTO"},"content":{"rendered":"<p><a href=\"https:\/\/www.prijedordanas.com\/wp-content\/uploads\/2019\/02\/mira-dubica-februar-1.jpg\"><img loading=\"lazy\" decoding=\"async\" class=\"alignleft size-medium wp-image-122096\" src=\"https:\/\/www.prijedordanas.com\/wp-content\/uploads\/2019\/02\/mira-dubica-februar-1-300x222.jpg\" alt=\"\" width=\"300\" height=\"222\" srcset=\"https:\/\/www.prijedordanas.com\/wp-content\/uploads\/2019\/02\/mira-dubica-februar-1-300x222.jpg 300w, https:\/\/www.prijedordanas.com\/wp-content\/uploads\/2019\/02\/mira-dubica-februar-1-100x74.jpg 100w, https:\/\/www.prijedordanas.com\/wp-content\/uploads\/2019\/02\/mira-dubica-februar-1.jpg 675w\" sizes=\"(max-width: 300px) 100vw, 300px\" \/><\/a>U susretu 12.kola Premijer lige BiH, rukometa\u0161ice \u201eMire\u201c savladale su na doma\u0107em terenu ekipu \u201eDubice\u201c rezultatom 32:26 (18:14).<\/p>\n<p>Prijedor\u010danke su u prvom kolu nastavka prvenstva od prvog do posljednjeg minuta bile u prednosti, a Dubi\u010danke su jedini nerije\u0161en rezultat imale kod 1:1.<\/p>\n<p>Do 13.minute prednost doma\u0107ih kretala se od jednog do tri gola, nakon \u010dega \u201eMira\u201c serijom 7:1 odlazi na 15:8, \u0161to uporne go\u0161\u0107e do pauze \u201espu\u0161taju\u201c na -4 (18:14).<\/p>\n<p>Po\u010detak drugog poluvremena pripada \u201eDubici\u201c koja u 42.minuti (22:21)ima napad za izjedna\u010denje, ali ga ne koristi.<\/p>\n<p><a href=\"https:\/\/www.prijedordanas.com\/wp-content\/uploads\/2019\/02\/mira-dubica-februar-2.jpg\"><img loading=\"lazy\" decoding=\"async\" src=\"https:\/\/www.prijedordanas.com\/wp-content\/uploads\/2019\/02\/mira-dubica-februar-2-300x222.jpg\" alt=\"\" width=\"300\" height=\"222\" class=\"alignleft size-medium wp-image-122097\" srcset=\"https:\/\/www.prijedordanas.com\/wp-content\/uploads\/2019\/02\/mira-dubica-februar-2-300x222.jpg 300w, https:\/\/www.prijedordanas.com\/wp-content\/uploads\/2019\/02\/mira-dubica-februar-2-100x74.jpg 100w, https:\/\/www.prijedordanas.com\/wp-content\/uploads\/2019\/02\/mira-dubica-februar-2.jpg 675w\" sizes=\"(max-width: 300px) 100vw, 300px\" \/><\/a>Slijedi nekoliko dobrih odbrana i sigurnih realizacija doma\u0107ih pa \u201eMira\u201c pet minuta kasnije ponovo ima \u201eopipljiviju\u201c prednost (26:22) koju \u010duva do kraja za kona\u010dnih 32:26.<\/p>\n<p>U redovima Prijedor\u010danki vrijedi ista\u0107i u\u010dinak Azre Ba\u0161anovi\u0107 sa 9 i Jelene Muti\u0107 sa 7 golova kao i Bogdanu Sekuli\u0107 koja je imala nekoliko sjajnih odbrana u trenucima kada se \u201elomio\u201c rezultat.<\/p>\n<p>Kod \u201eDubice\u201c najefikasnija su bile Ili\u0107eva sa 8 i \u0106uri\u0107 sa 6 pogodaka.<\/p>\n<p>Osmom ovosezonskom pobjedom \u201eMira\u201c je stigla do \u010detvrte pozicije na tabeli sa 24 boda, identi\u010dnim u\u010dinkom kao \u0161to imaju \u201eHad\u017ei\u0107i\u201c na poziciji iznad i \u201eKrivaja\u201c na poziciji ispod.<\/p>\n<p>U narednom kolu izabranice trenera Gligorevi\u0107a gostuju kod posljednjeplasirane \u201eHrasnice\u201c koja je do\u017eivjela svih 12 poraza.<\/p>\n<p><a href=\"https:\/\/www.prijedordanas.com\/wp-content\/uploads\/2019\/02\/mira-dubica-februar-3.jpg\"><img loading=\"lazy\" decoding=\"async\" src=\"https:\/\/www.prijedordanas.com\/wp-content\/uploads\/2019\/02\/mira-dubica-februar-3-300x199.jpg\" alt=\"\" width=\"300\" height=\"199\" class=\"alignleft size-medium wp-image-122098\" srcset=\"https:\/\/www.prijedordanas.com\/wp-content\/uploads\/2019\/02\/mira-dubica-februar-3-300x199.jpg 300w, https:\/\/www.prijedordanas.com\/wp-content\/uploads\/2019\/02\/mira-dubica-februar-3-100x66.jpg 100w, https:\/\/www.prijedordanas.com\/wp-content\/uploads\/2019\/02\/mira-dubica-februar-3-480x320.jpg 480w, https:\/\/www.prijedordanas.com\/wp-content\/uploads\/2019\/02\/mira-dubica-februar-3.jpg 600w\" sizes=\"(max-width: 300px) 100vw, 300px\" \/><\/a>\u017dRK Mira: \u017dRK Dubica 32:26 (18:14)<\/p>\n<p>Prijedor<br \/>\nDvorana \u201eMladost\u201c<br \/>\nGledalaca: 150<br \/>\nSudije: Balvan\/Todorovi\u0107<br \/>\nSedmerci: Mira 2(0), Dubica 3(1)<br \/>\nIsklju\u010denja: Mira 4 minuta, Dubica 8 minuta<\/p>\n<p>Mira<br \/>\nBogdani\u0107, M.Gligorevi\u0107, D.Gligorevi\u0107, J.Muti\u0107 7, D.Muti\u0107 5, Karagi\u0107, Ba\u0161anovi\u0107 9, Majstorovi\u0107 5, Vukman 1, Tintor 3, Suvajac, Gani\u0107, Sladakovi\u0107 2, Krecelj, Bilbija<\/p>\n<p>Dubica<br \/>\nM.\u0110enadija, A.\u0110enadija, \u0106uri\u0107 6, Ili\u0107 8, E.Majki\u0107, Arnautovi\u0107 3, S.Majki\u0107 5, Vuji\u0107, Milankovi\u0107, Slijep\u010devi\u0107, Maksimovi\u0107, Pejakovi\u0107 1, Kr\u0161i\u0107 3, Babi\u0107, Grbi\u0107<\/p>\n<p>Tekst I foto \u2013 Aleksandar Drakuli\u0107 \u2013 <a href=\"https:\/\/www.prijedordanas.com\" target=\"_blank\" rel=\"noopener noreferrer\">www.prijedordanas.com<\/a><\/p>\n<p><a href=\"https:\/\/www.prijedordanas.com\/wp-content\/uploads\/2019\/02\/mira-dubica-februar-4.jpg\"><img loading=\"lazy\" decoding=\"async\" src=\"https:\/\/www.prijedordanas.com\/wp-content\/uploads\/2019\/02\/mira-dubica-februar-4-300x199.jpg\" alt=\"\" width=\"300\" height=\"199\" class=\"alignleft size-medium wp-image-122099\" srcset=\"https:\/\/www.prijedordanas.com\/wp-content\/uploads\/2019\/02\/mira-dubica-februar-4-300x199.jpg 300w, https:\/\/www.prijedordanas.com\/wp-content\/uploads\/2019\/02\/mira-dubica-februar-4-100x66.jpg 100w, https:\/\/www.prijedordanas.com\/wp-content\/uploads\/2019\/02\/mira-dubica-februar-4-480x320.jpg 480w, https:\/\/www.prijedordanas.com\/wp-content\/uploads\/2019\/02\/mira-dubica-februar-4.jpg 600w\" sizes=\"(max-width: 300px) 100vw, 300px\" \/><\/a> <a href=\"https:\/\/www.prijedordanas.com\/wp-content\/uploads\/2019\/02\/mira-dubica-februar-5.jpg\"><img loading=\"lazy\" decoding=\"async\" src=\"https:\/\/www.prijedordanas.com\/wp-content\/uploads\/2019\/02\/mira-dubica-februar-5-300x199.jpg\" alt=\"\" width=\"300\" height=\"199\" class=\"alignleft size-medium wp-image-122100\" srcset=\"https:\/\/www.prijedordanas.com\/wp-content\/uploads\/2019\/02\/mira-dubica-februar-5-300x199.jpg 300w, https:\/\/www.prijedordanas.com\/wp-content\/uploads\/2019\/02\/mira-dubica-februar-5-100x66.jpg 100w, https:\/\/www.prijedordanas.com\/wp-content\/uploads\/2019\/02\/mira-dubica-februar-5-480x320.jpg 480w, https:\/\/www.prijedordanas.com\/wp-content\/uploads\/2019\/02\/mira-dubica-februar-5.jpg 600w\" sizes=\"(max-width: 300px) 100vw, 300px\" \/><\/a> <a href=\"https:\/\/www.prijedordanas.com\/wp-content\/uploads\/2019\/02\/mira-dubica-februar-6.jpg\"><img loading=\"lazy\" decoding=\"async\" src=\"https:\/\/www.prijedordanas.com\/wp-content\/uploads\/2019\/02\/mira-dubica-februar-6-300x199.jpg\" alt=\"\" width=\"300\" height=\"199\" class=\"alignleft size-medium wp-image-122101\" srcset=\"https:\/\/www.prijedordanas.com\/wp-content\/uploads\/2019\/02\/mira-dubica-februar-6-300x199.jpg 300w, https:\/\/www.prijedordanas.com\/wp-content\/uploads\/2019\/02\/mira-dubica-februar-6-100x66.jpg 100w, https:\/\/www.prijedordanas.com\/wp-content\/uploads\/2019\/02\/mira-dubica-februar-6-480x320.jpg 480w, https:\/\/www.prijedordanas.com\/wp-content\/uploads\/2019\/02\/mira-dubica-februar-6.jpg 600w\" sizes=\"(max-width: 300px) 100vw, 300px\" \/><\/a><\/p>\n","protected":false},"excerpt":{"rendered":"<p>U susretu 12.kola Premijer lige BiH, rukometa\u0161ice \u201eMire\u201c savladale su na doma\u0107em terenu ekipu \u201eDubice\u201c rezultatom 32:26 (18:14). Prijedor\u010danke su u prvom kolu nastavka prvenstva od prvog do posljednjeg minuta [&hellip;]<\/p>\n","protected":false},"author":1,"featured_media":0,"comment_status":"closed","ping_status":"open","sticky":false,"template":"","format":"standard","meta":{"_monsterinsights_skip_tracking":false,"_monsterinsights_sitenote_active":false,"_monsterinsights_sitenote_note":"","_monsterinsights_sitenote_category":0,"footnotes":""},"categories":[7],"tags":[1205],"yoast_head":"<!-- This site is optimized with the Yoast SEO plugin v21.6 - https:\/\/yoast.com\/wordpress\/plugins\/seo\/ -->\n<title>\u017dRK MIRA: \u017dRK DUBICA 32:26 \u2013 FOTO - PrijedorDanas.com - Prijedorski gradski portal<\/title>\n<meta name=\"robots\" content=\"index, follow, max-snippet:-1, max-image-preview:large, max-video-preview:-1\" \/>\n<link rel=\"canonical\" href=\"https:\/\/www.prijedordanas.com\/?p=122095\" \/>\n<meta property=\"og:locale\" content=\"en_US\" \/>\n<meta property=\"og:type\" content=\"article\" \/>\n<meta property=\"og:title\" content=\"\u017dRK MIRA: \u017dRK DUBICA 32:26 \u2013 FOTO - PrijedorDanas.com - Prijedorski gradski portal\" \/>\n<meta property=\"og:description\" content=\"U susretu 12.kola Premijer lige BiH, rukometa\u0161ice \u201eMire\u201c savladale su na doma\u0107em terenu ekipu \u201eDubice\u201c rezultatom 32:26 (18:14). Prijedor\u010danke su u prvom kolu nastavka prvenstva od prvog do posljednjeg minuta [&hellip;]\" \/>\n<meta property=\"og:url\" content=\"https:\/\/www.prijedordanas.com\/?p=122095\" \/>\n<meta property=\"og:site_name\" content=\"PrijedorDanas.com - Prijedorski gradski portal\" \/>\n<meta property=\"article:publisher\" content=\"https:\/\/www.facebook.com\/PrijedorDanasCom\/\" \/>\n<meta property=\"article:published_time\" content=\"2019-02-19T11:13:42+00:00\" \/>\n<meta property=\"og:image\" content=\"https:\/\/www.prijedordanas.com\/wp-content\/uploads\/2019\/02\/mira-dubica-februar-1-300x222.jpg\" \/>\n<meta name=\"author\" content=\"admin\" \/>\n<meta name=\"twitter:card\" content=\"summary_large_image\" \/>\n<meta name=\"twitter:label1\" content=\"Written by\" \/>\n\t<meta name=\"twitter:data1\" content=\"admin\" \/>\n\t<meta name=\"twitter:label2\" content=\"Est. reading time\" \/>\n\t<meta name=\"twitter:data2\" content=\"1 minute\" \/>\n<script type=\"application\/ld+json\" class=\"yoast-schema-graph\">{\"@context\":\"https:\/\/schema.org\",\"@graph\":[{\"@type\":\"Article\",\"@id\":\"https:\/\/www.prijedordanas.com\/?p=122095#article\",\"isPartOf\":{\"@id\":\"https:\/\/www.prijedordanas.com\/?p=122095\"},\"author\":{\"name\":\"admin\",\"@id\":\"https:\/\/www.prijedordanas.com\/#\/schema\/person\/4e08ccf29b506ca916ff86d46bb700e6\"},\"headline\":\"\u017dRK MIRA: \u017dRK DUBICA 32:26 \u2013 FOTO\",\"datePublished\":\"2019-02-19T11:13:42+00:00\",\"dateModified\":\"2019-02-19T11:13:42+00:00\",\"mainEntityOfPage\":{\"@id\":\"https:\/\/www.prijedordanas.com\/?p=122095\"},\"wordCount\":285,\"publisher\":{\"@id\":\"https:\/\/www.prijedordanas.com\/#organization\"},\"keywords\":[\"\u017dRK Mira\"],\"articleSection\":[\"Sport\"],\"inLanguage\":\"en-US\"},{\"@type\":\"WebPage\",\"@id\":\"https:\/\/www.prijedordanas.com\/?p=122095\",\"url\":\"https:\/\/www.prijedordanas.com\/?p=122095\",\"name\":\"\u017dRK MIRA: \u017dRK DUBICA 32:26 \u2013 FOTO - PrijedorDanas.com - Prijedorski gradski portal\",\"isPartOf\":{\"@id\":\"https:\/\/www.prijedordanas.com\/#website\"},\"datePublished\":\"2019-02-19T11:13:42+00:00\",\"dateModified\":\"2019-02-19T11:13:42+00:00\",\"breadcrumb\":{\"@id\":\"https:\/\/www.prijedordanas.com\/?p=122095#breadcrumb\"},\"inLanguage\":\"en-US\",\"potentialAction\":[{\"@type\":\"ReadAction\",\"target\":[\"https:\/\/www.prijedordanas.com\/?p=122095\"]}]},{\"@type\":\"BreadcrumbList\",\"@id\":\"https:\/\/www.prijedordanas.com\/?p=122095#breadcrumb\",\"itemListElement\":[{\"@type\":\"ListItem\",\"position\":1,\"name\":\"Home\",\"item\":\"https:\/\/www.prijedordanas.com\/\"},{\"@type\":\"ListItem\",\"position\":2,\"name\":\"\u017dRK MIRA: \u017dRK DUBICA 32:26 \u2013 FOTO\"}]},{\"@type\":\"WebSite\",\"@id\":\"https:\/\/www.prijedordanas.com\/#website\",\"url\":\"https:\/\/www.prijedordanas.com\/\",\"name\":\"PrijedorDanas.com - Prijedorski gradski portal\",\"description\":\"Portal o doga\u0111anjima u gradu Prijedoru\",\"publisher\":{\"@id\":\"https:\/\/www.prijedordanas.com\/#organization\"},\"potentialAction\":[{\"@type\":\"SearchAction\",\"target\":{\"@type\":\"EntryPoint\",\"urlTemplate\":\"https:\/\/www.prijedordanas.com\/?s={search_term_string}\"},\"query-input\":\"required name=search_term_string\"}],\"inLanguage\":\"en-US\"},{\"@type\":\"Organization\",\"@id\":\"https:\/\/www.prijedordanas.com\/#organization\",\"name\":\"PrijedorDanas.com\",\"url\":\"https:\/\/www.prijedordanas.com\/\",\"logo\":{\"@type\":\"ImageObject\",\"inLanguage\":\"en-US\",\"@id\":\"https:\/\/www.prijedordanas.com\/#\/schema\/logo\/image\/\",\"url\":\"http:\/\/www.prijedordanas.com\/wp-content\/uploads\/2021\/12\/logopng.png\",\"contentUrl\":\"http:\/\/www.prijedordanas.com\/wp-content\/uploads\/2021\/12\/logopng.png\",\"width\":1019,\"height\":776,\"caption\":\"PrijedorDanas.com\"},\"image\":{\"@id\":\"https:\/\/www.prijedordanas.com\/#\/schema\/logo\/image\/\"},\"sameAs\":[\"https:\/\/www.facebook.com\/PrijedorDanasCom\/\"]},{\"@type\":\"Person\",\"@id\":\"https:\/\/www.prijedordanas.com\/#\/schema\/person\/4e08ccf29b506ca916ff86d46bb700e6\",\"name\":\"admin\",\"image\":{\"@type\":\"ImageObject\",\"inLanguage\":\"en-US\",\"@id\":\"https:\/\/www.prijedordanas.com\/#\/schema\/person\/image\/\",\"url\":\"https:\/\/secure.gravatar.com\/avatar\/1d3fc949d550f0b53a5f0d51e06dfd79?s=96&d=mm&r=g\",\"contentUrl\":\"https:\/\/secure.gravatar.com\/avatar\/1d3fc949d550f0b53a5f0d51e06dfd79?s=96&d=mm&r=g\",\"caption\":\"admin\"},\"url\":\"https:\/\/www.prijedordanas.com\/?author=1\"}]}<\/script>\n<!-- \/ Yoast SEO plugin. -->","yoast_head_json":{"title":"\u017dRK MIRA: \u017dRK DUBICA 32:26 \u2013 FOTO - PrijedorDanas.com - Prijedorski gradski portal","robots":{"index":"index","follow":"follow","max-snippet":"max-snippet:-1","max-image-preview":"max-image-preview:large","max-video-preview":"max-video-preview:-1"},"canonical":"https:\/\/www.prijedordanas.com\/?p=122095","og_locale":"en_US","og_type":"article","og_title":"\u017dRK MIRA: \u017dRK DUBICA 32:26 \u2013 FOTO - PrijedorDanas.com - Prijedorski gradski portal","og_description":"U susretu 12.kola Premijer lige BiH, rukometa\u0161ice \u201eMire\u201c savladale su na doma\u0107em terenu ekipu \u201eDubice\u201c rezultatom 32:26 (18:14). Prijedor\u010danke su u prvom kolu nastavka prvenstva od prvog do posljednjeg minuta [&hellip;]","og_url":"https:\/\/www.prijedordanas.com\/?p=122095","og_site_name":"PrijedorDanas.com - Prijedorski gradski portal","article_publisher":"https:\/\/www.facebook.com\/PrijedorDanasCom\/","article_published_time":"2019-02-19T11:13:42+00:00","og_image":[{"url":"https:\/\/www.prijedordanas.com\/wp-content\/uploads\/2019\/02\/mira-dubica-februar-1-300x222.jpg"}],"author":"admin","twitter_card":"summary_large_image","twitter_misc":{"Written by":"admin","Est. reading time":"1 minute"},"schema":{"@context":"https:\/\/schema.org","@graph":[{"@type":"Article","@id":"https:\/\/www.prijedordanas.com\/?p=122095#article","isPartOf":{"@id":"https:\/\/www.prijedordanas.com\/?p=122095"},"author":{"name":"admin","@id":"https:\/\/www.prijedordanas.com\/#\/schema\/person\/4e08ccf29b506ca916ff86d46bb700e6"},"headline":"\u017dRK MIRA: \u017dRK DUBICA 32:26 \u2013 FOTO","datePublished":"2019-02-19T11:13:42+00:00","dateModified":"2019-02-19T11:13:42+00:00","mainEntityOfPage":{"@id":"https:\/\/www.prijedordanas.com\/?p=122095"},"wordCount":285,"publisher":{"@id":"https:\/\/www.prijedordanas.com\/#organization"},"keywords":["\u017dRK Mira"],"articleSection":["Sport"],"inLanguage":"en-US"},{"@type":"WebPage","@id":"https:\/\/www.prijedordanas.com\/?p=122095","url":"https:\/\/www.prijedordanas.com\/?p=122095","name":"\u017dRK MIRA: \u017dRK DUBICA 32:26 \u2013 FOTO - PrijedorDanas.com - Prijedorski gradski portal","isPartOf":{"@id":"https:\/\/www.prijedordanas.com\/#website"},"datePublished":"2019-02-19T11:13:42+00:00","dateModified":"2019-02-19T11:13:42+00:00","breadcrumb":{"@id":"https:\/\/www.prijedordanas.com\/?p=122095#breadcrumb"},"inLanguage":"en-US","potentialAction":[{"@type":"ReadAction","target":["https:\/\/www.prijedordanas.com\/?p=122095"]}]},{"@type":"BreadcrumbList","@id":"https:\/\/www.prijedordanas.com\/?p=122095#breadcrumb","itemListElement":[{"@type":"ListItem","position":1,"name":"Home","item":"https:\/\/www.prijedordanas.com\/"},{"@type":"ListItem","position":2,"name":"\u017dRK MIRA: \u017dRK DUBICA 32:26 \u2013 FOTO"}]},{"@type":"WebSite","@id":"https:\/\/www.prijedordanas.com\/#website","url":"https:\/\/www.prijedordanas.com\/","name":"PrijedorDanas.com - Prijedorski gradski portal","description":"Portal o doga\u0111anjima u gradu Prijedoru","publisher":{"@id":"https:\/\/www.prijedordanas.com\/#organization"},"potentialAction":[{"@type":"SearchAction","target":{"@type":"EntryPoint","urlTemplate":"https:\/\/www.prijedordanas.com\/?s={search_term_string}"},"query-input":"required name=search_term_string"}],"inLanguage":"en-US"},{"@type":"Organization","@id":"https:\/\/www.prijedordanas.com\/#organization","name":"PrijedorDanas.com","url":"https:\/\/www.prijedordanas.com\/","logo":{"@type":"ImageObject","inLanguage":"en-US","@id":"https:\/\/www.prijedordanas.com\/#\/schema\/logo\/image\/","url":"http:\/\/www.prijedordanas.com\/wp-content\/uploads\/2021\/12\/logopng.png","contentUrl":"http:\/\/www.prijedordanas.com\/wp-content\/uploads\/2021\/12\/logopng.png","width":1019,"height":776,"caption":"PrijedorDanas.com"},"image":{"@id":"https:\/\/www.prijedordanas.com\/#\/schema\/logo\/image\/"},"sameAs":["https:\/\/www.facebook.com\/PrijedorDanasCom\/"]},{"@type":"Person","@id":"https:\/\/www.prijedordanas.com\/#\/schema\/person\/4e08ccf29b506ca916ff86d46bb700e6","name":"admin","image":{"@type":"ImageObject","inLanguage":"en-US","@id":"https:\/\/www.prijedordanas.com\/#\/schema\/person\/image\/","url":"https:\/\/secure.gravatar.com\/avatar\/1d3fc949d550f0b53a5f0d51e06dfd79?s=96&d=mm&r=g","contentUrl":"https:\/\/secure.gravatar.com\/avatar\/1d3fc949d550f0b53a5f0d51e06dfd79?s=96&d=mm&r=g","caption":"admin"},"url":"https:\/\/www.prijedordanas.com\/?author=1"}]}},"_links":{"self":[{"href":"https:\/\/www.prijedordanas.com\/index.php?rest_route=\/wp\/v2\/posts\/122095"}],"collection":[{"href":"https:\/\/www.prijedordanas.com\/index.php?rest_route=\/wp\/v2\/posts"}],"about":[{"href":"https:\/\/www.prijedordanas.com\/index.php?rest_route=\/wp\/v2\/types\/post"}],"author":[{"embeddable":true,"href":"https:\/\/www.prijedordanas.com\/index.php?rest_route=\/wp\/v2\/users\/1"}],"replies":[{"embeddable":true,"href":"https:\/\/www.prijedordanas.com\/index.php?rest_route=%2Fwp%2Fv2%2Fcomments&post=122095"}],"version-history":[{"count":1,"href":"https:\/\/www.prijedordanas.com\/index.php?rest_route=\/wp\/v2\/posts\/122095\/revisions"}],"predecessor-version":[{"id":122102,"href":"https:\/\/www.prijedordanas.com\/index.php?rest_route=\/wp\/v2\/posts\/122095\/revisions\/122102"}],"wp:attachment":[{"href":"https:\/\/www.prijedordanas.com\/index.php?rest_route=%2Fwp%2Fv2%2Fmedia&parent=122095"}],"wp:term":[{"taxonomy":"category","embeddable":true,"href":"https:\/\/www.prijedordanas.com\/index.php?rest_route=%2Fwp%2Fv2%2Fcategories&post=122095"},{"taxonomy":"post_tag","embeddable":true,"href":"https:\/\/www.prijedordanas.com\/index.php?rest_route=%2Fwp%2Fv2%2Ftags&post=122095"}],"curies":[{"name":"wp","href":"https:\/\/api.w.org\/{rel}","templated":true}]}}