{"id":122076,"date":"2019-02-19T00:57:41","date_gmt":"2019-02-18T23:57:41","guid":{"rendered":"https:\/\/www.prijedordanas.com\/?p=122076"},"modified":"2019-02-19T00:57:41","modified_gmt":"2019-02-18T23:57:41","slug":"sud-bih-taranjac-i-ostali-sudenje-nastavljeno-nakon-duze-pauze","status":"publish","type":"post","link":"https:\/\/www.prijedordanas.com\/?p=122076","title":{"rendered":"SUD BIH &#8211; TARANJAC I OSTALI: SU\u0110ENJE NASTAVLJENO NAKON DU\u017dE PAUZE"},"content":{"rendered":"<p><a href=\"https:\/\/www.prijedordanas.com\/wp-content\/uploads\/2019\/02\/sud-bih-taranjac-i-ostali.jpg\"><img loading=\"lazy\" decoding=\"async\" src=\"https:\/\/www.prijedordanas.com\/wp-content\/uploads\/2019\/02\/sud-bih-taranjac-i-ostali-300x217.jpg\" alt=\"\" width=\"300\" height=\"217\" class=\"alignleft size-medium wp-image-122077\" srcset=\"https:\/\/www.prijedordanas.com\/wp-content\/uploads\/2019\/02\/sud-bih-taranjac-i-ostali-300x217.jpg 300w, https:\/\/www.prijedordanas.com\/wp-content\/uploads\/2019\/02\/sud-bih-taranjac-i-ostali-100x72.jpg 100w, https:\/\/www.prijedordanas.com\/wp-content\/uploads\/2019\/02\/sud-bih-taranjac-i-ostali.jpg 690w\" sizes=\"(max-width: 300px) 100vw, 300px\" \/><\/a>Su\u0111enje jedanaestorici optu\u017eenih za zlo\u010dine po\u010dinjene na podru\u010dju Prijedora nastavljeno je nakon osam mjeseci pauze izno\u0161enjem nalaza vje\u0161taka.<\/p>\n<p>Vje\u0161taci su konstatovali da su Rade Zekanovi\u0107 i Milorad Obradovi\u0107 sposobni da dolaze na sud i prate postupak.<\/p>\n<p>Su\u0111enje optu\u017eenima za nezakonito hap\u0161enje, mu\u010denje i ubistva Bo\u0161njaka u julu 1992. na podru\u010dju sela Miska Glava kod Ljubije nije odr\u017eano od 4. juna 2018. godine jer je optu\u017eeni Zekanovi\u0107 primljen u bolnicu zbog preloma pr\u0161ljena.<\/p>\n<p>Vje\u0161tak Mirza Bi\u0161\u0107evi\u0107, specijalista ortopedije, konstatovao je da se optu\u017eeni oporavio i da je sposoban da putuje i sjedi u sudnici barem dva sata. Prema njegovim rije\u010dima, druga dva oboljenja optu\u017eenog tako\u0111e ne uti\u010du na njegovo u\u010de\u0161\u0107e u postupku.<\/p>\n<p>Branilac Hamdo Kulenovi\u0107 pitao je vje\u0161taka da li je, s obzirom na specijalizaciju iz ortopedije, u mogu\u0107nosti da procijeni zdravstveno stanje optu\u017eenog, koji ima jo\u0161 dvije bolesti. Bi\u0161\u0107evi\u0107 je kazao da je supspecijalizirao hirurgiju ki\u010dme i da ima dovoljno medicinsko obrazovanje za takvu procjenu.<\/p>\n<p>Kulenovi\u0107 je rekao da Zekanovi\u0107 \u201cne vidi, ne \u010duje i da nije sposoban za \u017eivot, a kamoli da sjedi u sudnici\u201d. Predsjedavaju\u0107i Sudskog vije\u0107a Stani\u0161a Gluhaji\u0107 podsjetio je branioca da su ranije obavljena vje\u0161ta\u010denja optu\u017eenog za druge bolesti.<\/p>\n<p>Na prijedlog Odbrane Obradovi\u0107a, nalaz je iznijela vje\u0161takinja neuropsihijatrijske struke Zorica Lazarevi\u0107, koja je konstatovala odre\u0111ene poreme\u0107aje kod optu\u017eenog, ali je zaklju\u010dila da je sposoban za su\u0111enje.<\/p>\n<p>Odgovaraju\u0107i na niz pitanja braniteljice Tatjane Savi\u0107 u vezi s nalazima optu\u017eenog iz 1993. i 1994. godine, kao i od pro\u0161le godine do danas, Lazarevi\u0107 je ostala kod svog nalaza. Obrazlo\u017eila je da raniji nalazi nisu potpuni i nisu obavljeni uz adekvatne dijagnosti\u010dke pretrage.<\/p>\n<p>Savi\u0107 je prigovorila na njen nalaz, istaknuv\u0161i da je Lazarevi\u0107 promijenila dijagnozu u odnosu na ljekara koji je posmatrao Obradovi\u0107a tokom hospitalizacije. Zatra\u017eila je da zbog toga bude podvrgnut jo\u0161 jednom specijalisti\u010dkom vje\u0161ta\u010denju.<\/p>\n<p>Ona je navela da joj je nemogu\u0107e da uspostavi kontakt s branjenikom jer burno reaguje na spomen su\u0111enja, te da je pola ro\u010di\u0161ta preplakao.<\/p>\n<p>Obradovi\u0107 i Zekanovi\u0107 su optu\u017eeni sa Slobodanom Taranjcem, Miodragom Glu\u0161cem, Rankom Babi\u0107em, Rankom Do\u0161enovi\u0107em, Marinkom Pra\u0161talom, Zdravkom Pani\u0107em, Trivunom i Milanom Vuki\u0107em te Slobodanom Kne\u017eevi\u0107em.<\/p>\n<p>Oni su po komandnoj odgovornosti ili kao izvr\u0161ioci optu\u017eeni da su krajem jula 1992. godine u\u010destvovali u nezakonitom zarobljavanju, zatvaranju, mu\u010denju i ubistvu 120 mu\u0161karaca, koji su bili zatvoreni u Dom u Miskoj Glavi, a potom i na stadionu u Ljubiji.<\/p>\n<p>Taranjac je optu\u017een kao nekada\u0161nji predsjednik Kriznog \u0161taba Ljubija, Glu\u0161ac kao zamjenik komandanta \u0160estog ljubijskog bataljona Vojske Republike Srpske (VRS), a Do\u0161enovi\u0107 kao pomo\u0107nik komandanta za bezbjednost tog bataljona. Ostali su bili pripadnici \u010dete u Miskoj Glavi, odnosno vojne i civilne policije.<\/p>\n<p>U ovom predmetu spojeni su postupci protiv Kne\u017eevi\u0107a i Obradovi\u0107a, koje je Tu\u017eila\u0161tvo optu\u017eilo nakon po\u010detka su\u0111enja devetorici prvobitno optu\u017eenih. Tu\u017eilac Izet Odoba\u0161i\u0107 je na dana\u0161njem ro\u010di\u0161tu pro\u010ditao optu\u017enice protiv njih i ostao kod ranijih uvodnih rije\u010di.<\/p>\n<p>Kne\u017eevi\u0107a optu\u017enica tereti da je kao vojni policajac 27. jula 1992. godine ubio civila koji je poku\u0161ao pobje\u0107i ispred Doma u Miskoj Glavi. Njegova Odbrana je navela da u ovoj fazi postupka ne\u0107e iznositi uvodnu rije\u010d.<\/p>\n<p>Optu\u017enica tereti Obradovi\u0107a da je u\u010destvovao u nezakonitom zatvaranju mu\u0161karaca i njihovom premla\u0107ivanju prilikom ispitivanja u Miskoj Glavi, kao i na stadionu. Njemu je na teret stavljeno da je na stadionu ubio tri civila, kao i da je sa drugima u\u010destvovao u ubistvu vi\u0161e od 80 civila na lokalitetu Kipe.<\/p>\n<p>Odbrana je najavila da \u0107e osporavati sve elemente krivi\u010dnog djela iz optu\u017enice \u2013 kako udru\u017eeni zlo\u010dina\u010dki poduhvat, tako i direktne radnje koje su Obradovi\u0107u stavljene na teret.<\/p>\n<p>Tu\u017eila\u0161tvo tereti optu\u017eene da su po\u010dinili zlo\u010din protiv \u010dovje\u010dnosti i da su djelovali u okviru \u0161irokog i sistemati\u010dnog napada vojske i policije Republike Srpske na podru\u010dju Prijedora.<\/p>\n<p>Saslu\u0161anje dva svjedoka Tu\u017eila\u0161tva zakazano je za nastavak su\u0111enja 11. marta.<\/p>\n<p>BIRN<\/p>\n","protected":false},"excerpt":{"rendered":"<p>Su\u0111enje jedanaestorici optu\u017eenih za zlo\u010dine po\u010dinjene na podru\u010dju Prijedora nastavljeno je nakon osam mjeseci pauze izno\u0161enjem nalaza vje\u0161taka. Vje\u0161taci su konstatovali da su Rade Zekanovi\u0107 i Milorad Obradovi\u0107 sposobni da [&hellip;]<\/p>\n","protected":false},"author":1,"featured_media":0,"comment_status":"closed","ping_status":"open","sticky":false,"template":"","format":"standard","meta":{"_monsterinsights_skip_tracking":false,"_monsterinsights_sitenote_active":false,"_monsterinsights_sitenote_note":"","_monsterinsights_sitenote_category":0,"footnotes":""},"categories":[5],"tags":[531],"yoast_head":"<!-- This site is optimized with the Yoast SEO plugin v21.6 - https:\/\/yoast.com\/wordpress\/plugins\/seo\/ -->\n<title>SUD BIH - TARANJAC I OSTALI: SU\u0110ENJE NASTAVLJENO NAKON DU\u017dE PAUZE - PrijedorDanas.com - Prijedorski gradski portal<\/title>\n<meta name=\"robots\" content=\"index, follow, max-snippet:-1, max-image-preview:large, max-video-preview:-1\" \/>\n<link rel=\"canonical\" href=\"https:\/\/www.prijedordanas.com\/?p=122076\" \/>\n<meta property=\"og:locale\" content=\"en_US\" \/>\n<meta property=\"og:type\" content=\"article\" \/>\n<meta property=\"og:title\" content=\"SUD BIH - TARANJAC I OSTALI: SU\u0110ENJE NASTAVLJENO NAKON DU\u017dE PAUZE - PrijedorDanas.com - Prijedorski gradski portal\" \/>\n<meta property=\"og:description\" content=\"Su\u0111enje jedanaestorici optu\u017eenih za zlo\u010dine po\u010dinjene na podru\u010dju Prijedora nastavljeno je nakon osam mjeseci pauze izno\u0161enjem nalaza vje\u0161taka. Vje\u0161taci su konstatovali da su Rade Zekanovi\u0107 i Milorad Obradovi\u0107 sposobni da [&hellip;]\" \/>\n<meta property=\"og:url\" content=\"https:\/\/www.prijedordanas.com\/?p=122076\" \/>\n<meta property=\"og:site_name\" content=\"PrijedorDanas.com - Prijedorski gradski portal\" \/>\n<meta property=\"article:publisher\" content=\"https:\/\/www.facebook.com\/PrijedorDanasCom\/\" \/>\n<meta property=\"article:published_time\" content=\"2019-02-18T23:57:41+00:00\" \/>\n<meta property=\"og:image\" content=\"https:\/\/www.prijedordanas.com\/wp-content\/uploads\/2019\/02\/sud-bih-taranjac-i-ostali-300x217.jpg\" \/>\n<meta name=\"author\" content=\"admin\" \/>\n<meta name=\"twitter:card\" content=\"summary_large_image\" \/>\n<meta name=\"twitter:label1\" content=\"Written by\" \/>\n\t<meta name=\"twitter:data1\" content=\"admin\" \/>\n\t<meta name=\"twitter:label2\" content=\"Est. reading time\" \/>\n\t<meta name=\"twitter:data2\" content=\"4 minutes\" \/>\n<script type=\"application\/ld+json\" class=\"yoast-schema-graph\">{\"@context\":\"https:\/\/schema.org\",\"@graph\":[{\"@type\":\"Article\",\"@id\":\"https:\/\/www.prijedordanas.com\/?p=122076#article\",\"isPartOf\":{\"@id\":\"https:\/\/www.prijedordanas.com\/?p=122076\"},\"author\":{\"name\":\"admin\",\"@id\":\"https:\/\/www.prijedordanas.com\/#\/schema\/person\/4e08ccf29b506ca916ff86d46bb700e6\"},\"headline\":\"SUD BIH &#8211; TARANJAC I OSTALI: SU\u0110ENJE NASTAVLJENO NAKON DU\u017dE PAUZE\",\"datePublished\":\"2019-02-18T23:57:41+00:00\",\"dateModified\":\"2019-02-18T23:57:41+00:00\",\"mainEntityOfPage\":{\"@id\":\"https:\/\/www.prijedordanas.com\/?p=122076\"},\"wordCount\":746,\"publisher\":{\"@id\":\"https:\/\/www.prijedordanas.com\/#organization\"},\"keywords\":[\"Sud BiH\"],\"articleSection\":[\"Hronika\"],\"inLanguage\":\"en-US\"},{\"@type\":\"WebPage\",\"@id\":\"https:\/\/www.prijedordanas.com\/?p=122076\",\"url\":\"https:\/\/www.prijedordanas.com\/?p=122076\",\"name\":\"SUD BIH - TARANJAC I OSTALI: SU\u0110ENJE NASTAVLJENO NAKON DU\u017dE PAUZE - PrijedorDanas.com - Prijedorski gradski portal\",\"isPartOf\":{\"@id\":\"https:\/\/www.prijedordanas.com\/#website\"},\"datePublished\":\"2019-02-18T23:57:41+00:00\",\"dateModified\":\"2019-02-18T23:57:41+00:00\",\"breadcrumb\":{\"@id\":\"https:\/\/www.prijedordanas.com\/?p=122076#breadcrumb\"},\"inLanguage\":\"en-US\",\"potentialAction\":[{\"@type\":\"ReadAction\",\"target\":[\"https:\/\/www.prijedordanas.com\/?p=122076\"]}]},{\"@type\":\"BreadcrumbList\",\"@id\":\"https:\/\/www.prijedordanas.com\/?p=122076#breadcrumb\",\"itemListElement\":[{\"@type\":\"ListItem\",\"position\":1,\"name\":\"Home\",\"item\":\"https:\/\/www.prijedordanas.com\/\"},{\"@type\":\"ListItem\",\"position\":2,\"name\":\"SUD BIH &#8211; TARANJAC I OSTALI: SU\u0110ENJE NASTAVLJENO NAKON DU\u017dE PAUZE\"}]},{\"@type\":\"WebSite\",\"@id\":\"https:\/\/www.prijedordanas.com\/#website\",\"url\":\"https:\/\/www.prijedordanas.com\/\",\"name\":\"PrijedorDanas.com - Prijedorski gradski portal\",\"description\":\"Portal o doga\u0111anjima u gradu Prijedoru\",\"publisher\":{\"@id\":\"https:\/\/www.prijedordanas.com\/#organization\"},\"potentialAction\":[{\"@type\":\"SearchAction\",\"target\":{\"@type\":\"EntryPoint\",\"urlTemplate\":\"https:\/\/www.prijedordanas.com\/?s={search_term_string}\"},\"query-input\":\"required name=search_term_string\"}],\"inLanguage\":\"en-US\"},{\"@type\":\"Organization\",\"@id\":\"https:\/\/www.prijedordanas.com\/#organization\",\"name\":\"PrijedorDanas.com\",\"url\":\"https:\/\/www.prijedordanas.com\/\",\"logo\":{\"@type\":\"ImageObject\",\"inLanguage\":\"en-US\",\"@id\":\"https:\/\/www.prijedordanas.com\/#\/schema\/logo\/image\/\",\"url\":\"http:\/\/www.prijedordanas.com\/wp-content\/uploads\/2021\/12\/logopng.png\",\"contentUrl\":\"http:\/\/www.prijedordanas.com\/wp-content\/uploads\/2021\/12\/logopng.png\",\"width\":1019,\"height\":776,\"caption\":\"PrijedorDanas.com\"},\"image\":{\"@id\":\"https:\/\/www.prijedordanas.com\/#\/schema\/logo\/image\/\"},\"sameAs\":[\"https:\/\/www.facebook.com\/PrijedorDanasCom\/\"]},{\"@type\":\"Person\",\"@id\":\"https:\/\/www.prijedordanas.com\/#\/schema\/person\/4e08ccf29b506ca916ff86d46bb700e6\",\"name\":\"admin\",\"image\":{\"@type\":\"ImageObject\",\"inLanguage\":\"en-US\",\"@id\":\"https:\/\/www.prijedordanas.com\/#\/schema\/person\/image\/\",\"url\":\"https:\/\/secure.gravatar.com\/avatar\/1d3fc949d550f0b53a5f0d51e06dfd79?s=96&d=mm&r=g\",\"contentUrl\":\"https:\/\/secure.gravatar.com\/avatar\/1d3fc949d550f0b53a5f0d51e06dfd79?s=96&d=mm&r=g\",\"caption\":\"admin\"},\"url\":\"https:\/\/www.prijedordanas.com\/?author=1\"}]}<\/script>\n<!-- \/ Yoast SEO plugin. -->","yoast_head_json":{"title":"SUD BIH - TARANJAC I OSTALI: SU\u0110ENJE NASTAVLJENO NAKON DU\u017dE PAUZE - PrijedorDanas.com - Prijedorski gradski portal","robots":{"index":"index","follow":"follow","max-snippet":"max-snippet:-1","max-image-preview":"max-image-preview:large","max-video-preview":"max-video-preview:-1"},"canonical":"https:\/\/www.prijedordanas.com\/?p=122076","og_locale":"en_US","og_type":"article","og_title":"SUD BIH - TARANJAC I OSTALI: SU\u0110ENJE NASTAVLJENO NAKON DU\u017dE PAUZE - PrijedorDanas.com - Prijedorski gradski portal","og_description":"Su\u0111enje jedanaestorici optu\u017eenih za zlo\u010dine po\u010dinjene na podru\u010dju Prijedora nastavljeno je nakon osam mjeseci pauze izno\u0161enjem nalaza vje\u0161taka. Vje\u0161taci su konstatovali da su Rade Zekanovi\u0107 i Milorad Obradovi\u0107 sposobni da [&hellip;]","og_url":"https:\/\/www.prijedordanas.com\/?p=122076","og_site_name":"PrijedorDanas.com - Prijedorski gradski portal","article_publisher":"https:\/\/www.facebook.com\/PrijedorDanasCom\/","article_published_time":"2019-02-18T23:57:41+00:00","og_image":[{"url":"https:\/\/www.prijedordanas.com\/wp-content\/uploads\/2019\/02\/sud-bih-taranjac-i-ostali-300x217.jpg"}],"author":"admin","twitter_card":"summary_large_image","twitter_misc":{"Written by":"admin","Est. reading time":"4 minutes"},"schema":{"@context":"https:\/\/schema.org","@graph":[{"@type":"Article","@id":"https:\/\/www.prijedordanas.com\/?p=122076#article","isPartOf":{"@id":"https:\/\/www.prijedordanas.com\/?p=122076"},"author":{"name":"admin","@id":"https:\/\/www.prijedordanas.com\/#\/schema\/person\/4e08ccf29b506ca916ff86d46bb700e6"},"headline":"SUD BIH &#8211; TARANJAC I OSTALI: SU\u0110ENJE NASTAVLJENO NAKON DU\u017dE PAUZE","datePublished":"2019-02-18T23:57:41+00:00","dateModified":"2019-02-18T23:57:41+00:00","mainEntityOfPage":{"@id":"https:\/\/www.prijedordanas.com\/?p=122076"},"wordCount":746,"publisher":{"@id":"https:\/\/www.prijedordanas.com\/#organization"},"keywords":["Sud BiH"],"articleSection":["Hronika"],"inLanguage":"en-US"},{"@type":"WebPage","@id":"https:\/\/www.prijedordanas.com\/?p=122076","url":"https:\/\/www.prijedordanas.com\/?p=122076","name":"SUD BIH - TARANJAC I OSTALI: SU\u0110ENJE NASTAVLJENO NAKON DU\u017dE PAUZE - PrijedorDanas.com - Prijedorski gradski portal","isPartOf":{"@id":"https:\/\/www.prijedordanas.com\/#website"},"datePublished":"2019-02-18T23:57:41+00:00","dateModified":"2019-02-18T23:57:41+00:00","breadcrumb":{"@id":"https:\/\/www.prijedordanas.com\/?p=122076#breadcrumb"},"inLanguage":"en-US","potentialAction":[{"@type":"ReadAction","target":["https:\/\/www.prijedordanas.com\/?p=122076"]}]},{"@type":"BreadcrumbList","@id":"https:\/\/www.prijedordanas.com\/?p=122076#breadcrumb","itemListElement":[{"@type":"ListItem","position":1,"name":"Home","item":"https:\/\/www.prijedordanas.com\/"},{"@type":"ListItem","position":2,"name":"SUD BIH &#8211; TARANJAC I OSTALI: SU\u0110ENJE NASTAVLJENO NAKON DU\u017dE PAUZE"}]},{"@type":"WebSite","@id":"https:\/\/www.prijedordanas.com\/#website","url":"https:\/\/www.prijedordanas.com\/","name":"PrijedorDanas.com - Prijedorski gradski portal","description":"Portal o doga\u0111anjima u gradu Prijedoru","publisher":{"@id":"https:\/\/www.prijedordanas.com\/#organization"},"potentialAction":[{"@type":"SearchAction","target":{"@type":"EntryPoint","urlTemplate":"https:\/\/www.prijedordanas.com\/?s={search_term_string}"},"query-input":"required name=search_term_string"}],"inLanguage":"en-US"},{"@type":"Organization","@id":"https:\/\/www.prijedordanas.com\/#organization","name":"PrijedorDanas.com","url":"https:\/\/www.prijedordanas.com\/","logo":{"@type":"ImageObject","inLanguage":"en-US","@id":"https:\/\/www.prijedordanas.com\/#\/schema\/logo\/image\/","url":"http:\/\/www.prijedordanas.com\/wp-content\/uploads\/2021\/12\/logopng.png","contentUrl":"http:\/\/www.prijedordanas.com\/wp-content\/uploads\/2021\/12\/logopng.png","width":1019,"height":776,"caption":"PrijedorDanas.com"},"image":{"@id":"https:\/\/www.prijedordanas.com\/#\/schema\/logo\/image\/"},"sameAs":["https:\/\/www.facebook.com\/PrijedorDanasCom\/"]},{"@type":"Person","@id":"https:\/\/www.prijedordanas.com\/#\/schema\/person\/4e08ccf29b506ca916ff86d46bb700e6","name":"admin","image":{"@type":"ImageObject","inLanguage":"en-US","@id":"https:\/\/www.prijedordanas.com\/#\/schema\/person\/image\/","url":"https:\/\/secure.gravatar.com\/avatar\/1d3fc949d550f0b53a5f0d51e06dfd79?s=96&d=mm&r=g","contentUrl":"https:\/\/secure.gravatar.com\/avatar\/1d3fc949d550f0b53a5f0d51e06dfd79?s=96&d=mm&r=g","caption":"admin"},"url":"https:\/\/www.prijedordanas.com\/?author=1"}]}},"_links":{"self":[{"href":"https:\/\/www.prijedordanas.com\/index.php?rest_route=\/wp\/v2\/posts\/122076"}],"collection":[{"href":"https:\/\/www.prijedordanas.com\/index.php?rest_route=\/wp\/v2\/posts"}],"about":[{"href":"https:\/\/www.prijedordanas.com\/index.php?rest_route=\/wp\/v2\/types\/post"}],"author":[{"embeddable":true,"href":"https:\/\/www.prijedordanas.com\/index.php?rest_route=\/wp\/v2\/users\/1"}],"replies":[{"embeddable":true,"href":"https:\/\/www.prijedordanas.com\/index.php?rest_route=%2Fwp%2Fv2%2Fcomments&post=122076"}],"version-history":[{"count":1,"href":"https:\/\/www.prijedordanas.com\/index.php?rest_route=\/wp\/v2\/posts\/122076\/revisions"}],"predecessor-version":[{"id":122078,"href":"https:\/\/www.prijedordanas.com\/index.php?rest_route=\/wp\/v2\/posts\/122076\/revisions\/122078"}],"wp:attachment":[{"href":"https:\/\/www.prijedordanas.com\/index.php?rest_route=%2Fwp%2Fv2%2Fmedia&parent=122076"}],"wp:term":[{"taxonomy":"category","embeddable":true,"href":"https:\/\/www.prijedordanas.com\/index.php?rest_route=%2Fwp%2Fv2%2Fcategories&post=122076"},{"taxonomy":"post_tag","embeddable":true,"href":"https:\/\/www.prijedordanas.com\/index.php?rest_route=%2Fwp%2Fv2%2Ftags&post=122076"}],"curies":[{"name":"wp","href":"https:\/\/api.w.org\/{rel}","templated":true}]}}