{"id":121994,"date":"2019-02-18T04:01:19","date_gmt":"2019-02-18T03:01:19","guid":{"rendered":"https:\/\/www.prijedordanas.com\/?p=121994"},"modified":"2019-02-18T04:01:19","modified_gmt":"2019-02-18T03:01:19","slug":"prijedor-male-olimpijske-igre-2019-momci-iz-elektrotehnicke-skole-najbolji-fudbaleri-foto","status":"publish","type":"post","link":"https:\/\/www.prijedordanas.com\/?p=121994","title":{"rendered":"PRIJEDOR-MALE OLIMPIJSKE IGRE 2019: MOMCI IZ ELEKTROTEHNI\u010cKE \u0160KOLE NAJBOLJI FUDBALERI \u2013 FOTO"},"content":{"rendered":"<p><a href=\"https:\/\/www.prijedordanas.com\/wp-content\/uploads\/2019\/02\/moi2018-muskarci-srednje-skole-fudbal-1.jpg\"><img loading=\"lazy\" decoding=\"async\" class=\"alignleft size-medium wp-image-121996\" src=\"https:\/\/www.prijedordanas.com\/wp-content\/uploads\/2019\/02\/moi2018-muskarci-srednje-skole-fudbal-1-300x222.jpg\" alt=\"\" width=\"300\" height=\"222\" srcset=\"https:\/\/www.prijedordanas.com\/wp-content\/uploads\/2019\/02\/moi2018-muskarci-srednje-skole-fudbal-1-300x222.jpg 300w, https:\/\/www.prijedordanas.com\/wp-content\/uploads\/2019\/02\/moi2018-muskarci-srednje-skole-fudbal-1-100x74.jpg 100w, https:\/\/www.prijedordanas.com\/wp-content\/uploads\/2019\/02\/moi2018-muskarci-srednje-skole-fudbal-1.jpg 675w\" sizes=\"(max-width: 300px) 100vw, 300px\" \/><\/a>Utakmicama u malom fudbalu za u\u010denike srednjih \u0161kola, u Prijedoru su mastavljena takmi\u010denja u okviru Malih olimpijskih igara za 2019. godinu.<\/p>\n<p>Organizator je kao i prethodnih godina Dru\u0161tvo pedagoga fizi\u010dke kulture Prijedor.<\/p>\n<p>Na takmi\u010denju u malom fudbalu titulu pobjednika osvojili su u\u010denici Elektrotehni\u010dke \u0161kole Prijedor.<\/p>\n<p>Nakon pobjede poslije boljeg izvo\u0111enja \u201csedmeraca\u201d nad Ma\u0161inskom \u0161kolom u prvom eliminacionom susretu, momci iz Elektrotehni\u010dke \u0161kole koje je vodio profesor Vojin Badnjar ostvarili su dvije pobjede u finalnoj grupi pa su stigli do prvog mjesta.<\/p>\n<p><a href=\"https:\/\/www.prijedordanas.com\/wp-content\/uploads\/2019\/02\/moi2018-muskarci-srednje-skole-fudbal-2.jpg\"><img loading=\"lazy\" decoding=\"async\" class=\"alignleft size-medium wp-image-121997\" src=\"https:\/\/www.prijedordanas.com\/wp-content\/uploads\/2019\/02\/moi2018-muskarci-srednje-skole-fudbal-2-300x222.jpg\" alt=\"\" width=\"300\" height=\"222\" srcset=\"https:\/\/www.prijedordanas.com\/wp-content\/uploads\/2019\/02\/moi2018-muskarci-srednje-skole-fudbal-2-300x222.jpg 300w, https:\/\/www.prijedordanas.com\/wp-content\/uploads\/2019\/02\/moi2018-muskarci-srednje-skole-fudbal-2-100x74.jpg 100w, https:\/\/www.prijedordanas.com\/wp-content\/uploads\/2019\/02\/moi2018-muskarci-srednje-skole-fudbal-2.jpg 675w\" sizes=\"(max-width: 300px) 100vw, 300px\" \/><\/a>-Kao i svake godine prijedorski osnovci i srednjo\u0161kolci u\u010destvuju u takmi\u010denjima u okviru \u201eMalih olimpijskih igara\u201c. Po\u010deli smo sa malim fudbalom za srednjo\u0161kolke a nastavljamo sa ko\u0161arkom, rukometom, odbojkom i atletikom koja je na rasporedu u drugoj polovini aprila. Siguran sam da \u0107emo i ove godine na djelu vidjeti neke nove momke i djevojke koji \u0107e pokazati svoj talenat u sportovima u kojima se takmi\u010denja odr\u017eavaju \u2013 rekao je Veljko Janjetovi\u0107, predsjednik Dru\u0161tva pedagoga fizi\u010dke kulture Prijedor.<\/p>\n<p>Tokom trajanja takmi\u010denja na tribinama dvorane \u201eMladost\u201c u gradu na Sani na\u0161ao se veliki broj mladih koji su bodrili ekipe svojih srednjih \u0161kola.<\/p>\n<p>Eliminacioni me\u010devi:<br \/>\nElektrotehni\u010dka \u0161kola: Ma\u0161inska \u0161kola 1:1 pen. 3:1<br \/>\nGimnazija \u201eSveti Sava\u201c: Srednjo\u0161kolski centar Prijedor 2:0<br \/>\nUgostiteljsko-ekonomska \u0161kola: Poljoprivredno-prehrambena \u0161kola 3:1<\/p>\n<p>Finalna grupa:<br \/>\nElektrotehni\u010dka \u0161kola: Gimnazija \u201eSveti Sava\u201c 5:4<br \/>\nGimnazija \u201eSveti Sava\u201c:Ugostiteljsko-ekonomska \u0161kola 1:0<br \/>\nElektrotehni\u010dka \u0161kola: Ugostiteljsko-ekonomska \u0161kola 4:1<\/p>\n<p><a href=\"https:\/\/www.prijedordanas.com\/wp-content\/uploads\/2019\/02\/moi2018-muskarci-srednje-skole-fudbal-3.jpg\"><img loading=\"lazy\" decoding=\"async\" class=\"alignleft size-medium wp-image-121998\" src=\"https:\/\/www.prijedordanas.com\/wp-content\/uploads\/2019\/02\/moi2018-muskarci-srednje-skole-fudbal-3-300x199.jpg\" alt=\"\" width=\"300\" height=\"199\" srcset=\"https:\/\/www.prijedordanas.com\/wp-content\/uploads\/2019\/02\/moi2018-muskarci-srednje-skole-fudbal-3-300x199.jpg 300w, https:\/\/www.prijedordanas.com\/wp-content\/uploads\/2019\/02\/moi2018-muskarci-srednje-skole-fudbal-3-100x66.jpg 100w, https:\/\/www.prijedordanas.com\/wp-content\/uploads\/2019\/02\/moi2018-muskarci-srednje-skole-fudbal-3-480x320.jpg 480w, https:\/\/www.prijedordanas.com\/wp-content\/uploads\/2019\/02\/moi2018-muskarci-srednje-skole-fudbal-3.jpg 600w\" sizes=\"(max-width: 300px) 100vw, 300px\" \/><\/a>Poredak:<br \/>\n1.Elektrotehni\u010dka \u0161kola<br \/>\n2.Gimnazija \u201eSveti Sava\u201c<br \/>\n3.Ugostiteljsko-ekonomska \u0161kola<br \/>\n4.Ma\u0161inska \u0161kola<br \/>\n5.Srednjo\u0161kolski centar Prijedor<br \/>\n6.Poljoprivredno-prehrambena \u0161kola<\/p>\n<p>Tekst i foto \u2013 Aleksandar Drakuli\u0107 \u2013 <a href=\"https:\/\/www.prijedordanas.com\" target=\"_blank\" rel=\"noopener noreferrer\">www.prijedordanas.com<\/a><\/p>\n<p><a href=\"https:\/\/www.prijedordanas.com\/wp-content\/uploads\/2019\/02\/moi2018-muskarci-srednje-skole-fudbal-4.jpg\"><img loading=\"lazy\" decoding=\"async\" class=\"alignleft size-medium wp-image-121999\" src=\"https:\/\/www.prijedordanas.com\/wp-content\/uploads\/2019\/02\/moi2018-muskarci-srednje-skole-fudbal-4-300x199.jpg\" alt=\"\" width=\"300\" height=\"199\" srcset=\"https:\/\/www.prijedordanas.com\/wp-content\/uploads\/2019\/02\/moi2018-muskarci-srednje-skole-fudbal-4-300x199.jpg 300w, https:\/\/www.prijedordanas.com\/wp-content\/uploads\/2019\/02\/moi2018-muskarci-srednje-skole-fudbal-4-100x66.jpg 100w, https:\/\/www.prijedordanas.com\/wp-content\/uploads\/2019\/02\/moi2018-muskarci-srednje-skole-fudbal-4-480x320.jpg 480w, https:\/\/www.prijedordanas.com\/wp-content\/uploads\/2019\/02\/moi2018-muskarci-srednje-skole-fudbal-4.jpg 600w\" sizes=\"(max-width: 300px) 100vw, 300px\" \/><\/a> <a href=\"https:\/\/www.prijedordanas.com\/wp-content\/uploads\/2019\/02\/moi2018-muskarci-srednje-skole-fudbal-5.jpg\"><img loading=\"lazy\" decoding=\"async\" class=\"alignleft size-medium wp-image-122000\" src=\"https:\/\/www.prijedordanas.com\/wp-content\/uploads\/2019\/02\/moi2018-muskarci-srednje-skole-fudbal-5-300x199.jpg\" alt=\"\" width=\"300\" height=\"199\" srcset=\"https:\/\/www.prijedordanas.com\/wp-content\/uploads\/2019\/02\/moi2018-muskarci-srednje-skole-fudbal-5-300x199.jpg 300w, https:\/\/www.prijedordanas.com\/wp-content\/uploads\/2019\/02\/moi2018-muskarci-srednje-skole-fudbal-5-100x66.jpg 100w, https:\/\/www.prijedordanas.com\/wp-content\/uploads\/2019\/02\/moi2018-muskarci-srednje-skole-fudbal-5-480x320.jpg 480w, https:\/\/www.prijedordanas.com\/wp-content\/uploads\/2019\/02\/moi2018-muskarci-srednje-skole-fudbal-5.jpg 600w\" sizes=\"(max-width: 300px) 100vw, 300px\" \/><\/a> <a href=\"https:\/\/www.prijedordanas.com\/wp-content\/uploads\/2019\/02\/moi2018-muskarci-srednje-skole-fudbal-6.jpg\"><img loading=\"lazy\" decoding=\"async\" class=\"alignleft size-medium wp-image-122001\" src=\"https:\/\/www.prijedordanas.com\/wp-content\/uploads\/2019\/02\/moi2018-muskarci-srednje-skole-fudbal-6-300x199.jpg\" alt=\"\" width=\"300\" height=\"199\" srcset=\"https:\/\/www.prijedordanas.com\/wp-content\/uploads\/2019\/02\/moi2018-muskarci-srednje-skole-fudbal-6-300x199.jpg 300w, https:\/\/www.prijedordanas.com\/wp-content\/uploads\/2019\/02\/moi2018-muskarci-srednje-skole-fudbal-6-100x66.jpg 100w, https:\/\/www.prijedordanas.com\/wp-content\/uploads\/2019\/02\/moi2018-muskarci-srednje-skole-fudbal-6-480x320.jpg 480w, https:\/\/www.prijedordanas.com\/wp-content\/uploads\/2019\/02\/moi2018-muskarci-srednje-skole-fudbal-6.jpg 600w\" sizes=\"(max-width: 300px) 100vw, 300px\" \/><\/a> <a href=\"https:\/\/www.prijedordanas.com\/wp-content\/uploads\/2019\/02\/moi2018-muskarci-srednje-skole-fudbal-7.jpg\"><img loading=\"lazy\" decoding=\"async\" class=\"alignleft size-medium wp-image-122002\" src=\"https:\/\/www.prijedordanas.com\/wp-content\/uploads\/2019\/02\/moi2018-muskarci-srednje-skole-fudbal-7-300x199.jpg\" alt=\"\" width=\"300\" height=\"199\" srcset=\"https:\/\/www.prijedordanas.com\/wp-content\/uploads\/2019\/02\/moi2018-muskarci-srednje-skole-fudbal-7-300x199.jpg 300w, https:\/\/www.prijedordanas.com\/wp-content\/uploads\/2019\/02\/moi2018-muskarci-srednje-skole-fudbal-7-100x66.jpg 100w, https:\/\/www.prijedordanas.com\/wp-content\/uploads\/2019\/02\/moi2018-muskarci-srednje-skole-fudbal-7-480x320.jpg 480w, https:\/\/www.prijedordanas.com\/wp-content\/uploads\/2019\/02\/moi2018-muskarci-srednje-skole-fudbal-7.jpg 600w\" sizes=\"(max-width: 300px) 100vw, 300px\" \/><\/a> <a href=\"https:\/\/www.prijedordanas.com\/wp-content\/uploads\/2019\/02\/moi2018-muskarci-srednje-skole-fudbal-8.jpg\"><img loading=\"lazy\" decoding=\"async\" class=\"alignleft size-medium wp-image-122003\" src=\"https:\/\/www.prijedordanas.com\/wp-content\/uploads\/2019\/02\/moi2018-muskarci-srednje-skole-fudbal-8-300x199.jpg\" alt=\"\" width=\"300\" height=\"199\" srcset=\"https:\/\/www.prijedordanas.com\/wp-content\/uploads\/2019\/02\/moi2018-muskarci-srednje-skole-fudbal-8-300x199.jpg 300w, https:\/\/www.prijedordanas.com\/wp-content\/uploads\/2019\/02\/moi2018-muskarci-srednje-skole-fudbal-8-100x66.jpg 100w, https:\/\/www.prijedordanas.com\/wp-content\/uploads\/2019\/02\/moi2018-muskarci-srednje-skole-fudbal-8-480x320.jpg 480w, https:\/\/www.prijedordanas.com\/wp-content\/uploads\/2019\/02\/moi2018-muskarci-srednje-skole-fudbal-8.jpg 600w\" sizes=\"(max-width: 300px) 100vw, 300px\" \/><\/a> <a href=\"https:\/\/www.prijedordanas.com\/wp-content\/uploads\/2019\/02\/moi2018-muskarci-srednje-skole-fudbal-9.jpg\"><img loading=\"lazy\" decoding=\"async\" class=\"alignleft size-medium wp-image-122004\" src=\"https:\/\/www.prijedordanas.com\/wp-content\/uploads\/2019\/02\/moi2018-muskarci-srednje-skole-fudbal-9-300x199.jpg\" alt=\"\" width=\"300\" height=\"199\" srcset=\"https:\/\/www.prijedordanas.com\/wp-content\/uploads\/2019\/02\/moi2018-muskarci-srednje-skole-fudbal-9-300x199.jpg 300w, https:\/\/www.prijedordanas.com\/wp-content\/uploads\/2019\/02\/moi2018-muskarci-srednje-skole-fudbal-9-100x66.jpg 100w, https:\/\/www.prijedordanas.com\/wp-content\/uploads\/2019\/02\/moi2018-muskarci-srednje-skole-fudbal-9-480x320.jpg 480w, https:\/\/www.prijedordanas.com\/wp-content\/uploads\/2019\/02\/moi2018-muskarci-srednje-skole-fudbal-9.jpg 600w\" sizes=\"(max-width: 300px) 100vw, 300px\" \/><\/a> <a href=\"https:\/\/www.prijedordanas.com\/wp-content\/uploads\/2019\/02\/moi2018-muskarci-srednje-skole-fudbal-10.jpg\"><img loading=\"lazy\" decoding=\"async\" class=\"alignleft size-medium wp-image-122005\" src=\"https:\/\/www.prijedordanas.com\/wp-content\/uploads\/2019\/02\/moi2018-muskarci-srednje-skole-fudbal-10-300x199.jpg\" alt=\"\" width=\"300\" height=\"199\" srcset=\"https:\/\/www.prijedordanas.com\/wp-content\/uploads\/2019\/02\/moi2018-muskarci-srednje-skole-fudbal-10-300x199.jpg 300w, https:\/\/www.prijedordanas.com\/wp-content\/uploads\/2019\/02\/moi2018-muskarci-srednje-skole-fudbal-10-100x66.jpg 100w, https:\/\/www.prijedordanas.com\/wp-content\/uploads\/2019\/02\/moi2018-muskarci-srednje-skole-fudbal-10-480x320.jpg 480w, https:\/\/www.prijedordanas.com\/wp-content\/uploads\/2019\/02\/moi2018-muskarci-srednje-skole-fudbal-10.jpg 600w\" sizes=\"(max-width: 300px) 100vw, 300px\" \/><\/a><\/p>\n","protected":false},"excerpt":{"rendered":"<p>Utakmicama u malom fudbalu za u\u010denike srednjih \u0161kola, u Prijedoru su mastavljena takmi\u010denja u okviru Malih olimpijskih igara za 2019. godinu. Organizator je kao i prethodnih godina Dru\u0161tvo pedagoga fizi\u010dke [&hellip;]<\/p>\n","protected":false},"author":1,"featured_media":0,"comment_status":"closed","ping_status":"open","sticky":false,"template":"","format":"standard","meta":{"_monsterinsights_skip_tracking":false,"_monsterinsights_sitenote_active":false,"_monsterinsights_sitenote_note":"","_monsterinsights_sitenote_category":0,"footnotes":""},"categories":[7518],"tags":[80,1190,245],"yoast_head":"<!-- This site is optimized with the Yoast SEO plugin v21.6 - https:\/\/yoast.com\/wordpress\/plugins\/seo\/ -->\n<title>PRIJEDOR-MALE OLIMPIJSKE IGRE 2019: MOMCI IZ ELEKTROTEHNI\u010cKE \u0160KOLE NAJBOLJI FUDBALERI \u2013 FOTO - PrijedorDanas.com - Prijedorski gradski portal<\/title>\n<meta name=\"robots\" content=\"index, follow, max-snippet:-1, max-image-preview:large, max-video-preview:-1\" \/>\n<link rel=\"canonical\" href=\"https:\/\/www.prijedordanas.com\/?p=121994\" \/>\n<meta property=\"og:locale\" content=\"en_US\" \/>\n<meta property=\"og:type\" content=\"article\" \/>\n<meta property=\"og:title\" content=\"PRIJEDOR-MALE OLIMPIJSKE IGRE 2019: MOMCI IZ ELEKTROTEHNI\u010cKE \u0160KOLE NAJBOLJI FUDBALERI \u2013 FOTO - PrijedorDanas.com - Prijedorski gradski portal\" \/>\n<meta property=\"og:description\" content=\"Utakmicama u malom fudbalu za u\u010denike srednjih \u0161kola, u Prijedoru su mastavljena takmi\u010denja u okviru Malih olimpijskih igara za 2019. godinu. Organizator je kao i prethodnih godina Dru\u0161tvo pedagoga fizi\u010dke [&hellip;]\" \/>\n<meta property=\"og:url\" content=\"https:\/\/www.prijedordanas.com\/?p=121994\" \/>\n<meta property=\"og:site_name\" content=\"PrijedorDanas.com - Prijedorski gradski portal\" \/>\n<meta property=\"article:publisher\" content=\"https:\/\/www.facebook.com\/PrijedorDanasCom\/\" \/>\n<meta property=\"article:published_time\" content=\"2019-02-18T03:01:19+00:00\" \/>\n<meta property=\"og:image\" content=\"https:\/\/www.prijedordanas.com\/wp-content\/uploads\/2019\/02\/moi2018-muskarci-srednje-skole-fudbal-1-300x222.jpg\" \/>\n<meta name=\"author\" content=\"admin\" \/>\n<meta name=\"twitter:card\" content=\"summary_large_image\" \/>\n<meta name=\"twitter:label1\" content=\"Written by\" \/>\n\t<meta name=\"twitter:data1\" content=\"admin\" \/>\n\t<meta name=\"twitter:label2\" content=\"Est. reading time\" \/>\n\t<meta name=\"twitter:data2\" content=\"1 minute\" \/>\n<script type=\"application\/ld+json\" class=\"yoast-schema-graph\">{\"@context\":\"https:\/\/schema.org\",\"@graph\":[{\"@type\":\"Article\",\"@id\":\"https:\/\/www.prijedordanas.com\/?p=121994#article\",\"isPartOf\":{\"@id\":\"https:\/\/www.prijedordanas.com\/?p=121994\"},\"author\":{\"name\":\"admin\",\"@id\":\"https:\/\/www.prijedordanas.com\/#\/schema\/person\/4e08ccf29b506ca916ff86d46bb700e6\"},\"headline\":\"PRIJEDOR-MALE OLIMPIJSKE IGRE 2019: MOMCI IZ ELEKTROTEHNI\u010cKE \u0160KOLE NAJBOLJI FUDBALERI \u2013 FOTO\",\"datePublished\":\"2019-02-18T03:01:19+00:00\",\"dateModified\":\"2019-02-18T03:01:19+00:00\",\"mainEntityOfPage\":{\"@id\":\"https:\/\/www.prijedordanas.com\/?p=121994\"},\"wordCount\":277,\"publisher\":{\"@id\":\"https:\/\/www.prijedordanas.com\/#organization\"},\"keywords\":[\"fudbal\",\"Male olimpijske igre\",\"srednje \u0161kole\"],\"articleSection\":[\"Mladi\"],\"inLanguage\":\"en-US\"},{\"@type\":\"WebPage\",\"@id\":\"https:\/\/www.prijedordanas.com\/?p=121994\",\"url\":\"https:\/\/www.prijedordanas.com\/?p=121994\",\"name\":\"PRIJEDOR-MALE OLIMPIJSKE IGRE 2019: MOMCI IZ ELEKTROTEHNI\u010cKE \u0160KOLE NAJBOLJI FUDBALERI \u2013 FOTO - PrijedorDanas.com - Prijedorski gradski portal\",\"isPartOf\":{\"@id\":\"https:\/\/www.prijedordanas.com\/#website\"},\"datePublished\":\"2019-02-18T03:01:19+00:00\",\"dateModified\":\"2019-02-18T03:01:19+00:00\",\"breadcrumb\":{\"@id\":\"https:\/\/www.prijedordanas.com\/?p=121994#breadcrumb\"},\"inLanguage\":\"en-US\",\"potentialAction\":[{\"@type\":\"ReadAction\",\"target\":[\"https:\/\/www.prijedordanas.com\/?p=121994\"]}]},{\"@type\":\"BreadcrumbList\",\"@id\":\"https:\/\/www.prijedordanas.com\/?p=121994#breadcrumb\",\"itemListElement\":[{\"@type\":\"ListItem\",\"position\":1,\"name\":\"Home\",\"item\":\"https:\/\/www.prijedordanas.com\/\"},{\"@type\":\"ListItem\",\"position\":2,\"name\":\"PRIJEDOR-MALE OLIMPIJSKE IGRE 2019: MOMCI IZ ELEKTROTEHNI\u010cKE \u0160KOLE NAJBOLJI FUDBALERI \u2013 FOTO\"}]},{\"@type\":\"WebSite\",\"@id\":\"https:\/\/www.prijedordanas.com\/#website\",\"url\":\"https:\/\/www.prijedordanas.com\/\",\"name\":\"PrijedorDanas.com - Prijedorski gradski portal\",\"description\":\"Portal o doga\u0111anjima u gradu Prijedoru\",\"publisher\":{\"@id\":\"https:\/\/www.prijedordanas.com\/#organization\"},\"potentialAction\":[{\"@type\":\"SearchAction\",\"target\":{\"@type\":\"EntryPoint\",\"urlTemplate\":\"https:\/\/www.prijedordanas.com\/?s={search_term_string}\"},\"query-input\":\"required name=search_term_string\"}],\"inLanguage\":\"en-US\"},{\"@type\":\"Organization\",\"@id\":\"https:\/\/www.prijedordanas.com\/#organization\",\"name\":\"PrijedorDanas.com\",\"url\":\"https:\/\/www.prijedordanas.com\/\",\"logo\":{\"@type\":\"ImageObject\",\"inLanguage\":\"en-US\",\"@id\":\"https:\/\/www.prijedordanas.com\/#\/schema\/logo\/image\/\",\"url\":\"http:\/\/www.prijedordanas.com\/wp-content\/uploads\/2021\/12\/logopng.png\",\"contentUrl\":\"http:\/\/www.prijedordanas.com\/wp-content\/uploads\/2021\/12\/logopng.png\",\"width\":1019,\"height\":776,\"caption\":\"PrijedorDanas.com\"},\"image\":{\"@id\":\"https:\/\/www.prijedordanas.com\/#\/schema\/logo\/image\/\"},\"sameAs\":[\"https:\/\/www.facebook.com\/PrijedorDanasCom\/\"]},{\"@type\":\"Person\",\"@id\":\"https:\/\/www.prijedordanas.com\/#\/schema\/person\/4e08ccf29b506ca916ff86d46bb700e6\",\"name\":\"admin\",\"image\":{\"@type\":\"ImageObject\",\"inLanguage\":\"en-US\",\"@id\":\"https:\/\/www.prijedordanas.com\/#\/schema\/person\/image\/\",\"url\":\"https:\/\/secure.gravatar.com\/avatar\/1d3fc949d550f0b53a5f0d51e06dfd79?s=96&d=mm&r=g\",\"contentUrl\":\"https:\/\/secure.gravatar.com\/avatar\/1d3fc949d550f0b53a5f0d51e06dfd79?s=96&d=mm&r=g\",\"caption\":\"admin\"},\"url\":\"https:\/\/www.prijedordanas.com\/?author=1\"}]}<\/script>\n<!-- \/ Yoast SEO plugin. -->","yoast_head_json":{"title":"PRIJEDOR-MALE OLIMPIJSKE IGRE 2019: MOMCI IZ ELEKTROTEHNI\u010cKE \u0160KOLE NAJBOLJI FUDBALERI \u2013 FOTO - PrijedorDanas.com - Prijedorski gradski portal","robots":{"index":"index","follow":"follow","max-snippet":"max-snippet:-1","max-image-preview":"max-image-preview:large","max-video-preview":"max-video-preview:-1"},"canonical":"https:\/\/www.prijedordanas.com\/?p=121994","og_locale":"en_US","og_type":"article","og_title":"PRIJEDOR-MALE OLIMPIJSKE IGRE 2019: MOMCI IZ ELEKTROTEHNI\u010cKE \u0160KOLE NAJBOLJI FUDBALERI \u2013 FOTO - PrijedorDanas.com - Prijedorski gradski portal","og_description":"Utakmicama u malom fudbalu za u\u010denike srednjih \u0161kola, u Prijedoru su mastavljena takmi\u010denja u okviru Malih olimpijskih igara za 2019. godinu. Organizator je kao i prethodnih godina Dru\u0161tvo pedagoga fizi\u010dke [&hellip;]","og_url":"https:\/\/www.prijedordanas.com\/?p=121994","og_site_name":"PrijedorDanas.com - Prijedorski gradski portal","article_publisher":"https:\/\/www.facebook.com\/PrijedorDanasCom\/","article_published_time":"2019-02-18T03:01:19+00:00","og_image":[{"url":"https:\/\/www.prijedordanas.com\/wp-content\/uploads\/2019\/02\/moi2018-muskarci-srednje-skole-fudbal-1-300x222.jpg"}],"author":"admin","twitter_card":"summary_large_image","twitter_misc":{"Written by":"admin","Est. reading time":"1 minute"},"schema":{"@context":"https:\/\/schema.org","@graph":[{"@type":"Article","@id":"https:\/\/www.prijedordanas.com\/?p=121994#article","isPartOf":{"@id":"https:\/\/www.prijedordanas.com\/?p=121994"},"author":{"name":"admin","@id":"https:\/\/www.prijedordanas.com\/#\/schema\/person\/4e08ccf29b506ca916ff86d46bb700e6"},"headline":"PRIJEDOR-MALE OLIMPIJSKE IGRE 2019: MOMCI IZ ELEKTROTEHNI\u010cKE \u0160KOLE NAJBOLJI FUDBALERI \u2013 FOTO","datePublished":"2019-02-18T03:01:19+00:00","dateModified":"2019-02-18T03:01:19+00:00","mainEntityOfPage":{"@id":"https:\/\/www.prijedordanas.com\/?p=121994"},"wordCount":277,"publisher":{"@id":"https:\/\/www.prijedordanas.com\/#organization"},"keywords":["fudbal","Male olimpijske igre","srednje \u0161kole"],"articleSection":["Mladi"],"inLanguage":"en-US"},{"@type":"WebPage","@id":"https:\/\/www.prijedordanas.com\/?p=121994","url":"https:\/\/www.prijedordanas.com\/?p=121994","name":"PRIJEDOR-MALE OLIMPIJSKE IGRE 2019: MOMCI IZ ELEKTROTEHNI\u010cKE \u0160KOLE NAJBOLJI FUDBALERI \u2013 FOTO - PrijedorDanas.com - Prijedorski gradski portal","isPartOf":{"@id":"https:\/\/www.prijedordanas.com\/#website"},"datePublished":"2019-02-18T03:01:19+00:00","dateModified":"2019-02-18T03:01:19+00:00","breadcrumb":{"@id":"https:\/\/www.prijedordanas.com\/?p=121994#breadcrumb"},"inLanguage":"en-US","potentialAction":[{"@type":"ReadAction","target":["https:\/\/www.prijedordanas.com\/?p=121994"]}]},{"@type":"BreadcrumbList","@id":"https:\/\/www.prijedordanas.com\/?p=121994#breadcrumb","itemListElement":[{"@type":"ListItem","position":1,"name":"Home","item":"https:\/\/www.prijedordanas.com\/"},{"@type":"ListItem","position":2,"name":"PRIJEDOR-MALE OLIMPIJSKE IGRE 2019: MOMCI IZ ELEKTROTEHNI\u010cKE \u0160KOLE NAJBOLJI FUDBALERI \u2013 FOTO"}]},{"@type":"WebSite","@id":"https:\/\/www.prijedordanas.com\/#website","url":"https:\/\/www.prijedordanas.com\/","name":"PrijedorDanas.com - Prijedorski gradski portal","description":"Portal o doga\u0111anjima u gradu Prijedoru","publisher":{"@id":"https:\/\/www.prijedordanas.com\/#organization"},"potentialAction":[{"@type":"SearchAction","target":{"@type":"EntryPoint","urlTemplate":"https:\/\/www.prijedordanas.com\/?s={search_term_string}"},"query-input":"required name=search_term_string"}],"inLanguage":"en-US"},{"@type":"Organization","@id":"https:\/\/www.prijedordanas.com\/#organization","name":"PrijedorDanas.com","url":"https:\/\/www.prijedordanas.com\/","logo":{"@type":"ImageObject","inLanguage":"en-US","@id":"https:\/\/www.prijedordanas.com\/#\/schema\/logo\/image\/","url":"http:\/\/www.prijedordanas.com\/wp-content\/uploads\/2021\/12\/logopng.png","contentUrl":"http:\/\/www.prijedordanas.com\/wp-content\/uploads\/2021\/12\/logopng.png","width":1019,"height":776,"caption":"PrijedorDanas.com"},"image":{"@id":"https:\/\/www.prijedordanas.com\/#\/schema\/logo\/image\/"},"sameAs":["https:\/\/www.facebook.com\/PrijedorDanasCom\/"]},{"@type":"Person","@id":"https:\/\/www.prijedordanas.com\/#\/schema\/person\/4e08ccf29b506ca916ff86d46bb700e6","name":"admin","image":{"@type":"ImageObject","inLanguage":"en-US","@id":"https:\/\/www.prijedordanas.com\/#\/schema\/person\/image\/","url":"https:\/\/secure.gravatar.com\/avatar\/1d3fc949d550f0b53a5f0d51e06dfd79?s=96&d=mm&r=g","contentUrl":"https:\/\/secure.gravatar.com\/avatar\/1d3fc949d550f0b53a5f0d51e06dfd79?s=96&d=mm&r=g","caption":"admin"},"url":"https:\/\/www.prijedordanas.com\/?author=1"}]}},"_links":{"self":[{"href":"https:\/\/www.prijedordanas.com\/index.php?rest_route=\/wp\/v2\/posts\/121994"}],"collection":[{"href":"https:\/\/www.prijedordanas.com\/index.php?rest_route=\/wp\/v2\/posts"}],"about":[{"href":"https:\/\/www.prijedordanas.com\/index.php?rest_route=\/wp\/v2\/types\/post"}],"author":[{"embeddable":true,"href":"https:\/\/www.prijedordanas.com\/index.php?rest_route=\/wp\/v2\/users\/1"}],"replies":[{"embeddable":true,"href":"https:\/\/www.prijedordanas.com\/index.php?rest_route=%2Fwp%2Fv2%2Fcomments&post=121994"}],"version-history":[{"count":3,"href":"https:\/\/www.prijedordanas.com\/index.php?rest_route=\/wp\/v2\/posts\/121994\/revisions"}],"predecessor-version":[{"id":122007,"href":"https:\/\/www.prijedordanas.com\/index.php?rest_route=\/wp\/v2\/posts\/121994\/revisions\/122007"}],"wp:attachment":[{"href":"https:\/\/www.prijedordanas.com\/index.php?rest_route=%2Fwp%2Fv2%2Fmedia&parent=121994"}],"wp:term":[{"taxonomy":"category","embeddable":true,"href":"https:\/\/www.prijedordanas.com\/index.php?rest_route=%2Fwp%2Fv2%2Fcategories&post=121994"},{"taxonomy":"post_tag","embeddable":true,"href":"https:\/\/www.prijedordanas.com\/index.php?rest_route=%2Fwp%2Fv2%2Ftags&post=121994"}],"curies":[{"name":"wp","href":"https:\/\/api.w.org\/{rel}","templated":true}]}}