{"id":121858,"date":"2019-02-15T20:41:00","date_gmt":"2019-02-15T19:41:00","guid":{"rendered":"https:\/\/www.prijedordanas.com\/?p=121858"},"modified":"2019-02-15T20:41:00","modified_gmt":"2019-02-15T19:41:00","slug":"vocne-kapi-iz-vocnjaka-ilinke-macure-potekle-iz-ljubavi-prema-djeci","status":"publish","type":"post","link":"https:\/\/www.prijedordanas.com\/?p=121858","title":{"rendered":"VO\u0106NE KAPI IZ VO\u0106NJAKA ILINKE MACURE POTEKLE IZ LJUBAVI PREMA DJECI"},"content":{"rendered":"<p><a href=\"https:\/\/www.prijedordanas.com\/wp-content\/uploads\/2019\/02\/glas-ilinka-macura.jpg\"><img loading=\"lazy\" decoding=\"async\" src=\"https:\/\/www.prijedordanas.com\/wp-content\/uploads\/2019\/02\/glas-ilinka-macura-300x217.jpg\" alt=\"\" width=\"300\" height=\"217\" class=\"alignleft size-medium wp-image-121859\" srcset=\"https:\/\/www.prijedordanas.com\/wp-content\/uploads\/2019\/02\/glas-ilinka-macura-300x217.jpg 300w, https:\/\/www.prijedordanas.com\/wp-content\/uploads\/2019\/02\/glas-ilinka-macura-100x72.jpg 100w, https:\/\/www.prijedordanas.com\/wp-content\/uploads\/2019\/02\/glas-ilinka-macura.jpg 690w\" sizes=\"(max-width: 300px) 100vw, 300px\" \/><\/a>Iako nigdje ne radi &#8220;za platu&#8221;, Prijedor\u010danki Ilinki Macura radni dan traje skoro 24 sata jer se bavi uzgojem vo\u0107a oko kojeg uvijek ima posla, a kada nije u vo\u0107njaku svakodnevno vodi borbu za unapre\u0111enje zdravlja mali\u0161ana oboljelih od astme.<\/p>\n<p>Vo\u0107arstvom se bavi od 2003. godine i na povr\u0161ini od hektar i po zemlji\u0161ta uzgaja kru\u0161ke i \u0161ljive. Ka\u017ee da je pionirske korake u vo\u0107arstvu po\u010dela na pola hektara zemlji\u0161ta u selu Bo\u017ei\u0107i pod Kozarom. Rod kru\u0161ke se pokazao kao izuzetno kvalitetan \u0161to joj je dalo vjetar u le\u0111a da vremenom pro\u0161iri vo\u0107njak i zasadi i \u0161ljive.<\/p>\n<p>Osim \u0161to je predsjednica Skup\u0161tine udru\u017eenja vo\u0107ara Prijedor i zamjenica direktora Poljoprivredne zadruge &#8220;Kooperativa&#8221;, Macura ima jo\u0161 mnogo obaveza jer je ve\u0107 godinama na \u010delu Udru\u017eenja djece oboljele od astme &#8220;Anemona&#8221;.<\/p>\n<p>&#8211; Sve zvu\u010dne funkcije od kojih nemam neke velike koristi ako ne zasu\u010dem rukave i svakodnevno radim &#8211; isti\u010de kroz osmijeh Ilinka i dodaje da je prvenstveno ponosna na svih 700 \u010dlanova udru\u017eenja oboljelih od astme kojima je bolest pod kontrolom. Ona ima dva sina, k\u0107erku i dvoje unu\u010dadi od kojih su svi, osim jednog astmati\u010dari, tako da je njen anga\u017eman u ovom udru\u017eenju vo\u0111en samo s jednim ciljem, da sva djeca budu zdrava.<\/p>\n<p><a href=\"https:\/\/www.prijedordanas.com\/wp-content\/uploads\/2018\/11\/agroklub-ilinka-macura-2.jpg\"><img loading=\"lazy\" decoding=\"async\" src=\"https:\/\/www.prijedordanas.com\/wp-content\/uploads\/2018\/11\/agroklub-ilinka-macura-2-300x225.jpg\" alt=\"\" width=\"300\" height=\"225\" class=\"alignleft size-medium wp-image-115950\" srcset=\"https:\/\/www.prijedordanas.com\/wp-content\/uploads\/2018\/11\/agroklub-ilinka-macura-2-300x225.jpg 300w, https:\/\/www.prijedordanas.com\/wp-content\/uploads\/2018\/11\/agroklub-ilinka-macura-2-100x75.jpg 100w, https:\/\/www.prijedordanas.com\/wp-content\/uploads\/2018\/11\/agroklub-ilinka-macura-2-640x480.jpg 640w, https:\/\/www.prijedordanas.com\/wp-content\/uploads\/2018\/11\/agroklub-ilinka-macura-2.jpg 667w\" sizes=\"(max-width: 300px) 100vw, 300px\" \/><\/a>Upravo sa ciljem da djeca jedu i piju samo ono \u0161to je doma\u0107e i zdravo krenula je u bavljenje vo\u0107arstvom, a od ne\u010dega se mora i \u017eivjeti. Ona poma\u017ee oko frezanja vo\u0107a, skuplja grana nakon rezidbe, sadi vo\u0107e, dodaje prihranu i neizostavno u\u010destvuje u berbi zrelih plodova. Ka\u017ee da je bavljenje vo\u0107arstvom oplemenjuje jer se sva briga oko vo\u0107a na kraju isplati.<\/p>\n<p>&#8211; Samo pro\u0161le godine ubrali smo vi\u0161e 30 tona kru\u0161ke i \u0161ljive i vo\u0107e je bilo izuzetnog kvaliteta. Imali smo sre\u0107e da nas nije pogodilo gradno nevrijeme. Nikada nismo anga\u017eovali radnike, sve radimo sami, kako i dolikuje jednoj slo\u017enoj i vrijednoj porodici &#8211; pri\u010da Macura.<\/p>\n<p>S obzirom na to da joj nije te\u0161ko da bude prezenter svojih proizvoda na sajmovima vo\u0107a u gradu, nedavno se na\u0161la i na Mrakovici gdje je na \u0161tandu Udru\u017eenja vo\u0107ara grada promovisala hladno cije\u0111ene sokove &#8220;Kapi s Kozare&#8221; koji su postali brend grada.<\/p>\n<p>&#8211; To je brend Zadruge &#8220;Kooperativa&#8221; koja je novac dobila preko projekta Ministarstva poljoprivrede RS i to je ne\u0161to po \u010demu je na\u0161a zadruga postala prepoznatljiva. Rije\u010d je o \u010distom vo\u0107u preto\u010denom u \u010da\u0161u soka, bez \u0161e\u0107era i konzervansa &#8211; istakla je Ilinka.<\/p>\n<p>Ona je dodala da su tokom jeseni prijedorski vo\u0107ari preradili od \u010detiri do pet tona jabuke, kru\u0161ke i jagode  i dobili oko 10.000 fla\u0161a soka.<\/p>\n<p>&#8211; Tako smo spasili pro\u0161logodi\u0161nji rod vo\u0107a koji je kod mnogih bio uni\u0161ten gradom, a sa druge strane na\u0161i sugra\u0111ani su dobili izuzetno kvalitetan napitak, bez aditiva i bilo kakvih dodataka &#8211; istakla je Ilinka. Dodaje da se ovaj projekat nastavlja i da \u0107e prijedorski vo\u0107ari poku\u0161ati da naprave svoju liniju za hladno cije\u0111enje sokova gdje \u0107e mo\u0107i da plasiraju sav rod vo\u0107a koji nije prve klase.<\/p>\n<p>Zbog toga im je, pri\u010da Macura, veoma va\u017eno da dobiju svoju hladnja\u010du i distributivni centar za vo\u0107e.<\/p>\n<p>&#8211; Na ovom podru\u010dju ispod Kozare, kru\u0161ke imaju posebnu aromu i \u0161teta je da se rod tog vo\u0107a ne iskoristi u potpunosti. Mi smo uradili hladnja\u010du za svoje potrebe i to nam je pomoglo da ne brinemo o plasmanu vo\u0107a, tako da bi to trebalo obezbijediti za sve vo\u0107are na podru\u010dju grada &#8211; istakla je ova vrijedna Prijdor\u010danka.<\/p>\n<p>Poruka mladima<\/p>\n<p>Ilinka Macura ka\u017ee da vo\u0107arstvo zahtijeva dosta rada, ali da se od njega mo\u017ee \u017eivjeti.<\/p>\n<p>&#8211; Moja poruka je da ko god ima i mali komadi\u0107 zemlje da mo\u017ee ne\u0161to na njemu da radi, treba da ga iskoristi, jer od poljoprivrede mo\u017ee da se \u017eivi. Posebno, mislim na mlade ljude, koji na taj na\u010din mogu da zarade i da kvalitetno provode vrijeme u prirodi &#8211; rekla je Macura.<\/p>\n<p>Glas Srpske<\/p>\n","protected":false},"excerpt":{"rendered":"<p>Iako nigdje ne radi &#8220;za platu&#8221;, Prijedor\u010danki Ilinki Macura radni dan traje skoro 24 sata jer se bavi uzgojem vo\u0107a oko kojeg uvijek ima posla, a kada nije u vo\u0107njaku [&hellip;]<\/p>\n","protected":false},"author":1,"featured_media":0,"comment_status":"closed","ping_status":"open","sticky":false,"template":"","format":"standard","meta":{"_monsterinsights_skip_tracking":false,"_monsterinsights_sitenote_active":false,"_monsterinsights_sitenote_note":"","_monsterinsights_sitenote_category":0,"footnotes":""},"categories":[3],"tags":[1168],"yoast_head":"<!-- This site is optimized with the Yoast SEO plugin v21.6 - https:\/\/yoast.com\/wordpress\/plugins\/seo\/ -->\n<title>VO\u0106NE KAPI IZ VO\u0106NJAKA ILINKE MACURE POTEKLE IZ LJUBAVI PREMA DJECI - PrijedorDanas.com - Prijedorski gradski portal<\/title>\n<meta name=\"robots\" content=\"index, follow, max-snippet:-1, max-image-preview:large, max-video-preview:-1\" \/>\n<link rel=\"canonical\" href=\"https:\/\/www.prijedordanas.com\/?p=121858\" \/>\n<meta property=\"og:locale\" content=\"en_US\" \/>\n<meta property=\"og:type\" content=\"article\" \/>\n<meta property=\"og:title\" content=\"VO\u0106NE KAPI IZ VO\u0106NJAKA ILINKE MACURE POTEKLE IZ LJUBAVI PREMA DJECI - PrijedorDanas.com - Prijedorski gradski portal\" \/>\n<meta property=\"og:description\" content=\"Iako nigdje ne radi &#8220;za platu&#8221;, Prijedor\u010danki Ilinki Macura radni dan traje skoro 24 sata jer se bavi uzgojem vo\u0107a oko kojeg uvijek ima posla, a kada nije u vo\u0107njaku [&hellip;]\" \/>\n<meta property=\"og:url\" content=\"https:\/\/www.prijedordanas.com\/?p=121858\" \/>\n<meta property=\"og:site_name\" content=\"PrijedorDanas.com - Prijedorski gradski portal\" \/>\n<meta property=\"article:publisher\" content=\"https:\/\/www.facebook.com\/PrijedorDanasCom\/\" \/>\n<meta property=\"article:published_time\" content=\"2019-02-15T19:41:00+00:00\" \/>\n<meta property=\"og:image\" content=\"https:\/\/www.prijedordanas.com\/wp-content\/uploads\/2019\/02\/glas-ilinka-macura-300x217.jpg\" \/>\n<meta name=\"author\" content=\"admin\" \/>\n<meta name=\"twitter:card\" content=\"summary_large_image\" \/>\n<meta name=\"twitter:label1\" content=\"Written by\" \/>\n\t<meta name=\"twitter:data1\" content=\"admin\" \/>\n\t<meta name=\"twitter:label2\" content=\"Est. reading time\" \/>\n\t<meta name=\"twitter:data2\" content=\"4 minutes\" \/>\n<script type=\"application\/ld+json\" class=\"yoast-schema-graph\">{\"@context\":\"https:\/\/schema.org\",\"@graph\":[{\"@type\":\"Article\",\"@id\":\"https:\/\/www.prijedordanas.com\/?p=121858#article\",\"isPartOf\":{\"@id\":\"https:\/\/www.prijedordanas.com\/?p=121858\"},\"author\":{\"name\":\"admin\",\"@id\":\"https:\/\/www.prijedordanas.com\/#\/schema\/person\/4e08ccf29b506ca916ff86d46bb700e6\"},\"headline\":\"VO\u0106NE KAPI IZ VO\u0106NJAKA ILINKE MACURE POTEKLE IZ LJUBAVI PREMA DJECI\",\"datePublished\":\"2019-02-15T19:41:00+00:00\",\"dateModified\":\"2019-02-15T19:41:00+00:00\",\"mainEntityOfPage\":{\"@id\":\"https:\/\/www.prijedordanas.com\/?p=121858\"},\"wordCount\":738,\"publisher\":{\"@id\":\"https:\/\/www.prijedordanas.com\/#organization\"},\"keywords\":[\"Ilinka Macura\"],\"articleSection\":[\"\u017divot\"],\"inLanguage\":\"en-US\"},{\"@type\":\"WebPage\",\"@id\":\"https:\/\/www.prijedordanas.com\/?p=121858\",\"url\":\"https:\/\/www.prijedordanas.com\/?p=121858\",\"name\":\"VO\u0106NE KAPI IZ VO\u0106NJAKA ILINKE MACURE POTEKLE IZ LJUBAVI PREMA DJECI - PrijedorDanas.com - Prijedorski gradski portal\",\"isPartOf\":{\"@id\":\"https:\/\/www.prijedordanas.com\/#website\"},\"datePublished\":\"2019-02-15T19:41:00+00:00\",\"dateModified\":\"2019-02-15T19:41:00+00:00\",\"breadcrumb\":{\"@id\":\"https:\/\/www.prijedordanas.com\/?p=121858#breadcrumb\"},\"inLanguage\":\"en-US\",\"potentialAction\":[{\"@type\":\"ReadAction\",\"target\":[\"https:\/\/www.prijedordanas.com\/?p=121858\"]}]},{\"@type\":\"BreadcrumbList\",\"@id\":\"https:\/\/www.prijedordanas.com\/?p=121858#breadcrumb\",\"itemListElement\":[{\"@type\":\"ListItem\",\"position\":1,\"name\":\"Home\",\"item\":\"https:\/\/www.prijedordanas.com\/\"},{\"@type\":\"ListItem\",\"position\":2,\"name\":\"VO\u0106NE KAPI IZ VO\u0106NJAKA ILINKE MACURE POTEKLE IZ LJUBAVI PREMA DJECI\"}]},{\"@type\":\"WebSite\",\"@id\":\"https:\/\/www.prijedordanas.com\/#website\",\"url\":\"https:\/\/www.prijedordanas.com\/\",\"name\":\"PrijedorDanas.com - Prijedorski gradski portal\",\"description\":\"Portal o doga\u0111anjima u gradu Prijedoru\",\"publisher\":{\"@id\":\"https:\/\/www.prijedordanas.com\/#organization\"},\"potentialAction\":[{\"@type\":\"SearchAction\",\"target\":{\"@type\":\"EntryPoint\",\"urlTemplate\":\"https:\/\/www.prijedordanas.com\/?s={search_term_string}\"},\"query-input\":\"required name=search_term_string\"}],\"inLanguage\":\"en-US\"},{\"@type\":\"Organization\",\"@id\":\"https:\/\/www.prijedordanas.com\/#organization\",\"name\":\"PrijedorDanas.com\",\"url\":\"https:\/\/www.prijedordanas.com\/\",\"logo\":{\"@type\":\"ImageObject\",\"inLanguage\":\"en-US\",\"@id\":\"https:\/\/www.prijedordanas.com\/#\/schema\/logo\/image\/\",\"url\":\"http:\/\/www.prijedordanas.com\/wp-content\/uploads\/2021\/12\/logopng.png\",\"contentUrl\":\"http:\/\/www.prijedordanas.com\/wp-content\/uploads\/2021\/12\/logopng.png\",\"width\":1019,\"height\":776,\"caption\":\"PrijedorDanas.com\"},\"image\":{\"@id\":\"https:\/\/www.prijedordanas.com\/#\/schema\/logo\/image\/\"},\"sameAs\":[\"https:\/\/www.facebook.com\/PrijedorDanasCom\/\"]},{\"@type\":\"Person\",\"@id\":\"https:\/\/www.prijedordanas.com\/#\/schema\/person\/4e08ccf29b506ca916ff86d46bb700e6\",\"name\":\"admin\",\"image\":{\"@type\":\"ImageObject\",\"inLanguage\":\"en-US\",\"@id\":\"https:\/\/www.prijedordanas.com\/#\/schema\/person\/image\/\",\"url\":\"https:\/\/secure.gravatar.com\/avatar\/1d3fc949d550f0b53a5f0d51e06dfd79?s=96&d=mm&r=g\",\"contentUrl\":\"https:\/\/secure.gravatar.com\/avatar\/1d3fc949d550f0b53a5f0d51e06dfd79?s=96&d=mm&r=g\",\"caption\":\"admin\"},\"url\":\"https:\/\/www.prijedordanas.com\/?author=1\"}]}<\/script>\n<!-- \/ Yoast SEO plugin. -->","yoast_head_json":{"title":"VO\u0106NE KAPI IZ VO\u0106NJAKA ILINKE MACURE POTEKLE IZ LJUBAVI PREMA DJECI - PrijedorDanas.com - Prijedorski gradski portal","robots":{"index":"index","follow":"follow","max-snippet":"max-snippet:-1","max-image-preview":"max-image-preview:large","max-video-preview":"max-video-preview:-1"},"canonical":"https:\/\/www.prijedordanas.com\/?p=121858","og_locale":"en_US","og_type":"article","og_title":"VO\u0106NE KAPI IZ VO\u0106NJAKA ILINKE MACURE POTEKLE IZ LJUBAVI PREMA DJECI - PrijedorDanas.com - Prijedorski gradski portal","og_description":"Iako nigdje ne radi &#8220;za platu&#8221;, Prijedor\u010danki Ilinki Macura radni dan traje skoro 24 sata jer se bavi uzgojem vo\u0107a oko kojeg uvijek ima posla, a kada nije u vo\u0107njaku [&hellip;]","og_url":"https:\/\/www.prijedordanas.com\/?p=121858","og_site_name":"PrijedorDanas.com - Prijedorski gradski portal","article_publisher":"https:\/\/www.facebook.com\/PrijedorDanasCom\/","article_published_time":"2019-02-15T19:41:00+00:00","og_image":[{"url":"https:\/\/www.prijedordanas.com\/wp-content\/uploads\/2019\/02\/glas-ilinka-macura-300x217.jpg"}],"author":"admin","twitter_card":"summary_large_image","twitter_misc":{"Written by":"admin","Est. reading time":"4 minutes"},"schema":{"@context":"https:\/\/schema.org","@graph":[{"@type":"Article","@id":"https:\/\/www.prijedordanas.com\/?p=121858#article","isPartOf":{"@id":"https:\/\/www.prijedordanas.com\/?p=121858"},"author":{"name":"admin","@id":"https:\/\/www.prijedordanas.com\/#\/schema\/person\/4e08ccf29b506ca916ff86d46bb700e6"},"headline":"VO\u0106NE KAPI IZ VO\u0106NJAKA ILINKE MACURE POTEKLE IZ LJUBAVI PREMA DJECI","datePublished":"2019-02-15T19:41:00+00:00","dateModified":"2019-02-15T19:41:00+00:00","mainEntityOfPage":{"@id":"https:\/\/www.prijedordanas.com\/?p=121858"},"wordCount":738,"publisher":{"@id":"https:\/\/www.prijedordanas.com\/#organization"},"keywords":["Ilinka Macura"],"articleSection":["\u017divot"],"inLanguage":"en-US"},{"@type":"WebPage","@id":"https:\/\/www.prijedordanas.com\/?p=121858","url":"https:\/\/www.prijedordanas.com\/?p=121858","name":"VO\u0106NE KAPI IZ VO\u0106NJAKA ILINKE MACURE POTEKLE IZ LJUBAVI PREMA DJECI - PrijedorDanas.com - Prijedorski gradski portal","isPartOf":{"@id":"https:\/\/www.prijedordanas.com\/#website"},"datePublished":"2019-02-15T19:41:00+00:00","dateModified":"2019-02-15T19:41:00+00:00","breadcrumb":{"@id":"https:\/\/www.prijedordanas.com\/?p=121858#breadcrumb"},"inLanguage":"en-US","potentialAction":[{"@type":"ReadAction","target":["https:\/\/www.prijedordanas.com\/?p=121858"]}]},{"@type":"BreadcrumbList","@id":"https:\/\/www.prijedordanas.com\/?p=121858#breadcrumb","itemListElement":[{"@type":"ListItem","position":1,"name":"Home","item":"https:\/\/www.prijedordanas.com\/"},{"@type":"ListItem","position":2,"name":"VO\u0106NE KAPI IZ VO\u0106NJAKA ILINKE MACURE POTEKLE IZ LJUBAVI PREMA DJECI"}]},{"@type":"WebSite","@id":"https:\/\/www.prijedordanas.com\/#website","url":"https:\/\/www.prijedordanas.com\/","name":"PrijedorDanas.com - Prijedorski gradski portal","description":"Portal o doga\u0111anjima u gradu Prijedoru","publisher":{"@id":"https:\/\/www.prijedordanas.com\/#organization"},"potentialAction":[{"@type":"SearchAction","target":{"@type":"EntryPoint","urlTemplate":"https:\/\/www.prijedordanas.com\/?s={search_term_string}"},"query-input":"required name=search_term_string"}],"inLanguage":"en-US"},{"@type":"Organization","@id":"https:\/\/www.prijedordanas.com\/#organization","name":"PrijedorDanas.com","url":"https:\/\/www.prijedordanas.com\/","logo":{"@type":"ImageObject","inLanguage":"en-US","@id":"https:\/\/www.prijedordanas.com\/#\/schema\/logo\/image\/","url":"http:\/\/www.prijedordanas.com\/wp-content\/uploads\/2021\/12\/logopng.png","contentUrl":"http:\/\/www.prijedordanas.com\/wp-content\/uploads\/2021\/12\/logopng.png","width":1019,"height":776,"caption":"PrijedorDanas.com"},"image":{"@id":"https:\/\/www.prijedordanas.com\/#\/schema\/logo\/image\/"},"sameAs":["https:\/\/www.facebook.com\/PrijedorDanasCom\/"]},{"@type":"Person","@id":"https:\/\/www.prijedordanas.com\/#\/schema\/person\/4e08ccf29b506ca916ff86d46bb700e6","name":"admin","image":{"@type":"ImageObject","inLanguage":"en-US","@id":"https:\/\/www.prijedordanas.com\/#\/schema\/person\/image\/","url":"https:\/\/secure.gravatar.com\/avatar\/1d3fc949d550f0b53a5f0d51e06dfd79?s=96&d=mm&r=g","contentUrl":"https:\/\/secure.gravatar.com\/avatar\/1d3fc949d550f0b53a5f0d51e06dfd79?s=96&d=mm&r=g","caption":"admin"},"url":"https:\/\/www.prijedordanas.com\/?author=1"}]}},"_links":{"self":[{"href":"https:\/\/www.prijedordanas.com\/index.php?rest_route=\/wp\/v2\/posts\/121858"}],"collection":[{"href":"https:\/\/www.prijedordanas.com\/index.php?rest_route=\/wp\/v2\/posts"}],"about":[{"href":"https:\/\/www.prijedordanas.com\/index.php?rest_route=\/wp\/v2\/types\/post"}],"author":[{"embeddable":true,"href":"https:\/\/www.prijedordanas.com\/index.php?rest_route=\/wp\/v2\/users\/1"}],"replies":[{"embeddable":true,"href":"https:\/\/www.prijedordanas.com\/index.php?rest_route=%2Fwp%2Fv2%2Fcomments&post=121858"}],"version-history":[{"count":1,"href":"https:\/\/www.prijedordanas.com\/index.php?rest_route=\/wp\/v2\/posts\/121858\/revisions"}],"predecessor-version":[{"id":121860,"href":"https:\/\/www.prijedordanas.com\/index.php?rest_route=\/wp\/v2\/posts\/121858\/revisions\/121860"}],"wp:attachment":[{"href":"https:\/\/www.prijedordanas.com\/index.php?rest_route=%2Fwp%2Fv2%2Fmedia&parent=121858"}],"wp:term":[{"taxonomy":"category","embeddable":true,"href":"https:\/\/www.prijedordanas.com\/index.php?rest_route=%2Fwp%2Fv2%2Fcategories&post=121858"},{"taxonomy":"post_tag","embeddable":true,"href":"https:\/\/www.prijedordanas.com\/index.php?rest_route=%2Fwp%2Fv2%2Ftags&post=121858"}],"curies":[{"name":"wp","href":"https:\/\/api.w.org\/{rel}","templated":true}]}}